{"id":3458,"date":"2020-09-10T00:34:48","date_gmt":"2020-09-09T22:34:48","guid":{"rendered":"https:\/\/enlisantfestival.com\/fr\/?p=3458"},"modified":"2020-09-10T00:35:48","modified_gmt":"2020-09-09T22:35:48","slug":"vers-la-deuxieme-edition-du-festival-de-theatre-en-lisant","status":"publish","type":"post","link":"https:\/\/enlisantfestival.com\/fr\/vers-la-deuxieme-edition-du-festival-de-theatre-en-lisant\/","title":{"rendered":"Vers la deuxi\u00e8me \u00e9dition du festival de th\u00e9atre En Lisant"},"content":{"rendered":"\t\t<div data-elementor-type=\"wp-post\" data-elementor-id=\"3458\" class=\"elementor elementor-3458\" data-elementor-settings=\"{&quot;ha_cmc_init_switcher&quot;:&quot;no&quot;}\">\n\t\t\t\t\t\t<section class=\"elementor-section elementor-top-section elementor-element elementor-element-530b46d elementor-section-boxed elementor-section-height-default elementor-section-height-default\" data-id=\"530b46d\" data-element_type=\"section\" data-e-type=\"section\" data-settings=\"{&quot;_ha_eqh_enable&quot;:false}\">\n\t\t\t\t\t\t<div class=\"elementor-container elementor-column-gap-default\">\n\t\t\t\t\t<div class=\"elementor-column elementor-col-100 elementor-top-column elementor-element elementor-element-6406056\" data-id=\"6406056\" data-element_type=\"column\" data-e-type=\"column\">\n\t\t\t<div class=\"elementor-widget-wrap elementor-element-populated\">\n\t\t\t\t\t\t<div class=\"elementor-element elementor-element-c6149fe elementor-widget elementor-widget-text-editor\" data-id=\"c6149fe\" data-element_type=\"widget\" data-e-type=\"widget\" data-widget_type=\"text-editor.default\">\n\t\t\t\t<div class=\"elementor-widget-container\">\n\t\t\t\t\t\t\t\t\t<p><strong>Depuis l\u2019\u00e9t\u00e9 de l\u2019ann\u00e9e derni\u00e8re, une nouvelle tradition s\u2019est institu\u00e9e dans le ciel culturel ha\u00eftien : la tenue du festival de th\u00e9atre En Lisant au d\u00e9but du mois de juillet. Comme l\u2019initiative vaut son pesant d\u2019or, la Brigade d\u2019intervention th\u00e9\u00e2trale Ha\u00efti (BIT-Ha\u00efti), promoteur de l\u2019\u00e9v\u00e9nement, reprend cette exp\u00e9rience positive et enrichissante en programmant une deuxi\u00e8me \u00e9dition du 06 au 16 juillet 2017, \u00e0 Port-au-Prince&#8230; <a href=\"https:\/\/www.loophaiti.com\/content\/vers-la-deuxieme-edition-du-festival-de-theatre-en-lisant-0\" target=\"_blank\" rel=\"noopener\">Lire la suite sur Loop<\/a><\/strong><\/p>\t\t\t\t\t\t\t\t<\/div>\n\t\t\t\t<\/div>\n\t\t\t\t\t<\/div>\n\t\t<\/div>\n\t\t\t\t\t<\/div>\n\t\t<\/section>\n\t\t\t\t<\/div>\n\t\t","protected":false},"excerpt":{"rendered":"<p>Depuis l\u2019\u00e9t\u00e9 de l\u2019ann\u00e9e derni\u00e8re, une nouvelle tradition s\u2019est institu\u00e9e dans le ciel culturel ha\u00eftien : la tenue du festival de th\u00e9atre En Lisant au d\u00e9but du mois de juillet. [&hellip;]<\/p>\n","protected":false},"author":1,"featured_media":3459,"comment_status":"open","ping_status":"open","sticky":false,"template":"","format":"standard","meta":{"_FSMCFIC_featured_image_caption":"","_FSMCFIC_featured_image_nocaption":"","_FSMCFIC_featured_image_hide":"","footnotes":""},"categories":[93],"tags":[],"class_list":["post-3458","post","type-post","status-publish","format-standard","has-post-thumbnail","hentry","category-archives-en-lisant-2017"],"yoast_head":"<!-- This site is optimized with the Yoast SEO plugin v27.0 - https:\/\/yoast.com\/product\/yoast-seo-wordpress\/ -->\n<title>Vers la deuxi\u00e8me \u00e9dition du festival de th\u00e9atre En Lisant - En Lisant festival de th\u00e9\u00e2tre<\/title>\n<meta name=\"robots\" content=\"index, follow, max-snippet:-1, max-image-preview:large, max-video-preview:-1\" \/>\n<link rel=\"canonical\" href=\"https:\/\/enlisantfestival.com\/fr\/vers-la-deuxieme-edition-du-festival-de-theatre-en-lisant\/\" \/>\n<meta property=\"og:locale\" content=\"fr_FR\" \/>\n<meta property=\"og:type\" content=\"article\" \/>\n<meta property=\"og:title\" content=\"Vers la deuxi\u00e8me \u00e9dition du festival de th\u00e9atre En Lisant - En Lisant festival de th\u00e9\u00e2tre\" \/>\n<meta property=\"og:description\" content=\"Depuis l\u2019\u00e9t\u00e9 de l\u2019ann\u00e9e derni\u00e8re, une nouvelle tradition s\u2019est institu\u00e9e dans le ciel culturel ha\u00eftien : la tenue du festival de th\u00e9atre En Lisant au d\u00e9but du mois de juillet. [&hellip;]\" \/>\n<meta property=\"og:url\" content=\"https:\/\/enlisantfestival.com\/fr\/vers-la-deuxieme-edition-du-festival-de-theatre-en-lisant\/\" \/>\n<meta property=\"og:site_name\" content=\"En Lisant festival de th\u00e9\u00e2tre\" \/>\n<meta property=\"article:published_time\" content=\"2020-09-09T22:34:48+00:00\" \/>\n<meta property=\"article:modified_time\" content=\"2020-09-09T22:35:48+00:00\" \/>\n<meta property=\"og:image\" content=\"https:\/\/enlisantfestival.com\/fr\/wp-content\/uploads\/2020\/09\/graphique-en-lisant.jpg\" \/>\n\t<meta property=\"og:image:width\" content=\"480\" \/>\n\t<meta property=\"og:image:height\" content=\"740\" \/>\n\t<meta property=\"og:image:type\" content=\"image\/jpeg\" \/>\n<meta name=\"author\" content=\"lionel\" \/>\n<meta name=\"twitter:card\" content=\"summary_large_image\" \/>\n<meta name=\"twitter:label1\" content=\"\u00c9crit par\" \/>\n\t<meta name=\"twitter:data1\" content=\"lionel\" \/>\n<script type=\"application\/ld+json\" class=\"yoast-schema-graph\">{\"@context\":\"https:\/\/schema.org\",\"@graph\":[{\"@type\":\"Article\",\"@id\":\"https:\/\/enlisantfestival.com\/fr\/vers-la-deuxieme-edition-du-festival-de-theatre-en-lisant\/#article\",\"isPartOf\":{\"@id\":\"https:\/\/enlisantfestival.com\/fr\/vers-la-deuxieme-edition-du-festival-de-theatre-en-lisant\/\"},\"author\":{\"name\":\"lionel\",\"@id\":\"https:\/\/enlisantfestival.com\/fr\/#\/schema\/person\/87e9b7267113e8db5ef729658a5440e4\"},\"headline\":\"Vers la deuxi\u00e8me \u00e9dition du festival de th\u00e9atre En Lisant\",\"datePublished\":\"2020-09-09T22:34:48+00:00\",\"dateModified\":\"2020-09-09T22:35:48+00:00\",\"mainEntityOfPage\":{\"@id\":\"https:\/\/enlisantfestival.com\/fr\/vers-la-deuxieme-edition-du-festival-de-theatre-en-lisant\/\"},\"wordCount\":95,\"commentCount\":0,\"publisher\":{\"@id\":\"https:\/\/enlisantfestival.com\/fr\/#organization\"},\"image\":{\"@id\":\"https:\/\/enlisantfestival.com\/fr\/vers-la-deuxieme-edition-du-festival-de-theatre-en-lisant\/#primaryimage\"},\"thumbnailUrl\":\"https:\/\/enlisantfestival.com\/fr\/wp-content\/uploads\/2020\/09\/graphique-en-lisant.jpg\",\"articleSection\":[\"Archives en lisant 2017\"],\"inLanguage\":\"fr-FR\",\"potentialAction\":[{\"@type\":\"CommentAction\",\"name\":\"Comment\",\"target\":[\"https:\/\/enlisantfestival.com\/fr\/vers-la-deuxieme-edition-du-festival-de-theatre-en-lisant\/#respond\"]}]},{\"@type\":\"WebPage\",\"@id\":\"https:\/\/enlisantfestival.com\/fr\/vers-la-deuxieme-edition-du-festival-de-theatre-en-lisant\/\",\"url\":\"https:\/\/enlisantfestival.com\/fr\/vers-la-deuxieme-edition-du-festival-de-theatre-en-lisant\/\",\"name\":\"Vers la deuxi\u00e8me \u00e9dition du festival de th\u00e9atre En Lisant - En Lisant festival de th\u00e9\u00e2tre\",\"isPartOf\":{\"@id\":\"https:\/\/enlisantfestival.com\/fr\/#website\"},\"primaryImageOfPage\":{\"@id\":\"https:\/\/enlisantfestival.com\/fr\/vers-la-deuxieme-edition-du-festival-de-theatre-en-lisant\/#primaryimage\"},\"image\":{\"@id\":\"https:\/\/enlisantfestival.com\/fr\/vers-la-deuxieme-edition-du-festival-de-theatre-en-lisant\/#primaryimage\"},\"thumbnailUrl\":\"https:\/\/enlisantfestival.com\/fr\/wp-content\/uploads\/2020\/09\/graphique-en-lisant.jpg\",\"datePublished\":\"2020-09-09T22:34:48+00:00\",\"dateModified\":\"2020-09-09T22:35:48+00:00\",\"breadcrumb\":{\"@id\":\"https:\/\/enlisantfestival.com\/fr\/vers-la-deuxieme-edition-du-festival-de-theatre-en-lisant\/#breadcrumb\"},\"inLanguage\":\"fr-FR\",\"potentialAction\":[{\"@type\":\"ReadAction\",\"target\":[\"https:\/\/enlisantfestival.com\/fr\/vers-la-deuxieme-edition-du-festival-de-theatre-en-lisant\/\"]}]},{\"@type\":\"ImageObject\",\"inLanguage\":\"fr-FR\",\"@id\":\"https:\/\/enlisantfestival.com\/fr\/vers-la-deuxieme-edition-du-festival-de-theatre-en-lisant\/#primaryimage\",\"url\":\"https:\/\/enlisantfestival.com\/fr\/wp-content\/uploads\/2020\/09\/graphique-en-lisant.jpg\",\"contentUrl\":\"https:\/\/enlisantfestival.com\/fr\/wp-content\/uploads\/2020\/09\/graphique-en-lisant.jpg\",\"width\":480,\"height\":740},{\"@type\":\"BreadcrumbList\",\"@id\":\"https:\/\/enlisantfestival.com\/fr\/vers-la-deuxieme-edition-du-festival-de-theatre-en-lisant\/#breadcrumb\",\"itemListElement\":[{\"@type\":\"ListItem\",\"position\":1,\"name\":\"Accueil\",\"item\":\"https:\/\/enlisantfestival.com\/fr\/\"},{\"@type\":\"ListItem\",\"position\":2,\"name\":\"Vers la deuxi\u00e8me \u00e9dition du festival de th\u00e9atre En Lisant\"}]},{\"@type\":\"WebSite\",\"@id\":\"https:\/\/enlisantfestival.com\/fr\/#website\",\"url\":\"https:\/\/enlisantfestival.com\/fr\/\",\"name\":\"En Lisant festival de th\u00e9\u00e2tre\",\"description\":\"\",\"publisher\":{\"@id\":\"https:\/\/enlisantfestival.com\/fr\/#organization\"},\"potentialAction\":[{\"@type\":\"SearchAction\",\"target\":{\"@type\":\"EntryPoint\",\"urlTemplate\":\"https:\/\/enlisantfestival.com\/fr\/?s={search_term_string}\"},\"query-input\":{\"@type\":\"PropertyValueSpecification\",\"valueRequired\":true,\"valueName\":\"search_term_string\"}}],\"inLanguage\":\"fr-FR\"},{\"@type\":\"Organization\",\"@id\":\"https:\/\/enlisantfestival.com\/fr\/#organization\",\"name\":\"En Lisant festival de th\u00e9\u00e2tre\",\"url\":\"https:\/\/enlisantfestival.com\/fr\/\",\"logo\":{\"@type\":\"ImageObject\",\"inLanguage\":\"fr-FR\",\"@id\":\"https:\/\/enlisantfestival.com\/fr\/#\/schema\/logo\/image\/\",\"url\":\"https:\/\/enlisantfestival.com\/fr\/wp-content\/uploads\/2020\/09\/en-lisant-logo.png\",\"contentUrl\":\"https:\/\/enlisantfestival.com\/fr\/wp-content\/uploads\/2020\/09\/en-lisant-logo.png\",\"width\":600,\"height\":343,\"caption\":\"En Lisant festival de th\u00e9\u00e2tre\"},\"image\":{\"@id\":\"https:\/\/enlisantfestival.com\/fr\/#\/schema\/logo\/image\/\"}},{\"@type\":\"Person\",\"@id\":\"https:\/\/enlisantfestival.com\/fr\/#\/schema\/person\/87e9b7267113e8db5ef729658a5440e4\",\"name\":\"lionel\",\"image\":{\"@type\":\"ImageObject\",\"inLanguage\":\"fr-FR\",\"@id\":\"https:\/\/enlisantfestival.com\/fr\/#\/schema\/person\/image\/\",\"url\":\"https:\/\/secure.gravatar.com\/avatar\/0361bef51de40b6b2e5c0d693a6d8f9c483d0ca194576592d0168a26c347ce45?s=96&d=mm&r=g\",\"contentUrl\":\"https:\/\/secure.gravatar.com\/avatar\/0361bef51de40b6b2e5c0d693a6d8f9c483d0ca194576592d0168a26c347ce45?s=96&d=mm&r=g\",\"caption\":\"lionel\"},\"url\":\"https:\/\/enlisantfestival.com\/fr\/author\/lionel\/\"}]}<\/script>\n<!-- \/ Yoast SEO plugin. -->","yoast_head_json":{"title":"Vers la deuxi\u00e8me \u00e9dition du festival de th\u00e9atre En Lisant - En Lisant festival de th\u00e9\u00e2tre","robots":{"index":"index","follow":"follow","max-snippet":"max-snippet:-1","max-image-preview":"max-image-preview:large","max-video-preview":"max-video-preview:-1"},"canonical":"https:\/\/enlisantfestival.com\/fr\/vers-la-deuxieme-edition-du-festival-de-theatre-en-lisant\/","og_locale":"fr_FR","og_type":"article","og_title":"Vers la deuxi\u00e8me \u00e9dition du festival de th\u00e9atre En Lisant - En Lisant festival de th\u00e9\u00e2tre","og_description":"Depuis l\u2019\u00e9t\u00e9 de l\u2019ann\u00e9e derni\u00e8re, une nouvelle tradition s\u2019est institu\u00e9e dans le ciel culturel ha\u00eftien : la tenue du festival de th\u00e9atre En Lisant au d\u00e9but du mois de juillet. [&hellip;]","og_url":"https:\/\/enlisantfestival.com\/fr\/vers-la-deuxieme-edition-du-festival-de-theatre-en-lisant\/","og_site_name":"En Lisant festival de th\u00e9\u00e2tre","article_published_time":"2020-09-09T22:34:48+00:00","article_modified_time":"2020-09-09T22:35:48+00:00","og_image":[{"width":480,"height":740,"url":"https:\/\/enlisantfestival.com\/fr\/wp-content\/uploads\/2020\/09\/graphique-en-lisant.jpg","type":"image\/jpeg"}],"author":"lionel","twitter_card":"summary_large_image","twitter_misc":{"\u00c9crit par":"lionel"},"schema":{"@context":"https:\/\/schema.org","@graph":[{"@type":"Article","@id":"https:\/\/enlisantfestival.com\/fr\/vers-la-deuxieme-edition-du-festival-de-theatre-en-lisant\/#article","isPartOf":{"@id":"https:\/\/enlisantfestival.com\/fr\/vers-la-deuxieme-edition-du-festival-de-theatre-en-lisant\/"},"author":{"name":"lionel","@id":"https:\/\/enlisantfestival.com\/fr\/#\/schema\/person\/87e9b7267113e8db5ef729658a5440e4"},"headline":"Vers la deuxi\u00e8me \u00e9dition du festival de th\u00e9atre En Lisant","datePublished":"2020-09-09T22:34:48+00:00","dateModified":"2020-09-09T22:35:48+00:00","mainEntityOfPage":{"@id":"https:\/\/enlisantfestival.com\/fr\/vers-la-deuxieme-edition-du-festival-de-theatre-en-lisant\/"},"wordCount":95,"commentCount":0,"publisher":{"@id":"https:\/\/enlisantfestival.com\/fr\/#organization"},"image":{"@id":"https:\/\/enlisantfestival.com\/fr\/vers-la-deuxieme-edition-du-festival-de-theatre-en-lisant\/#primaryimage"},"thumbnailUrl":"https:\/\/enlisantfestival.com\/fr\/wp-content\/uploads\/2020\/09\/graphique-en-lisant.jpg","articleSection":["Archives en lisant 2017"],"inLanguage":"fr-FR","potentialAction":[{"@type":"CommentAction","name":"Comment","target":["https:\/\/enlisantfestival.com\/fr\/vers-la-deuxieme-edition-du-festival-de-theatre-en-lisant\/#respond"]}]},{"@type":"WebPage","@id":"https:\/\/enlisantfestival.com\/fr\/vers-la-deuxieme-edition-du-festival-de-theatre-en-lisant\/","url":"https:\/\/enlisantfestival.com\/fr\/vers-la-deuxieme-edition-du-festival-de-theatre-en-lisant\/","name":"Vers la deuxi\u00e8me \u00e9dition du festival de th\u00e9atre En Lisant - En Lisant festival de th\u00e9\u00e2tre","isPartOf":{"@id":"https:\/\/enlisantfestival.com\/fr\/#website"},"primaryImageOfPage":{"@id":"https:\/\/enlisantfestival.com\/fr\/vers-la-deuxieme-edition-du-festival-de-theatre-en-lisant\/#primaryimage"},"image":{"@id":"https:\/\/enlisantfestival.com\/fr\/vers-la-deuxieme-edition-du-festival-de-theatre-en-lisant\/#primaryimage"},"thumbnailUrl":"https:\/\/enlisantfestival.com\/fr\/wp-content\/uploads\/2020\/09\/graphique-en-lisant.jpg","datePublished":"2020-09-09T22:34:48+00:00","dateModified":"2020-09-09T22:35:48+00:00","breadcrumb":{"@id":"https:\/\/enlisantfestival.com\/fr\/vers-la-deuxieme-edition-du-festival-de-theatre-en-lisant\/#breadcrumb"},"inLanguage":"fr-FR","potentialAction":[{"@type":"ReadAction","target":["https:\/\/enlisantfestival.com\/fr\/vers-la-deuxieme-edition-du-festival-de-theatre-en-lisant\/"]}]},{"@type":"ImageObject","inLanguage":"fr-FR","@id":"https:\/\/enlisantfestival.com\/fr\/vers-la-deuxieme-edition-du-festival-de-theatre-en-lisant\/#primaryimage","url":"https:\/\/enlisantfestival.com\/fr\/wp-content\/uploads\/2020\/09\/graphique-en-lisant.jpg","contentUrl":"https:\/\/enlisantfestival.com\/fr\/wp-content\/uploads\/2020\/09\/graphique-en-lisant.jpg","width":480,"height":740},{"@type":"BreadcrumbList","@id":"https:\/\/enlisantfestival.com\/fr\/vers-la-deuxieme-edition-du-festival-de-theatre-en-lisant\/#breadcrumb","itemListElement":[{"@type":"ListItem","position":1,"name":"Accueil","item":"https:\/\/enlisantfestival.com\/fr\/"},{"@type":"ListItem","position":2,"name":"Vers la deuxi\u00e8me \u00e9dition du festival de th\u00e9atre En Lisant"}]},{"@type":"WebSite","@id":"https:\/\/enlisantfestival.com\/fr\/#website","url":"https:\/\/enlisantfestival.com\/fr\/","name":"En Lisant festival de th\u00e9\u00e2tre","description":"","publisher":{"@id":"https:\/\/enlisantfestival.com\/fr\/#organization"},"potentialAction":[{"@type":"SearchAction","target":{"@type":"EntryPoint","urlTemplate":"https:\/\/enlisantfestival.com\/fr\/?s={search_term_string}"},"query-input":{"@type":"PropertyValueSpecification","valueRequired":true,"valueName":"search_term_string"}}],"inLanguage":"fr-FR"},{"@type":"Organization","@id":"https:\/\/enlisantfestival.com\/fr\/#organization","name":"En Lisant festival de th\u00e9\u00e2tre","url":"https:\/\/enlisantfestival.com\/fr\/","logo":{"@type":"ImageObject","inLanguage":"fr-FR","@id":"https:\/\/enlisantfestival.com\/fr\/#\/schema\/logo\/image\/","url":"https:\/\/enlisantfestival.com\/fr\/wp-content\/uploads\/2020\/09\/en-lisant-logo.png","contentUrl":"https:\/\/enlisantfestival.com\/fr\/wp-content\/uploads\/2020\/09\/en-lisant-logo.png","width":600,"height":343,"caption":"En Lisant festival de th\u00e9\u00e2tre"},"image":{"@id":"https:\/\/enlisantfestival.com\/fr\/#\/schema\/logo\/image\/"}},{"@type":"Person","@id":"https:\/\/enlisantfestival.com\/fr\/#\/schema\/person\/87e9b7267113e8db5ef729658a5440e4","name":"lionel","image":{"@type":"ImageObject","inLanguage":"fr-FR","@id":"https:\/\/enlisantfestival.com\/fr\/#\/schema\/person\/image\/","url":"https:\/\/secure.gravatar.com\/avatar\/0361bef51de40b6b2e5c0d693a6d8f9c483d0ca194576592d0168a26c347ce45?s=96&d=mm&r=g","contentUrl":"https:\/\/secure.gravatar.com\/avatar\/0361bef51de40b6b2e5c0d693a6d8f9c483d0ca194576592d0168a26c347ce45?s=96&d=mm&r=g","caption":"lionel"},"url":"https:\/\/enlisantfestival.com\/fr\/author\/lionel\/"}]}},"_links":{"self":[{"href":"https:\/\/enlisantfestival.com\/fr\/wp-json\/wp\/v2\/posts\/3458","targetHints":{"allow":["GET"]}}],"collection":[{"href":"https:\/\/enlisantfestival.com\/fr\/wp-json\/wp\/v2\/posts"}],"about":[{"href":"https:\/\/enlisantfestival.com\/fr\/wp-json\/wp\/v2\/types\/post"}],"author":[{"embeddable":true,"href":"https:\/\/enlisantfestival.com\/fr\/wp-json\/wp\/v2\/users\/1"}],"replies":[{"embeddable":true,"href":"https:\/\/enlisantfestival.com\/fr\/wp-json\/wp\/v2\/comments?post=3458"}],"version-history":[{"count":0,"href":"https:\/\/enlisantfestival.com\/fr\/wp-json\/wp\/v2\/posts\/3458\/revisions"}],"wp:featuredmedia":[{"embeddable":true,"href":"https:\/\/enlisantfestival.com\/fr\/wp-json\/wp\/v2\/media\/3459"}],"wp:attachment":[{"href":"https:\/\/enlisantfestival.com\/fr\/wp-json\/wp\/v2\/media?parent=3458"}],"wp:term":[{"taxonomy":"category","embeddable":true,"href":"https:\/\/enlisantfestival.com\/fr\/wp-json\/wp\/v2\/categories?post=3458"},{"taxonomy":"post_tag","embeddable":true,"href":"https:\/\/enlisantfestival.com\/fr\/wp-json\/wp\/v2\/tags?post=3458"}],"curies":[{"name":"wp","href":"https:\/\/api.w.org\/{rel}","templated":true}]}}