{"id":3462,"date":"2020-09-10T00:38:52","date_gmt":"2020-09-09T22:38:52","guid":{"rendered":"https:\/\/enlisantfestival.com\/fr\/?p=3462"},"modified":"2020-09-10T00:40:36","modified_gmt":"2020-09-09T22:40:36","slug":"eliezer-guerisme-dans-les-habits-dun-personnage-amnesique-de-samuel-beckett","status":"publish","type":"post","link":"https:\/\/enlisantfestival.com\/fr\/eliezer-guerisme-dans-les-habits-dun-personnage-amnesique-de-samuel-beckett\/","title":{"rendered":"Eli\u00e9zer Gu\u00e9rism\u00e9 dans les habits d&#8217;un personnage amn\u00e9sique de Samuel Beckett"},"content":{"rendered":"\t\t<div data-elementor-type=\"wp-post\" data-elementor-id=\"3462\" class=\"elementor elementor-3462\" data-elementor-settings=\"{&quot;ha_cmc_init_switcher&quot;:&quot;no&quot;}\">\n\t\t\t\t\t\t<section class=\"elementor-section elementor-top-section elementor-element elementor-element-acb04b4 elementor-section-boxed elementor-section-height-default elementor-section-height-default\" data-id=\"acb04b4\" data-element_type=\"section\" data-e-type=\"section\" data-settings=\"{&quot;_ha_eqh_enable&quot;:false}\">\n\t\t\t\t\t\t<div class=\"elementor-container elementor-column-gap-default\">\n\t\t\t\t\t<div class=\"elementor-column elementor-col-100 elementor-top-column elementor-element elementor-element-7e2a6c5\" data-id=\"7e2a6c5\" data-element_type=\"column\" data-e-type=\"column\">\n\t\t\t<div class=\"elementor-widget-wrap elementor-element-populated\">\n\t\t\t\t\t\t<div class=\"elementor-element elementor-element-6b9a5d7 elementor-widget elementor-widget-text-editor\" data-id=\"6b9a5d7\" data-element_type=\"widget\" data-e-type=\"widget\" data-widget_type=\"text-editor.default\">\n\t\t\t\t<div class=\"elementor-widget-container\">\n\t\t\t\t\t\t\t\t\t<p><i>\u00c0 la cl\u00f4ture de la deuxi\u00e8me \u00e9dition du festival de th\u00e9\u00e2tre En lisant, cette ann\u00e9e, le com\u00e9dien Eli\u00e9zer Gu\u00e9rism\u00e9 a interpr\u00e9t\u00e9 magnifiquement la nouvelle Premier Amour de Samuel Beckett, publi\u00e9e en 1970.<\/i><\/p><p>Fid\u00e8le \u00e0 la tradition du festival, le spectacle a offert deux repr\u00e9sentations, les 14 et 15 juillet, dans la grande cour de la FOKAL. Habitu\u00e9 des sc\u00e8nes d\u2019Ha\u00efti et d\u2019ailleurs, l\u2019histrion a restitu\u00e9 lumineusement ce texte qui recommande d\u00e9j\u00e0 dans sa conception un ensemble de didascalies&#8230; <a href=\"https:\/\/lenouvelliste.com\/article\/173619\/eliezer-guerisme-dans-les-habits-dun-personnage-amnesique-de-samuel-beckett\/amp\" target=\"_blank\" rel=\"noopener\">Lire la suite sur Le Nouvelliste<\/a><\/p>\t\t\t\t\t\t\t\t<\/div>\n\t\t\t\t<\/div>\n\t\t\t\t\t<\/div>\n\t\t<\/div>\n\t\t\t\t\t<\/div>\n\t\t<\/section>\n\t\t\t\t<\/div>\n\t\t","protected":false},"excerpt":{"rendered":"<p>\u00c0 la cl\u00f4ture de la deuxi\u00e8me \u00e9dition du festival de th\u00e9\u00e2tre En lisant, cette ann\u00e9e, le com\u00e9dien Eli\u00e9zer Gu\u00e9rism\u00e9 a interpr\u00e9t\u00e9 magnifiquement la nouvelle Premier Amour de Samuel Beckett, publi\u00e9e [&hellip;]<\/p>\n","protected":false},"author":1,"featured_media":3463,"comment_status":"open","ping_status":"open","sticky":false,"template":"","format":"standard","meta":{"_FSMCFIC_featured_image_caption":"","_FSMCFIC_featured_image_nocaption":"","_FSMCFIC_featured_image_hide":"","footnotes":""},"categories":[93],"tags":[],"class_list":["post-3462","post","type-post","status-publish","format-standard","has-post-thumbnail","hentry","category-archives-en-lisant-2017"],"yoast_head":"<!-- This site is optimized with the Yoast SEO plugin v27.0 - https:\/\/yoast.com\/product\/yoast-seo-wordpress\/ -->\n<title>Eli\u00e9zer Gu\u00e9rism\u00e9 dans les habits d&#039;un personnage amn\u00e9sique de Samuel Beckett - En Lisant festival de th\u00e9\u00e2tre<\/title>\n<meta name=\"robots\" content=\"index, follow, max-snippet:-1, max-image-preview:large, max-video-preview:-1\" \/>\n<link rel=\"canonical\" href=\"https:\/\/enlisantfestival.com\/fr\/eliezer-guerisme-dans-les-habits-dun-personnage-amnesique-de-samuel-beckett\/\" \/>\n<meta property=\"og:locale\" content=\"fr_FR\" \/>\n<meta property=\"og:type\" content=\"article\" \/>\n<meta property=\"og:title\" content=\"Eli\u00e9zer Gu\u00e9rism\u00e9 dans les habits d&#039;un personnage amn\u00e9sique de Samuel Beckett - En Lisant festival de th\u00e9\u00e2tre\" \/>\n<meta property=\"og:description\" content=\"\u00c0 la cl\u00f4ture de la deuxi\u00e8me \u00e9dition du festival de th\u00e9\u00e2tre En lisant, cette ann\u00e9e, le com\u00e9dien Eli\u00e9zer Gu\u00e9rism\u00e9 a interpr\u00e9t\u00e9 magnifiquement la nouvelle Premier Amour de Samuel Beckett, publi\u00e9e [&hellip;]\" \/>\n<meta property=\"og:url\" content=\"https:\/\/enlisantfestival.com\/fr\/eliezer-guerisme-dans-les-habits-dun-personnage-amnesique-de-samuel-beckett\/\" \/>\n<meta property=\"og:site_name\" content=\"En Lisant festival de th\u00e9\u00e2tre\" \/>\n<meta property=\"article:published_time\" content=\"2020-09-09T22:38:52+00:00\" \/>\n<meta property=\"article:modified_time\" content=\"2020-09-09T22:40:36+00:00\" \/>\n<meta property=\"og:image\" content=\"https:\/\/enlisantfestival.com\/fr\/wp-content\/uploads\/2020\/09\/guezz_2.jpg\" \/>\n\t<meta property=\"og:image:width\" content=\"640\" \/>\n\t<meta property=\"og:image:height\" content=\"427\" \/>\n\t<meta property=\"og:image:type\" content=\"image\/jpeg\" \/>\n<meta name=\"author\" content=\"lionel\" \/>\n<meta name=\"twitter:card\" content=\"summary_large_image\" \/>\n<meta name=\"twitter:label1\" content=\"\u00c9crit par\" \/>\n\t<meta name=\"twitter:data1\" content=\"lionel\" \/>\n<script type=\"application\/ld+json\" class=\"yoast-schema-graph\">{\"@context\":\"https:\/\/schema.org\",\"@graph\":[{\"@type\":\"Article\",\"@id\":\"https:\/\/enlisantfestival.com\/fr\/eliezer-guerisme-dans-les-habits-dun-personnage-amnesique-de-samuel-beckett\/#article\",\"isPartOf\":{\"@id\":\"https:\/\/enlisantfestival.com\/fr\/eliezer-guerisme-dans-les-habits-dun-personnage-amnesique-de-samuel-beckett\/\"},\"author\":{\"name\":\"lionel\",\"@id\":\"https:\/\/enlisantfestival.com\/fr\/#\/schema\/person\/87e9b7267113e8db5ef729658a5440e4\"},\"headline\":\"Eli\u00e9zer Gu\u00e9rism\u00e9 dans les habits d&#8217;un personnage amn\u00e9sique de Samuel Beckett\",\"datePublished\":\"2020-09-09T22:38:52+00:00\",\"dateModified\":\"2020-09-09T22:40:36+00:00\",\"mainEntityOfPage\":{\"@id\":\"https:\/\/enlisantfestival.com\/fr\/eliezer-guerisme-dans-les-habits-dun-personnage-amnesique-de-samuel-beckett\/\"},\"wordCount\":110,\"commentCount\":0,\"publisher\":{\"@id\":\"https:\/\/enlisantfestival.com\/fr\/#organization\"},\"image\":{\"@id\":\"https:\/\/enlisantfestival.com\/fr\/eliezer-guerisme-dans-les-habits-dun-personnage-amnesique-de-samuel-beckett\/#primaryimage\"},\"thumbnailUrl\":\"https:\/\/enlisantfestival.com\/fr\/wp-content\/uploads\/2020\/09\/guezz_2.jpg\",\"articleSection\":[\"Archives en lisant 2017\"],\"inLanguage\":\"fr-FR\",\"potentialAction\":[{\"@type\":\"CommentAction\",\"name\":\"Comment\",\"target\":[\"https:\/\/enlisantfestival.com\/fr\/eliezer-guerisme-dans-les-habits-dun-personnage-amnesique-de-samuel-beckett\/#respond\"]}]},{\"@type\":\"WebPage\",\"@id\":\"https:\/\/enlisantfestival.com\/fr\/eliezer-guerisme-dans-les-habits-dun-personnage-amnesique-de-samuel-beckett\/\",\"url\":\"https:\/\/enlisantfestival.com\/fr\/eliezer-guerisme-dans-les-habits-dun-personnage-amnesique-de-samuel-beckett\/\",\"name\":\"Eli\u00e9zer Gu\u00e9rism\u00e9 dans les habits d'un personnage amn\u00e9sique de Samuel Beckett - En Lisant festival de th\u00e9\u00e2tre\",\"isPartOf\":{\"@id\":\"https:\/\/enlisantfestival.com\/fr\/#website\"},\"primaryImageOfPage\":{\"@id\":\"https:\/\/enlisantfestival.com\/fr\/eliezer-guerisme-dans-les-habits-dun-personnage-amnesique-de-samuel-beckett\/#primaryimage\"},\"image\":{\"@id\":\"https:\/\/enlisantfestival.com\/fr\/eliezer-guerisme-dans-les-habits-dun-personnage-amnesique-de-samuel-beckett\/#primaryimage\"},\"thumbnailUrl\":\"https:\/\/enlisantfestival.com\/fr\/wp-content\/uploads\/2020\/09\/guezz_2.jpg\",\"datePublished\":\"2020-09-09T22:38:52+00:00\",\"dateModified\":\"2020-09-09T22:40:36+00:00\",\"breadcrumb\":{\"@id\":\"https:\/\/enlisantfestival.com\/fr\/eliezer-guerisme-dans-les-habits-dun-personnage-amnesique-de-samuel-beckett\/#breadcrumb\"},\"inLanguage\":\"fr-FR\",\"potentialAction\":[{\"@type\":\"ReadAction\",\"target\":[\"https:\/\/enlisantfestival.com\/fr\/eliezer-guerisme-dans-les-habits-dun-personnage-amnesique-de-samuel-beckett\/\"]}]},{\"@type\":\"ImageObject\",\"inLanguage\":\"fr-FR\",\"@id\":\"https:\/\/enlisantfestival.com\/fr\/eliezer-guerisme-dans-les-habits-dun-personnage-amnesique-de-samuel-beckett\/#primaryimage\",\"url\":\"https:\/\/enlisantfestival.com\/fr\/wp-content\/uploads\/2020\/09\/guezz_2.jpg\",\"contentUrl\":\"https:\/\/enlisantfestival.com\/fr\/wp-content\/uploads\/2020\/09\/guezz_2.jpg\",\"width\":640,\"height\":427},{\"@type\":\"BreadcrumbList\",\"@id\":\"https:\/\/enlisantfestival.com\/fr\/eliezer-guerisme-dans-les-habits-dun-personnage-amnesique-de-samuel-beckett\/#breadcrumb\",\"itemListElement\":[{\"@type\":\"ListItem\",\"position\":1,\"name\":\"Accueil\",\"item\":\"https:\/\/enlisantfestival.com\/fr\/\"},{\"@type\":\"ListItem\",\"position\":2,\"name\":\"Eli\u00e9zer Gu\u00e9rism\u00e9 dans les habits d&#8217;un personnage amn\u00e9sique de Samuel Beckett\"}]},{\"@type\":\"WebSite\",\"@id\":\"https:\/\/enlisantfestival.com\/fr\/#website\",\"url\":\"https:\/\/enlisantfestival.com\/fr\/\",\"name\":\"En Lisant festival de th\u00e9\u00e2tre\",\"description\":\"\",\"publisher\":{\"@id\":\"https:\/\/enlisantfestival.com\/fr\/#organization\"},\"potentialAction\":[{\"@type\":\"SearchAction\",\"target\":{\"@type\":\"EntryPoint\",\"urlTemplate\":\"https:\/\/enlisantfestival.com\/fr\/?s={search_term_string}\"},\"query-input\":{\"@type\":\"PropertyValueSpecification\",\"valueRequired\":true,\"valueName\":\"search_term_string\"}}],\"inLanguage\":\"fr-FR\"},{\"@type\":\"Organization\",\"@id\":\"https:\/\/enlisantfestival.com\/fr\/#organization\",\"name\":\"En Lisant festival de th\u00e9\u00e2tre\",\"url\":\"https:\/\/enlisantfestival.com\/fr\/\",\"logo\":{\"@type\":\"ImageObject\",\"inLanguage\":\"fr-FR\",\"@id\":\"https:\/\/enlisantfestival.com\/fr\/#\/schema\/logo\/image\/\",\"url\":\"https:\/\/enlisantfestival.com\/fr\/wp-content\/uploads\/2020\/09\/en-lisant-logo.png\",\"contentUrl\":\"https:\/\/enlisantfestival.com\/fr\/wp-content\/uploads\/2020\/09\/en-lisant-logo.png\",\"width\":600,\"height\":343,\"caption\":\"En Lisant festival de th\u00e9\u00e2tre\"},\"image\":{\"@id\":\"https:\/\/enlisantfestival.com\/fr\/#\/schema\/logo\/image\/\"}},{\"@type\":\"Person\",\"@id\":\"https:\/\/enlisantfestival.com\/fr\/#\/schema\/person\/87e9b7267113e8db5ef729658a5440e4\",\"name\":\"lionel\",\"image\":{\"@type\":\"ImageObject\",\"inLanguage\":\"fr-FR\",\"@id\":\"https:\/\/enlisantfestival.com\/fr\/#\/schema\/person\/image\/\",\"url\":\"https:\/\/secure.gravatar.com\/avatar\/0361bef51de40b6b2e5c0d693a6d8f9c483d0ca194576592d0168a26c347ce45?s=96&d=mm&r=g\",\"contentUrl\":\"https:\/\/secure.gravatar.com\/avatar\/0361bef51de40b6b2e5c0d693a6d8f9c483d0ca194576592d0168a26c347ce45?s=96&d=mm&r=g\",\"caption\":\"lionel\"},\"url\":\"https:\/\/enlisantfestival.com\/fr\/author\/lionel\/\"}]}<\/script>\n<!-- \/ Yoast SEO plugin. -->","yoast_head_json":{"title":"Eli\u00e9zer Gu\u00e9rism\u00e9 dans les habits d'un personnage amn\u00e9sique de Samuel Beckett - En Lisant festival de th\u00e9\u00e2tre","robots":{"index":"index","follow":"follow","max-snippet":"max-snippet:-1","max-image-preview":"max-image-preview:large","max-video-preview":"max-video-preview:-1"},"canonical":"https:\/\/enlisantfestival.com\/fr\/eliezer-guerisme-dans-les-habits-dun-personnage-amnesique-de-samuel-beckett\/","og_locale":"fr_FR","og_type":"article","og_title":"Eli\u00e9zer Gu\u00e9rism\u00e9 dans les habits d'un personnage amn\u00e9sique de Samuel Beckett - En Lisant festival de th\u00e9\u00e2tre","og_description":"\u00c0 la cl\u00f4ture de la deuxi\u00e8me \u00e9dition du festival de th\u00e9\u00e2tre En lisant, cette ann\u00e9e, le com\u00e9dien Eli\u00e9zer Gu\u00e9rism\u00e9 a interpr\u00e9t\u00e9 magnifiquement la nouvelle Premier Amour de Samuel Beckett, publi\u00e9e [&hellip;]","og_url":"https:\/\/enlisantfestival.com\/fr\/eliezer-guerisme-dans-les-habits-dun-personnage-amnesique-de-samuel-beckett\/","og_site_name":"En Lisant festival de th\u00e9\u00e2tre","article_published_time":"2020-09-09T22:38:52+00:00","article_modified_time":"2020-09-09T22:40:36+00:00","og_image":[{"width":640,"height":427,"url":"https:\/\/enlisantfestival.com\/fr\/wp-content\/uploads\/2020\/09\/guezz_2.jpg","type":"image\/jpeg"}],"author":"lionel","twitter_card":"summary_large_image","twitter_misc":{"\u00c9crit par":"lionel"},"schema":{"@context":"https:\/\/schema.org","@graph":[{"@type":"Article","@id":"https:\/\/enlisantfestival.com\/fr\/eliezer-guerisme-dans-les-habits-dun-personnage-amnesique-de-samuel-beckett\/#article","isPartOf":{"@id":"https:\/\/enlisantfestival.com\/fr\/eliezer-guerisme-dans-les-habits-dun-personnage-amnesique-de-samuel-beckett\/"},"author":{"name":"lionel","@id":"https:\/\/enlisantfestival.com\/fr\/#\/schema\/person\/87e9b7267113e8db5ef729658a5440e4"},"headline":"Eli\u00e9zer Gu\u00e9rism\u00e9 dans les habits d&#8217;un personnage amn\u00e9sique de Samuel Beckett","datePublished":"2020-09-09T22:38:52+00:00","dateModified":"2020-09-09T22:40:36+00:00","mainEntityOfPage":{"@id":"https:\/\/enlisantfestival.com\/fr\/eliezer-guerisme-dans-les-habits-dun-personnage-amnesique-de-samuel-beckett\/"},"wordCount":110,"commentCount":0,"publisher":{"@id":"https:\/\/enlisantfestival.com\/fr\/#organization"},"image":{"@id":"https:\/\/enlisantfestival.com\/fr\/eliezer-guerisme-dans-les-habits-dun-personnage-amnesique-de-samuel-beckett\/#primaryimage"},"thumbnailUrl":"https:\/\/enlisantfestival.com\/fr\/wp-content\/uploads\/2020\/09\/guezz_2.jpg","articleSection":["Archives en lisant 2017"],"inLanguage":"fr-FR","potentialAction":[{"@type":"CommentAction","name":"Comment","target":["https:\/\/enlisantfestival.com\/fr\/eliezer-guerisme-dans-les-habits-dun-personnage-amnesique-de-samuel-beckett\/#respond"]}]},{"@type":"WebPage","@id":"https:\/\/enlisantfestival.com\/fr\/eliezer-guerisme-dans-les-habits-dun-personnage-amnesique-de-samuel-beckett\/","url":"https:\/\/enlisantfestival.com\/fr\/eliezer-guerisme-dans-les-habits-dun-personnage-amnesique-de-samuel-beckett\/","name":"Eli\u00e9zer Gu\u00e9rism\u00e9 dans les habits d'un personnage amn\u00e9sique de Samuel Beckett - En Lisant festival de th\u00e9\u00e2tre","isPartOf":{"@id":"https:\/\/enlisantfestival.com\/fr\/#website"},"primaryImageOfPage":{"@id":"https:\/\/enlisantfestival.com\/fr\/eliezer-guerisme-dans-les-habits-dun-personnage-amnesique-de-samuel-beckett\/#primaryimage"},"image":{"@id":"https:\/\/enlisantfestival.com\/fr\/eliezer-guerisme-dans-les-habits-dun-personnage-amnesique-de-samuel-beckett\/#primaryimage"},"thumbnailUrl":"https:\/\/enlisantfestival.com\/fr\/wp-content\/uploads\/2020\/09\/guezz_2.jpg","datePublished":"2020-09-09T22:38:52+00:00","dateModified":"2020-09-09T22:40:36+00:00","breadcrumb":{"@id":"https:\/\/enlisantfestival.com\/fr\/eliezer-guerisme-dans-les-habits-dun-personnage-amnesique-de-samuel-beckett\/#breadcrumb"},"inLanguage":"fr-FR","potentialAction":[{"@type":"ReadAction","target":["https:\/\/enlisantfestival.com\/fr\/eliezer-guerisme-dans-les-habits-dun-personnage-amnesique-de-samuel-beckett\/"]}]},{"@type":"ImageObject","inLanguage":"fr-FR","@id":"https:\/\/enlisantfestival.com\/fr\/eliezer-guerisme-dans-les-habits-dun-personnage-amnesique-de-samuel-beckett\/#primaryimage","url":"https:\/\/enlisantfestival.com\/fr\/wp-content\/uploads\/2020\/09\/guezz_2.jpg","contentUrl":"https:\/\/enlisantfestival.com\/fr\/wp-content\/uploads\/2020\/09\/guezz_2.jpg","width":640,"height":427},{"@type":"BreadcrumbList","@id":"https:\/\/enlisantfestival.com\/fr\/eliezer-guerisme-dans-les-habits-dun-personnage-amnesique-de-samuel-beckett\/#breadcrumb","itemListElement":[{"@type":"ListItem","position":1,"name":"Accueil","item":"https:\/\/enlisantfestival.com\/fr\/"},{"@type":"ListItem","position":2,"name":"Eli\u00e9zer Gu\u00e9rism\u00e9 dans les habits d&#8217;un personnage amn\u00e9sique de Samuel Beckett"}]},{"@type":"WebSite","@id":"https:\/\/enlisantfestival.com\/fr\/#website","url":"https:\/\/enlisantfestival.com\/fr\/","name":"En Lisant festival de th\u00e9\u00e2tre","description":"","publisher":{"@id":"https:\/\/enlisantfestival.com\/fr\/#organization"},"potentialAction":[{"@type":"SearchAction","target":{"@type":"EntryPoint","urlTemplate":"https:\/\/enlisantfestival.com\/fr\/?s={search_term_string}"},"query-input":{"@type":"PropertyValueSpecification","valueRequired":true,"valueName":"search_term_string"}}],"inLanguage":"fr-FR"},{"@type":"Organization","@id":"https:\/\/enlisantfestival.com\/fr\/#organization","name":"En Lisant festival de th\u00e9\u00e2tre","url":"https:\/\/enlisantfestival.com\/fr\/","logo":{"@type":"ImageObject","inLanguage":"fr-FR","@id":"https:\/\/enlisantfestival.com\/fr\/#\/schema\/logo\/image\/","url":"https:\/\/enlisantfestival.com\/fr\/wp-content\/uploads\/2020\/09\/en-lisant-logo.png","contentUrl":"https:\/\/enlisantfestival.com\/fr\/wp-content\/uploads\/2020\/09\/en-lisant-logo.png","width":600,"height":343,"caption":"En Lisant festival de th\u00e9\u00e2tre"},"image":{"@id":"https:\/\/enlisantfestival.com\/fr\/#\/schema\/logo\/image\/"}},{"@type":"Person","@id":"https:\/\/enlisantfestival.com\/fr\/#\/schema\/person\/87e9b7267113e8db5ef729658a5440e4","name":"lionel","image":{"@type":"ImageObject","inLanguage":"fr-FR","@id":"https:\/\/enlisantfestival.com\/fr\/#\/schema\/person\/image\/","url":"https:\/\/secure.gravatar.com\/avatar\/0361bef51de40b6b2e5c0d693a6d8f9c483d0ca194576592d0168a26c347ce45?s=96&d=mm&r=g","contentUrl":"https:\/\/secure.gravatar.com\/avatar\/0361bef51de40b6b2e5c0d693a6d8f9c483d0ca194576592d0168a26c347ce45?s=96&d=mm&r=g","caption":"lionel"},"url":"https:\/\/enlisantfestival.com\/fr\/author\/lionel\/"}]}},"_links":{"self":[{"href":"https:\/\/enlisantfestival.com\/fr\/wp-json\/wp\/v2\/posts\/3462","targetHints":{"allow":["GET"]}}],"collection":[{"href":"https:\/\/enlisantfestival.com\/fr\/wp-json\/wp\/v2\/posts"}],"about":[{"href":"https:\/\/enlisantfestival.com\/fr\/wp-json\/wp\/v2\/types\/post"}],"author":[{"embeddable":true,"href":"https:\/\/enlisantfestival.com\/fr\/wp-json\/wp\/v2\/users\/1"}],"replies":[{"embeddable":true,"href":"https:\/\/enlisantfestival.com\/fr\/wp-json\/wp\/v2\/comments?post=3462"}],"version-history":[{"count":0,"href":"https:\/\/enlisantfestival.com\/fr\/wp-json\/wp\/v2\/posts\/3462\/revisions"}],"wp:featuredmedia":[{"embeddable":true,"href":"https:\/\/enlisantfestival.com\/fr\/wp-json\/wp\/v2\/media\/3463"}],"wp:attachment":[{"href":"https:\/\/enlisantfestival.com\/fr\/wp-json\/wp\/v2\/media?parent=3462"}],"wp:term":[{"taxonomy":"category","embeddable":true,"href":"https:\/\/enlisantfestival.com\/fr\/wp-json\/wp\/v2\/categories?post=3462"},{"taxonomy":"post_tag","embeddable":true,"href":"https:\/\/enlisantfestival.com\/fr\/wp-json\/wp\/v2\/tags?post=3462"}],"curies":[{"name":"wp","href":"https:\/\/api.w.org\/{rel}","templated":true}]}}