{"id":3470,"date":"2020-09-10T00:45:54","date_gmt":"2020-09-09T22:45:54","guid":{"rendered":"https:\/\/enlisantfestival.com\/fr\/?p=3470"},"modified":"2020-09-10T00:46:55","modified_gmt":"2020-09-09T22:46:55","slug":"version-etrange-de-letranger-au-theatre-de-labsurde","status":"publish","type":"post","link":"https:\/\/enlisantfestival.com\/fr\/version-etrange-de-letranger-au-theatre-de-labsurde\/","title":{"rendered":"Version \u00e9trange de \u00ab L\u2019\u00e9tranger \u00bb au th\u00e9\u00e2tre de l&#8217;absurde"},"content":{"rendered":"\t\t<div data-elementor-type=\"wp-post\" data-elementor-id=\"3470\" class=\"elementor elementor-3470\" data-elementor-settings=\"{&quot;ha_cmc_init_switcher&quot;:&quot;no&quot;}\">\n\t\t\t\t\t\t<section class=\"elementor-section elementor-top-section elementor-element elementor-element-68f2d95 elementor-section-boxed elementor-section-height-default elementor-section-height-default\" data-id=\"68f2d95\" data-element_type=\"section\" data-e-type=\"section\" data-settings=\"{&quot;_ha_eqh_enable&quot;:false}\">\n\t\t\t\t\t\t<div class=\"elementor-container elementor-column-gap-default\">\n\t\t\t\t\t<div class=\"elementor-column elementor-col-100 elementor-top-column elementor-element elementor-element-2cb95e6\" data-id=\"2cb95e6\" data-element_type=\"column\" data-e-type=\"column\">\n\t\t\t<div class=\"elementor-widget-wrap elementor-element-populated\">\n\t\t\t\t\t\t<div class=\"elementor-element elementor-element-22c2d0c elementor-widget elementor-widget-text-editor\" data-id=\"22c2d0c\" data-element_type=\"widget\" data-e-type=\"widget\" data-widget_type=\"text-editor.default\">\n\t\t\t\t<div class=\"elementor-widget-container\">\n\t\t\t\t\t\t\t\t\t<p>Roland L\u00e9onard Qui n\u2019a lu au sortir des classes secondaires \u00ab La peste\u00bb et \u00ab L\u2019\u00e9tranger \u00bb d\u2019Albert Camus? Cette \u0153uvre c\u00e9l\u00e8bre, \u00ab L\u2019\u00e9tranger\u00bb, (1942) illustre en pleine guerre mondiale une vision de l\u2019absurdit\u00e9 du monde. Elle met en relief la d\u00e9su\u00e9tude de certaines habitudes, lois et coutumes. A travers le comportement placide du h\u00e9ros Meursault, leur inanit\u00e9 rejaillit aux yeux du lecteur&#8230; <a href=\"https:\/\/lenouvelliste.com\/article\/173090\/version-etrange-de-letranger-au-theatre-de-labsurde\" target=\"_blank\" rel=\"noopener\">Lire la suite sur Le Nouvelliste<\/a><\/p>\t\t\t\t\t\t\t\t<\/div>\n\t\t\t\t<\/div>\n\t\t\t\t\t<\/div>\n\t\t<\/div>\n\t\t\t\t\t<\/div>\n\t\t<\/section>\n\t\t\t\t<\/div>\n\t\t","protected":false},"excerpt":{"rendered":"<p>Roland L\u00e9onard Qui n\u2019a lu au sortir des classes secondaires \u00ab La peste\u00bb et \u00ab L\u2019\u00e9tranger \u00bb d\u2019Albert Camus? Cette \u0153uvre c\u00e9l\u00e8bre, \u00ab L\u2019\u00e9tranger\u00bb, (1942) illustre en pleine guerre mondiale [&hellip;]<\/p>\n","protected":false},"author":1,"featured_media":3471,"comment_status":"open","ping_status":"open","sticky":false,"template":"","format":"standard","meta":{"_FSMCFIC_featured_image_caption":"","_FSMCFIC_featured_image_nocaption":"","_FSMCFIC_featured_image_hide":"","footnotes":""},"categories":[93],"tags":[],"class_list":["post-3470","post","type-post","status-publish","format-standard","has-post-thumbnail","hentry","category-archives-en-lisant-2017"],"yoast_head":"<!-- This site is optimized with the Yoast SEO plugin v27.0 - https:\/\/yoast.com\/product\/yoast-seo-wordpress\/ -->\n<title>Version \u00e9trange de \u00ab L\u2019\u00e9tranger \u00bb au th\u00e9\u00e2tre de l&#039;absurde - En Lisant festival de th\u00e9\u00e2tre<\/title>\n<meta name=\"robots\" content=\"index, follow, max-snippet:-1, max-image-preview:large, max-video-preview:-1\" \/>\n<link rel=\"canonical\" href=\"https:\/\/enlisantfestival.com\/fr\/version-etrange-de-letranger-au-theatre-de-labsurde\/\" \/>\n<meta property=\"og:locale\" content=\"fr_FR\" \/>\n<meta property=\"og:type\" content=\"article\" \/>\n<meta property=\"og:title\" content=\"Version \u00e9trange de \u00ab L\u2019\u00e9tranger \u00bb au th\u00e9\u00e2tre de l&#039;absurde - En Lisant festival de th\u00e9\u00e2tre\" \/>\n<meta property=\"og:description\" content=\"Roland L\u00e9onard Qui n\u2019a lu au sortir des classes secondaires \u00ab La peste\u00bb et \u00ab L\u2019\u00e9tranger \u00bb d\u2019Albert Camus? Cette \u0153uvre c\u00e9l\u00e8bre, \u00ab L\u2019\u00e9tranger\u00bb, (1942) illustre en pleine guerre mondiale [&hellip;]\" \/>\n<meta property=\"og:url\" content=\"https:\/\/enlisantfestival.com\/fr\/version-etrange-de-letranger-au-theatre-de-labsurde\/\" \/>\n<meta property=\"og:site_name\" content=\"En Lisant festival de th\u00e9\u00e2tre\" \/>\n<meta property=\"article:published_time\" content=\"2020-09-09T22:45:54+00:00\" \/>\n<meta property=\"article:modified_time\" content=\"2020-09-09T22:46:55+00:00\" \/>\n<meta property=\"og:image\" content=\"https:\/\/enlisantfestival.com\/fr\/wp-content\/uploads\/2020\/09\/letranger.jpg\" \/>\n\t<meta property=\"og:image:width\" content=\"320\" \/>\n\t<meta property=\"og:image:height\" content=\"480\" \/>\n\t<meta property=\"og:image:type\" content=\"image\/jpeg\" \/>\n<meta name=\"author\" content=\"lionel\" \/>\n<meta name=\"twitter:card\" content=\"summary_large_image\" \/>\n<meta name=\"twitter:label1\" content=\"\u00c9crit par\" \/>\n\t<meta name=\"twitter:data1\" content=\"lionel\" \/>\n<script type=\"application\/ld+json\" class=\"yoast-schema-graph\">{\"@context\":\"https:\/\/schema.org\",\"@graph\":[{\"@type\":\"Article\",\"@id\":\"https:\/\/enlisantfestival.com\/fr\/version-etrange-de-letranger-au-theatre-de-labsurde\/#article\",\"isPartOf\":{\"@id\":\"https:\/\/enlisantfestival.com\/fr\/version-etrange-de-letranger-au-theatre-de-labsurde\/\"},\"author\":{\"name\":\"lionel\",\"@id\":\"https:\/\/enlisantfestival.com\/fr\/#\/schema\/person\/87e9b7267113e8db5ef729658a5440e4\"},\"headline\":\"Version \u00e9trange de \u00ab L\u2019\u00e9tranger \u00bb au th\u00e9\u00e2tre de l&#8217;absurde\",\"datePublished\":\"2020-09-09T22:45:54+00:00\",\"dateModified\":\"2020-09-09T22:46:55+00:00\",\"mainEntityOfPage\":{\"@id\":\"https:\/\/enlisantfestival.com\/fr\/version-etrange-de-letranger-au-theatre-de-labsurde\/\"},\"wordCount\":85,\"commentCount\":0,\"publisher\":{\"@id\":\"https:\/\/enlisantfestival.com\/fr\/#organization\"},\"image\":{\"@id\":\"https:\/\/enlisantfestival.com\/fr\/version-etrange-de-letranger-au-theatre-de-labsurde\/#primaryimage\"},\"thumbnailUrl\":\"https:\/\/enlisantfestival.com\/fr\/wp-content\/uploads\/2020\/09\/letranger.jpg\",\"articleSection\":[\"Archives en lisant 2017\"],\"inLanguage\":\"fr-FR\",\"potentialAction\":[{\"@type\":\"CommentAction\",\"name\":\"Comment\",\"target\":[\"https:\/\/enlisantfestival.com\/fr\/version-etrange-de-letranger-au-theatre-de-labsurde\/#respond\"]}]},{\"@type\":\"WebPage\",\"@id\":\"https:\/\/enlisantfestival.com\/fr\/version-etrange-de-letranger-au-theatre-de-labsurde\/\",\"url\":\"https:\/\/enlisantfestival.com\/fr\/version-etrange-de-letranger-au-theatre-de-labsurde\/\",\"name\":\"Version \u00e9trange de \u00ab L\u2019\u00e9tranger \u00bb au th\u00e9\u00e2tre de l'absurde - En Lisant festival de th\u00e9\u00e2tre\",\"isPartOf\":{\"@id\":\"https:\/\/enlisantfestival.com\/fr\/#website\"},\"primaryImageOfPage\":{\"@id\":\"https:\/\/enlisantfestival.com\/fr\/version-etrange-de-letranger-au-theatre-de-labsurde\/#primaryimage\"},\"image\":{\"@id\":\"https:\/\/enlisantfestival.com\/fr\/version-etrange-de-letranger-au-theatre-de-labsurde\/#primaryimage\"},\"thumbnailUrl\":\"https:\/\/enlisantfestival.com\/fr\/wp-content\/uploads\/2020\/09\/letranger.jpg\",\"datePublished\":\"2020-09-09T22:45:54+00:00\",\"dateModified\":\"2020-09-09T22:46:55+00:00\",\"breadcrumb\":{\"@id\":\"https:\/\/enlisantfestival.com\/fr\/version-etrange-de-letranger-au-theatre-de-labsurde\/#breadcrumb\"},\"inLanguage\":\"fr-FR\",\"potentialAction\":[{\"@type\":\"ReadAction\",\"target\":[\"https:\/\/enlisantfestival.com\/fr\/version-etrange-de-letranger-au-theatre-de-labsurde\/\"]}]},{\"@type\":\"ImageObject\",\"inLanguage\":\"fr-FR\",\"@id\":\"https:\/\/enlisantfestival.com\/fr\/version-etrange-de-letranger-au-theatre-de-labsurde\/#primaryimage\",\"url\":\"https:\/\/enlisantfestival.com\/fr\/wp-content\/uploads\/2020\/09\/letranger.jpg\",\"contentUrl\":\"https:\/\/enlisantfestival.com\/fr\/wp-content\/uploads\/2020\/09\/letranger.jpg\",\"width\":320,\"height\":480},{\"@type\":\"BreadcrumbList\",\"@id\":\"https:\/\/enlisantfestival.com\/fr\/version-etrange-de-letranger-au-theatre-de-labsurde\/#breadcrumb\",\"itemListElement\":[{\"@type\":\"ListItem\",\"position\":1,\"name\":\"Accueil\",\"item\":\"https:\/\/enlisantfestival.com\/fr\/\"},{\"@type\":\"ListItem\",\"position\":2,\"name\":\"Version \u00e9trange de \u00ab L\u2019\u00e9tranger \u00bb au th\u00e9\u00e2tre de l&#8217;absurde\"}]},{\"@type\":\"WebSite\",\"@id\":\"https:\/\/enlisantfestival.com\/fr\/#website\",\"url\":\"https:\/\/enlisantfestival.com\/fr\/\",\"name\":\"En Lisant festival de th\u00e9\u00e2tre\",\"description\":\"\",\"publisher\":{\"@id\":\"https:\/\/enlisantfestival.com\/fr\/#organization\"},\"potentialAction\":[{\"@type\":\"SearchAction\",\"target\":{\"@type\":\"EntryPoint\",\"urlTemplate\":\"https:\/\/enlisantfestival.com\/fr\/?s={search_term_string}\"},\"query-input\":{\"@type\":\"PropertyValueSpecification\",\"valueRequired\":true,\"valueName\":\"search_term_string\"}}],\"inLanguage\":\"fr-FR\"},{\"@type\":\"Organization\",\"@id\":\"https:\/\/enlisantfestival.com\/fr\/#organization\",\"name\":\"En Lisant festival de th\u00e9\u00e2tre\",\"url\":\"https:\/\/enlisantfestival.com\/fr\/\",\"logo\":{\"@type\":\"ImageObject\",\"inLanguage\":\"fr-FR\",\"@id\":\"https:\/\/enlisantfestival.com\/fr\/#\/schema\/logo\/image\/\",\"url\":\"https:\/\/enlisantfestival.com\/fr\/wp-content\/uploads\/2020\/09\/en-lisant-logo.png\",\"contentUrl\":\"https:\/\/enlisantfestival.com\/fr\/wp-content\/uploads\/2020\/09\/en-lisant-logo.png\",\"width\":600,\"height\":343,\"caption\":\"En Lisant festival de th\u00e9\u00e2tre\"},\"image\":{\"@id\":\"https:\/\/enlisantfestival.com\/fr\/#\/schema\/logo\/image\/\"}},{\"@type\":\"Person\",\"@id\":\"https:\/\/enlisantfestival.com\/fr\/#\/schema\/person\/87e9b7267113e8db5ef729658a5440e4\",\"name\":\"lionel\",\"image\":{\"@type\":\"ImageObject\",\"inLanguage\":\"fr-FR\",\"@id\":\"https:\/\/enlisantfestival.com\/fr\/#\/schema\/person\/image\/\",\"url\":\"https:\/\/secure.gravatar.com\/avatar\/0361bef51de40b6b2e5c0d693a6d8f9c483d0ca194576592d0168a26c347ce45?s=96&d=mm&r=g\",\"contentUrl\":\"https:\/\/secure.gravatar.com\/avatar\/0361bef51de40b6b2e5c0d693a6d8f9c483d0ca194576592d0168a26c347ce45?s=96&d=mm&r=g\",\"caption\":\"lionel\"},\"url\":\"https:\/\/enlisantfestival.com\/fr\/author\/lionel\/\"}]}<\/script>\n<!-- \/ Yoast SEO plugin. -->","yoast_head_json":{"title":"Version \u00e9trange de \u00ab L\u2019\u00e9tranger \u00bb au th\u00e9\u00e2tre de l'absurde - En Lisant festival de th\u00e9\u00e2tre","robots":{"index":"index","follow":"follow","max-snippet":"max-snippet:-1","max-image-preview":"max-image-preview:large","max-video-preview":"max-video-preview:-1"},"canonical":"https:\/\/enlisantfestival.com\/fr\/version-etrange-de-letranger-au-theatre-de-labsurde\/","og_locale":"fr_FR","og_type":"article","og_title":"Version \u00e9trange de \u00ab L\u2019\u00e9tranger \u00bb au th\u00e9\u00e2tre de l'absurde - En Lisant festival de th\u00e9\u00e2tre","og_description":"Roland L\u00e9onard Qui n\u2019a lu au sortir des classes secondaires \u00ab La peste\u00bb et \u00ab L\u2019\u00e9tranger \u00bb d\u2019Albert Camus? Cette \u0153uvre c\u00e9l\u00e8bre, \u00ab L\u2019\u00e9tranger\u00bb, (1942) illustre en pleine guerre mondiale [&hellip;]","og_url":"https:\/\/enlisantfestival.com\/fr\/version-etrange-de-letranger-au-theatre-de-labsurde\/","og_site_name":"En Lisant festival de th\u00e9\u00e2tre","article_published_time":"2020-09-09T22:45:54+00:00","article_modified_time":"2020-09-09T22:46:55+00:00","og_image":[{"width":320,"height":480,"url":"https:\/\/enlisantfestival.com\/fr\/wp-content\/uploads\/2020\/09\/letranger.jpg","type":"image\/jpeg"}],"author":"lionel","twitter_card":"summary_large_image","twitter_misc":{"\u00c9crit par":"lionel"},"schema":{"@context":"https:\/\/schema.org","@graph":[{"@type":"Article","@id":"https:\/\/enlisantfestival.com\/fr\/version-etrange-de-letranger-au-theatre-de-labsurde\/#article","isPartOf":{"@id":"https:\/\/enlisantfestival.com\/fr\/version-etrange-de-letranger-au-theatre-de-labsurde\/"},"author":{"name":"lionel","@id":"https:\/\/enlisantfestival.com\/fr\/#\/schema\/person\/87e9b7267113e8db5ef729658a5440e4"},"headline":"Version \u00e9trange de \u00ab L\u2019\u00e9tranger \u00bb au th\u00e9\u00e2tre de l&#8217;absurde","datePublished":"2020-09-09T22:45:54+00:00","dateModified":"2020-09-09T22:46:55+00:00","mainEntityOfPage":{"@id":"https:\/\/enlisantfestival.com\/fr\/version-etrange-de-letranger-au-theatre-de-labsurde\/"},"wordCount":85,"commentCount":0,"publisher":{"@id":"https:\/\/enlisantfestival.com\/fr\/#organization"},"image":{"@id":"https:\/\/enlisantfestival.com\/fr\/version-etrange-de-letranger-au-theatre-de-labsurde\/#primaryimage"},"thumbnailUrl":"https:\/\/enlisantfestival.com\/fr\/wp-content\/uploads\/2020\/09\/letranger.jpg","articleSection":["Archives en lisant 2017"],"inLanguage":"fr-FR","potentialAction":[{"@type":"CommentAction","name":"Comment","target":["https:\/\/enlisantfestival.com\/fr\/version-etrange-de-letranger-au-theatre-de-labsurde\/#respond"]}]},{"@type":"WebPage","@id":"https:\/\/enlisantfestival.com\/fr\/version-etrange-de-letranger-au-theatre-de-labsurde\/","url":"https:\/\/enlisantfestival.com\/fr\/version-etrange-de-letranger-au-theatre-de-labsurde\/","name":"Version \u00e9trange de \u00ab L\u2019\u00e9tranger \u00bb au th\u00e9\u00e2tre de l'absurde - En Lisant festival de th\u00e9\u00e2tre","isPartOf":{"@id":"https:\/\/enlisantfestival.com\/fr\/#website"},"primaryImageOfPage":{"@id":"https:\/\/enlisantfestival.com\/fr\/version-etrange-de-letranger-au-theatre-de-labsurde\/#primaryimage"},"image":{"@id":"https:\/\/enlisantfestival.com\/fr\/version-etrange-de-letranger-au-theatre-de-labsurde\/#primaryimage"},"thumbnailUrl":"https:\/\/enlisantfestival.com\/fr\/wp-content\/uploads\/2020\/09\/letranger.jpg","datePublished":"2020-09-09T22:45:54+00:00","dateModified":"2020-09-09T22:46:55+00:00","breadcrumb":{"@id":"https:\/\/enlisantfestival.com\/fr\/version-etrange-de-letranger-au-theatre-de-labsurde\/#breadcrumb"},"inLanguage":"fr-FR","potentialAction":[{"@type":"ReadAction","target":["https:\/\/enlisantfestival.com\/fr\/version-etrange-de-letranger-au-theatre-de-labsurde\/"]}]},{"@type":"ImageObject","inLanguage":"fr-FR","@id":"https:\/\/enlisantfestival.com\/fr\/version-etrange-de-letranger-au-theatre-de-labsurde\/#primaryimage","url":"https:\/\/enlisantfestival.com\/fr\/wp-content\/uploads\/2020\/09\/letranger.jpg","contentUrl":"https:\/\/enlisantfestival.com\/fr\/wp-content\/uploads\/2020\/09\/letranger.jpg","width":320,"height":480},{"@type":"BreadcrumbList","@id":"https:\/\/enlisantfestival.com\/fr\/version-etrange-de-letranger-au-theatre-de-labsurde\/#breadcrumb","itemListElement":[{"@type":"ListItem","position":1,"name":"Accueil","item":"https:\/\/enlisantfestival.com\/fr\/"},{"@type":"ListItem","position":2,"name":"Version \u00e9trange de \u00ab L\u2019\u00e9tranger \u00bb au th\u00e9\u00e2tre de l&#8217;absurde"}]},{"@type":"WebSite","@id":"https:\/\/enlisantfestival.com\/fr\/#website","url":"https:\/\/enlisantfestival.com\/fr\/","name":"En Lisant festival de th\u00e9\u00e2tre","description":"","publisher":{"@id":"https:\/\/enlisantfestival.com\/fr\/#organization"},"potentialAction":[{"@type":"SearchAction","target":{"@type":"EntryPoint","urlTemplate":"https:\/\/enlisantfestival.com\/fr\/?s={search_term_string}"},"query-input":{"@type":"PropertyValueSpecification","valueRequired":true,"valueName":"search_term_string"}}],"inLanguage":"fr-FR"},{"@type":"Organization","@id":"https:\/\/enlisantfestival.com\/fr\/#organization","name":"En Lisant festival de th\u00e9\u00e2tre","url":"https:\/\/enlisantfestival.com\/fr\/","logo":{"@type":"ImageObject","inLanguage":"fr-FR","@id":"https:\/\/enlisantfestival.com\/fr\/#\/schema\/logo\/image\/","url":"https:\/\/enlisantfestival.com\/fr\/wp-content\/uploads\/2020\/09\/en-lisant-logo.png","contentUrl":"https:\/\/enlisantfestival.com\/fr\/wp-content\/uploads\/2020\/09\/en-lisant-logo.png","width":600,"height":343,"caption":"En Lisant festival de th\u00e9\u00e2tre"},"image":{"@id":"https:\/\/enlisantfestival.com\/fr\/#\/schema\/logo\/image\/"}},{"@type":"Person","@id":"https:\/\/enlisantfestival.com\/fr\/#\/schema\/person\/87e9b7267113e8db5ef729658a5440e4","name":"lionel","image":{"@type":"ImageObject","inLanguage":"fr-FR","@id":"https:\/\/enlisantfestival.com\/fr\/#\/schema\/person\/image\/","url":"https:\/\/secure.gravatar.com\/avatar\/0361bef51de40b6b2e5c0d693a6d8f9c483d0ca194576592d0168a26c347ce45?s=96&d=mm&r=g","contentUrl":"https:\/\/secure.gravatar.com\/avatar\/0361bef51de40b6b2e5c0d693a6d8f9c483d0ca194576592d0168a26c347ce45?s=96&d=mm&r=g","caption":"lionel"},"url":"https:\/\/enlisantfestival.com\/fr\/author\/lionel\/"}]}},"_links":{"self":[{"href":"https:\/\/enlisantfestival.com\/fr\/wp-json\/wp\/v2\/posts\/3470","targetHints":{"allow":["GET"]}}],"collection":[{"href":"https:\/\/enlisantfestival.com\/fr\/wp-json\/wp\/v2\/posts"}],"about":[{"href":"https:\/\/enlisantfestival.com\/fr\/wp-json\/wp\/v2\/types\/post"}],"author":[{"embeddable":true,"href":"https:\/\/enlisantfestival.com\/fr\/wp-json\/wp\/v2\/users\/1"}],"replies":[{"embeddable":true,"href":"https:\/\/enlisantfestival.com\/fr\/wp-json\/wp\/v2\/comments?post=3470"}],"version-history":[{"count":0,"href":"https:\/\/enlisantfestival.com\/fr\/wp-json\/wp\/v2\/posts\/3470\/revisions"}],"wp:featuredmedia":[{"embeddable":true,"href":"https:\/\/enlisantfestival.com\/fr\/wp-json\/wp\/v2\/media\/3471"}],"wp:attachment":[{"href":"https:\/\/enlisantfestival.com\/fr\/wp-json\/wp\/v2\/media?parent=3470"}],"wp:term":[{"taxonomy":"category","embeddable":true,"href":"https:\/\/enlisantfestival.com\/fr\/wp-json\/wp\/v2\/categories?post=3470"},{"taxonomy":"post_tag","embeddable":true,"href":"https:\/\/enlisantfestival.com\/fr\/wp-json\/wp\/v2\/tags?post=3470"}],"curies":[{"name":"wp","href":"https:\/\/api.w.org\/{rel}","templated":true}]}}