{"id":3474,"date":"2020-09-10T00:49:00","date_gmt":"2020-09-09T22:49:00","guid":{"rendered":"https:\/\/enlisantfestival.com\/fr\/?p=3474"},"modified":"2020-09-10T00:50:00","modified_gmt":"2020-09-09T22:50:00","slug":"la-3e-edition-du-festival-en-lisant-est-lancee","status":"publish","type":"post","link":"https:\/\/enlisantfestival.com\/fr\/la-3e-edition-du-festival-en-lisant-est-lancee\/","title":{"rendered":"La 3e \u00e9dition du festival En lisant est lanc\u00e9e"},"content":{"rendered":"\t\t<div data-elementor-type=\"wp-post\" data-elementor-id=\"3474\" class=\"elementor elementor-3474\" data-elementor-settings=\"{&quot;ha_cmc_init_switcher&quot;:&quot;no&quot;}\">\n\t\t\t\t\t\t<section class=\"elementor-section elementor-top-section elementor-element elementor-element-e05ca3b elementor-section-boxed elementor-section-height-default elementor-section-height-default\" data-id=\"e05ca3b\" data-element_type=\"section\" data-e-type=\"section\" data-settings=\"{&quot;_ha_eqh_enable&quot;:false}\">\n\t\t\t\t\t\t<div class=\"elementor-container elementor-column-gap-default\">\n\t\t\t\t\t<div class=\"elementor-column elementor-col-100 elementor-top-column elementor-element elementor-element-52bfac4\" data-id=\"52bfac4\" data-element_type=\"column\" data-e-type=\"column\">\n\t\t\t<div class=\"elementor-widget-wrap elementor-element-populated\">\n\t\t\t\t\t\t<div class=\"elementor-element elementor-element-4e07dbf elementor-widget elementor-widget-text-editor\" data-id=\"4e07dbf\" data-element_type=\"widget\" data-e-type=\"widget\" data-widget_type=\"text-editor.default\">\n\t\t\t\t<div class=\"elementor-widget-container\">\n\t\t\t\t\t\t\t\t\t<p><i>BIT Ha\u00efti a lanc\u00e9 la troisi\u00e8me \u00e9dition du festival En lisant le jeudi 10 juin 2018 dans les locaux du l\u2019Institut fran\u00e7ais en Ha\u00efti. Avec Jean Ren\u00e9 Lemoine comme invit\u00e9 d\u2019honneur cette ann\u00e9e, le festival En lisant se tiendra du 27 juin au 7 juillet 2018 \u00e0 la Fokal et \u00e0 l\u2019Institut fran\u00e7ais, autour du th\u00e8me \u00ab Jean Ren\u00e9 Lemoine, entre mythe et d\u00e9chirure \u00bb&#8230; <a href=\"https:\/\/lenouvelliste.com\/article\/189140\/la-3e-edition-du-festival-en-lisant-est-lancee\" target=\"_blank\" rel=\"noopener\">Lire la suite sur Le Nouvelliste<\/a><\/i><\/p>\t\t\t\t\t\t\t\t<\/div>\n\t\t\t\t<\/div>\n\t\t\t\t\t<\/div>\n\t\t<\/div>\n\t\t\t\t\t<\/div>\n\t\t<\/section>\n\t\t\t\t<\/div>\n\t\t","protected":false},"excerpt":{"rendered":"<p>BIT Ha\u00efti a lanc\u00e9 la troisi\u00e8me \u00e9dition du festival En lisant le jeudi 10 juin 2018 dans les locaux du l\u2019Institut fran\u00e7ais en Ha\u00efti. Avec Jean Ren\u00e9 Lemoine comme invit\u00e9 [&hellip;]<\/p>\n","protected":false},"author":1,"featured_media":3475,"comment_status":"open","ping_status":"open","sticky":false,"template":"","format":"standard","meta":{"_FSMCFIC_featured_image_caption":"","_FSMCFIC_featured_image_nocaption":"","_FSMCFIC_featured_image_hide":"","footnotes":""},"categories":[94],"tags":[],"class_list":["post-3474","post","type-post","status-publish","format-standard","has-post-thumbnail","hentry","category-archives-en-lisant-2018"],"yoast_head":"<!-- This site is optimized with the Yoast SEO plugin v27.0 - https:\/\/yoast.com\/product\/yoast-seo-wordpress\/ -->\n<title>La 3e \u00e9dition du festival En lisant est lanc\u00e9e - En Lisant festival de th\u00e9\u00e2tre<\/title>\n<meta name=\"robots\" content=\"index, follow, max-snippet:-1, max-image-preview:large, max-video-preview:-1\" \/>\n<link rel=\"canonical\" href=\"https:\/\/enlisantfestival.com\/fr\/la-3e-edition-du-festival-en-lisant-est-lancee\/\" \/>\n<meta property=\"og:locale\" content=\"fr_FR\" \/>\n<meta property=\"og:type\" content=\"article\" \/>\n<meta property=\"og:title\" content=\"La 3e \u00e9dition du festival En lisant est lanc\u00e9e - En Lisant festival de th\u00e9\u00e2tre\" \/>\n<meta property=\"og:description\" content=\"BIT Ha\u00efti a lanc\u00e9 la troisi\u00e8me \u00e9dition du festival En lisant le jeudi 10 juin 2018 dans les locaux du l\u2019Institut fran\u00e7ais en Ha\u00efti. Avec Jean Ren\u00e9 Lemoine comme invit\u00e9 [&hellip;]\" \/>\n<meta property=\"og:url\" content=\"https:\/\/enlisantfestival.com\/fr\/la-3e-edition-du-festival-en-lisant-est-lancee\/\" \/>\n<meta property=\"og:site_name\" content=\"En Lisant festival de th\u00e9\u00e2tre\" \/>\n<meta property=\"article:published_time\" content=\"2020-09-09T22:49:00+00:00\" \/>\n<meta property=\"article:modified_time\" content=\"2020-09-09T22:50:00+00:00\" \/>\n<meta property=\"og:image\" content=\"https:\/\/enlisantfestival.com\/fr\/wp-content\/uploads\/2020\/09\/en-lisant-3eme-edition.jpg\" \/>\n\t<meta property=\"og:image:width\" content=\"640\" \/>\n\t<meta property=\"og:image:height\" content=\"427\" \/>\n\t<meta property=\"og:image:type\" content=\"image\/jpeg\" \/>\n<meta name=\"author\" content=\"lionel\" \/>\n<meta name=\"twitter:card\" content=\"summary_large_image\" \/>\n<meta name=\"twitter:label1\" content=\"\u00c9crit par\" \/>\n\t<meta name=\"twitter:data1\" content=\"lionel\" \/>\n<script type=\"application\/ld+json\" class=\"yoast-schema-graph\">{\"@context\":\"https:\/\/schema.org\",\"@graph\":[{\"@type\":\"Article\",\"@id\":\"https:\/\/enlisantfestival.com\/fr\/la-3e-edition-du-festival-en-lisant-est-lancee\/#article\",\"isPartOf\":{\"@id\":\"https:\/\/enlisantfestival.com\/fr\/la-3e-edition-du-festival-en-lisant-est-lancee\/\"},\"author\":{\"name\":\"lionel\",\"@id\":\"https:\/\/enlisantfestival.com\/fr\/#\/schema\/person\/87e9b7267113e8db5ef729658a5440e4\"},\"headline\":\"La 3e \u00e9dition du festival En lisant est lanc\u00e9e\",\"datePublished\":\"2020-09-09T22:49:00+00:00\",\"dateModified\":\"2020-09-09T22:50:00+00:00\",\"mainEntityOfPage\":{\"@id\":\"https:\/\/enlisantfestival.com\/fr\/la-3e-edition-du-festival-en-lisant-est-lancee\/\"},\"wordCount\":83,\"commentCount\":0,\"publisher\":{\"@id\":\"https:\/\/enlisantfestival.com\/fr\/#organization\"},\"image\":{\"@id\":\"https:\/\/enlisantfestival.com\/fr\/la-3e-edition-du-festival-en-lisant-est-lancee\/#primaryimage\"},\"thumbnailUrl\":\"https:\/\/enlisantfestival.com\/fr\/wp-content\/uploads\/2020\/09\/en-lisant-3eme-edition.jpg\",\"articleSection\":[\"Archives en lisant 2018\"],\"inLanguage\":\"fr-FR\",\"potentialAction\":[{\"@type\":\"CommentAction\",\"name\":\"Comment\",\"target\":[\"https:\/\/enlisantfestival.com\/fr\/la-3e-edition-du-festival-en-lisant-est-lancee\/#respond\"]}]},{\"@type\":\"WebPage\",\"@id\":\"https:\/\/enlisantfestival.com\/fr\/la-3e-edition-du-festival-en-lisant-est-lancee\/\",\"url\":\"https:\/\/enlisantfestival.com\/fr\/la-3e-edition-du-festival-en-lisant-est-lancee\/\",\"name\":\"La 3e \u00e9dition du festival En lisant est lanc\u00e9e - En Lisant festival de th\u00e9\u00e2tre\",\"isPartOf\":{\"@id\":\"https:\/\/enlisantfestival.com\/fr\/#website\"},\"primaryImageOfPage\":{\"@id\":\"https:\/\/enlisantfestival.com\/fr\/la-3e-edition-du-festival-en-lisant-est-lancee\/#primaryimage\"},\"image\":{\"@id\":\"https:\/\/enlisantfestival.com\/fr\/la-3e-edition-du-festival-en-lisant-est-lancee\/#primaryimage\"},\"thumbnailUrl\":\"https:\/\/enlisantfestival.com\/fr\/wp-content\/uploads\/2020\/09\/en-lisant-3eme-edition.jpg\",\"datePublished\":\"2020-09-09T22:49:00+00:00\",\"dateModified\":\"2020-09-09T22:50:00+00:00\",\"breadcrumb\":{\"@id\":\"https:\/\/enlisantfestival.com\/fr\/la-3e-edition-du-festival-en-lisant-est-lancee\/#breadcrumb\"},\"inLanguage\":\"fr-FR\",\"potentialAction\":[{\"@type\":\"ReadAction\",\"target\":[\"https:\/\/enlisantfestival.com\/fr\/la-3e-edition-du-festival-en-lisant-est-lancee\/\"]}]},{\"@type\":\"ImageObject\",\"inLanguage\":\"fr-FR\",\"@id\":\"https:\/\/enlisantfestival.com\/fr\/la-3e-edition-du-festival-en-lisant-est-lancee\/#primaryimage\",\"url\":\"https:\/\/enlisantfestival.com\/fr\/wp-content\/uploads\/2020\/09\/en-lisant-3eme-edition.jpg\",\"contentUrl\":\"https:\/\/enlisantfestival.com\/fr\/wp-content\/uploads\/2020\/09\/en-lisant-3eme-edition.jpg\",\"width\":640,\"height\":427},{\"@type\":\"BreadcrumbList\",\"@id\":\"https:\/\/enlisantfestival.com\/fr\/la-3e-edition-du-festival-en-lisant-est-lancee\/#breadcrumb\",\"itemListElement\":[{\"@type\":\"ListItem\",\"position\":1,\"name\":\"Accueil\",\"item\":\"https:\/\/enlisantfestival.com\/fr\/\"},{\"@type\":\"ListItem\",\"position\":2,\"name\":\"La 3e \u00e9dition du festival En lisant est lanc\u00e9e\"}]},{\"@type\":\"WebSite\",\"@id\":\"https:\/\/enlisantfestival.com\/fr\/#website\",\"url\":\"https:\/\/enlisantfestival.com\/fr\/\",\"name\":\"En Lisant festival de th\u00e9\u00e2tre\",\"description\":\"\",\"publisher\":{\"@id\":\"https:\/\/enlisantfestival.com\/fr\/#organization\"},\"potentialAction\":[{\"@type\":\"SearchAction\",\"target\":{\"@type\":\"EntryPoint\",\"urlTemplate\":\"https:\/\/enlisantfestival.com\/fr\/?s={search_term_string}\"},\"query-input\":{\"@type\":\"PropertyValueSpecification\",\"valueRequired\":true,\"valueName\":\"search_term_string\"}}],\"inLanguage\":\"fr-FR\"},{\"@type\":\"Organization\",\"@id\":\"https:\/\/enlisantfestival.com\/fr\/#organization\",\"name\":\"En Lisant festival de th\u00e9\u00e2tre\",\"url\":\"https:\/\/enlisantfestival.com\/fr\/\",\"logo\":{\"@type\":\"ImageObject\",\"inLanguage\":\"fr-FR\",\"@id\":\"https:\/\/enlisantfestival.com\/fr\/#\/schema\/logo\/image\/\",\"url\":\"https:\/\/enlisantfestival.com\/fr\/wp-content\/uploads\/2020\/09\/en-lisant-logo.png\",\"contentUrl\":\"https:\/\/enlisantfestival.com\/fr\/wp-content\/uploads\/2020\/09\/en-lisant-logo.png\",\"width\":600,\"height\":343,\"caption\":\"En Lisant festival de th\u00e9\u00e2tre\"},\"image\":{\"@id\":\"https:\/\/enlisantfestival.com\/fr\/#\/schema\/logo\/image\/\"}},{\"@type\":\"Person\",\"@id\":\"https:\/\/enlisantfestival.com\/fr\/#\/schema\/person\/87e9b7267113e8db5ef729658a5440e4\",\"name\":\"lionel\",\"image\":{\"@type\":\"ImageObject\",\"inLanguage\":\"fr-FR\",\"@id\":\"https:\/\/enlisantfestival.com\/fr\/#\/schema\/person\/image\/\",\"url\":\"https:\/\/secure.gravatar.com\/avatar\/0361bef51de40b6b2e5c0d693a6d8f9c483d0ca194576592d0168a26c347ce45?s=96&d=mm&r=g\",\"contentUrl\":\"https:\/\/secure.gravatar.com\/avatar\/0361bef51de40b6b2e5c0d693a6d8f9c483d0ca194576592d0168a26c347ce45?s=96&d=mm&r=g\",\"caption\":\"lionel\"},\"url\":\"https:\/\/enlisantfestival.com\/fr\/author\/lionel\/\"}]}<\/script>\n<!-- \/ Yoast SEO plugin. -->","yoast_head_json":{"title":"La 3e \u00e9dition du festival En lisant est lanc\u00e9e - En Lisant festival de th\u00e9\u00e2tre","robots":{"index":"index","follow":"follow","max-snippet":"max-snippet:-1","max-image-preview":"max-image-preview:large","max-video-preview":"max-video-preview:-1"},"canonical":"https:\/\/enlisantfestival.com\/fr\/la-3e-edition-du-festival-en-lisant-est-lancee\/","og_locale":"fr_FR","og_type":"article","og_title":"La 3e \u00e9dition du festival En lisant est lanc\u00e9e - En Lisant festival de th\u00e9\u00e2tre","og_description":"BIT Ha\u00efti a lanc\u00e9 la troisi\u00e8me \u00e9dition du festival En lisant le jeudi 10 juin 2018 dans les locaux du l\u2019Institut fran\u00e7ais en Ha\u00efti. Avec Jean Ren\u00e9 Lemoine comme invit\u00e9 [&hellip;]","og_url":"https:\/\/enlisantfestival.com\/fr\/la-3e-edition-du-festival-en-lisant-est-lancee\/","og_site_name":"En Lisant festival de th\u00e9\u00e2tre","article_published_time":"2020-09-09T22:49:00+00:00","article_modified_time":"2020-09-09T22:50:00+00:00","og_image":[{"width":640,"height":427,"url":"https:\/\/enlisantfestival.com\/fr\/wp-content\/uploads\/2020\/09\/en-lisant-3eme-edition.jpg","type":"image\/jpeg"}],"author":"lionel","twitter_card":"summary_large_image","twitter_misc":{"\u00c9crit par":"lionel"},"schema":{"@context":"https:\/\/schema.org","@graph":[{"@type":"Article","@id":"https:\/\/enlisantfestival.com\/fr\/la-3e-edition-du-festival-en-lisant-est-lancee\/#article","isPartOf":{"@id":"https:\/\/enlisantfestival.com\/fr\/la-3e-edition-du-festival-en-lisant-est-lancee\/"},"author":{"name":"lionel","@id":"https:\/\/enlisantfestival.com\/fr\/#\/schema\/person\/87e9b7267113e8db5ef729658a5440e4"},"headline":"La 3e \u00e9dition du festival En lisant est lanc\u00e9e","datePublished":"2020-09-09T22:49:00+00:00","dateModified":"2020-09-09T22:50:00+00:00","mainEntityOfPage":{"@id":"https:\/\/enlisantfestival.com\/fr\/la-3e-edition-du-festival-en-lisant-est-lancee\/"},"wordCount":83,"commentCount":0,"publisher":{"@id":"https:\/\/enlisantfestival.com\/fr\/#organization"},"image":{"@id":"https:\/\/enlisantfestival.com\/fr\/la-3e-edition-du-festival-en-lisant-est-lancee\/#primaryimage"},"thumbnailUrl":"https:\/\/enlisantfestival.com\/fr\/wp-content\/uploads\/2020\/09\/en-lisant-3eme-edition.jpg","articleSection":["Archives en lisant 2018"],"inLanguage":"fr-FR","potentialAction":[{"@type":"CommentAction","name":"Comment","target":["https:\/\/enlisantfestival.com\/fr\/la-3e-edition-du-festival-en-lisant-est-lancee\/#respond"]}]},{"@type":"WebPage","@id":"https:\/\/enlisantfestival.com\/fr\/la-3e-edition-du-festival-en-lisant-est-lancee\/","url":"https:\/\/enlisantfestival.com\/fr\/la-3e-edition-du-festival-en-lisant-est-lancee\/","name":"La 3e \u00e9dition du festival En lisant est lanc\u00e9e - En Lisant festival de th\u00e9\u00e2tre","isPartOf":{"@id":"https:\/\/enlisantfestival.com\/fr\/#website"},"primaryImageOfPage":{"@id":"https:\/\/enlisantfestival.com\/fr\/la-3e-edition-du-festival-en-lisant-est-lancee\/#primaryimage"},"image":{"@id":"https:\/\/enlisantfestival.com\/fr\/la-3e-edition-du-festival-en-lisant-est-lancee\/#primaryimage"},"thumbnailUrl":"https:\/\/enlisantfestival.com\/fr\/wp-content\/uploads\/2020\/09\/en-lisant-3eme-edition.jpg","datePublished":"2020-09-09T22:49:00+00:00","dateModified":"2020-09-09T22:50:00+00:00","breadcrumb":{"@id":"https:\/\/enlisantfestival.com\/fr\/la-3e-edition-du-festival-en-lisant-est-lancee\/#breadcrumb"},"inLanguage":"fr-FR","potentialAction":[{"@type":"ReadAction","target":["https:\/\/enlisantfestival.com\/fr\/la-3e-edition-du-festival-en-lisant-est-lancee\/"]}]},{"@type":"ImageObject","inLanguage":"fr-FR","@id":"https:\/\/enlisantfestival.com\/fr\/la-3e-edition-du-festival-en-lisant-est-lancee\/#primaryimage","url":"https:\/\/enlisantfestival.com\/fr\/wp-content\/uploads\/2020\/09\/en-lisant-3eme-edition.jpg","contentUrl":"https:\/\/enlisantfestival.com\/fr\/wp-content\/uploads\/2020\/09\/en-lisant-3eme-edition.jpg","width":640,"height":427},{"@type":"BreadcrumbList","@id":"https:\/\/enlisantfestival.com\/fr\/la-3e-edition-du-festival-en-lisant-est-lancee\/#breadcrumb","itemListElement":[{"@type":"ListItem","position":1,"name":"Accueil","item":"https:\/\/enlisantfestival.com\/fr\/"},{"@type":"ListItem","position":2,"name":"La 3e \u00e9dition du festival En lisant est lanc\u00e9e"}]},{"@type":"WebSite","@id":"https:\/\/enlisantfestival.com\/fr\/#website","url":"https:\/\/enlisantfestival.com\/fr\/","name":"En Lisant festival de th\u00e9\u00e2tre","description":"","publisher":{"@id":"https:\/\/enlisantfestival.com\/fr\/#organization"},"potentialAction":[{"@type":"SearchAction","target":{"@type":"EntryPoint","urlTemplate":"https:\/\/enlisantfestival.com\/fr\/?s={search_term_string}"},"query-input":{"@type":"PropertyValueSpecification","valueRequired":true,"valueName":"search_term_string"}}],"inLanguage":"fr-FR"},{"@type":"Organization","@id":"https:\/\/enlisantfestival.com\/fr\/#organization","name":"En Lisant festival de th\u00e9\u00e2tre","url":"https:\/\/enlisantfestival.com\/fr\/","logo":{"@type":"ImageObject","inLanguage":"fr-FR","@id":"https:\/\/enlisantfestival.com\/fr\/#\/schema\/logo\/image\/","url":"https:\/\/enlisantfestival.com\/fr\/wp-content\/uploads\/2020\/09\/en-lisant-logo.png","contentUrl":"https:\/\/enlisantfestival.com\/fr\/wp-content\/uploads\/2020\/09\/en-lisant-logo.png","width":600,"height":343,"caption":"En Lisant festival de th\u00e9\u00e2tre"},"image":{"@id":"https:\/\/enlisantfestival.com\/fr\/#\/schema\/logo\/image\/"}},{"@type":"Person","@id":"https:\/\/enlisantfestival.com\/fr\/#\/schema\/person\/87e9b7267113e8db5ef729658a5440e4","name":"lionel","image":{"@type":"ImageObject","inLanguage":"fr-FR","@id":"https:\/\/enlisantfestival.com\/fr\/#\/schema\/person\/image\/","url":"https:\/\/secure.gravatar.com\/avatar\/0361bef51de40b6b2e5c0d693a6d8f9c483d0ca194576592d0168a26c347ce45?s=96&d=mm&r=g","contentUrl":"https:\/\/secure.gravatar.com\/avatar\/0361bef51de40b6b2e5c0d693a6d8f9c483d0ca194576592d0168a26c347ce45?s=96&d=mm&r=g","caption":"lionel"},"url":"https:\/\/enlisantfestival.com\/fr\/author\/lionel\/"}]}},"_links":{"self":[{"href":"https:\/\/enlisantfestival.com\/fr\/wp-json\/wp\/v2\/posts\/3474","targetHints":{"allow":["GET"]}}],"collection":[{"href":"https:\/\/enlisantfestival.com\/fr\/wp-json\/wp\/v2\/posts"}],"about":[{"href":"https:\/\/enlisantfestival.com\/fr\/wp-json\/wp\/v2\/types\/post"}],"author":[{"embeddable":true,"href":"https:\/\/enlisantfestival.com\/fr\/wp-json\/wp\/v2\/users\/1"}],"replies":[{"embeddable":true,"href":"https:\/\/enlisantfestival.com\/fr\/wp-json\/wp\/v2\/comments?post=3474"}],"version-history":[{"count":0,"href":"https:\/\/enlisantfestival.com\/fr\/wp-json\/wp\/v2\/posts\/3474\/revisions"}],"wp:featuredmedia":[{"embeddable":true,"href":"https:\/\/enlisantfestival.com\/fr\/wp-json\/wp\/v2\/media\/3475"}],"wp:attachment":[{"href":"https:\/\/enlisantfestival.com\/fr\/wp-json\/wp\/v2\/media?parent=3474"}],"wp:term":[{"taxonomy":"category","embeddable":true,"href":"https:\/\/enlisantfestival.com\/fr\/wp-json\/wp\/v2\/categories?post=3474"},{"taxonomy":"post_tag","embeddable":true,"href":"https:\/\/enlisantfestival.com\/fr\/wp-json\/wp\/v2\/tags?post=3474"}],"curies":[{"name":"wp","href":"https:\/\/api.w.org\/{rel}","templated":true}]}}