{"id":3478,"date":"2020-09-10T00:51:49","date_gmt":"2020-09-09T22:51:49","guid":{"rendered":"https:\/\/enlisantfestival.com\/fr\/?p=3478"},"modified":"2020-09-10T00:52:57","modified_gmt":"2020-09-09T22:52:57","slug":"festival-de-theatre-en-lisant-du-27-juin-au-7-juillet-2018","status":"publish","type":"post","link":"https:\/\/enlisantfestival.com\/fr\/festival-de-theatre-en-lisant-du-27-juin-au-7-juillet-2018\/","title":{"rendered":"\u201cFestival de Th\u00e9\u00e2tre En lisant\u201d, du 27 juin au 7 juillet 2018"},"content":{"rendered":"\t\t<div data-elementor-type=\"wp-post\" data-elementor-id=\"3478\" class=\"elementor elementor-3478\" data-elementor-settings=\"{&quot;ha_cmc_init_switcher&quot;:&quot;no&quot;}\">\n\t\t\t\t\t\t<section class=\"elementor-section elementor-top-section elementor-element elementor-element-ffa2b51 elementor-section-boxed elementor-section-height-default elementor-section-height-default\" data-id=\"ffa2b51\" data-element_type=\"section\" data-e-type=\"section\" data-settings=\"{&quot;_ha_eqh_enable&quot;:false}\">\n\t\t\t\t\t\t<div class=\"elementor-container elementor-column-gap-default\">\n\t\t\t\t\t<div class=\"elementor-column elementor-col-100 elementor-top-column elementor-element elementor-element-29c2982\" data-id=\"29c2982\" data-element_type=\"column\" data-e-type=\"column\">\n\t\t\t<div class=\"elementor-widget-wrap elementor-element-populated\">\n\t\t\t\t\t\t<div class=\"elementor-element elementor-element-4601652 elementor-widget elementor-widget-text-editor\" data-id=\"4601652\" data-element_type=\"widget\" data-e-type=\"widget\" data-widget_type=\"text-editor.default\">\n\t\t\t\t<div class=\"elementor-widget-container\">\n\t\t\t\t\t\t\t\t\t<p>La\u00a0<em>Brigade d\u2019Intervention Th\u00e9\u00e2trale \u2013 Ha\u00efti (BIT-Ha\u00efti)<\/em>\u00a0pr\u00e9sente\u00a0<strong>du 27 juin au 7 juillet 2018<\/strong>\u00a0la 3<sup>e<\/sup>\u00a0\u00e9dition du \u00ab\u00a0<strong><em>Festival de Th\u00e9\u00e2tre En lisant<\/em><\/strong>\u00a0\u00bb autour du th\u00e8me\u00a0: \u00ab\u00a0<strong><em>Jean-Ren\u00e9 Lemoine entre mythe et d\u00e9chirure<\/em><\/strong><em>\u00a0<\/em>\u00bb A cette occasion, les sc\u00e8nes de la FOKAL et de l\u2019Institut Fran\u00e7ais en Ha\u00efti (IFH) proposeront, entre autres, mises en sc\u00e8ne, spectacles, lectures-spectacles, conf\u00e9rences-d\u00e9bats, causeries, rencontres, expositions, projections. L\u2019admission \u00e0 ces activit\u00e9s est libre dans la limite des places disponibles&#8230; <a href=\"https:\/\/www.fokal.org\/index.php\/nouvel-fokal\/31-nos-programmes\/1116-festival-de-theatre-en-lisant-du-27-juin-au-7-juillet-2018\" target=\"_blank\" rel=\"noopener\">Lire la suite sur FOKAL<\/a><\/p>\t\t\t\t\t\t\t\t<\/div>\n\t\t\t\t<\/div>\n\t\t\t\t\t<\/div>\n\t\t<\/div>\n\t\t\t\t\t<\/div>\n\t\t<\/section>\n\t\t\t\t<\/div>\n\t\t","protected":false},"excerpt":{"rendered":"<p>La\u00a0Brigade d\u2019Intervention Th\u00e9\u00e2trale \u2013 Ha\u00efti (BIT-Ha\u00efti)\u00a0pr\u00e9sente\u00a0du 27 juin au 7 juillet 2018\u00a0la 3e\u00a0\u00e9dition du \u00ab\u00a0Festival de Th\u00e9\u00e2tre En lisant\u00a0\u00bb autour du th\u00e8me\u00a0: \u00ab\u00a0Jean-Ren\u00e9 Lemoine entre mythe et d\u00e9chirure\u00a0\u00bb A cette [&hellip;]<\/p>\n","protected":false},"author":1,"featured_media":3479,"comment_status":"open","ping_status":"open","sticky":false,"template":"","format":"standard","meta":{"_FSMCFIC_featured_image_caption":"","_FSMCFIC_featured_image_nocaption":"","_FSMCFIC_featured_image_hide":"","footnotes":""},"categories":[94],"tags":[],"class_list":["post-3478","post","type-post","status-publish","format-standard","has-post-thumbnail","hentry","category-archives-en-lisant-2018"],"yoast_head":"<!-- This site is optimized with the Yoast SEO plugin v27.0 - https:\/\/yoast.com\/product\/yoast-seo-wordpress\/ -->\n<title>\u201cFestival de Th\u00e9\u00e2tre En lisant\u201d, du 27 juin au 7 juillet 2018 - En Lisant festival de th\u00e9\u00e2tre<\/title>\n<meta name=\"robots\" content=\"index, follow, max-snippet:-1, max-image-preview:large, max-video-preview:-1\" \/>\n<link rel=\"canonical\" href=\"https:\/\/enlisantfestival.com\/fr\/festival-de-theatre-en-lisant-du-27-juin-au-7-juillet-2018\/\" \/>\n<meta property=\"og:locale\" content=\"fr_FR\" \/>\n<meta property=\"og:type\" content=\"article\" \/>\n<meta property=\"og:title\" content=\"\u201cFestival de Th\u00e9\u00e2tre En lisant\u201d, du 27 juin au 7 juillet 2018 - En Lisant festival de th\u00e9\u00e2tre\" \/>\n<meta property=\"og:description\" content=\"La\u00a0Brigade d\u2019Intervention Th\u00e9\u00e2trale \u2013 Ha\u00efti (BIT-Ha\u00efti)\u00a0pr\u00e9sente\u00a0du 27 juin au 7 juillet 2018\u00a0la 3e\u00a0\u00e9dition du \u00ab\u00a0Festival de Th\u00e9\u00e2tre En lisant\u00a0\u00bb autour du th\u00e8me\u00a0: \u00ab\u00a0Jean-Ren\u00e9 Lemoine entre mythe et d\u00e9chirure\u00a0\u00bb A cette [&hellip;]\" \/>\n<meta property=\"og:url\" content=\"https:\/\/enlisantfestival.com\/fr\/festival-de-theatre-en-lisant-du-27-juin-au-7-juillet-2018\/\" \/>\n<meta property=\"og:site_name\" content=\"En Lisant festival de th\u00e9\u00e2tre\" \/>\n<meta property=\"article:published_time\" content=\"2020-09-09T22:51:49+00:00\" \/>\n<meta property=\"article:modified_time\" content=\"2020-09-09T22:52:57+00:00\" \/>\n<meta property=\"og:image\" content=\"https:\/\/enlisantfestival.com\/fr\/wp-content\/uploads\/2020\/09\/Affiche_generale_festival-page-001_1.jpg\" \/>\n\t<meta property=\"og:image:width\" content=\"975\" \/>\n\t<meta property=\"og:image:height\" content=\"1506\" \/>\n\t<meta property=\"og:image:type\" content=\"image\/jpeg\" \/>\n<meta name=\"author\" content=\"lionel\" \/>\n<meta name=\"twitter:card\" content=\"summary_large_image\" \/>\n<meta name=\"twitter:label1\" content=\"\u00c9crit par\" \/>\n\t<meta name=\"twitter:data1\" content=\"lionel\" \/>\n<script type=\"application\/ld+json\" class=\"yoast-schema-graph\">{\"@context\":\"https:\/\/schema.org\",\"@graph\":[{\"@type\":\"Article\",\"@id\":\"https:\/\/enlisantfestival.com\/fr\/festival-de-theatre-en-lisant-du-27-juin-au-7-juillet-2018\/#article\",\"isPartOf\":{\"@id\":\"https:\/\/enlisantfestival.com\/fr\/festival-de-theatre-en-lisant-du-27-juin-au-7-juillet-2018\/\"},\"author\":{\"name\":\"lionel\",\"@id\":\"https:\/\/enlisantfestival.com\/fr\/#\/schema\/person\/87e9b7267113e8db5ef729658a5440e4\"},\"headline\":\"\u201cFestival de Th\u00e9\u00e2tre En lisant\u201d, du 27 juin au 7 juillet 2018\",\"datePublished\":\"2020-09-09T22:51:49+00:00\",\"dateModified\":\"2020-09-09T22:52:57+00:00\",\"mainEntityOfPage\":{\"@id\":\"https:\/\/enlisantfestival.com\/fr\/festival-de-theatre-en-lisant-du-27-juin-au-7-juillet-2018\/\"},\"wordCount\":100,\"commentCount\":0,\"publisher\":{\"@id\":\"https:\/\/enlisantfestival.com\/fr\/#organization\"},\"image\":{\"@id\":\"https:\/\/enlisantfestival.com\/fr\/festival-de-theatre-en-lisant-du-27-juin-au-7-juillet-2018\/#primaryimage\"},\"thumbnailUrl\":\"https:\/\/enlisantfestival.com\/fr\/wp-content\/uploads\/2020\/09\/Affiche_generale_festival-page-001_1.jpg\",\"articleSection\":[\"Archives en lisant 2018\"],\"inLanguage\":\"fr-FR\",\"potentialAction\":[{\"@type\":\"CommentAction\",\"name\":\"Comment\",\"target\":[\"https:\/\/enlisantfestival.com\/fr\/festival-de-theatre-en-lisant-du-27-juin-au-7-juillet-2018\/#respond\"]}]},{\"@type\":\"WebPage\",\"@id\":\"https:\/\/enlisantfestival.com\/fr\/festival-de-theatre-en-lisant-du-27-juin-au-7-juillet-2018\/\",\"url\":\"https:\/\/enlisantfestival.com\/fr\/festival-de-theatre-en-lisant-du-27-juin-au-7-juillet-2018\/\",\"name\":\"\u201cFestival de Th\u00e9\u00e2tre En lisant\u201d, du 27 juin au 7 juillet 2018 - En Lisant festival de th\u00e9\u00e2tre\",\"isPartOf\":{\"@id\":\"https:\/\/enlisantfestival.com\/fr\/#website\"},\"primaryImageOfPage\":{\"@id\":\"https:\/\/enlisantfestival.com\/fr\/festival-de-theatre-en-lisant-du-27-juin-au-7-juillet-2018\/#primaryimage\"},\"image\":{\"@id\":\"https:\/\/enlisantfestival.com\/fr\/festival-de-theatre-en-lisant-du-27-juin-au-7-juillet-2018\/#primaryimage\"},\"thumbnailUrl\":\"https:\/\/enlisantfestival.com\/fr\/wp-content\/uploads\/2020\/09\/Affiche_generale_festival-page-001_1.jpg\",\"datePublished\":\"2020-09-09T22:51:49+00:00\",\"dateModified\":\"2020-09-09T22:52:57+00:00\",\"breadcrumb\":{\"@id\":\"https:\/\/enlisantfestival.com\/fr\/festival-de-theatre-en-lisant-du-27-juin-au-7-juillet-2018\/#breadcrumb\"},\"inLanguage\":\"fr-FR\",\"potentialAction\":[{\"@type\":\"ReadAction\",\"target\":[\"https:\/\/enlisantfestival.com\/fr\/festival-de-theatre-en-lisant-du-27-juin-au-7-juillet-2018\/\"]}]},{\"@type\":\"ImageObject\",\"inLanguage\":\"fr-FR\",\"@id\":\"https:\/\/enlisantfestival.com\/fr\/festival-de-theatre-en-lisant-du-27-juin-au-7-juillet-2018\/#primaryimage\",\"url\":\"https:\/\/enlisantfestival.com\/fr\/wp-content\/uploads\/2020\/09\/Affiche_generale_festival-page-001_1.jpg\",\"contentUrl\":\"https:\/\/enlisantfestival.com\/fr\/wp-content\/uploads\/2020\/09\/Affiche_generale_festival-page-001_1.jpg\",\"width\":975,\"height\":1506},{\"@type\":\"BreadcrumbList\",\"@id\":\"https:\/\/enlisantfestival.com\/fr\/festival-de-theatre-en-lisant-du-27-juin-au-7-juillet-2018\/#breadcrumb\",\"itemListElement\":[{\"@type\":\"ListItem\",\"position\":1,\"name\":\"Accueil\",\"item\":\"https:\/\/enlisantfestival.com\/fr\/\"},{\"@type\":\"ListItem\",\"position\":2,\"name\":\"\u201cFestival de Th\u00e9\u00e2tre En lisant\u201d, du 27 juin au 7 juillet 2018\"}]},{\"@type\":\"WebSite\",\"@id\":\"https:\/\/enlisantfestival.com\/fr\/#website\",\"url\":\"https:\/\/enlisantfestival.com\/fr\/\",\"name\":\"En Lisant festival de th\u00e9\u00e2tre\",\"description\":\"\",\"publisher\":{\"@id\":\"https:\/\/enlisantfestival.com\/fr\/#organization\"},\"potentialAction\":[{\"@type\":\"SearchAction\",\"target\":{\"@type\":\"EntryPoint\",\"urlTemplate\":\"https:\/\/enlisantfestival.com\/fr\/?s={search_term_string}\"},\"query-input\":{\"@type\":\"PropertyValueSpecification\",\"valueRequired\":true,\"valueName\":\"search_term_string\"}}],\"inLanguage\":\"fr-FR\"},{\"@type\":\"Organization\",\"@id\":\"https:\/\/enlisantfestival.com\/fr\/#organization\",\"name\":\"En Lisant festival de th\u00e9\u00e2tre\",\"url\":\"https:\/\/enlisantfestival.com\/fr\/\",\"logo\":{\"@type\":\"ImageObject\",\"inLanguage\":\"fr-FR\",\"@id\":\"https:\/\/enlisantfestival.com\/fr\/#\/schema\/logo\/image\/\",\"url\":\"https:\/\/enlisantfestival.com\/fr\/wp-content\/uploads\/2020\/09\/en-lisant-logo.png\",\"contentUrl\":\"https:\/\/enlisantfestival.com\/fr\/wp-content\/uploads\/2020\/09\/en-lisant-logo.png\",\"width\":600,\"height\":343,\"caption\":\"En Lisant festival de th\u00e9\u00e2tre\"},\"image\":{\"@id\":\"https:\/\/enlisantfestival.com\/fr\/#\/schema\/logo\/image\/\"}},{\"@type\":\"Person\",\"@id\":\"https:\/\/enlisantfestival.com\/fr\/#\/schema\/person\/87e9b7267113e8db5ef729658a5440e4\",\"name\":\"lionel\",\"image\":{\"@type\":\"ImageObject\",\"inLanguage\":\"fr-FR\",\"@id\":\"https:\/\/enlisantfestival.com\/fr\/#\/schema\/person\/image\/\",\"url\":\"https:\/\/secure.gravatar.com\/avatar\/0361bef51de40b6b2e5c0d693a6d8f9c483d0ca194576592d0168a26c347ce45?s=96&d=mm&r=g\",\"contentUrl\":\"https:\/\/secure.gravatar.com\/avatar\/0361bef51de40b6b2e5c0d693a6d8f9c483d0ca194576592d0168a26c347ce45?s=96&d=mm&r=g\",\"caption\":\"lionel\"},\"url\":\"https:\/\/enlisantfestival.com\/fr\/author\/lionel\/\"}]}<\/script>\n<!-- \/ Yoast SEO plugin. -->","yoast_head_json":{"title":"\u201cFestival de Th\u00e9\u00e2tre En lisant\u201d, du 27 juin au 7 juillet 2018 - En Lisant festival de th\u00e9\u00e2tre","robots":{"index":"index","follow":"follow","max-snippet":"max-snippet:-1","max-image-preview":"max-image-preview:large","max-video-preview":"max-video-preview:-1"},"canonical":"https:\/\/enlisantfestival.com\/fr\/festival-de-theatre-en-lisant-du-27-juin-au-7-juillet-2018\/","og_locale":"fr_FR","og_type":"article","og_title":"\u201cFestival de Th\u00e9\u00e2tre En lisant\u201d, du 27 juin au 7 juillet 2018 - En Lisant festival de th\u00e9\u00e2tre","og_description":"La\u00a0Brigade d\u2019Intervention Th\u00e9\u00e2trale \u2013 Ha\u00efti (BIT-Ha\u00efti)\u00a0pr\u00e9sente\u00a0du 27 juin au 7 juillet 2018\u00a0la 3e\u00a0\u00e9dition du \u00ab\u00a0Festival de Th\u00e9\u00e2tre En lisant\u00a0\u00bb autour du th\u00e8me\u00a0: \u00ab\u00a0Jean-Ren\u00e9 Lemoine entre mythe et d\u00e9chirure\u00a0\u00bb A cette [&hellip;]","og_url":"https:\/\/enlisantfestival.com\/fr\/festival-de-theatre-en-lisant-du-27-juin-au-7-juillet-2018\/","og_site_name":"En Lisant festival de th\u00e9\u00e2tre","article_published_time":"2020-09-09T22:51:49+00:00","article_modified_time":"2020-09-09T22:52:57+00:00","og_image":[{"width":975,"height":1506,"url":"https:\/\/enlisantfestival.com\/fr\/wp-content\/uploads\/2020\/09\/Affiche_generale_festival-page-001_1.jpg","type":"image\/jpeg"}],"author":"lionel","twitter_card":"summary_large_image","twitter_misc":{"\u00c9crit par":"lionel"},"schema":{"@context":"https:\/\/schema.org","@graph":[{"@type":"Article","@id":"https:\/\/enlisantfestival.com\/fr\/festival-de-theatre-en-lisant-du-27-juin-au-7-juillet-2018\/#article","isPartOf":{"@id":"https:\/\/enlisantfestival.com\/fr\/festival-de-theatre-en-lisant-du-27-juin-au-7-juillet-2018\/"},"author":{"name":"lionel","@id":"https:\/\/enlisantfestival.com\/fr\/#\/schema\/person\/87e9b7267113e8db5ef729658a5440e4"},"headline":"\u201cFestival de Th\u00e9\u00e2tre En lisant\u201d, du 27 juin au 7 juillet 2018","datePublished":"2020-09-09T22:51:49+00:00","dateModified":"2020-09-09T22:52:57+00:00","mainEntityOfPage":{"@id":"https:\/\/enlisantfestival.com\/fr\/festival-de-theatre-en-lisant-du-27-juin-au-7-juillet-2018\/"},"wordCount":100,"commentCount":0,"publisher":{"@id":"https:\/\/enlisantfestival.com\/fr\/#organization"},"image":{"@id":"https:\/\/enlisantfestival.com\/fr\/festival-de-theatre-en-lisant-du-27-juin-au-7-juillet-2018\/#primaryimage"},"thumbnailUrl":"https:\/\/enlisantfestival.com\/fr\/wp-content\/uploads\/2020\/09\/Affiche_generale_festival-page-001_1.jpg","articleSection":["Archives en lisant 2018"],"inLanguage":"fr-FR","potentialAction":[{"@type":"CommentAction","name":"Comment","target":["https:\/\/enlisantfestival.com\/fr\/festival-de-theatre-en-lisant-du-27-juin-au-7-juillet-2018\/#respond"]}]},{"@type":"WebPage","@id":"https:\/\/enlisantfestival.com\/fr\/festival-de-theatre-en-lisant-du-27-juin-au-7-juillet-2018\/","url":"https:\/\/enlisantfestival.com\/fr\/festival-de-theatre-en-lisant-du-27-juin-au-7-juillet-2018\/","name":"\u201cFestival de Th\u00e9\u00e2tre En lisant\u201d, du 27 juin au 7 juillet 2018 - En Lisant festival de th\u00e9\u00e2tre","isPartOf":{"@id":"https:\/\/enlisantfestival.com\/fr\/#website"},"primaryImageOfPage":{"@id":"https:\/\/enlisantfestival.com\/fr\/festival-de-theatre-en-lisant-du-27-juin-au-7-juillet-2018\/#primaryimage"},"image":{"@id":"https:\/\/enlisantfestival.com\/fr\/festival-de-theatre-en-lisant-du-27-juin-au-7-juillet-2018\/#primaryimage"},"thumbnailUrl":"https:\/\/enlisantfestival.com\/fr\/wp-content\/uploads\/2020\/09\/Affiche_generale_festival-page-001_1.jpg","datePublished":"2020-09-09T22:51:49+00:00","dateModified":"2020-09-09T22:52:57+00:00","breadcrumb":{"@id":"https:\/\/enlisantfestival.com\/fr\/festival-de-theatre-en-lisant-du-27-juin-au-7-juillet-2018\/#breadcrumb"},"inLanguage":"fr-FR","potentialAction":[{"@type":"ReadAction","target":["https:\/\/enlisantfestival.com\/fr\/festival-de-theatre-en-lisant-du-27-juin-au-7-juillet-2018\/"]}]},{"@type":"ImageObject","inLanguage":"fr-FR","@id":"https:\/\/enlisantfestival.com\/fr\/festival-de-theatre-en-lisant-du-27-juin-au-7-juillet-2018\/#primaryimage","url":"https:\/\/enlisantfestival.com\/fr\/wp-content\/uploads\/2020\/09\/Affiche_generale_festival-page-001_1.jpg","contentUrl":"https:\/\/enlisantfestival.com\/fr\/wp-content\/uploads\/2020\/09\/Affiche_generale_festival-page-001_1.jpg","width":975,"height":1506},{"@type":"BreadcrumbList","@id":"https:\/\/enlisantfestival.com\/fr\/festival-de-theatre-en-lisant-du-27-juin-au-7-juillet-2018\/#breadcrumb","itemListElement":[{"@type":"ListItem","position":1,"name":"Accueil","item":"https:\/\/enlisantfestival.com\/fr\/"},{"@type":"ListItem","position":2,"name":"\u201cFestival de Th\u00e9\u00e2tre En lisant\u201d, du 27 juin au 7 juillet 2018"}]},{"@type":"WebSite","@id":"https:\/\/enlisantfestival.com\/fr\/#website","url":"https:\/\/enlisantfestival.com\/fr\/","name":"En Lisant festival de th\u00e9\u00e2tre","description":"","publisher":{"@id":"https:\/\/enlisantfestival.com\/fr\/#organization"},"potentialAction":[{"@type":"SearchAction","target":{"@type":"EntryPoint","urlTemplate":"https:\/\/enlisantfestival.com\/fr\/?s={search_term_string}"},"query-input":{"@type":"PropertyValueSpecification","valueRequired":true,"valueName":"search_term_string"}}],"inLanguage":"fr-FR"},{"@type":"Organization","@id":"https:\/\/enlisantfestival.com\/fr\/#organization","name":"En Lisant festival de th\u00e9\u00e2tre","url":"https:\/\/enlisantfestival.com\/fr\/","logo":{"@type":"ImageObject","inLanguage":"fr-FR","@id":"https:\/\/enlisantfestival.com\/fr\/#\/schema\/logo\/image\/","url":"https:\/\/enlisantfestival.com\/fr\/wp-content\/uploads\/2020\/09\/en-lisant-logo.png","contentUrl":"https:\/\/enlisantfestival.com\/fr\/wp-content\/uploads\/2020\/09\/en-lisant-logo.png","width":600,"height":343,"caption":"En Lisant festival de th\u00e9\u00e2tre"},"image":{"@id":"https:\/\/enlisantfestival.com\/fr\/#\/schema\/logo\/image\/"}},{"@type":"Person","@id":"https:\/\/enlisantfestival.com\/fr\/#\/schema\/person\/87e9b7267113e8db5ef729658a5440e4","name":"lionel","image":{"@type":"ImageObject","inLanguage":"fr-FR","@id":"https:\/\/enlisantfestival.com\/fr\/#\/schema\/person\/image\/","url":"https:\/\/secure.gravatar.com\/avatar\/0361bef51de40b6b2e5c0d693a6d8f9c483d0ca194576592d0168a26c347ce45?s=96&d=mm&r=g","contentUrl":"https:\/\/secure.gravatar.com\/avatar\/0361bef51de40b6b2e5c0d693a6d8f9c483d0ca194576592d0168a26c347ce45?s=96&d=mm&r=g","caption":"lionel"},"url":"https:\/\/enlisantfestival.com\/fr\/author\/lionel\/"}]}},"_links":{"self":[{"href":"https:\/\/enlisantfestival.com\/fr\/wp-json\/wp\/v2\/posts\/3478","targetHints":{"allow":["GET"]}}],"collection":[{"href":"https:\/\/enlisantfestival.com\/fr\/wp-json\/wp\/v2\/posts"}],"about":[{"href":"https:\/\/enlisantfestival.com\/fr\/wp-json\/wp\/v2\/types\/post"}],"author":[{"embeddable":true,"href":"https:\/\/enlisantfestival.com\/fr\/wp-json\/wp\/v2\/users\/1"}],"replies":[{"embeddable":true,"href":"https:\/\/enlisantfestival.com\/fr\/wp-json\/wp\/v2\/comments?post=3478"}],"version-history":[{"count":0,"href":"https:\/\/enlisantfestival.com\/fr\/wp-json\/wp\/v2\/posts\/3478\/revisions"}],"wp:featuredmedia":[{"embeddable":true,"href":"https:\/\/enlisantfestival.com\/fr\/wp-json\/wp\/v2\/media\/3479"}],"wp:attachment":[{"href":"https:\/\/enlisantfestival.com\/fr\/wp-json\/wp\/v2\/media?parent=3478"}],"wp:term":[{"taxonomy":"category","embeddable":true,"href":"https:\/\/enlisantfestival.com\/fr\/wp-json\/wp\/v2\/categories?post=3478"},{"taxonomy":"post_tag","embeddable":true,"href":"https:\/\/enlisantfestival.com\/fr\/wp-json\/wp\/v2\/tags?post=3478"}],"curies":[{"name":"wp","href":"https:\/\/api.w.org\/{rel}","templated":true}]}}