{"id":3482,"date":"2020-09-10T00:54:39","date_gmt":"2020-09-09T22:54:39","guid":{"rendered":"https:\/\/enlisantfestival.com\/fr\/?p=3482"},"modified":"2020-09-10T00:57:38","modified_gmt":"2020-09-09T22:57:38","slug":"icihaiti-culture-3eme-edition-du-festival-de-theatre-en-lisant","status":"publish","type":"post","link":"https:\/\/enlisantfestival.com\/fr\/icihaiti-culture-3eme-edition-du-festival-de-theatre-en-lisant\/","title":{"rendered":"iciHa\u00efti &#8211; Culture : 3\u00e8me \u00c9dition du Festival de Th\u00e9\u00e2tre en lisant"},"content":{"rendered":"\t\t<div data-elementor-type=\"wp-post\" data-elementor-id=\"3482\" class=\"elementor elementor-3482\" data-elementor-settings=\"{&quot;ha_cmc_init_switcher&quot;:&quot;no&quot;}\">\n\t\t\t\t\t\t<section class=\"elementor-section elementor-top-section elementor-element elementor-element-4ea10ac elementor-section-boxed elementor-section-height-default elementor-section-height-default\" data-id=\"4ea10ac\" data-element_type=\"section\" data-e-type=\"section\" data-settings=\"{&quot;_ha_eqh_enable&quot;:false}\">\n\t\t\t\t\t\t<div class=\"elementor-container elementor-column-gap-default\">\n\t\t\t\t\t<div class=\"elementor-column elementor-col-100 elementor-top-column elementor-element elementor-element-fda14df\" data-id=\"fda14df\" data-element_type=\"column\" data-e-type=\"column\">\n\t\t\t<div class=\"elementor-widget-wrap elementor-element-populated\">\n\t\t\t\t\t\t<div class=\"elementor-element elementor-element-a547a22 elementor-widget elementor-widget-text-editor\" data-id=\"a547a22\" data-element_type=\"widget\" data-e-type=\"widget\" data-widget_type=\"text-editor.default\">\n\t\t\t\t<div class=\"elementor-widget-container\">\n\t\t\t\t\t\t\t\t\t<p>La Brigade d\u2019Intervention Th\u00e9\u00e2trale (BIT-Ha\u00efti) pr\u00e9sente du 27 juin au 7 juillet 2018 la 3e \u00e9dition du Festival de Th\u00e9\u00e2tre En lisant, autour du th\u00e8me \u00ab Jean-Ren\u00e9 Lemoine entre mythe et d\u00e9chirure \u00bb. \u00c0 cette occasion, les sc\u00e8nes de la FOKAL et de l\u2019Institut Fran\u00e7ais en Ha\u00efti (IFH) proposeront, entre autres : mises en sc\u00e8ne, spectacles, lectures-spectacles, conf\u00e9rences-d\u00e9bats, causeries, rencontres, expositions, projections&#8230; Lire la suite sur ICI Haiti<a href=\"https:\/\/www.icihaiti.com\/article-24805-icihaiti-culture-3eme-edition-du-festival-de-theatre-en-lisant.html\" target=\"_blank\" rel=\"noopener\">https:\/\/www.icihaiti.com\/article-24805-icihaiti-culture-3eme-edition-du-festival-de-theatre-en-lisant.html<\/a><\/p>\t\t\t\t\t\t\t\t<\/div>\n\t\t\t\t<\/div>\n\t\t\t\t\t<\/div>\n\t\t<\/div>\n\t\t\t\t\t<\/div>\n\t\t<\/section>\n\t\t\t\t<\/div>\n\t\t","protected":false},"excerpt":{"rendered":"<p>La Brigade d\u2019Intervention Th\u00e9\u00e2trale (BIT-Ha\u00efti) pr\u00e9sente du 27 juin au 7 juillet 2018 la 3e \u00e9dition du Festival de Th\u00e9\u00e2tre En lisant, autour du th\u00e8me \u00ab Jean-Ren\u00e9 Lemoine entre mythe [&hellip;]<\/p>\n","protected":false},"author":1,"featured_media":3479,"comment_status":"open","ping_status":"open","sticky":false,"template":"","format":"standard","meta":{"_FSMCFIC_featured_image_caption":"","_FSMCFIC_featured_image_nocaption":"","_FSMCFIC_featured_image_hide":"","footnotes":""},"categories":[94],"tags":[],"class_list":["post-3482","post","type-post","status-publish","format-standard","has-post-thumbnail","hentry","category-archives-en-lisant-2018"],"yoast_head":"<!-- This site is optimized with the Yoast SEO plugin v27.0 - https:\/\/yoast.com\/product\/yoast-seo-wordpress\/ -->\n<title>iciHa\u00efti - Culture : 3\u00e8me \u00c9dition du Festival de Th\u00e9\u00e2tre en lisant - En Lisant festival de th\u00e9\u00e2tre<\/title>\n<meta name=\"robots\" content=\"index, follow, max-snippet:-1, max-image-preview:large, max-video-preview:-1\" \/>\n<link rel=\"canonical\" href=\"https:\/\/enlisantfestival.com\/fr\/icihaiti-culture-3eme-edition-du-festival-de-theatre-en-lisant\/\" \/>\n<meta property=\"og:locale\" content=\"fr_FR\" \/>\n<meta property=\"og:type\" content=\"article\" \/>\n<meta property=\"og:title\" content=\"iciHa\u00efti - Culture : 3\u00e8me \u00c9dition du Festival de Th\u00e9\u00e2tre en lisant - En Lisant festival de th\u00e9\u00e2tre\" \/>\n<meta property=\"og:description\" content=\"La Brigade d\u2019Intervention Th\u00e9\u00e2trale (BIT-Ha\u00efti) pr\u00e9sente du 27 juin au 7 juillet 2018 la 3e \u00e9dition du Festival de Th\u00e9\u00e2tre En lisant, autour du th\u00e8me \u00ab Jean-Ren\u00e9 Lemoine entre mythe [&hellip;]\" \/>\n<meta property=\"og:url\" content=\"https:\/\/enlisantfestival.com\/fr\/icihaiti-culture-3eme-edition-du-festival-de-theatre-en-lisant\/\" \/>\n<meta property=\"og:site_name\" content=\"En Lisant festival de th\u00e9\u00e2tre\" \/>\n<meta property=\"article:published_time\" content=\"2020-09-09T22:54:39+00:00\" \/>\n<meta property=\"article:modified_time\" content=\"2020-09-09T22:57:38+00:00\" \/>\n<meta property=\"og:image\" content=\"https:\/\/enlisantfestival.com\/fr\/wp-content\/uploads\/2020\/09\/Affiche_generale_festival-page-001_1.jpg\" \/>\n\t<meta property=\"og:image:width\" content=\"975\" \/>\n\t<meta property=\"og:image:height\" content=\"1506\" \/>\n\t<meta property=\"og:image:type\" content=\"image\/jpeg\" \/>\n<meta name=\"author\" content=\"lionel\" \/>\n<meta name=\"twitter:card\" content=\"summary_large_image\" \/>\n<meta name=\"twitter:label1\" content=\"\u00c9crit par\" \/>\n\t<meta name=\"twitter:data1\" content=\"lionel\" \/>\n<script type=\"application\/ld+json\" class=\"yoast-schema-graph\">{\"@context\":\"https:\/\/schema.org\",\"@graph\":[{\"@type\":\"Article\",\"@id\":\"https:\/\/enlisantfestival.com\/fr\/icihaiti-culture-3eme-edition-du-festival-de-theatre-en-lisant\/#article\",\"isPartOf\":{\"@id\":\"https:\/\/enlisantfestival.com\/fr\/icihaiti-culture-3eme-edition-du-festival-de-theatre-en-lisant\/\"},\"author\":{\"name\":\"lionel\",\"@id\":\"https:\/\/enlisantfestival.com\/fr\/#\/schema\/person\/87e9b7267113e8db5ef729658a5440e4\"},\"headline\":\"iciHa\u00efti &#8211; Culture : 3\u00e8me \u00c9dition du Festival de Th\u00e9\u00e2tre en lisant\",\"datePublished\":\"2020-09-09T22:54:39+00:00\",\"dateModified\":\"2020-09-09T22:57:38+00:00\",\"mainEntityOfPage\":{\"@id\":\"https:\/\/enlisantfestival.com\/fr\/icihaiti-culture-3eme-edition-du-festival-de-theatre-en-lisant\/\"},\"wordCount\":95,\"commentCount\":0,\"publisher\":{\"@id\":\"https:\/\/enlisantfestival.com\/fr\/#organization\"},\"image\":{\"@id\":\"https:\/\/enlisantfestival.com\/fr\/icihaiti-culture-3eme-edition-du-festival-de-theatre-en-lisant\/#primaryimage\"},\"thumbnailUrl\":\"https:\/\/enlisantfestival.com\/fr\/wp-content\/uploads\/2020\/09\/Affiche_generale_festival-page-001_1.jpg\",\"articleSection\":[\"Archives en lisant 2018\"],\"inLanguage\":\"fr-FR\",\"potentialAction\":[{\"@type\":\"CommentAction\",\"name\":\"Comment\",\"target\":[\"https:\/\/enlisantfestival.com\/fr\/icihaiti-culture-3eme-edition-du-festival-de-theatre-en-lisant\/#respond\"]}]},{\"@type\":\"WebPage\",\"@id\":\"https:\/\/enlisantfestival.com\/fr\/icihaiti-culture-3eme-edition-du-festival-de-theatre-en-lisant\/\",\"url\":\"https:\/\/enlisantfestival.com\/fr\/icihaiti-culture-3eme-edition-du-festival-de-theatre-en-lisant\/\",\"name\":\"iciHa\u00efti - Culture : 3\u00e8me \u00c9dition du Festival de Th\u00e9\u00e2tre en lisant - En Lisant festival de th\u00e9\u00e2tre\",\"isPartOf\":{\"@id\":\"https:\/\/enlisantfestival.com\/fr\/#website\"},\"primaryImageOfPage\":{\"@id\":\"https:\/\/enlisantfestival.com\/fr\/icihaiti-culture-3eme-edition-du-festival-de-theatre-en-lisant\/#primaryimage\"},\"image\":{\"@id\":\"https:\/\/enlisantfestival.com\/fr\/icihaiti-culture-3eme-edition-du-festival-de-theatre-en-lisant\/#primaryimage\"},\"thumbnailUrl\":\"https:\/\/enlisantfestival.com\/fr\/wp-content\/uploads\/2020\/09\/Affiche_generale_festival-page-001_1.jpg\",\"datePublished\":\"2020-09-09T22:54:39+00:00\",\"dateModified\":\"2020-09-09T22:57:38+00:00\",\"breadcrumb\":{\"@id\":\"https:\/\/enlisantfestival.com\/fr\/icihaiti-culture-3eme-edition-du-festival-de-theatre-en-lisant\/#breadcrumb\"},\"inLanguage\":\"fr-FR\",\"potentialAction\":[{\"@type\":\"ReadAction\",\"target\":[\"https:\/\/enlisantfestival.com\/fr\/icihaiti-culture-3eme-edition-du-festival-de-theatre-en-lisant\/\"]}]},{\"@type\":\"ImageObject\",\"inLanguage\":\"fr-FR\",\"@id\":\"https:\/\/enlisantfestival.com\/fr\/icihaiti-culture-3eme-edition-du-festival-de-theatre-en-lisant\/#primaryimage\",\"url\":\"https:\/\/enlisantfestival.com\/fr\/wp-content\/uploads\/2020\/09\/Affiche_generale_festival-page-001_1.jpg\",\"contentUrl\":\"https:\/\/enlisantfestival.com\/fr\/wp-content\/uploads\/2020\/09\/Affiche_generale_festival-page-001_1.jpg\",\"width\":975,\"height\":1506},{\"@type\":\"BreadcrumbList\",\"@id\":\"https:\/\/enlisantfestival.com\/fr\/icihaiti-culture-3eme-edition-du-festival-de-theatre-en-lisant\/#breadcrumb\",\"itemListElement\":[{\"@type\":\"ListItem\",\"position\":1,\"name\":\"Accueil\",\"item\":\"https:\/\/enlisantfestival.com\/fr\/\"},{\"@type\":\"ListItem\",\"position\":2,\"name\":\"iciHa\u00efti &#8211; Culture : 3\u00e8me \u00c9dition du Festival de Th\u00e9\u00e2tre en lisant\"}]},{\"@type\":\"WebSite\",\"@id\":\"https:\/\/enlisantfestival.com\/fr\/#website\",\"url\":\"https:\/\/enlisantfestival.com\/fr\/\",\"name\":\"En Lisant festival de th\u00e9\u00e2tre\",\"description\":\"\",\"publisher\":{\"@id\":\"https:\/\/enlisantfestival.com\/fr\/#organization\"},\"potentialAction\":[{\"@type\":\"SearchAction\",\"target\":{\"@type\":\"EntryPoint\",\"urlTemplate\":\"https:\/\/enlisantfestival.com\/fr\/?s={search_term_string}\"},\"query-input\":{\"@type\":\"PropertyValueSpecification\",\"valueRequired\":true,\"valueName\":\"search_term_string\"}}],\"inLanguage\":\"fr-FR\"},{\"@type\":\"Organization\",\"@id\":\"https:\/\/enlisantfestival.com\/fr\/#organization\",\"name\":\"En Lisant festival de th\u00e9\u00e2tre\",\"url\":\"https:\/\/enlisantfestival.com\/fr\/\",\"logo\":{\"@type\":\"ImageObject\",\"inLanguage\":\"fr-FR\",\"@id\":\"https:\/\/enlisantfestival.com\/fr\/#\/schema\/logo\/image\/\",\"url\":\"https:\/\/enlisantfestival.com\/fr\/wp-content\/uploads\/2020\/09\/en-lisant-logo.png\",\"contentUrl\":\"https:\/\/enlisantfestival.com\/fr\/wp-content\/uploads\/2020\/09\/en-lisant-logo.png\",\"width\":600,\"height\":343,\"caption\":\"En Lisant festival de th\u00e9\u00e2tre\"},\"image\":{\"@id\":\"https:\/\/enlisantfestival.com\/fr\/#\/schema\/logo\/image\/\"}},{\"@type\":\"Person\",\"@id\":\"https:\/\/enlisantfestival.com\/fr\/#\/schema\/person\/87e9b7267113e8db5ef729658a5440e4\",\"name\":\"lionel\",\"image\":{\"@type\":\"ImageObject\",\"inLanguage\":\"fr-FR\",\"@id\":\"https:\/\/enlisantfestival.com\/fr\/#\/schema\/person\/image\/\",\"url\":\"https:\/\/secure.gravatar.com\/avatar\/0361bef51de40b6b2e5c0d693a6d8f9c483d0ca194576592d0168a26c347ce45?s=96&d=mm&r=g\",\"contentUrl\":\"https:\/\/secure.gravatar.com\/avatar\/0361bef51de40b6b2e5c0d693a6d8f9c483d0ca194576592d0168a26c347ce45?s=96&d=mm&r=g\",\"caption\":\"lionel\"},\"url\":\"https:\/\/enlisantfestival.com\/fr\/author\/lionel\/\"}]}<\/script>\n<!-- \/ Yoast SEO plugin. -->","yoast_head_json":{"title":"iciHa\u00efti - Culture : 3\u00e8me \u00c9dition du Festival de Th\u00e9\u00e2tre en lisant - En Lisant festival de th\u00e9\u00e2tre","robots":{"index":"index","follow":"follow","max-snippet":"max-snippet:-1","max-image-preview":"max-image-preview:large","max-video-preview":"max-video-preview:-1"},"canonical":"https:\/\/enlisantfestival.com\/fr\/icihaiti-culture-3eme-edition-du-festival-de-theatre-en-lisant\/","og_locale":"fr_FR","og_type":"article","og_title":"iciHa\u00efti - Culture : 3\u00e8me \u00c9dition du Festival de Th\u00e9\u00e2tre en lisant - En Lisant festival de th\u00e9\u00e2tre","og_description":"La Brigade d\u2019Intervention Th\u00e9\u00e2trale (BIT-Ha\u00efti) pr\u00e9sente du 27 juin au 7 juillet 2018 la 3e \u00e9dition du Festival de Th\u00e9\u00e2tre En lisant, autour du th\u00e8me \u00ab Jean-Ren\u00e9 Lemoine entre mythe [&hellip;]","og_url":"https:\/\/enlisantfestival.com\/fr\/icihaiti-culture-3eme-edition-du-festival-de-theatre-en-lisant\/","og_site_name":"En Lisant festival de th\u00e9\u00e2tre","article_published_time":"2020-09-09T22:54:39+00:00","article_modified_time":"2020-09-09T22:57:38+00:00","og_image":[{"width":975,"height":1506,"url":"https:\/\/enlisantfestival.com\/fr\/wp-content\/uploads\/2020\/09\/Affiche_generale_festival-page-001_1.jpg","type":"image\/jpeg"}],"author":"lionel","twitter_card":"summary_large_image","twitter_misc":{"\u00c9crit par":"lionel"},"schema":{"@context":"https:\/\/schema.org","@graph":[{"@type":"Article","@id":"https:\/\/enlisantfestival.com\/fr\/icihaiti-culture-3eme-edition-du-festival-de-theatre-en-lisant\/#article","isPartOf":{"@id":"https:\/\/enlisantfestival.com\/fr\/icihaiti-culture-3eme-edition-du-festival-de-theatre-en-lisant\/"},"author":{"name":"lionel","@id":"https:\/\/enlisantfestival.com\/fr\/#\/schema\/person\/87e9b7267113e8db5ef729658a5440e4"},"headline":"iciHa\u00efti &#8211; Culture : 3\u00e8me \u00c9dition du Festival de Th\u00e9\u00e2tre en lisant","datePublished":"2020-09-09T22:54:39+00:00","dateModified":"2020-09-09T22:57:38+00:00","mainEntityOfPage":{"@id":"https:\/\/enlisantfestival.com\/fr\/icihaiti-culture-3eme-edition-du-festival-de-theatre-en-lisant\/"},"wordCount":95,"commentCount":0,"publisher":{"@id":"https:\/\/enlisantfestival.com\/fr\/#organization"},"image":{"@id":"https:\/\/enlisantfestival.com\/fr\/icihaiti-culture-3eme-edition-du-festival-de-theatre-en-lisant\/#primaryimage"},"thumbnailUrl":"https:\/\/enlisantfestival.com\/fr\/wp-content\/uploads\/2020\/09\/Affiche_generale_festival-page-001_1.jpg","articleSection":["Archives en lisant 2018"],"inLanguage":"fr-FR","potentialAction":[{"@type":"CommentAction","name":"Comment","target":["https:\/\/enlisantfestival.com\/fr\/icihaiti-culture-3eme-edition-du-festival-de-theatre-en-lisant\/#respond"]}]},{"@type":"WebPage","@id":"https:\/\/enlisantfestival.com\/fr\/icihaiti-culture-3eme-edition-du-festival-de-theatre-en-lisant\/","url":"https:\/\/enlisantfestival.com\/fr\/icihaiti-culture-3eme-edition-du-festival-de-theatre-en-lisant\/","name":"iciHa\u00efti - Culture : 3\u00e8me \u00c9dition du Festival de Th\u00e9\u00e2tre en lisant - En Lisant festival de th\u00e9\u00e2tre","isPartOf":{"@id":"https:\/\/enlisantfestival.com\/fr\/#website"},"primaryImageOfPage":{"@id":"https:\/\/enlisantfestival.com\/fr\/icihaiti-culture-3eme-edition-du-festival-de-theatre-en-lisant\/#primaryimage"},"image":{"@id":"https:\/\/enlisantfestival.com\/fr\/icihaiti-culture-3eme-edition-du-festival-de-theatre-en-lisant\/#primaryimage"},"thumbnailUrl":"https:\/\/enlisantfestival.com\/fr\/wp-content\/uploads\/2020\/09\/Affiche_generale_festival-page-001_1.jpg","datePublished":"2020-09-09T22:54:39+00:00","dateModified":"2020-09-09T22:57:38+00:00","breadcrumb":{"@id":"https:\/\/enlisantfestival.com\/fr\/icihaiti-culture-3eme-edition-du-festival-de-theatre-en-lisant\/#breadcrumb"},"inLanguage":"fr-FR","potentialAction":[{"@type":"ReadAction","target":["https:\/\/enlisantfestival.com\/fr\/icihaiti-culture-3eme-edition-du-festival-de-theatre-en-lisant\/"]}]},{"@type":"ImageObject","inLanguage":"fr-FR","@id":"https:\/\/enlisantfestival.com\/fr\/icihaiti-culture-3eme-edition-du-festival-de-theatre-en-lisant\/#primaryimage","url":"https:\/\/enlisantfestival.com\/fr\/wp-content\/uploads\/2020\/09\/Affiche_generale_festival-page-001_1.jpg","contentUrl":"https:\/\/enlisantfestival.com\/fr\/wp-content\/uploads\/2020\/09\/Affiche_generale_festival-page-001_1.jpg","width":975,"height":1506},{"@type":"BreadcrumbList","@id":"https:\/\/enlisantfestival.com\/fr\/icihaiti-culture-3eme-edition-du-festival-de-theatre-en-lisant\/#breadcrumb","itemListElement":[{"@type":"ListItem","position":1,"name":"Accueil","item":"https:\/\/enlisantfestival.com\/fr\/"},{"@type":"ListItem","position":2,"name":"iciHa\u00efti &#8211; Culture : 3\u00e8me \u00c9dition du Festival de Th\u00e9\u00e2tre en lisant"}]},{"@type":"WebSite","@id":"https:\/\/enlisantfestival.com\/fr\/#website","url":"https:\/\/enlisantfestival.com\/fr\/","name":"En Lisant festival de th\u00e9\u00e2tre","description":"","publisher":{"@id":"https:\/\/enlisantfestival.com\/fr\/#organization"},"potentialAction":[{"@type":"SearchAction","target":{"@type":"EntryPoint","urlTemplate":"https:\/\/enlisantfestival.com\/fr\/?s={search_term_string}"},"query-input":{"@type":"PropertyValueSpecification","valueRequired":true,"valueName":"search_term_string"}}],"inLanguage":"fr-FR"},{"@type":"Organization","@id":"https:\/\/enlisantfestival.com\/fr\/#organization","name":"En Lisant festival de th\u00e9\u00e2tre","url":"https:\/\/enlisantfestival.com\/fr\/","logo":{"@type":"ImageObject","inLanguage":"fr-FR","@id":"https:\/\/enlisantfestival.com\/fr\/#\/schema\/logo\/image\/","url":"https:\/\/enlisantfestival.com\/fr\/wp-content\/uploads\/2020\/09\/en-lisant-logo.png","contentUrl":"https:\/\/enlisantfestival.com\/fr\/wp-content\/uploads\/2020\/09\/en-lisant-logo.png","width":600,"height":343,"caption":"En Lisant festival de th\u00e9\u00e2tre"},"image":{"@id":"https:\/\/enlisantfestival.com\/fr\/#\/schema\/logo\/image\/"}},{"@type":"Person","@id":"https:\/\/enlisantfestival.com\/fr\/#\/schema\/person\/87e9b7267113e8db5ef729658a5440e4","name":"lionel","image":{"@type":"ImageObject","inLanguage":"fr-FR","@id":"https:\/\/enlisantfestival.com\/fr\/#\/schema\/person\/image\/","url":"https:\/\/secure.gravatar.com\/avatar\/0361bef51de40b6b2e5c0d693a6d8f9c483d0ca194576592d0168a26c347ce45?s=96&d=mm&r=g","contentUrl":"https:\/\/secure.gravatar.com\/avatar\/0361bef51de40b6b2e5c0d693a6d8f9c483d0ca194576592d0168a26c347ce45?s=96&d=mm&r=g","caption":"lionel"},"url":"https:\/\/enlisantfestival.com\/fr\/author\/lionel\/"}]}},"_links":{"self":[{"href":"https:\/\/enlisantfestival.com\/fr\/wp-json\/wp\/v2\/posts\/3482","targetHints":{"allow":["GET"]}}],"collection":[{"href":"https:\/\/enlisantfestival.com\/fr\/wp-json\/wp\/v2\/posts"}],"about":[{"href":"https:\/\/enlisantfestival.com\/fr\/wp-json\/wp\/v2\/types\/post"}],"author":[{"embeddable":true,"href":"https:\/\/enlisantfestival.com\/fr\/wp-json\/wp\/v2\/users\/1"}],"replies":[{"embeddable":true,"href":"https:\/\/enlisantfestival.com\/fr\/wp-json\/wp\/v2\/comments?post=3482"}],"version-history":[{"count":0,"href":"https:\/\/enlisantfestival.com\/fr\/wp-json\/wp\/v2\/posts\/3482\/revisions"}],"wp:featuredmedia":[{"embeddable":true,"href":"https:\/\/enlisantfestival.com\/fr\/wp-json\/wp\/v2\/media\/3479"}],"wp:attachment":[{"href":"https:\/\/enlisantfestival.com\/fr\/wp-json\/wp\/v2\/media?parent=3482"}],"wp:term":[{"taxonomy":"category","embeddable":true,"href":"https:\/\/enlisantfestival.com\/fr\/wp-json\/wp\/v2\/categories?post=3482"},{"taxonomy":"post_tag","embeddable":true,"href":"https:\/\/enlisantfestival.com\/fr\/wp-json\/wp\/v2\/tags?post=3482"}],"curies":[{"name":"wp","href":"https:\/\/api.w.org\/{rel}","templated":true}]}}