{"id":3490,"date":"2020-09-10T01:10:43","date_gmt":"2020-09-09T23:10:43","guid":{"rendered":"https:\/\/enlisantfestival.com\/fr\/?p=3490"},"modified":"2020-09-10T01:11:43","modified_gmt":"2020-09-09T23:11:43","slug":"des-interpretes-et-des-oeuvres-feminines-en-vedette-au-festival-en-lisant","status":"publish","type":"post","link":"https:\/\/enlisantfestival.com\/fr\/des-interpretes-et-des-oeuvres-feminines-en-vedette-au-festival-en-lisant\/","title":{"rendered":"Des interpr\u00e8tes et des \u0153uvres f\u00e9minines en vedette au Festival En Lisant!"},"content":{"rendered":"\t\t<div data-elementor-type=\"wp-post\" data-elementor-id=\"3490\" class=\"elementor elementor-3490\" data-elementor-settings=\"{&quot;ha_cmc_init_switcher&quot;:&quot;no&quot;}\">\n\t\t\t\t\t\t<section class=\"elementor-section elementor-top-section elementor-element elementor-element-fcff535 elementor-section-boxed elementor-section-height-default elementor-section-height-default\" data-id=\"fcff535\" data-element_type=\"section\" data-e-type=\"section\" data-settings=\"{&quot;_ha_eqh_enable&quot;:false}\">\n\t\t\t\t\t\t<div class=\"elementor-container elementor-column-gap-default\">\n\t\t\t\t\t<div class=\"elementor-column elementor-col-100 elementor-top-column elementor-element elementor-element-3aac063\" data-id=\"3aac063\" data-element_type=\"column\" data-e-type=\"column\">\n\t\t\t<div class=\"elementor-widget-wrap elementor-element-populated\">\n\t\t\t\t\t\t<div class=\"elementor-element elementor-element-aac2dcd elementor-widget elementor-widget-text-editor\" data-id=\"aac2dcd\" data-element_type=\"widget\" data-e-type=\"widget\" data-widget_type=\"text-editor.default\">\n\t\t\t\t<div class=\"elementor-widget-container\">\n\t\t\t\t\t\t\t\t\t<p>e\u00a0 festival de dramaturgie contemporaine : En Lisant met le cap sur son 4\u00e8me rendez-vous annuel ! Pr\u00e9vu du 8 au 17 juillet 2019 et ayant pour th\u00e8me : \u00ab Du b\u00e2illonnement de la parole \u00e0 l\u2019extinction de la parole b\u00e2illonn\u00e9e \u00bb, il repr\u00e9sente aux dires des responsables un pari, car le contexte socio-politique concentre les attentions sur des enjeux nationaux de taille. Malgr\u00e9 ce pari difficile, le festival se distingue des\u00a0 \u00e9ditions pr\u00e9c\u00e9dentes en proposant une nouveaut\u00e9\u00a0 au symbolisme progressiste cette ann\u00e9e: des interpr\u00e8tes et \u0153uvres f\u00e9minines seront \u00e0 l\u2019honneur ! <a href=\"https:\/\/muselles.org\/des-interpretes-et-oeuvres-feminines-en-vedette-au-festival-en-lisant\/\" target=\"_blank\" rel=\"noopener\">Lire la suite sur Muselles<\/a><\/p>\t\t\t\t\t\t\t\t<\/div>\n\t\t\t\t<\/div>\n\t\t\t\t\t<\/div>\n\t\t<\/div>\n\t\t\t\t\t<\/div>\n\t\t<\/section>\n\t\t\t\t<\/div>\n\t\t","protected":false},"excerpt":{"rendered":"<p>e\u00a0 festival de dramaturgie contemporaine : En Lisant met le cap sur son 4\u00e8me rendez-vous annuel ! Pr\u00e9vu du 8 au 17 juillet 2019 et ayant pour th\u00e8me : \u00ab [&hellip;]<\/p>\n","protected":false},"author":1,"featured_media":3491,"comment_status":"open","ping_status":"open","sticky":false,"template":"","format":"standard","meta":{"_FSMCFIC_featured_image_caption":"","_FSMCFIC_featured_image_nocaption":"","_FSMCFIC_featured_image_hide":"","footnotes":""},"categories":[95],"tags":[],"class_list":["post-3490","post","type-post","status-publish","format-standard","has-post-thumbnail","hentry","category-archives-en-lisant-2019"],"yoast_head":"<!-- This site is optimized with the Yoast SEO plugin v27.0 - https:\/\/yoast.com\/product\/yoast-seo-wordpress\/ -->\n<title>Des interpr\u00e8tes et des \u0153uvres f\u00e9minines en vedette au Festival En Lisant! - En Lisant festival de th\u00e9\u00e2tre<\/title>\n<meta name=\"robots\" content=\"index, follow, max-snippet:-1, max-image-preview:large, max-video-preview:-1\" \/>\n<link rel=\"canonical\" href=\"https:\/\/enlisantfestival.com\/fr\/des-interpretes-et-des-oeuvres-feminines-en-vedette-au-festival-en-lisant\/\" \/>\n<meta property=\"og:locale\" content=\"fr_FR\" \/>\n<meta property=\"og:type\" content=\"article\" \/>\n<meta property=\"og:title\" content=\"Des interpr\u00e8tes et des \u0153uvres f\u00e9minines en vedette au Festival En Lisant! - En Lisant festival de th\u00e9\u00e2tre\" \/>\n<meta property=\"og:description\" content=\"e\u00a0 festival de dramaturgie contemporaine : En Lisant met le cap sur son 4\u00e8me rendez-vous annuel ! Pr\u00e9vu du 8 au 17 juillet 2019 et ayant pour th\u00e8me : \u00ab [&hellip;]\" \/>\n<meta property=\"og:url\" content=\"https:\/\/enlisantfestival.com\/fr\/des-interpretes-et-des-oeuvres-feminines-en-vedette-au-festival-en-lisant\/\" \/>\n<meta property=\"og:site_name\" content=\"En Lisant festival de th\u00e9\u00e2tre\" \/>\n<meta property=\"article:published_time\" content=\"2020-09-09T23:10:43+00:00\" \/>\n<meta property=\"article:modified_time\" content=\"2020-09-09T23:11:43+00:00\" \/>\n<meta property=\"og:image\" content=\"https:\/\/enlisantfestival.com\/fr\/wp-content\/uploads\/2020\/09\/lecturefanm-768x512-1.jpg\" \/>\n\t<meta property=\"og:image:width\" content=\"768\" \/>\n\t<meta property=\"og:image:height\" content=\"512\" \/>\n\t<meta property=\"og:image:type\" content=\"image\/jpeg\" \/>\n<meta name=\"author\" content=\"lionel\" \/>\n<meta name=\"twitter:card\" content=\"summary_large_image\" \/>\n<meta name=\"twitter:label1\" content=\"\u00c9crit par\" \/>\n\t<meta name=\"twitter:data1\" content=\"lionel\" \/>\n<script type=\"application\/ld+json\" class=\"yoast-schema-graph\">{\"@context\":\"https:\/\/schema.org\",\"@graph\":[{\"@type\":\"Article\",\"@id\":\"https:\/\/enlisantfestival.com\/fr\/des-interpretes-et-des-oeuvres-feminines-en-vedette-au-festival-en-lisant\/#article\",\"isPartOf\":{\"@id\":\"https:\/\/enlisantfestival.com\/fr\/des-interpretes-et-des-oeuvres-feminines-en-vedette-au-festival-en-lisant\/\"},\"author\":{\"name\":\"lionel\",\"@id\":\"https:\/\/enlisantfestival.com\/fr\/#\/schema\/person\/87e9b7267113e8db5ef729658a5440e4\"},\"headline\":\"Des interpr\u00e8tes et des \u0153uvres f\u00e9minines en vedette au Festival En Lisant!\",\"datePublished\":\"2020-09-09T23:10:43+00:00\",\"dateModified\":\"2020-09-09T23:11:43+00:00\",\"mainEntityOfPage\":{\"@id\":\"https:\/\/enlisantfestival.com\/fr\/des-interpretes-et-des-oeuvres-feminines-en-vedette-au-festival-en-lisant\/\"},\"wordCount\":113,\"commentCount\":0,\"publisher\":{\"@id\":\"https:\/\/enlisantfestival.com\/fr\/#organization\"},\"image\":{\"@id\":\"https:\/\/enlisantfestival.com\/fr\/des-interpretes-et-des-oeuvres-feminines-en-vedette-au-festival-en-lisant\/#primaryimage\"},\"thumbnailUrl\":\"https:\/\/enlisantfestival.com\/fr\/wp-content\/uploads\/2020\/09\/lecturefanm-768x512-1.jpg\",\"articleSection\":[\"Archives en lisant 2019\"],\"inLanguage\":\"fr-FR\",\"potentialAction\":[{\"@type\":\"CommentAction\",\"name\":\"Comment\",\"target\":[\"https:\/\/enlisantfestival.com\/fr\/des-interpretes-et-des-oeuvres-feminines-en-vedette-au-festival-en-lisant\/#respond\"]}]},{\"@type\":\"WebPage\",\"@id\":\"https:\/\/enlisantfestival.com\/fr\/des-interpretes-et-des-oeuvres-feminines-en-vedette-au-festival-en-lisant\/\",\"url\":\"https:\/\/enlisantfestival.com\/fr\/des-interpretes-et-des-oeuvres-feminines-en-vedette-au-festival-en-lisant\/\",\"name\":\"Des interpr\u00e8tes et des \u0153uvres f\u00e9minines en vedette au Festival En Lisant! - En Lisant festival de th\u00e9\u00e2tre\",\"isPartOf\":{\"@id\":\"https:\/\/enlisantfestival.com\/fr\/#website\"},\"primaryImageOfPage\":{\"@id\":\"https:\/\/enlisantfestival.com\/fr\/des-interpretes-et-des-oeuvres-feminines-en-vedette-au-festival-en-lisant\/#primaryimage\"},\"image\":{\"@id\":\"https:\/\/enlisantfestival.com\/fr\/des-interpretes-et-des-oeuvres-feminines-en-vedette-au-festival-en-lisant\/#primaryimage\"},\"thumbnailUrl\":\"https:\/\/enlisantfestival.com\/fr\/wp-content\/uploads\/2020\/09\/lecturefanm-768x512-1.jpg\",\"datePublished\":\"2020-09-09T23:10:43+00:00\",\"dateModified\":\"2020-09-09T23:11:43+00:00\",\"breadcrumb\":{\"@id\":\"https:\/\/enlisantfestival.com\/fr\/des-interpretes-et-des-oeuvres-feminines-en-vedette-au-festival-en-lisant\/#breadcrumb\"},\"inLanguage\":\"fr-FR\",\"potentialAction\":[{\"@type\":\"ReadAction\",\"target\":[\"https:\/\/enlisantfestival.com\/fr\/des-interpretes-et-des-oeuvres-feminines-en-vedette-au-festival-en-lisant\/\"]}]},{\"@type\":\"ImageObject\",\"inLanguage\":\"fr-FR\",\"@id\":\"https:\/\/enlisantfestival.com\/fr\/des-interpretes-et-des-oeuvres-feminines-en-vedette-au-festival-en-lisant\/#primaryimage\",\"url\":\"https:\/\/enlisantfestival.com\/fr\/wp-content\/uploads\/2020\/09\/lecturefanm-768x512-1.jpg\",\"contentUrl\":\"https:\/\/enlisantfestival.com\/fr\/wp-content\/uploads\/2020\/09\/lecturefanm-768x512-1.jpg\",\"width\":768,\"height\":512},{\"@type\":\"BreadcrumbList\",\"@id\":\"https:\/\/enlisantfestival.com\/fr\/des-interpretes-et-des-oeuvres-feminines-en-vedette-au-festival-en-lisant\/#breadcrumb\",\"itemListElement\":[{\"@type\":\"ListItem\",\"position\":1,\"name\":\"Accueil\",\"item\":\"https:\/\/enlisantfestival.com\/fr\/\"},{\"@type\":\"ListItem\",\"position\":2,\"name\":\"Des interpr\u00e8tes et des \u0153uvres f\u00e9minines en vedette au Festival En Lisant!\"}]},{\"@type\":\"WebSite\",\"@id\":\"https:\/\/enlisantfestival.com\/fr\/#website\",\"url\":\"https:\/\/enlisantfestival.com\/fr\/\",\"name\":\"En Lisant festival de th\u00e9\u00e2tre\",\"description\":\"\",\"publisher\":{\"@id\":\"https:\/\/enlisantfestival.com\/fr\/#organization\"},\"potentialAction\":[{\"@type\":\"SearchAction\",\"target\":{\"@type\":\"EntryPoint\",\"urlTemplate\":\"https:\/\/enlisantfestival.com\/fr\/?s={search_term_string}\"},\"query-input\":{\"@type\":\"PropertyValueSpecification\",\"valueRequired\":true,\"valueName\":\"search_term_string\"}}],\"inLanguage\":\"fr-FR\"},{\"@type\":\"Organization\",\"@id\":\"https:\/\/enlisantfestival.com\/fr\/#organization\",\"name\":\"En Lisant festival de th\u00e9\u00e2tre\",\"url\":\"https:\/\/enlisantfestival.com\/fr\/\",\"logo\":{\"@type\":\"ImageObject\",\"inLanguage\":\"fr-FR\",\"@id\":\"https:\/\/enlisantfestival.com\/fr\/#\/schema\/logo\/image\/\",\"url\":\"https:\/\/enlisantfestival.com\/fr\/wp-content\/uploads\/2020\/09\/en-lisant-logo.png\",\"contentUrl\":\"https:\/\/enlisantfestival.com\/fr\/wp-content\/uploads\/2020\/09\/en-lisant-logo.png\",\"width\":600,\"height\":343,\"caption\":\"En Lisant festival de th\u00e9\u00e2tre\"},\"image\":{\"@id\":\"https:\/\/enlisantfestival.com\/fr\/#\/schema\/logo\/image\/\"}},{\"@type\":\"Person\",\"@id\":\"https:\/\/enlisantfestival.com\/fr\/#\/schema\/person\/87e9b7267113e8db5ef729658a5440e4\",\"name\":\"lionel\",\"image\":{\"@type\":\"ImageObject\",\"inLanguage\":\"fr-FR\",\"@id\":\"https:\/\/enlisantfestival.com\/fr\/#\/schema\/person\/image\/\",\"url\":\"https:\/\/secure.gravatar.com\/avatar\/0361bef51de40b6b2e5c0d693a6d8f9c483d0ca194576592d0168a26c347ce45?s=96&d=mm&r=g\",\"contentUrl\":\"https:\/\/secure.gravatar.com\/avatar\/0361bef51de40b6b2e5c0d693a6d8f9c483d0ca194576592d0168a26c347ce45?s=96&d=mm&r=g\",\"caption\":\"lionel\"},\"url\":\"https:\/\/enlisantfestival.com\/fr\/author\/lionel\/\"}]}<\/script>\n<!-- \/ Yoast SEO plugin. -->","yoast_head_json":{"title":"Des interpr\u00e8tes et des \u0153uvres f\u00e9minines en vedette au Festival En Lisant! - En Lisant festival de th\u00e9\u00e2tre","robots":{"index":"index","follow":"follow","max-snippet":"max-snippet:-1","max-image-preview":"max-image-preview:large","max-video-preview":"max-video-preview:-1"},"canonical":"https:\/\/enlisantfestival.com\/fr\/des-interpretes-et-des-oeuvres-feminines-en-vedette-au-festival-en-lisant\/","og_locale":"fr_FR","og_type":"article","og_title":"Des interpr\u00e8tes et des \u0153uvres f\u00e9minines en vedette au Festival En Lisant! - En Lisant festival de th\u00e9\u00e2tre","og_description":"e\u00a0 festival de dramaturgie contemporaine : En Lisant met le cap sur son 4\u00e8me rendez-vous annuel ! Pr\u00e9vu du 8 au 17 juillet 2019 et ayant pour th\u00e8me : \u00ab [&hellip;]","og_url":"https:\/\/enlisantfestival.com\/fr\/des-interpretes-et-des-oeuvres-feminines-en-vedette-au-festival-en-lisant\/","og_site_name":"En Lisant festival de th\u00e9\u00e2tre","article_published_time":"2020-09-09T23:10:43+00:00","article_modified_time":"2020-09-09T23:11:43+00:00","og_image":[{"width":768,"height":512,"url":"https:\/\/enlisantfestival.com\/fr\/wp-content\/uploads\/2020\/09\/lecturefanm-768x512-1.jpg","type":"image\/jpeg"}],"author":"lionel","twitter_card":"summary_large_image","twitter_misc":{"\u00c9crit par":"lionel"},"schema":{"@context":"https:\/\/schema.org","@graph":[{"@type":"Article","@id":"https:\/\/enlisantfestival.com\/fr\/des-interpretes-et-des-oeuvres-feminines-en-vedette-au-festival-en-lisant\/#article","isPartOf":{"@id":"https:\/\/enlisantfestival.com\/fr\/des-interpretes-et-des-oeuvres-feminines-en-vedette-au-festival-en-lisant\/"},"author":{"name":"lionel","@id":"https:\/\/enlisantfestival.com\/fr\/#\/schema\/person\/87e9b7267113e8db5ef729658a5440e4"},"headline":"Des interpr\u00e8tes et des \u0153uvres f\u00e9minines en vedette au Festival En Lisant!","datePublished":"2020-09-09T23:10:43+00:00","dateModified":"2020-09-09T23:11:43+00:00","mainEntityOfPage":{"@id":"https:\/\/enlisantfestival.com\/fr\/des-interpretes-et-des-oeuvres-feminines-en-vedette-au-festival-en-lisant\/"},"wordCount":113,"commentCount":0,"publisher":{"@id":"https:\/\/enlisantfestival.com\/fr\/#organization"},"image":{"@id":"https:\/\/enlisantfestival.com\/fr\/des-interpretes-et-des-oeuvres-feminines-en-vedette-au-festival-en-lisant\/#primaryimage"},"thumbnailUrl":"https:\/\/enlisantfestival.com\/fr\/wp-content\/uploads\/2020\/09\/lecturefanm-768x512-1.jpg","articleSection":["Archives en lisant 2019"],"inLanguage":"fr-FR","potentialAction":[{"@type":"CommentAction","name":"Comment","target":["https:\/\/enlisantfestival.com\/fr\/des-interpretes-et-des-oeuvres-feminines-en-vedette-au-festival-en-lisant\/#respond"]}]},{"@type":"WebPage","@id":"https:\/\/enlisantfestival.com\/fr\/des-interpretes-et-des-oeuvres-feminines-en-vedette-au-festival-en-lisant\/","url":"https:\/\/enlisantfestival.com\/fr\/des-interpretes-et-des-oeuvres-feminines-en-vedette-au-festival-en-lisant\/","name":"Des interpr\u00e8tes et des \u0153uvres f\u00e9minines en vedette au Festival En Lisant! - En Lisant festival de th\u00e9\u00e2tre","isPartOf":{"@id":"https:\/\/enlisantfestival.com\/fr\/#website"},"primaryImageOfPage":{"@id":"https:\/\/enlisantfestival.com\/fr\/des-interpretes-et-des-oeuvres-feminines-en-vedette-au-festival-en-lisant\/#primaryimage"},"image":{"@id":"https:\/\/enlisantfestival.com\/fr\/des-interpretes-et-des-oeuvres-feminines-en-vedette-au-festival-en-lisant\/#primaryimage"},"thumbnailUrl":"https:\/\/enlisantfestival.com\/fr\/wp-content\/uploads\/2020\/09\/lecturefanm-768x512-1.jpg","datePublished":"2020-09-09T23:10:43+00:00","dateModified":"2020-09-09T23:11:43+00:00","breadcrumb":{"@id":"https:\/\/enlisantfestival.com\/fr\/des-interpretes-et-des-oeuvres-feminines-en-vedette-au-festival-en-lisant\/#breadcrumb"},"inLanguage":"fr-FR","potentialAction":[{"@type":"ReadAction","target":["https:\/\/enlisantfestival.com\/fr\/des-interpretes-et-des-oeuvres-feminines-en-vedette-au-festival-en-lisant\/"]}]},{"@type":"ImageObject","inLanguage":"fr-FR","@id":"https:\/\/enlisantfestival.com\/fr\/des-interpretes-et-des-oeuvres-feminines-en-vedette-au-festival-en-lisant\/#primaryimage","url":"https:\/\/enlisantfestival.com\/fr\/wp-content\/uploads\/2020\/09\/lecturefanm-768x512-1.jpg","contentUrl":"https:\/\/enlisantfestival.com\/fr\/wp-content\/uploads\/2020\/09\/lecturefanm-768x512-1.jpg","width":768,"height":512},{"@type":"BreadcrumbList","@id":"https:\/\/enlisantfestival.com\/fr\/des-interpretes-et-des-oeuvres-feminines-en-vedette-au-festival-en-lisant\/#breadcrumb","itemListElement":[{"@type":"ListItem","position":1,"name":"Accueil","item":"https:\/\/enlisantfestival.com\/fr\/"},{"@type":"ListItem","position":2,"name":"Des interpr\u00e8tes et des \u0153uvres f\u00e9minines en vedette au Festival En Lisant!"}]},{"@type":"WebSite","@id":"https:\/\/enlisantfestival.com\/fr\/#website","url":"https:\/\/enlisantfestival.com\/fr\/","name":"En Lisant festival de th\u00e9\u00e2tre","description":"","publisher":{"@id":"https:\/\/enlisantfestival.com\/fr\/#organization"},"potentialAction":[{"@type":"SearchAction","target":{"@type":"EntryPoint","urlTemplate":"https:\/\/enlisantfestival.com\/fr\/?s={search_term_string}"},"query-input":{"@type":"PropertyValueSpecification","valueRequired":true,"valueName":"search_term_string"}}],"inLanguage":"fr-FR"},{"@type":"Organization","@id":"https:\/\/enlisantfestival.com\/fr\/#organization","name":"En Lisant festival de th\u00e9\u00e2tre","url":"https:\/\/enlisantfestival.com\/fr\/","logo":{"@type":"ImageObject","inLanguage":"fr-FR","@id":"https:\/\/enlisantfestival.com\/fr\/#\/schema\/logo\/image\/","url":"https:\/\/enlisantfestival.com\/fr\/wp-content\/uploads\/2020\/09\/en-lisant-logo.png","contentUrl":"https:\/\/enlisantfestival.com\/fr\/wp-content\/uploads\/2020\/09\/en-lisant-logo.png","width":600,"height":343,"caption":"En Lisant festival de th\u00e9\u00e2tre"},"image":{"@id":"https:\/\/enlisantfestival.com\/fr\/#\/schema\/logo\/image\/"}},{"@type":"Person","@id":"https:\/\/enlisantfestival.com\/fr\/#\/schema\/person\/87e9b7267113e8db5ef729658a5440e4","name":"lionel","image":{"@type":"ImageObject","inLanguage":"fr-FR","@id":"https:\/\/enlisantfestival.com\/fr\/#\/schema\/person\/image\/","url":"https:\/\/secure.gravatar.com\/avatar\/0361bef51de40b6b2e5c0d693a6d8f9c483d0ca194576592d0168a26c347ce45?s=96&d=mm&r=g","contentUrl":"https:\/\/secure.gravatar.com\/avatar\/0361bef51de40b6b2e5c0d693a6d8f9c483d0ca194576592d0168a26c347ce45?s=96&d=mm&r=g","caption":"lionel"},"url":"https:\/\/enlisantfestival.com\/fr\/author\/lionel\/"}]}},"_links":{"self":[{"href":"https:\/\/enlisantfestival.com\/fr\/wp-json\/wp\/v2\/posts\/3490","targetHints":{"allow":["GET"]}}],"collection":[{"href":"https:\/\/enlisantfestival.com\/fr\/wp-json\/wp\/v2\/posts"}],"about":[{"href":"https:\/\/enlisantfestival.com\/fr\/wp-json\/wp\/v2\/types\/post"}],"author":[{"embeddable":true,"href":"https:\/\/enlisantfestival.com\/fr\/wp-json\/wp\/v2\/users\/1"}],"replies":[{"embeddable":true,"href":"https:\/\/enlisantfestival.com\/fr\/wp-json\/wp\/v2\/comments?post=3490"}],"version-history":[{"count":0,"href":"https:\/\/enlisantfestival.com\/fr\/wp-json\/wp\/v2\/posts\/3490\/revisions"}],"wp:featuredmedia":[{"embeddable":true,"href":"https:\/\/enlisantfestival.com\/fr\/wp-json\/wp\/v2\/media\/3491"}],"wp:attachment":[{"href":"https:\/\/enlisantfestival.com\/fr\/wp-json\/wp\/v2\/media?parent=3490"}],"wp:term":[{"taxonomy":"category","embeddable":true,"href":"https:\/\/enlisantfestival.com\/fr\/wp-json\/wp\/v2\/categories?post=3490"},{"taxonomy":"post_tag","embeddable":true,"href":"https:\/\/enlisantfestival.com\/fr\/wp-json\/wp\/v2\/tags?post=3490"}],"curies":[{"name":"wp","href":"https:\/\/api.w.org\/{rel}","templated":true}]}}