{"id":3495,"date":"2020-09-10T01:14:33","date_gmt":"2020-09-09T23:14:33","guid":{"rendered":"https:\/\/enlisantfestival.com\/fr\/?p=3495"},"modified":"2020-09-10T01:15:51","modified_gmt":"2020-09-09T23:15:51","slug":"de-michele-lemoine-a-sachernka-anacassis-en-lisant-pour-un-dialogue-intergenerationnel","status":"publish","type":"post","link":"https:\/\/enlisantfestival.com\/fr\/de-michele-lemoine-a-sachernka-anacassis-en-lisant-pour-un-dialogue-intergenerationnel\/","title":{"rendered":"De Mich\u00e8le Lemoine \u00e0 Sachernka Anacassis : En lisant, pour un dialogue interg\u00e9n\u00e9rationnel."},"content":{"rendered":"\t\t<div data-elementor-type=\"wp-post\" data-elementor-id=\"3495\" class=\"elementor elementor-3495\" data-elementor-settings=\"{&quot;ha_cmc_init_switcher&quot;:&quot;no&quot;}\">\n\t\t\t\t\t\t<section class=\"elementor-section elementor-top-section elementor-element elementor-element-2a8a5c6 elementor-section-boxed elementor-section-height-default elementor-section-height-default\" data-id=\"2a8a5c6\" data-element_type=\"section\" data-e-type=\"section\" data-settings=\"{&quot;_ha_eqh_enable&quot;:false}\">\n\t\t\t\t\t\t<div class=\"elementor-container elementor-column-gap-default\">\n\t\t\t\t\t<div class=\"elementor-column elementor-col-100 elementor-top-column elementor-element elementor-element-ea4e1c4\" data-id=\"ea4e1c4\" data-element_type=\"column\" data-e-type=\"column\">\n\t\t\t<div class=\"elementor-widget-wrap elementor-element-populated\">\n\t\t\t\t\t\t<div class=\"elementor-element elementor-element-4d2c2f1 elementor-widget elementor-widget-text-editor\" data-id=\"4d2c2f1\" data-element_type=\"widget\" data-e-type=\"widget\" data-widget_type=\"text-editor.default\">\n\t\t\t\t<div class=\"elementor-widget-container\">\n\t\t\t\t\t\t\t\t\t<p>Apr\u00e8s les bouleversements sociopolitiques qui ont secou\u00e9 le pays et provoqu\u00e9 le report de plusieurs \u00e9v\u00e8nements culturels, la vie reprend son rythme \u00e0 Port-au-Prince. Depuis le 8 juillet, la quatri\u00e8me \u00e9dition du festival En lisant a \u00e9tabli ses quartiers dans les diff\u00e9rents espaces de communion culturelle. Organis\u00e9e autour du th\u00e8me : Du b\u00e2illonnement de la parole \u00e0 l\u2019extinction de la parole b\u00e2illonn\u00e9e, cette nouvelle \u00e9dition honore le travail de deux com\u00e9diennes en leur accordant une mention sp\u00e9ciale. Allons \u00e0 la rencontre de ces deux femmes qui portent la sc\u00e8ne avec \u00e9l\u00e9gance, comme on porterait une fleur \u00e0 son corsage&#8230; <a href=\"http:\/\/lenational.org\/post_free.php?elif=1_CONTENUE\/culture&amp;rebmun=3874\" target=\"_blank\" rel=\"noopener\">Lire la suite sur Le National<\/a><\/p>\t\t\t\t\t\t\t\t<\/div>\n\t\t\t\t<\/div>\n\t\t\t\t\t<\/div>\n\t\t<\/div>\n\t\t\t\t\t<\/div>\n\t\t<\/section>\n\t\t\t\t<\/div>\n\t\t","protected":false},"excerpt":{"rendered":"<p>Apr\u00e8s les bouleversements sociopolitiques qui ont secou\u00e9 le pays et provoqu\u00e9 le report de plusieurs \u00e9v\u00e8nements culturels, la vie reprend son rythme \u00e0 Port-au-Prince. Depuis le 8 juillet, la quatri\u00e8me [&hellip;]<\/p>\n","protected":false},"author":1,"featured_media":3496,"comment_status":"open","ping_status":"open","sticky":false,"template":"","format":"standard","meta":{"_FSMCFIC_featured_image_caption":"","_FSMCFIC_featured_image_nocaption":"","_FSMCFIC_featured_image_hide":"","footnotes":""},"categories":[95],"tags":[],"class_list":["post-3495","post","type-post","status-publish","format-standard","has-post-thumbnail","hentry","category-archives-en-lisant-2019"],"yoast_head":"<!-- This site is optimized with the Yoast SEO plugin v27.0 - https:\/\/yoast.com\/product\/yoast-seo-wordpress\/ -->\n<title>De Mich\u00e8le Lemoine \u00e0 Sachernka Anacassis : En lisant, pour un dialogue interg\u00e9n\u00e9rationnel. - En Lisant festival de th\u00e9\u00e2tre<\/title>\n<meta name=\"robots\" content=\"index, follow, max-snippet:-1, max-image-preview:large, max-video-preview:-1\" \/>\n<link rel=\"canonical\" href=\"https:\/\/enlisantfestival.com\/fr\/de-michele-lemoine-a-sachernka-anacassis-en-lisant-pour-un-dialogue-intergenerationnel\/\" \/>\n<meta property=\"og:locale\" content=\"fr_FR\" \/>\n<meta property=\"og:type\" content=\"article\" \/>\n<meta property=\"og:title\" content=\"De Mich\u00e8le Lemoine \u00e0 Sachernka Anacassis : En lisant, pour un dialogue interg\u00e9n\u00e9rationnel. - En Lisant festival de th\u00e9\u00e2tre\" \/>\n<meta property=\"og:description\" content=\"Apr\u00e8s les bouleversements sociopolitiques qui ont secou\u00e9 le pays et provoqu\u00e9 le report de plusieurs \u00e9v\u00e8nements culturels, la vie reprend son rythme \u00e0 Port-au-Prince. Depuis le 8 juillet, la quatri\u00e8me [&hellip;]\" \/>\n<meta property=\"og:url\" content=\"https:\/\/enlisantfestival.com\/fr\/de-michele-lemoine-a-sachernka-anacassis-en-lisant-pour-un-dialogue-intergenerationnel\/\" \/>\n<meta property=\"og:site_name\" content=\"En Lisant festival de th\u00e9\u00e2tre\" \/>\n<meta property=\"article:published_time\" content=\"2020-09-09T23:14:33+00:00\" \/>\n<meta property=\"article:modified_time\" content=\"2020-09-09T23:15:51+00:00\" \/>\n<meta property=\"og:image\" content=\"https:\/\/enlisantfestival.com\/fr\/wp-content\/uploads\/2020\/09\/en-lisant-2019.png\" \/>\n\t<meta property=\"og:image:width\" content=\"630\" \/>\n\t<meta property=\"og:image:height\" content=\"390\" \/>\n\t<meta property=\"og:image:type\" content=\"image\/png\" \/>\n<meta name=\"author\" content=\"lionel\" \/>\n<meta name=\"twitter:card\" content=\"summary_large_image\" \/>\n<meta name=\"twitter:label1\" content=\"\u00c9crit par\" \/>\n\t<meta name=\"twitter:data1\" content=\"lionel\" \/>\n\t<meta name=\"twitter:label2\" content=\"Dur\u00e9e de lecture estim\u00e9e\" \/>\n\t<meta name=\"twitter:data2\" content=\"1 minute\" \/>\n<script type=\"application\/ld+json\" class=\"yoast-schema-graph\">{\"@context\":\"https:\/\/schema.org\",\"@graph\":[{\"@type\":\"Article\",\"@id\":\"https:\/\/enlisantfestival.com\/fr\/de-michele-lemoine-a-sachernka-anacassis-en-lisant-pour-un-dialogue-intergenerationnel\/#article\",\"isPartOf\":{\"@id\":\"https:\/\/enlisantfestival.com\/fr\/de-michele-lemoine-a-sachernka-anacassis-en-lisant-pour-un-dialogue-intergenerationnel\/\"},\"author\":{\"name\":\"lionel\",\"@id\":\"https:\/\/enlisantfestival.com\/fr\/#\/schema\/person\/87e9b7267113e8db5ef729658a5440e4\"},\"headline\":\"De Mich\u00e8le Lemoine \u00e0 Sachernka Anacassis : En lisant, pour un dialogue interg\u00e9n\u00e9rationnel.\",\"datePublished\":\"2020-09-09T23:14:33+00:00\",\"dateModified\":\"2020-09-09T23:15:51+00:00\",\"mainEntityOfPage\":{\"@id\":\"https:\/\/enlisantfestival.com\/fr\/de-michele-lemoine-a-sachernka-anacassis-en-lisant-pour-un-dialogue-intergenerationnel\/\"},\"wordCount\":127,\"commentCount\":0,\"publisher\":{\"@id\":\"https:\/\/enlisantfestival.com\/fr\/#organization\"},\"image\":{\"@id\":\"https:\/\/enlisantfestival.com\/fr\/de-michele-lemoine-a-sachernka-anacassis-en-lisant-pour-un-dialogue-intergenerationnel\/#primaryimage\"},\"thumbnailUrl\":\"https:\/\/enlisantfestival.com\/fr\/wp-content\/uploads\/2020\/09\/en-lisant-2019.png\",\"articleSection\":[\"Archives en lisant 2019\"],\"inLanguage\":\"fr-FR\",\"potentialAction\":[{\"@type\":\"CommentAction\",\"name\":\"Comment\",\"target\":[\"https:\/\/enlisantfestival.com\/fr\/de-michele-lemoine-a-sachernka-anacassis-en-lisant-pour-un-dialogue-intergenerationnel\/#respond\"]}]},{\"@type\":\"WebPage\",\"@id\":\"https:\/\/enlisantfestival.com\/fr\/de-michele-lemoine-a-sachernka-anacassis-en-lisant-pour-un-dialogue-intergenerationnel\/\",\"url\":\"https:\/\/enlisantfestival.com\/fr\/de-michele-lemoine-a-sachernka-anacassis-en-lisant-pour-un-dialogue-intergenerationnel\/\",\"name\":\"De Mich\u00e8le Lemoine \u00e0 Sachernka Anacassis : En lisant, pour un dialogue interg\u00e9n\u00e9rationnel. - En Lisant festival de th\u00e9\u00e2tre\",\"isPartOf\":{\"@id\":\"https:\/\/enlisantfestival.com\/fr\/#website\"},\"primaryImageOfPage\":{\"@id\":\"https:\/\/enlisantfestival.com\/fr\/de-michele-lemoine-a-sachernka-anacassis-en-lisant-pour-un-dialogue-intergenerationnel\/#primaryimage\"},\"image\":{\"@id\":\"https:\/\/enlisantfestival.com\/fr\/de-michele-lemoine-a-sachernka-anacassis-en-lisant-pour-un-dialogue-intergenerationnel\/#primaryimage\"},\"thumbnailUrl\":\"https:\/\/enlisantfestival.com\/fr\/wp-content\/uploads\/2020\/09\/en-lisant-2019.png\",\"datePublished\":\"2020-09-09T23:14:33+00:00\",\"dateModified\":\"2020-09-09T23:15:51+00:00\",\"breadcrumb\":{\"@id\":\"https:\/\/enlisantfestival.com\/fr\/de-michele-lemoine-a-sachernka-anacassis-en-lisant-pour-un-dialogue-intergenerationnel\/#breadcrumb\"},\"inLanguage\":\"fr-FR\",\"potentialAction\":[{\"@type\":\"ReadAction\",\"target\":[\"https:\/\/enlisantfestival.com\/fr\/de-michele-lemoine-a-sachernka-anacassis-en-lisant-pour-un-dialogue-intergenerationnel\/\"]}]},{\"@type\":\"ImageObject\",\"inLanguage\":\"fr-FR\",\"@id\":\"https:\/\/enlisantfestival.com\/fr\/de-michele-lemoine-a-sachernka-anacassis-en-lisant-pour-un-dialogue-intergenerationnel\/#primaryimage\",\"url\":\"https:\/\/enlisantfestival.com\/fr\/wp-content\/uploads\/2020\/09\/en-lisant-2019.png\",\"contentUrl\":\"https:\/\/enlisantfestival.com\/fr\/wp-content\/uploads\/2020\/09\/en-lisant-2019.png\",\"width\":630,\"height\":390},{\"@type\":\"BreadcrumbList\",\"@id\":\"https:\/\/enlisantfestival.com\/fr\/de-michele-lemoine-a-sachernka-anacassis-en-lisant-pour-un-dialogue-intergenerationnel\/#breadcrumb\",\"itemListElement\":[{\"@type\":\"ListItem\",\"position\":1,\"name\":\"Accueil\",\"item\":\"https:\/\/enlisantfestival.com\/fr\/\"},{\"@type\":\"ListItem\",\"position\":2,\"name\":\"De Mich\u00e8le Lemoine \u00e0 Sachernka Anacassis : En lisant, pour un dialogue interg\u00e9n\u00e9rationnel.\"}]},{\"@type\":\"WebSite\",\"@id\":\"https:\/\/enlisantfestival.com\/fr\/#website\",\"url\":\"https:\/\/enlisantfestival.com\/fr\/\",\"name\":\"En Lisant festival de th\u00e9\u00e2tre\",\"description\":\"\",\"publisher\":{\"@id\":\"https:\/\/enlisantfestival.com\/fr\/#organization\"},\"potentialAction\":[{\"@type\":\"SearchAction\",\"target\":{\"@type\":\"EntryPoint\",\"urlTemplate\":\"https:\/\/enlisantfestival.com\/fr\/?s={search_term_string}\"},\"query-input\":{\"@type\":\"PropertyValueSpecification\",\"valueRequired\":true,\"valueName\":\"search_term_string\"}}],\"inLanguage\":\"fr-FR\"},{\"@type\":\"Organization\",\"@id\":\"https:\/\/enlisantfestival.com\/fr\/#organization\",\"name\":\"En Lisant festival de th\u00e9\u00e2tre\",\"url\":\"https:\/\/enlisantfestival.com\/fr\/\",\"logo\":{\"@type\":\"ImageObject\",\"inLanguage\":\"fr-FR\",\"@id\":\"https:\/\/enlisantfestival.com\/fr\/#\/schema\/logo\/image\/\",\"url\":\"https:\/\/enlisantfestival.com\/fr\/wp-content\/uploads\/2020\/09\/en-lisant-logo.png\",\"contentUrl\":\"https:\/\/enlisantfestival.com\/fr\/wp-content\/uploads\/2020\/09\/en-lisant-logo.png\",\"width\":600,\"height\":343,\"caption\":\"En Lisant festival de th\u00e9\u00e2tre\"},\"image\":{\"@id\":\"https:\/\/enlisantfestival.com\/fr\/#\/schema\/logo\/image\/\"}},{\"@type\":\"Person\",\"@id\":\"https:\/\/enlisantfestival.com\/fr\/#\/schema\/person\/87e9b7267113e8db5ef729658a5440e4\",\"name\":\"lionel\",\"image\":{\"@type\":\"ImageObject\",\"inLanguage\":\"fr-FR\",\"@id\":\"https:\/\/enlisantfestival.com\/fr\/#\/schema\/person\/image\/\",\"url\":\"https:\/\/secure.gravatar.com\/avatar\/0361bef51de40b6b2e5c0d693a6d8f9c483d0ca194576592d0168a26c347ce45?s=96&d=mm&r=g\",\"contentUrl\":\"https:\/\/secure.gravatar.com\/avatar\/0361bef51de40b6b2e5c0d693a6d8f9c483d0ca194576592d0168a26c347ce45?s=96&d=mm&r=g\",\"caption\":\"lionel\"},\"url\":\"https:\/\/enlisantfestival.com\/fr\/author\/lionel\/\"}]}<\/script>\n<!-- \/ Yoast SEO plugin. -->","yoast_head_json":{"title":"De Mich\u00e8le Lemoine \u00e0 Sachernka Anacassis : En lisant, pour un dialogue interg\u00e9n\u00e9rationnel. - En Lisant festival de th\u00e9\u00e2tre","robots":{"index":"index","follow":"follow","max-snippet":"max-snippet:-1","max-image-preview":"max-image-preview:large","max-video-preview":"max-video-preview:-1"},"canonical":"https:\/\/enlisantfestival.com\/fr\/de-michele-lemoine-a-sachernka-anacassis-en-lisant-pour-un-dialogue-intergenerationnel\/","og_locale":"fr_FR","og_type":"article","og_title":"De Mich\u00e8le Lemoine \u00e0 Sachernka Anacassis : En lisant, pour un dialogue interg\u00e9n\u00e9rationnel. - En Lisant festival de th\u00e9\u00e2tre","og_description":"Apr\u00e8s les bouleversements sociopolitiques qui ont secou\u00e9 le pays et provoqu\u00e9 le report de plusieurs \u00e9v\u00e8nements culturels, la vie reprend son rythme \u00e0 Port-au-Prince. Depuis le 8 juillet, la quatri\u00e8me [&hellip;]","og_url":"https:\/\/enlisantfestival.com\/fr\/de-michele-lemoine-a-sachernka-anacassis-en-lisant-pour-un-dialogue-intergenerationnel\/","og_site_name":"En Lisant festival de th\u00e9\u00e2tre","article_published_time":"2020-09-09T23:14:33+00:00","article_modified_time":"2020-09-09T23:15:51+00:00","og_image":[{"width":630,"height":390,"url":"https:\/\/enlisantfestival.com\/fr\/wp-content\/uploads\/2020\/09\/en-lisant-2019.png","type":"image\/png"}],"author":"lionel","twitter_card":"summary_large_image","twitter_misc":{"\u00c9crit par":"lionel","Dur\u00e9e de lecture estim\u00e9e":"1 minute"},"schema":{"@context":"https:\/\/schema.org","@graph":[{"@type":"Article","@id":"https:\/\/enlisantfestival.com\/fr\/de-michele-lemoine-a-sachernka-anacassis-en-lisant-pour-un-dialogue-intergenerationnel\/#article","isPartOf":{"@id":"https:\/\/enlisantfestival.com\/fr\/de-michele-lemoine-a-sachernka-anacassis-en-lisant-pour-un-dialogue-intergenerationnel\/"},"author":{"name":"lionel","@id":"https:\/\/enlisantfestival.com\/fr\/#\/schema\/person\/87e9b7267113e8db5ef729658a5440e4"},"headline":"De Mich\u00e8le Lemoine \u00e0 Sachernka Anacassis : En lisant, pour un dialogue interg\u00e9n\u00e9rationnel.","datePublished":"2020-09-09T23:14:33+00:00","dateModified":"2020-09-09T23:15:51+00:00","mainEntityOfPage":{"@id":"https:\/\/enlisantfestival.com\/fr\/de-michele-lemoine-a-sachernka-anacassis-en-lisant-pour-un-dialogue-intergenerationnel\/"},"wordCount":127,"commentCount":0,"publisher":{"@id":"https:\/\/enlisantfestival.com\/fr\/#organization"},"image":{"@id":"https:\/\/enlisantfestival.com\/fr\/de-michele-lemoine-a-sachernka-anacassis-en-lisant-pour-un-dialogue-intergenerationnel\/#primaryimage"},"thumbnailUrl":"https:\/\/enlisantfestival.com\/fr\/wp-content\/uploads\/2020\/09\/en-lisant-2019.png","articleSection":["Archives en lisant 2019"],"inLanguage":"fr-FR","potentialAction":[{"@type":"CommentAction","name":"Comment","target":["https:\/\/enlisantfestival.com\/fr\/de-michele-lemoine-a-sachernka-anacassis-en-lisant-pour-un-dialogue-intergenerationnel\/#respond"]}]},{"@type":"WebPage","@id":"https:\/\/enlisantfestival.com\/fr\/de-michele-lemoine-a-sachernka-anacassis-en-lisant-pour-un-dialogue-intergenerationnel\/","url":"https:\/\/enlisantfestival.com\/fr\/de-michele-lemoine-a-sachernka-anacassis-en-lisant-pour-un-dialogue-intergenerationnel\/","name":"De Mich\u00e8le Lemoine \u00e0 Sachernka Anacassis : En lisant, pour un dialogue interg\u00e9n\u00e9rationnel. - En Lisant festival de th\u00e9\u00e2tre","isPartOf":{"@id":"https:\/\/enlisantfestival.com\/fr\/#website"},"primaryImageOfPage":{"@id":"https:\/\/enlisantfestival.com\/fr\/de-michele-lemoine-a-sachernka-anacassis-en-lisant-pour-un-dialogue-intergenerationnel\/#primaryimage"},"image":{"@id":"https:\/\/enlisantfestival.com\/fr\/de-michele-lemoine-a-sachernka-anacassis-en-lisant-pour-un-dialogue-intergenerationnel\/#primaryimage"},"thumbnailUrl":"https:\/\/enlisantfestival.com\/fr\/wp-content\/uploads\/2020\/09\/en-lisant-2019.png","datePublished":"2020-09-09T23:14:33+00:00","dateModified":"2020-09-09T23:15:51+00:00","breadcrumb":{"@id":"https:\/\/enlisantfestival.com\/fr\/de-michele-lemoine-a-sachernka-anacassis-en-lisant-pour-un-dialogue-intergenerationnel\/#breadcrumb"},"inLanguage":"fr-FR","potentialAction":[{"@type":"ReadAction","target":["https:\/\/enlisantfestival.com\/fr\/de-michele-lemoine-a-sachernka-anacassis-en-lisant-pour-un-dialogue-intergenerationnel\/"]}]},{"@type":"ImageObject","inLanguage":"fr-FR","@id":"https:\/\/enlisantfestival.com\/fr\/de-michele-lemoine-a-sachernka-anacassis-en-lisant-pour-un-dialogue-intergenerationnel\/#primaryimage","url":"https:\/\/enlisantfestival.com\/fr\/wp-content\/uploads\/2020\/09\/en-lisant-2019.png","contentUrl":"https:\/\/enlisantfestival.com\/fr\/wp-content\/uploads\/2020\/09\/en-lisant-2019.png","width":630,"height":390},{"@type":"BreadcrumbList","@id":"https:\/\/enlisantfestival.com\/fr\/de-michele-lemoine-a-sachernka-anacassis-en-lisant-pour-un-dialogue-intergenerationnel\/#breadcrumb","itemListElement":[{"@type":"ListItem","position":1,"name":"Accueil","item":"https:\/\/enlisantfestival.com\/fr\/"},{"@type":"ListItem","position":2,"name":"De Mich\u00e8le Lemoine \u00e0 Sachernka Anacassis : En lisant, pour un dialogue interg\u00e9n\u00e9rationnel."}]},{"@type":"WebSite","@id":"https:\/\/enlisantfestival.com\/fr\/#website","url":"https:\/\/enlisantfestival.com\/fr\/","name":"En Lisant festival de th\u00e9\u00e2tre","description":"","publisher":{"@id":"https:\/\/enlisantfestival.com\/fr\/#organization"},"potentialAction":[{"@type":"SearchAction","target":{"@type":"EntryPoint","urlTemplate":"https:\/\/enlisantfestival.com\/fr\/?s={search_term_string}"},"query-input":{"@type":"PropertyValueSpecification","valueRequired":true,"valueName":"search_term_string"}}],"inLanguage":"fr-FR"},{"@type":"Organization","@id":"https:\/\/enlisantfestival.com\/fr\/#organization","name":"En Lisant festival de th\u00e9\u00e2tre","url":"https:\/\/enlisantfestival.com\/fr\/","logo":{"@type":"ImageObject","inLanguage":"fr-FR","@id":"https:\/\/enlisantfestival.com\/fr\/#\/schema\/logo\/image\/","url":"https:\/\/enlisantfestival.com\/fr\/wp-content\/uploads\/2020\/09\/en-lisant-logo.png","contentUrl":"https:\/\/enlisantfestival.com\/fr\/wp-content\/uploads\/2020\/09\/en-lisant-logo.png","width":600,"height":343,"caption":"En Lisant festival de th\u00e9\u00e2tre"},"image":{"@id":"https:\/\/enlisantfestival.com\/fr\/#\/schema\/logo\/image\/"}},{"@type":"Person","@id":"https:\/\/enlisantfestival.com\/fr\/#\/schema\/person\/87e9b7267113e8db5ef729658a5440e4","name":"lionel","image":{"@type":"ImageObject","inLanguage":"fr-FR","@id":"https:\/\/enlisantfestival.com\/fr\/#\/schema\/person\/image\/","url":"https:\/\/secure.gravatar.com\/avatar\/0361bef51de40b6b2e5c0d693a6d8f9c483d0ca194576592d0168a26c347ce45?s=96&d=mm&r=g","contentUrl":"https:\/\/secure.gravatar.com\/avatar\/0361bef51de40b6b2e5c0d693a6d8f9c483d0ca194576592d0168a26c347ce45?s=96&d=mm&r=g","caption":"lionel"},"url":"https:\/\/enlisantfestival.com\/fr\/author\/lionel\/"}]}},"_links":{"self":[{"href":"https:\/\/enlisantfestival.com\/fr\/wp-json\/wp\/v2\/posts\/3495","targetHints":{"allow":["GET"]}}],"collection":[{"href":"https:\/\/enlisantfestival.com\/fr\/wp-json\/wp\/v2\/posts"}],"about":[{"href":"https:\/\/enlisantfestival.com\/fr\/wp-json\/wp\/v2\/types\/post"}],"author":[{"embeddable":true,"href":"https:\/\/enlisantfestival.com\/fr\/wp-json\/wp\/v2\/users\/1"}],"replies":[{"embeddable":true,"href":"https:\/\/enlisantfestival.com\/fr\/wp-json\/wp\/v2\/comments?post=3495"}],"version-history":[{"count":0,"href":"https:\/\/enlisantfestival.com\/fr\/wp-json\/wp\/v2\/posts\/3495\/revisions"}],"wp:featuredmedia":[{"embeddable":true,"href":"https:\/\/enlisantfestival.com\/fr\/wp-json\/wp\/v2\/media\/3496"}],"wp:attachment":[{"href":"https:\/\/enlisantfestival.com\/fr\/wp-json\/wp\/v2\/media?parent=3495"}],"wp:term":[{"taxonomy":"category","embeddable":true,"href":"https:\/\/enlisantfestival.com\/fr\/wp-json\/wp\/v2\/categories?post=3495"},{"taxonomy":"post_tag","embeddable":true,"href":"https:\/\/enlisantfestival.com\/fr\/wp-json\/wp\/v2\/tags?post=3495"}],"curies":[{"name":"wp","href":"https:\/\/api.w.org\/{rel}","templated":true}]}}