{"id":3499,"date":"2020-09-10T01:18:17","date_gmt":"2020-09-09T23:18:17","guid":{"rendered":"https:\/\/enlisantfestival.com\/fr\/?p=3499"},"modified":"2020-09-10T01:19:12","modified_gmt":"2020-09-09T23:19:12","slug":"4e-edition-pour-le-festival-en-lisant","status":"publish","type":"post","link":"https:\/\/enlisantfestival.com\/fr\/4e-edition-pour-le-festival-en-lisant\/","title":{"rendered":"4e \u00c9dition Pour Le Festival En Lisant"},"content":{"rendered":"\t\t<div data-elementor-type=\"wp-post\" data-elementor-id=\"3499\" class=\"elementor elementor-3499\" data-elementor-settings=\"{&quot;ha_cmc_init_switcher&quot;:&quot;no&quot;}\">\n\t\t\t\t\t\t<section class=\"elementor-section elementor-top-section elementor-element elementor-element-1081684 elementor-section-boxed elementor-section-height-default elementor-section-height-default\" data-id=\"1081684\" data-element_type=\"section\" data-e-type=\"section\" data-settings=\"{&quot;_ha_eqh_enable&quot;:false}\">\n\t\t\t\t\t\t<div class=\"elementor-container elementor-column-gap-default\">\n\t\t\t\t\t<div class=\"elementor-column elementor-col-100 elementor-top-column elementor-element elementor-element-025d92b\" data-id=\"025d92b\" data-element_type=\"column\" data-e-type=\"column\">\n\t\t\t<div class=\"elementor-widget-wrap elementor-element-populated\">\n\t\t\t\t\t\t<div class=\"elementor-element elementor-element-ed2469f elementor-widget elementor-widget-text-editor\" data-id=\"ed2469f\" data-element_type=\"widget\" data-e-type=\"widget\" data-widget_type=\"text-editor.default\">\n\t\t\t\t<div class=\"elementor-widget-container\">\n\t\t\t\t\t\t\t\t\t<p>Du\u00a0<strong>8 au 17 juillet 2019,<\/strong>\u00a0se d\u00e9roule \u00e0 Port-au-Prince, sous l\u2019initiative de la Brigade d\u2019Intervention Th\u00e9\u00e2trale Ha\u00eftienne (BIT-HA\u00cfTI), la quatri\u00e8me \u00e9dition du festival de dramaturgie contemporaine EN LISANT, consacr\u00e9 cette ann\u00e9e \u00e0 ce r\u00e9gime sp\u00e9cifique de la parole qu\u2019est le monologue.<\/p><p>\u00ab\u00a0<em>Fid\u00e8le \u00e0 son souci de toujours lier pratique du th\u00e9\u00e2tre et r\u00e9flexion sur les enjeux de la soci\u00e9t\u00e9 contemporaine, le festival entend, pour cette nouvelle \u00e9dition, mettre la focale sur ce qu\u2019on peut appeler, pour reprendre Clothilde Thouret, la dramaturgie de l\u2019int\u00e9riorit\u00e9 (monologue)<\/em> \u00bb, explique Stephane SAINTIL, responsable de Communication du festival&#8230; <a href=\"https:\/\/fokal.org\/index.php\/nouvel-fokal\/31-nos-programmes\/1347-4e-edition-pour-le-festival-en-lisant\" target=\"_blank\" rel=\"noopener\">Lire la suite sur FOKAL<\/a><\/p>\t\t\t\t\t\t\t\t<\/div>\n\t\t\t\t<\/div>\n\t\t\t\t\t<\/div>\n\t\t<\/div>\n\t\t\t\t\t<\/div>\n\t\t<\/section>\n\t\t\t\t<\/div>\n\t\t","protected":false},"excerpt":{"rendered":"<p>Du\u00a08 au 17 juillet 2019,\u00a0se d\u00e9roule \u00e0 Port-au-Prince, sous l\u2019initiative de la Brigade d\u2019Intervention Th\u00e9\u00e2trale Ha\u00eftienne (BIT-HA\u00cfTI), la quatri\u00e8me \u00e9dition du festival de dramaturgie contemporaine EN LISANT, consacr\u00e9 cette ann\u00e9e [&hellip;]<\/p>\n","protected":false},"author":1,"featured_media":3500,"comment_status":"open","ping_status":"open","sticky":false,"template":"","format":"standard","meta":{"_FSMCFIC_featured_image_caption":"","_FSMCFIC_featured_image_nocaption":"","_FSMCFIC_featured_image_hide":"","footnotes":""},"categories":[95],"tags":[],"class_list":["post-3499","post","type-post","status-publish","format-standard","has-post-thumbnail","hentry","category-archives-en-lisant-2019"],"yoast_head":"<!-- This site is optimized with the Yoast SEO plugin v27.0 - https:\/\/yoast.com\/product\/yoast-seo-wordpress\/ -->\n<title>4e \u00c9dition Pour Le Festival En Lisant - En Lisant festival de th\u00e9\u00e2tre<\/title>\n<meta name=\"robots\" content=\"index, follow, max-snippet:-1, max-image-preview:large, max-video-preview:-1\" \/>\n<link rel=\"canonical\" href=\"https:\/\/enlisantfestival.com\/fr\/4e-edition-pour-le-festival-en-lisant\/\" \/>\n<meta property=\"og:locale\" content=\"fr_FR\" \/>\n<meta property=\"og:type\" content=\"article\" \/>\n<meta property=\"og:title\" content=\"4e \u00c9dition Pour Le Festival En Lisant - En Lisant festival de th\u00e9\u00e2tre\" \/>\n<meta property=\"og:description\" content=\"Du\u00a08 au 17 juillet 2019,\u00a0se d\u00e9roule \u00e0 Port-au-Prince, sous l\u2019initiative de la Brigade d\u2019Intervention Th\u00e9\u00e2trale Ha\u00eftienne (BIT-HA\u00cfTI), la quatri\u00e8me \u00e9dition du festival de dramaturgie contemporaine EN LISANT, consacr\u00e9 cette ann\u00e9e [&hellip;]\" \/>\n<meta property=\"og:url\" content=\"https:\/\/enlisantfestival.com\/fr\/4e-edition-pour-le-festival-en-lisant\/\" \/>\n<meta property=\"og:site_name\" content=\"En Lisant festival de th\u00e9\u00e2tre\" \/>\n<meta property=\"article:published_time\" content=\"2020-09-09T23:18:17+00:00\" \/>\n<meta property=\"article:modified_time\" content=\"2020-09-09T23:19:12+00:00\" \/>\n<meta property=\"og:image\" content=\"https:\/\/enlisantfestival.com\/fr\/wp-content\/uploads\/2020\/09\/FLYER_ENFIN_SEUL_3-scaled.jpg\" \/>\n\t<meta property=\"og:image:width\" content=\"1656\" \/>\n\t<meta property=\"og:image:height\" content=\"2560\" \/>\n\t<meta property=\"og:image:type\" content=\"image\/jpeg\" \/>\n<meta name=\"author\" content=\"lionel\" \/>\n<meta name=\"twitter:card\" content=\"summary_large_image\" \/>\n<meta name=\"twitter:label1\" content=\"\u00c9crit par\" \/>\n\t<meta name=\"twitter:data1\" content=\"lionel\" \/>\n\t<meta name=\"twitter:label2\" content=\"Dur\u00e9e de lecture estim\u00e9e\" \/>\n\t<meta name=\"twitter:data2\" content=\"1 minute\" \/>\n<script type=\"application\/ld+json\" class=\"yoast-schema-graph\">{\"@context\":\"https:\/\/schema.org\",\"@graph\":[{\"@type\":\"Article\",\"@id\":\"https:\/\/enlisantfestival.com\/fr\/4e-edition-pour-le-festival-en-lisant\/#article\",\"isPartOf\":{\"@id\":\"https:\/\/enlisantfestival.com\/fr\/4e-edition-pour-le-festival-en-lisant\/\"},\"author\":{\"name\":\"lionel\",\"@id\":\"https:\/\/enlisantfestival.com\/fr\/#\/schema\/person\/87e9b7267113e8db5ef729658a5440e4\"},\"headline\":\"4e \u00c9dition Pour Le Festival En Lisant\",\"datePublished\":\"2020-09-09T23:18:17+00:00\",\"dateModified\":\"2020-09-09T23:19:12+00:00\",\"mainEntityOfPage\":{\"@id\":\"https:\/\/enlisantfestival.com\/fr\/4e-edition-pour-le-festival-en-lisant\/\"},\"wordCount\":117,\"commentCount\":0,\"publisher\":{\"@id\":\"https:\/\/enlisantfestival.com\/fr\/#organization\"},\"image\":{\"@id\":\"https:\/\/enlisantfestival.com\/fr\/4e-edition-pour-le-festival-en-lisant\/#primaryimage\"},\"thumbnailUrl\":\"https:\/\/enlisantfestival.com\/fr\/wp-content\/uploads\/2020\/09\/FLYER_ENFIN_SEUL_3-scaled.jpg\",\"articleSection\":[\"Archives en lisant 2019\"],\"inLanguage\":\"fr-FR\",\"potentialAction\":[{\"@type\":\"CommentAction\",\"name\":\"Comment\",\"target\":[\"https:\/\/enlisantfestival.com\/fr\/4e-edition-pour-le-festival-en-lisant\/#respond\"]}]},{\"@type\":\"WebPage\",\"@id\":\"https:\/\/enlisantfestival.com\/fr\/4e-edition-pour-le-festival-en-lisant\/\",\"url\":\"https:\/\/enlisantfestival.com\/fr\/4e-edition-pour-le-festival-en-lisant\/\",\"name\":\"4e \u00c9dition Pour Le Festival En Lisant - En Lisant festival de th\u00e9\u00e2tre\",\"isPartOf\":{\"@id\":\"https:\/\/enlisantfestival.com\/fr\/#website\"},\"primaryImageOfPage\":{\"@id\":\"https:\/\/enlisantfestival.com\/fr\/4e-edition-pour-le-festival-en-lisant\/#primaryimage\"},\"image\":{\"@id\":\"https:\/\/enlisantfestival.com\/fr\/4e-edition-pour-le-festival-en-lisant\/#primaryimage\"},\"thumbnailUrl\":\"https:\/\/enlisantfestival.com\/fr\/wp-content\/uploads\/2020\/09\/FLYER_ENFIN_SEUL_3-scaled.jpg\",\"datePublished\":\"2020-09-09T23:18:17+00:00\",\"dateModified\":\"2020-09-09T23:19:12+00:00\",\"breadcrumb\":{\"@id\":\"https:\/\/enlisantfestival.com\/fr\/4e-edition-pour-le-festival-en-lisant\/#breadcrumb\"},\"inLanguage\":\"fr-FR\",\"potentialAction\":[{\"@type\":\"ReadAction\",\"target\":[\"https:\/\/enlisantfestival.com\/fr\/4e-edition-pour-le-festival-en-lisant\/\"]}]},{\"@type\":\"ImageObject\",\"inLanguage\":\"fr-FR\",\"@id\":\"https:\/\/enlisantfestival.com\/fr\/4e-edition-pour-le-festival-en-lisant\/#primaryimage\",\"url\":\"https:\/\/enlisantfestival.com\/fr\/wp-content\/uploads\/2020\/09\/FLYER_ENFIN_SEUL_3-scaled.jpg\",\"contentUrl\":\"https:\/\/enlisantfestival.com\/fr\/wp-content\/uploads\/2020\/09\/FLYER_ENFIN_SEUL_3-scaled.jpg\",\"width\":1656,\"height\":2560},{\"@type\":\"BreadcrumbList\",\"@id\":\"https:\/\/enlisantfestival.com\/fr\/4e-edition-pour-le-festival-en-lisant\/#breadcrumb\",\"itemListElement\":[{\"@type\":\"ListItem\",\"position\":1,\"name\":\"Accueil\",\"item\":\"https:\/\/enlisantfestival.com\/fr\/\"},{\"@type\":\"ListItem\",\"position\":2,\"name\":\"4e \u00c9dition Pour Le Festival En Lisant\"}]},{\"@type\":\"WebSite\",\"@id\":\"https:\/\/enlisantfestival.com\/fr\/#website\",\"url\":\"https:\/\/enlisantfestival.com\/fr\/\",\"name\":\"En Lisant festival de th\u00e9\u00e2tre\",\"description\":\"\",\"publisher\":{\"@id\":\"https:\/\/enlisantfestival.com\/fr\/#organization\"},\"potentialAction\":[{\"@type\":\"SearchAction\",\"target\":{\"@type\":\"EntryPoint\",\"urlTemplate\":\"https:\/\/enlisantfestival.com\/fr\/?s={search_term_string}\"},\"query-input\":{\"@type\":\"PropertyValueSpecification\",\"valueRequired\":true,\"valueName\":\"search_term_string\"}}],\"inLanguage\":\"fr-FR\"},{\"@type\":\"Organization\",\"@id\":\"https:\/\/enlisantfestival.com\/fr\/#organization\",\"name\":\"En Lisant festival de th\u00e9\u00e2tre\",\"url\":\"https:\/\/enlisantfestival.com\/fr\/\",\"logo\":{\"@type\":\"ImageObject\",\"inLanguage\":\"fr-FR\",\"@id\":\"https:\/\/enlisantfestival.com\/fr\/#\/schema\/logo\/image\/\",\"url\":\"https:\/\/enlisantfestival.com\/fr\/wp-content\/uploads\/2020\/09\/en-lisant-logo.png\",\"contentUrl\":\"https:\/\/enlisantfestival.com\/fr\/wp-content\/uploads\/2020\/09\/en-lisant-logo.png\",\"width\":600,\"height\":343,\"caption\":\"En Lisant festival de th\u00e9\u00e2tre\"},\"image\":{\"@id\":\"https:\/\/enlisantfestival.com\/fr\/#\/schema\/logo\/image\/\"}},{\"@type\":\"Person\",\"@id\":\"https:\/\/enlisantfestival.com\/fr\/#\/schema\/person\/87e9b7267113e8db5ef729658a5440e4\",\"name\":\"lionel\",\"image\":{\"@type\":\"ImageObject\",\"inLanguage\":\"fr-FR\",\"@id\":\"https:\/\/enlisantfestival.com\/fr\/#\/schema\/person\/image\/\",\"url\":\"https:\/\/secure.gravatar.com\/avatar\/0361bef51de40b6b2e5c0d693a6d8f9c483d0ca194576592d0168a26c347ce45?s=96&d=mm&r=g\",\"contentUrl\":\"https:\/\/secure.gravatar.com\/avatar\/0361bef51de40b6b2e5c0d693a6d8f9c483d0ca194576592d0168a26c347ce45?s=96&d=mm&r=g\",\"caption\":\"lionel\"},\"url\":\"https:\/\/enlisantfestival.com\/fr\/author\/lionel\/\"}]}<\/script>\n<!-- \/ Yoast SEO plugin. -->","yoast_head_json":{"title":"4e \u00c9dition Pour Le Festival En Lisant - En Lisant festival de th\u00e9\u00e2tre","robots":{"index":"index","follow":"follow","max-snippet":"max-snippet:-1","max-image-preview":"max-image-preview:large","max-video-preview":"max-video-preview:-1"},"canonical":"https:\/\/enlisantfestival.com\/fr\/4e-edition-pour-le-festival-en-lisant\/","og_locale":"fr_FR","og_type":"article","og_title":"4e \u00c9dition Pour Le Festival En Lisant - En Lisant festival de th\u00e9\u00e2tre","og_description":"Du\u00a08 au 17 juillet 2019,\u00a0se d\u00e9roule \u00e0 Port-au-Prince, sous l\u2019initiative de la Brigade d\u2019Intervention Th\u00e9\u00e2trale Ha\u00eftienne (BIT-HA\u00cfTI), la quatri\u00e8me \u00e9dition du festival de dramaturgie contemporaine EN LISANT, consacr\u00e9 cette ann\u00e9e [&hellip;]","og_url":"https:\/\/enlisantfestival.com\/fr\/4e-edition-pour-le-festival-en-lisant\/","og_site_name":"En Lisant festival de th\u00e9\u00e2tre","article_published_time":"2020-09-09T23:18:17+00:00","article_modified_time":"2020-09-09T23:19:12+00:00","og_image":[{"width":1656,"height":2560,"url":"https:\/\/enlisantfestival.com\/fr\/wp-content\/uploads\/2020\/09\/FLYER_ENFIN_SEUL_3-scaled.jpg","type":"image\/jpeg"}],"author":"lionel","twitter_card":"summary_large_image","twitter_misc":{"\u00c9crit par":"lionel","Dur\u00e9e de lecture estim\u00e9e":"1 minute"},"schema":{"@context":"https:\/\/schema.org","@graph":[{"@type":"Article","@id":"https:\/\/enlisantfestival.com\/fr\/4e-edition-pour-le-festival-en-lisant\/#article","isPartOf":{"@id":"https:\/\/enlisantfestival.com\/fr\/4e-edition-pour-le-festival-en-lisant\/"},"author":{"name":"lionel","@id":"https:\/\/enlisantfestival.com\/fr\/#\/schema\/person\/87e9b7267113e8db5ef729658a5440e4"},"headline":"4e \u00c9dition Pour Le Festival En Lisant","datePublished":"2020-09-09T23:18:17+00:00","dateModified":"2020-09-09T23:19:12+00:00","mainEntityOfPage":{"@id":"https:\/\/enlisantfestival.com\/fr\/4e-edition-pour-le-festival-en-lisant\/"},"wordCount":117,"commentCount":0,"publisher":{"@id":"https:\/\/enlisantfestival.com\/fr\/#organization"},"image":{"@id":"https:\/\/enlisantfestival.com\/fr\/4e-edition-pour-le-festival-en-lisant\/#primaryimage"},"thumbnailUrl":"https:\/\/enlisantfestival.com\/fr\/wp-content\/uploads\/2020\/09\/FLYER_ENFIN_SEUL_3-scaled.jpg","articleSection":["Archives en lisant 2019"],"inLanguage":"fr-FR","potentialAction":[{"@type":"CommentAction","name":"Comment","target":["https:\/\/enlisantfestival.com\/fr\/4e-edition-pour-le-festival-en-lisant\/#respond"]}]},{"@type":"WebPage","@id":"https:\/\/enlisantfestival.com\/fr\/4e-edition-pour-le-festival-en-lisant\/","url":"https:\/\/enlisantfestival.com\/fr\/4e-edition-pour-le-festival-en-lisant\/","name":"4e \u00c9dition Pour Le Festival En Lisant - En Lisant festival de th\u00e9\u00e2tre","isPartOf":{"@id":"https:\/\/enlisantfestival.com\/fr\/#website"},"primaryImageOfPage":{"@id":"https:\/\/enlisantfestival.com\/fr\/4e-edition-pour-le-festival-en-lisant\/#primaryimage"},"image":{"@id":"https:\/\/enlisantfestival.com\/fr\/4e-edition-pour-le-festival-en-lisant\/#primaryimage"},"thumbnailUrl":"https:\/\/enlisantfestival.com\/fr\/wp-content\/uploads\/2020\/09\/FLYER_ENFIN_SEUL_3-scaled.jpg","datePublished":"2020-09-09T23:18:17+00:00","dateModified":"2020-09-09T23:19:12+00:00","breadcrumb":{"@id":"https:\/\/enlisantfestival.com\/fr\/4e-edition-pour-le-festival-en-lisant\/#breadcrumb"},"inLanguage":"fr-FR","potentialAction":[{"@type":"ReadAction","target":["https:\/\/enlisantfestival.com\/fr\/4e-edition-pour-le-festival-en-lisant\/"]}]},{"@type":"ImageObject","inLanguage":"fr-FR","@id":"https:\/\/enlisantfestival.com\/fr\/4e-edition-pour-le-festival-en-lisant\/#primaryimage","url":"https:\/\/enlisantfestival.com\/fr\/wp-content\/uploads\/2020\/09\/FLYER_ENFIN_SEUL_3-scaled.jpg","contentUrl":"https:\/\/enlisantfestival.com\/fr\/wp-content\/uploads\/2020\/09\/FLYER_ENFIN_SEUL_3-scaled.jpg","width":1656,"height":2560},{"@type":"BreadcrumbList","@id":"https:\/\/enlisantfestival.com\/fr\/4e-edition-pour-le-festival-en-lisant\/#breadcrumb","itemListElement":[{"@type":"ListItem","position":1,"name":"Accueil","item":"https:\/\/enlisantfestival.com\/fr\/"},{"@type":"ListItem","position":2,"name":"4e \u00c9dition Pour Le Festival En Lisant"}]},{"@type":"WebSite","@id":"https:\/\/enlisantfestival.com\/fr\/#website","url":"https:\/\/enlisantfestival.com\/fr\/","name":"En Lisant festival de th\u00e9\u00e2tre","description":"","publisher":{"@id":"https:\/\/enlisantfestival.com\/fr\/#organization"},"potentialAction":[{"@type":"SearchAction","target":{"@type":"EntryPoint","urlTemplate":"https:\/\/enlisantfestival.com\/fr\/?s={search_term_string}"},"query-input":{"@type":"PropertyValueSpecification","valueRequired":true,"valueName":"search_term_string"}}],"inLanguage":"fr-FR"},{"@type":"Organization","@id":"https:\/\/enlisantfestival.com\/fr\/#organization","name":"En Lisant festival de th\u00e9\u00e2tre","url":"https:\/\/enlisantfestival.com\/fr\/","logo":{"@type":"ImageObject","inLanguage":"fr-FR","@id":"https:\/\/enlisantfestival.com\/fr\/#\/schema\/logo\/image\/","url":"https:\/\/enlisantfestival.com\/fr\/wp-content\/uploads\/2020\/09\/en-lisant-logo.png","contentUrl":"https:\/\/enlisantfestival.com\/fr\/wp-content\/uploads\/2020\/09\/en-lisant-logo.png","width":600,"height":343,"caption":"En Lisant festival de th\u00e9\u00e2tre"},"image":{"@id":"https:\/\/enlisantfestival.com\/fr\/#\/schema\/logo\/image\/"}},{"@type":"Person","@id":"https:\/\/enlisantfestival.com\/fr\/#\/schema\/person\/87e9b7267113e8db5ef729658a5440e4","name":"lionel","image":{"@type":"ImageObject","inLanguage":"fr-FR","@id":"https:\/\/enlisantfestival.com\/fr\/#\/schema\/person\/image\/","url":"https:\/\/secure.gravatar.com\/avatar\/0361bef51de40b6b2e5c0d693a6d8f9c483d0ca194576592d0168a26c347ce45?s=96&d=mm&r=g","contentUrl":"https:\/\/secure.gravatar.com\/avatar\/0361bef51de40b6b2e5c0d693a6d8f9c483d0ca194576592d0168a26c347ce45?s=96&d=mm&r=g","caption":"lionel"},"url":"https:\/\/enlisantfestival.com\/fr\/author\/lionel\/"}]}},"_links":{"self":[{"href":"https:\/\/enlisantfestival.com\/fr\/wp-json\/wp\/v2\/posts\/3499","targetHints":{"allow":["GET"]}}],"collection":[{"href":"https:\/\/enlisantfestival.com\/fr\/wp-json\/wp\/v2\/posts"}],"about":[{"href":"https:\/\/enlisantfestival.com\/fr\/wp-json\/wp\/v2\/types\/post"}],"author":[{"embeddable":true,"href":"https:\/\/enlisantfestival.com\/fr\/wp-json\/wp\/v2\/users\/1"}],"replies":[{"embeddable":true,"href":"https:\/\/enlisantfestival.com\/fr\/wp-json\/wp\/v2\/comments?post=3499"}],"version-history":[{"count":0,"href":"https:\/\/enlisantfestival.com\/fr\/wp-json\/wp\/v2\/posts\/3499\/revisions"}],"wp:featuredmedia":[{"embeddable":true,"href":"https:\/\/enlisantfestival.com\/fr\/wp-json\/wp\/v2\/media\/3500"}],"wp:attachment":[{"href":"https:\/\/enlisantfestival.com\/fr\/wp-json\/wp\/v2\/media?parent=3499"}],"wp:term":[{"taxonomy":"category","embeddable":true,"href":"https:\/\/enlisantfestival.com\/fr\/wp-json\/wp\/v2\/categories?post=3499"},{"taxonomy":"post_tag","embeddable":true,"href":"https:\/\/enlisantfestival.com\/fr\/wp-json\/wp\/v2\/tags?post=3499"}],"curies":[{"name":"wp","href":"https:\/\/api.w.org\/{rel}","templated":true}]}}