{"id":3726,"date":"2020-10-07T19:07:32","date_gmt":"2020-10-07T17:07:32","guid":{"rendered":"https:\/\/enlisantfestival.com\/fr\/?p=3726"},"modified":"2020-10-12T15:16:20","modified_gmt":"2020-10-12T13:16:20","slug":"dialogue-avec-le-grammairien-des-gestes-guy-r-junior","status":"publish","type":"post","link":"https:\/\/enlisantfestival.com\/fr\/dialogue-avec-le-grammairien-des-gestes-guy-r-junior\/","title":{"rendered":"Dialogue avec le grammairien des gestes, Guy R. Junior"},"content":{"rendered":"<div class=\"wpb-content-wrapper\"><p>[vc_row][vc_column][vc_column_text]<\/p>\n<p style=\"text-align: justify;\">Guy R\u00e9gis Junior est com\u00e9dien, dramaturge, metteur en sc\u00e8ne, po\u00e8te et \u00e9clairagiste \u00e0 la troupe NOUS. \u00ab\u00a0Jeune adolescent, \u00e0 la rue Charreron, mon quartier quand les gosses sifflaient les jeunes filles, j\u2019\u00e9crivais des po\u00e8mes, apprenais les mots dans le dictionnaire Larousse\u00a0\u00bb\u00a0se souvient-il. Sur les conseils de sa m\u00e8re, il s\u2019inscrit \u00e0 la biblioth\u00e8que de l\u2019institut fran\u00e7ais d\u2019Ha\u00efti. \u00ab\u00a0Depuis, ce lieu de la culture m\u2019est devenu une deuxi\u00e8me maison. C\u2019\u00e9tait terrifiant de voir tous ces livres empil\u00e9s de mises en sc\u00e8nes contemporaines de Tadeuz Kantor, Tzevold Mayerhold, Rodrigo Garcia\u00a0\u00bb affirme Guy R\u00e9gis Junior. L\u00e0, il apprend \u00e0 aimer, \u00e0 choisir le th\u00e9\u00e2tre. Dans les livres, Guy R\u00e9gis Junior apprend \u00e0 se passionner pour la po\u00e9sie, la litt\u00e9rature. A l\u2019Institut Fran\u00e7ais, il suit des cours sur le th\u00e9\u00e2tre vers 1995 et 1996, anim\u00e9s par le com\u00e9dien fran\u00e7ais Herv\u00e9 Chapelle, de passage en Ha\u00efti.<\/p>\n<p style=\"text-align: justify;\">\u00ab\u00a0J\u2019ai rencontr\u00e9 plein de gens, des professionnels du th\u00e9\u00e2tre. Mais je me suis surtout form\u00e9 gr\u00e2ce \u00e0 mes ann\u00e9es pass\u00e9es \u00e0 travailler comme \u00e9clairagiste de spectacles.\u00a0\u00bb Raconte-t-il. Il travaille en collaboration avec des musiciens, des danseurs et hommes de th\u00e9\u00e2tre ha\u00eftien et \u00e9trangers qui pr\u00e9sentent leurs spectacles \u00e0 l\u2019Institut fran\u00e7ais. Ce fut la belle \u00e9poque \u00e0 la cit\u00e9 de l\u2019Exposition internationale, le Bicentenaire, et cela lui donne une perception plus large du th\u00e9\u00e2tre comme art de la sc\u00e8ne \u00e0 part enti\u00e8re d\u2019un cri, d\u2019une forme, d\u2019un tableau, d\u2019un roman\u2026\u00a0\u00bb Son th\u00e9\u00e2tre dit, crie. Il puise ses sujets partout\u00a0: dans l\u2019actualit\u00e9, les sc\u00e8nes de rue, les exhibitions d\u2019un fou, ses paroles, schizophr\u00e9niques. Je m\u2019inspire, d\u2019un flamboyant qui pousse, dans un tableau de C\u00e9dor, dans le bleu (ah, j\u2019adore le bleu).<\/p>\n<p style=\"text-align: justify;\"><img fetchpriority=\"high\" decoding=\"async\" class=\"wp-image-3727 size-full aligncenter\" src=\"https:\/\/enlisantfestival.com\/fr\/wp-content\/uploads\/2020\/10\/IMG_7658.jpeg\" alt=\"\" width=\"600\" height=\"409\" srcset=\"https:\/\/enlisantfestival.com\/fr\/wp-content\/uploads\/2020\/10\/IMG_7658.jpeg 600w, https:\/\/enlisantfestival.com\/fr\/wp-content\/uploads\/2020\/10\/IMG_7658-300x205.jpeg 300w\" sizes=\"(max-width: 600px) 100vw, 600px\" \/><\/p>\n<p style=\"text-align: justify;\">En effet, Guy R\u00e9gis Junior avoue faire toujours r\u00e9f\u00e9rence au bleu dans ces pi\u00e8ces. \u00ab\u00a0 Ce dont je suis certain, c\u2019est que l\u2019homme indign\u00e9 des oreilles doit chercher \u00e0 atteindre ce qu\u2019il a \u00e0 dire, ne serait-ce que pour \u00e9clairer nos lanternes. Nietzsche, Sartre et Camus n\u2019\u00e9taient pas Ha\u00eftiens mais leurs cris \u00e9taient authentiques.\u00a0\u00bb Avance-t-il.<\/p>\n<p style=\"text-align: justify;\">Tout ce qui est immobile sans vie m\u2019est flasque et insupportable<\/p>\n<p style=\"text-align: justify;\">Les cr\u00e9ations de Guy R\u00e9gis Junior sont diff\u00e9rentes les unes des autres. Le metteur en sc\u00e8ne progresse dans son travail. \u00ab\u00a0Sinon il faudrait m\u2019arr\u00eater net, trouver un autre m\u00e9tier\u00a0\u00bb. Il travaille sur la mise en sc\u00e8ne de la pi\u00e8ce de cet auteur suisse Max Frisch, Monsieur Bonhomme et les Incendiaires, qui sera pr\u00e9sent\u00e9e \u00e0 la 3<sup>e<\/sup> \u00e9dition du \u00ab\u00a0Festival des Quatre Chemins\u00a0\u00bb en 2006.<\/p>\n<p style=\"text-align: justify;\"><img decoding=\"async\" class=\"wp-image-3728 size-full aligncenter\" src=\"https:\/\/enlisantfestival.com\/fr\/wp-content\/uploads\/2020\/10\/IMG_7662.jpeg\" alt=\"\" width=\"960\" height=\"610\" srcset=\"https:\/\/enlisantfestival.com\/fr\/wp-content\/uploads\/2020\/10\/IMG_7662.jpeg 960w, https:\/\/enlisantfestival.com\/fr\/wp-content\/uploads\/2020\/10\/IMG_7662-300x191.jpeg 300w, https:\/\/enlisantfestival.com\/fr\/wp-content\/uploads\/2020\/10\/IMG_7662-768x488.jpeg 768w\" sizes=\"(max-width: 960px) 100vw, 960px\" \/><\/p>\n<p style=\"text-align: justify;\">Le mouvement appara\u00eet comme le temps fort dans la cr\u00e9ation de Guy R\u00e9gis Junior. \u00ab\u00a0Dans mes spectacles, c\u2019est par l\u00e0 qu\u2019interviennent mes\u00a0 propres sensibilit\u00e9s. Guy R\u00e9gis Junior d\u00e9clare appartenir au si\u00e8cle du mouvement. \u00ab\u00a0Tout Ce qui est immobile, Sans vie m\u2019est flasque et insupportable\u00a0\u00bb Confie-t-il. La jouissance textuelle est fortement pr\u00e9sente dans mes mises en sc\u00e8ne. Cela vient de sa formation de po\u00e8te, le po\u00e8te des gestes et des mots qu\u2019il est. La musicalit\u00e9 impr\u00e8gne Etienne aurait dit la sensualit\u00e9\u00a0\u00bb. Cette grammaire des gestes, s\u2019est constitu\u00e9e au fil des cr\u00e9ations, des s\u00e9ances de travail avec des com\u00e9diens. Le metteur en sc\u00e8ne et ses acteurs travaillent \u00e0 la cr\u00e9ation d\u2019un langage th\u00e9\u00e2tral propre \u00e0 NOUS.<\/p>\n<p><strong>Chenald Augustin<\/strong>[\/vc_column_text][\/vc_column][\/vc_row]<\/p>\n<\/div>","protected":false},"excerpt":{"rendered":"<p>[vc_row][vc_column][vc_column_text] Guy R\u00e9gis Junior est com\u00e9dien, dramaturge, metteur en sc\u00e8ne, po\u00e8te et \u00e9clairagiste \u00e0 la troupe NOUS. \u00ab\u00a0Jeune adolescent, \u00e0 la rue Charreron, mon quartier quand les gosses sifflaient les [&hellip;]<\/p>\n","protected":false},"author":1,"featured_media":3729,"comment_status":"open","ping_status":"open","sticky":false,"template":"","format":"aside","meta":{"_FSMCFIC_featured_image_caption":"","_FSMCFIC_featured_image_nocaption":"","_FSMCFIC_featured_image_hide":"","footnotes":""},"categories":[98],"tags":[],"class_list":["post-3726","post","type-post","status-publish","format-aside","has-post-thumbnail","hentry","category-galerie-des-portraits","post_format-post-format-aside"],"yoast_head":"<!-- This site is optimized with the Yoast SEO plugin v27.0 - https:\/\/yoast.com\/product\/yoast-seo-wordpress\/ -->\n<title>Dialogue avec le grammairien des gestes, Guy R. Junior - En Lisant festival de th\u00e9\u00e2tre<\/title>\n<meta name=\"robots\" content=\"index, follow, max-snippet:-1, max-image-preview:large, max-video-preview:-1\" \/>\n<link rel=\"canonical\" href=\"https:\/\/enlisantfestival.com\/fr\/dialogue-avec-le-grammairien-des-gestes-guy-r-junior\/\" \/>\n<meta property=\"og:locale\" content=\"fr_FR\" \/>\n<meta property=\"og:type\" content=\"article\" \/>\n<meta property=\"og:title\" content=\"Dialogue avec le grammairien des gestes, Guy R. Junior - En Lisant festival de th\u00e9\u00e2tre\" \/>\n<meta property=\"og:description\" content=\"[vc_row][vc_column][vc_column_text] Guy R\u00e9gis Junior est com\u00e9dien, dramaturge, metteur en sc\u00e8ne, po\u00e8te et \u00e9clairagiste \u00e0 la troupe NOUS. \u00ab\u00a0Jeune adolescent, \u00e0 la rue Charreron, mon quartier quand les gosses sifflaient les [&hellip;]\" \/>\n<meta property=\"og:url\" content=\"https:\/\/enlisantfestival.com\/fr\/dialogue-avec-le-grammairien-des-gestes-guy-r-junior\/\" \/>\n<meta property=\"og:site_name\" content=\"En Lisant festival de th\u00e9\u00e2tre\" \/>\n<meta property=\"article:published_time\" content=\"2020-10-07T17:07:32+00:00\" \/>\n<meta property=\"article:modified_time\" content=\"2020-10-12T13:16:20+00:00\" \/>\n<meta property=\"og:image\" content=\"https:\/\/enlisantfestival.com\/fr\/wp-content\/uploads\/2020\/10\/IMG_7663.jpeg\" \/>\n\t<meta property=\"og:image:width\" content=\"980\" \/>\n\t<meta property=\"og:image:height\" content=\"650\" \/>\n\t<meta property=\"og:image:type\" content=\"image\/jpeg\" \/>\n<meta name=\"author\" content=\"lionel\" \/>\n<meta name=\"twitter:card\" content=\"summary_large_image\" \/>\n<meta name=\"twitter:label1\" content=\"\u00c9crit par\" \/>\n\t<meta name=\"twitter:data1\" content=\"lionel\" \/>\n\t<meta name=\"twitter:label2\" content=\"Dur\u00e9e de lecture estim\u00e9e\" \/>\n\t<meta name=\"twitter:data2\" content=\"3 minutes\" \/>\n<script type=\"application\/ld+json\" class=\"yoast-schema-graph\">{\"@context\":\"https:\/\/schema.org\",\"@graph\":[{\"@type\":\"Article\",\"@id\":\"https:\/\/enlisantfestival.com\/fr\/dialogue-avec-le-grammairien-des-gestes-guy-r-junior\/#article\",\"isPartOf\":{\"@id\":\"https:\/\/enlisantfestival.com\/fr\/dialogue-avec-le-grammairien-des-gestes-guy-r-junior\/\"},\"author\":{\"name\":\"lionel\",\"@id\":\"https:\/\/enlisantfestival.com\/fr\/#\/schema\/person\/87e9b7267113e8db5ef729658a5440e4\"},\"headline\":\"Dialogue avec le grammairien des gestes, Guy R. Junior\",\"datePublished\":\"2020-10-07T17:07:32+00:00\",\"dateModified\":\"2020-10-12T13:16:20+00:00\",\"mainEntityOfPage\":{\"@id\":\"https:\/\/enlisantfestival.com\/fr\/dialogue-avec-le-grammairien-des-gestes-guy-r-junior\/\"},\"wordCount\":623,\"commentCount\":0,\"publisher\":{\"@id\":\"https:\/\/enlisantfestival.com\/fr\/#organization\"},\"image\":{\"@id\":\"https:\/\/enlisantfestival.com\/fr\/dialogue-avec-le-grammairien-des-gestes-guy-r-junior\/#primaryimage\"},\"thumbnailUrl\":\"https:\/\/enlisantfestival.com\/fr\/wp-content\/uploads\/2020\/10\/IMG_7663.jpeg\",\"articleSection\":[\"Galerie des Portraits\"],\"inLanguage\":\"fr-FR\",\"potentialAction\":[{\"@type\":\"CommentAction\",\"name\":\"Comment\",\"target\":[\"https:\/\/enlisantfestival.com\/fr\/dialogue-avec-le-grammairien-des-gestes-guy-r-junior\/#respond\"]}]},{\"@type\":\"WebPage\",\"@id\":\"https:\/\/enlisantfestival.com\/fr\/dialogue-avec-le-grammairien-des-gestes-guy-r-junior\/\",\"url\":\"https:\/\/enlisantfestival.com\/fr\/dialogue-avec-le-grammairien-des-gestes-guy-r-junior\/\",\"name\":\"Dialogue avec le grammairien des gestes, Guy R. Junior - En Lisant festival de th\u00e9\u00e2tre\",\"isPartOf\":{\"@id\":\"https:\/\/enlisantfestival.com\/fr\/#website\"},\"primaryImageOfPage\":{\"@id\":\"https:\/\/enlisantfestival.com\/fr\/dialogue-avec-le-grammairien-des-gestes-guy-r-junior\/#primaryimage\"},\"image\":{\"@id\":\"https:\/\/enlisantfestival.com\/fr\/dialogue-avec-le-grammairien-des-gestes-guy-r-junior\/#primaryimage\"},\"thumbnailUrl\":\"https:\/\/enlisantfestival.com\/fr\/wp-content\/uploads\/2020\/10\/IMG_7663.jpeg\",\"datePublished\":\"2020-10-07T17:07:32+00:00\",\"dateModified\":\"2020-10-12T13:16:20+00:00\",\"breadcrumb\":{\"@id\":\"https:\/\/enlisantfestival.com\/fr\/dialogue-avec-le-grammairien-des-gestes-guy-r-junior\/#breadcrumb\"},\"inLanguage\":\"fr-FR\",\"potentialAction\":[{\"@type\":\"ReadAction\",\"target\":[\"https:\/\/enlisantfestival.com\/fr\/dialogue-avec-le-grammairien-des-gestes-guy-r-junior\/\"]}]},{\"@type\":\"ImageObject\",\"inLanguage\":\"fr-FR\",\"@id\":\"https:\/\/enlisantfestival.com\/fr\/dialogue-avec-le-grammairien-des-gestes-guy-r-junior\/#primaryimage\",\"url\":\"https:\/\/enlisantfestival.com\/fr\/wp-content\/uploads\/2020\/10\/IMG_7663.jpeg\",\"contentUrl\":\"https:\/\/enlisantfestival.com\/fr\/wp-content\/uploads\/2020\/10\/IMG_7663.jpeg\",\"width\":980,\"height\":650},{\"@type\":\"BreadcrumbList\",\"@id\":\"https:\/\/enlisantfestival.com\/fr\/dialogue-avec-le-grammairien-des-gestes-guy-r-junior\/#breadcrumb\",\"itemListElement\":[{\"@type\":\"ListItem\",\"position\":1,\"name\":\"Accueil\",\"item\":\"https:\/\/enlisantfestival.com\/fr\/\"},{\"@type\":\"ListItem\",\"position\":2,\"name\":\"Dialogue avec le grammairien des gestes, Guy R. Junior\"}]},{\"@type\":\"WebSite\",\"@id\":\"https:\/\/enlisantfestival.com\/fr\/#website\",\"url\":\"https:\/\/enlisantfestival.com\/fr\/\",\"name\":\"En Lisant festival de th\u00e9\u00e2tre\",\"description\":\"\",\"publisher\":{\"@id\":\"https:\/\/enlisantfestival.com\/fr\/#organization\"},\"potentialAction\":[{\"@type\":\"SearchAction\",\"target\":{\"@type\":\"EntryPoint\",\"urlTemplate\":\"https:\/\/enlisantfestival.com\/fr\/?s={search_term_string}\"},\"query-input\":{\"@type\":\"PropertyValueSpecification\",\"valueRequired\":true,\"valueName\":\"search_term_string\"}}],\"inLanguage\":\"fr-FR\"},{\"@type\":\"Organization\",\"@id\":\"https:\/\/enlisantfestival.com\/fr\/#organization\",\"name\":\"En Lisant festival de th\u00e9\u00e2tre\",\"url\":\"https:\/\/enlisantfestival.com\/fr\/\",\"logo\":{\"@type\":\"ImageObject\",\"inLanguage\":\"fr-FR\",\"@id\":\"https:\/\/enlisantfestival.com\/fr\/#\/schema\/logo\/image\/\",\"url\":\"https:\/\/enlisantfestival.com\/fr\/wp-content\/uploads\/2020\/09\/en-lisant-logo.png\",\"contentUrl\":\"https:\/\/enlisantfestival.com\/fr\/wp-content\/uploads\/2020\/09\/en-lisant-logo.png\",\"width\":600,\"height\":343,\"caption\":\"En Lisant festival de th\u00e9\u00e2tre\"},\"image\":{\"@id\":\"https:\/\/enlisantfestival.com\/fr\/#\/schema\/logo\/image\/\"}},{\"@type\":\"Person\",\"@id\":\"https:\/\/enlisantfestival.com\/fr\/#\/schema\/person\/87e9b7267113e8db5ef729658a5440e4\",\"name\":\"lionel\",\"image\":{\"@type\":\"ImageObject\",\"inLanguage\":\"fr-FR\",\"@id\":\"https:\/\/enlisantfestival.com\/fr\/#\/schema\/person\/image\/\",\"url\":\"https:\/\/secure.gravatar.com\/avatar\/0361bef51de40b6b2e5c0d693a6d8f9c483d0ca194576592d0168a26c347ce45?s=96&d=mm&r=g\",\"contentUrl\":\"https:\/\/secure.gravatar.com\/avatar\/0361bef51de40b6b2e5c0d693a6d8f9c483d0ca194576592d0168a26c347ce45?s=96&d=mm&r=g\",\"caption\":\"lionel\"},\"url\":\"https:\/\/enlisantfestival.com\/fr\/author\/lionel\/\"}]}<\/script>\n<!-- \/ Yoast SEO plugin. -->","yoast_head_json":{"title":"Dialogue avec le grammairien des gestes, Guy R. Junior - En Lisant festival de th\u00e9\u00e2tre","robots":{"index":"index","follow":"follow","max-snippet":"max-snippet:-1","max-image-preview":"max-image-preview:large","max-video-preview":"max-video-preview:-1"},"canonical":"https:\/\/enlisantfestival.com\/fr\/dialogue-avec-le-grammairien-des-gestes-guy-r-junior\/","og_locale":"fr_FR","og_type":"article","og_title":"Dialogue avec le grammairien des gestes, Guy R. Junior - En Lisant festival de th\u00e9\u00e2tre","og_description":"[vc_row][vc_column][vc_column_text] Guy R\u00e9gis Junior est com\u00e9dien, dramaturge, metteur en sc\u00e8ne, po\u00e8te et \u00e9clairagiste \u00e0 la troupe NOUS. \u00ab\u00a0Jeune adolescent, \u00e0 la rue Charreron, mon quartier quand les gosses sifflaient les [&hellip;]","og_url":"https:\/\/enlisantfestival.com\/fr\/dialogue-avec-le-grammairien-des-gestes-guy-r-junior\/","og_site_name":"En Lisant festival de th\u00e9\u00e2tre","article_published_time":"2020-10-07T17:07:32+00:00","article_modified_time":"2020-10-12T13:16:20+00:00","og_image":[{"width":980,"height":650,"url":"https:\/\/enlisantfestival.com\/fr\/wp-content\/uploads\/2020\/10\/IMG_7663.jpeg","type":"image\/jpeg"}],"author":"lionel","twitter_card":"summary_large_image","twitter_misc":{"\u00c9crit par":"lionel","Dur\u00e9e de lecture estim\u00e9e":"3 minutes"},"schema":{"@context":"https:\/\/schema.org","@graph":[{"@type":"Article","@id":"https:\/\/enlisantfestival.com\/fr\/dialogue-avec-le-grammairien-des-gestes-guy-r-junior\/#article","isPartOf":{"@id":"https:\/\/enlisantfestival.com\/fr\/dialogue-avec-le-grammairien-des-gestes-guy-r-junior\/"},"author":{"name":"lionel","@id":"https:\/\/enlisantfestival.com\/fr\/#\/schema\/person\/87e9b7267113e8db5ef729658a5440e4"},"headline":"Dialogue avec le grammairien des gestes, Guy R. Junior","datePublished":"2020-10-07T17:07:32+00:00","dateModified":"2020-10-12T13:16:20+00:00","mainEntityOfPage":{"@id":"https:\/\/enlisantfestival.com\/fr\/dialogue-avec-le-grammairien-des-gestes-guy-r-junior\/"},"wordCount":623,"commentCount":0,"publisher":{"@id":"https:\/\/enlisantfestival.com\/fr\/#organization"},"image":{"@id":"https:\/\/enlisantfestival.com\/fr\/dialogue-avec-le-grammairien-des-gestes-guy-r-junior\/#primaryimage"},"thumbnailUrl":"https:\/\/enlisantfestival.com\/fr\/wp-content\/uploads\/2020\/10\/IMG_7663.jpeg","articleSection":["Galerie des Portraits"],"inLanguage":"fr-FR","potentialAction":[{"@type":"CommentAction","name":"Comment","target":["https:\/\/enlisantfestival.com\/fr\/dialogue-avec-le-grammairien-des-gestes-guy-r-junior\/#respond"]}]},{"@type":"WebPage","@id":"https:\/\/enlisantfestival.com\/fr\/dialogue-avec-le-grammairien-des-gestes-guy-r-junior\/","url":"https:\/\/enlisantfestival.com\/fr\/dialogue-avec-le-grammairien-des-gestes-guy-r-junior\/","name":"Dialogue avec le grammairien des gestes, Guy R. Junior - En Lisant festival de th\u00e9\u00e2tre","isPartOf":{"@id":"https:\/\/enlisantfestival.com\/fr\/#website"},"primaryImageOfPage":{"@id":"https:\/\/enlisantfestival.com\/fr\/dialogue-avec-le-grammairien-des-gestes-guy-r-junior\/#primaryimage"},"image":{"@id":"https:\/\/enlisantfestival.com\/fr\/dialogue-avec-le-grammairien-des-gestes-guy-r-junior\/#primaryimage"},"thumbnailUrl":"https:\/\/enlisantfestival.com\/fr\/wp-content\/uploads\/2020\/10\/IMG_7663.jpeg","datePublished":"2020-10-07T17:07:32+00:00","dateModified":"2020-10-12T13:16:20+00:00","breadcrumb":{"@id":"https:\/\/enlisantfestival.com\/fr\/dialogue-avec-le-grammairien-des-gestes-guy-r-junior\/#breadcrumb"},"inLanguage":"fr-FR","potentialAction":[{"@type":"ReadAction","target":["https:\/\/enlisantfestival.com\/fr\/dialogue-avec-le-grammairien-des-gestes-guy-r-junior\/"]}]},{"@type":"ImageObject","inLanguage":"fr-FR","@id":"https:\/\/enlisantfestival.com\/fr\/dialogue-avec-le-grammairien-des-gestes-guy-r-junior\/#primaryimage","url":"https:\/\/enlisantfestival.com\/fr\/wp-content\/uploads\/2020\/10\/IMG_7663.jpeg","contentUrl":"https:\/\/enlisantfestival.com\/fr\/wp-content\/uploads\/2020\/10\/IMG_7663.jpeg","width":980,"height":650},{"@type":"BreadcrumbList","@id":"https:\/\/enlisantfestival.com\/fr\/dialogue-avec-le-grammairien-des-gestes-guy-r-junior\/#breadcrumb","itemListElement":[{"@type":"ListItem","position":1,"name":"Accueil","item":"https:\/\/enlisantfestival.com\/fr\/"},{"@type":"ListItem","position":2,"name":"Dialogue avec le grammairien des gestes, Guy R. Junior"}]},{"@type":"WebSite","@id":"https:\/\/enlisantfestival.com\/fr\/#website","url":"https:\/\/enlisantfestival.com\/fr\/","name":"En Lisant festival de th\u00e9\u00e2tre","description":"","publisher":{"@id":"https:\/\/enlisantfestival.com\/fr\/#organization"},"potentialAction":[{"@type":"SearchAction","target":{"@type":"EntryPoint","urlTemplate":"https:\/\/enlisantfestival.com\/fr\/?s={search_term_string}"},"query-input":{"@type":"PropertyValueSpecification","valueRequired":true,"valueName":"search_term_string"}}],"inLanguage":"fr-FR"},{"@type":"Organization","@id":"https:\/\/enlisantfestival.com\/fr\/#organization","name":"En Lisant festival de th\u00e9\u00e2tre","url":"https:\/\/enlisantfestival.com\/fr\/","logo":{"@type":"ImageObject","inLanguage":"fr-FR","@id":"https:\/\/enlisantfestival.com\/fr\/#\/schema\/logo\/image\/","url":"https:\/\/enlisantfestival.com\/fr\/wp-content\/uploads\/2020\/09\/en-lisant-logo.png","contentUrl":"https:\/\/enlisantfestival.com\/fr\/wp-content\/uploads\/2020\/09\/en-lisant-logo.png","width":600,"height":343,"caption":"En Lisant festival de th\u00e9\u00e2tre"},"image":{"@id":"https:\/\/enlisantfestival.com\/fr\/#\/schema\/logo\/image\/"}},{"@type":"Person","@id":"https:\/\/enlisantfestival.com\/fr\/#\/schema\/person\/87e9b7267113e8db5ef729658a5440e4","name":"lionel","image":{"@type":"ImageObject","inLanguage":"fr-FR","@id":"https:\/\/enlisantfestival.com\/fr\/#\/schema\/person\/image\/","url":"https:\/\/secure.gravatar.com\/avatar\/0361bef51de40b6b2e5c0d693a6d8f9c483d0ca194576592d0168a26c347ce45?s=96&d=mm&r=g","contentUrl":"https:\/\/secure.gravatar.com\/avatar\/0361bef51de40b6b2e5c0d693a6d8f9c483d0ca194576592d0168a26c347ce45?s=96&d=mm&r=g","caption":"lionel"},"url":"https:\/\/enlisantfestival.com\/fr\/author\/lionel\/"}]}},"_links":{"self":[{"href":"https:\/\/enlisantfestival.com\/fr\/wp-json\/wp\/v2\/posts\/3726","targetHints":{"allow":["GET"]}}],"collection":[{"href":"https:\/\/enlisantfestival.com\/fr\/wp-json\/wp\/v2\/posts"}],"about":[{"href":"https:\/\/enlisantfestival.com\/fr\/wp-json\/wp\/v2\/types\/post"}],"author":[{"embeddable":true,"href":"https:\/\/enlisantfestival.com\/fr\/wp-json\/wp\/v2\/users\/1"}],"replies":[{"embeddable":true,"href":"https:\/\/enlisantfestival.com\/fr\/wp-json\/wp\/v2\/comments?post=3726"}],"version-history":[{"count":7,"href":"https:\/\/enlisantfestival.com\/fr\/wp-json\/wp\/v2\/posts\/3726\/revisions"}],"predecessor-version":[{"id":3737,"href":"https:\/\/enlisantfestival.com\/fr\/wp-json\/wp\/v2\/posts\/3726\/revisions\/3737"}],"wp:featuredmedia":[{"embeddable":true,"href":"https:\/\/enlisantfestival.com\/fr\/wp-json\/wp\/v2\/media\/3729"}],"wp:attachment":[{"href":"https:\/\/enlisantfestival.com\/fr\/wp-json\/wp\/v2\/media?parent=3726"}],"wp:term":[{"taxonomy":"category","embeddable":true,"href":"https:\/\/enlisantfestival.com\/fr\/wp-json\/wp\/v2\/categories?post=3726"},{"taxonomy":"post_tag","embeddable":true,"href":"https:\/\/enlisantfestival.com\/fr\/wp-json\/wp\/v2\/tags?post=3726"}],"curies":[{"name":"wp","href":"https:\/\/api.w.org\/{rel}","templated":true}]}}