{"id":3811,"date":"2020-11-16T03:48:16","date_gmt":"2020-11-16T02:48:16","guid":{"rendered":"https:\/\/enlisantfestival.com\/fr\/?p=3811"},"modified":"2020-11-18T03:57:44","modified_gmt":"2020-11-18T02:57:44","slug":"mot-de-la-direction-artistique","status":"publish","type":"post","link":"https:\/\/enlisantfestival.com\/fr\/mot-de-la-direction-artistique\/","title":{"rendered":"Mot de la direction artistique"},"content":{"rendered":"\t\t<div data-elementor-type=\"wp-post\" data-elementor-id=\"3811\" class=\"elementor elementor-3811\" data-elementor-settings=\"{&quot;ha_cmc_init_switcher&quot;:&quot;no&quot;}\">\n\t\t\t\t\t\t<section class=\"elementor-section elementor-top-section elementor-element elementor-element-7b008ab elementor-section-boxed elementor-section-height-default elementor-section-height-default\" data-id=\"7b008ab\" data-element_type=\"section\" data-e-type=\"section\" data-settings=\"{&quot;_ha_eqh_enable&quot;:false}\">\n\t\t\t\t\t\t<div class=\"elementor-container elementor-column-gap-default\">\n\t\t\t\t\t<div class=\"elementor-column elementor-col-100 elementor-top-column elementor-element elementor-element-e22c822\" data-id=\"e22c822\" data-element_type=\"column\" data-e-type=\"column\">\n\t\t\t<div class=\"elementor-widget-wrap elementor-element-populated\">\n\t\t\t\t\t\t<div class=\"elementor-element elementor-element-d1d4489 elementor-widget elementor-widget-text-editor\" data-id=\"d1d4489\" data-element_type=\"widget\" data-e-type=\"widget\" data-widget_type=\"text-editor.default\">\n\t\t\t\t<div class=\"elementor-widget-container\">\n\t\t\t\t\t\t\t\t\t<p>L\u2019ann\u00e9e 2020 est travers\u00e9e par ce qui aurait d\u00fb \u00eatre un m\u00e9t\u00e9ore mais qui a perdur\u00e9 jusqu\u2019\u00e0 modifi\u00e9 les relations sociales<span style=\"text-decoration: line-through;\">,<\/span>\u00a0: la pand\u00e9mie de la Covid-19.<\/p><p>Une pand\u00e9mie<span style=\"text-decoration: line-through;\">,<\/span> qui, par sa propagation rapide et constante, a d\u00e9jou\u00e9 tous les pronostics, m\u00eame ceux qui ont \u00e9t\u00e9 projet\u00e9s par la Direction Artistique du festival En lisant. L\u2019\u00e9quipe d\u2019En lisant s\u2019est retrouv\u00e9e face \u00e0 une nouvelle r\u00e9alit\u00e9. Que faire ? Comment exister quand ce qui est fondamental pour votre survie, la relation spectateurs-sc\u00e8nes, est menac\u00e9 ? Car il existe de mani\u00e8re souterraine une relation intime entre les spectateurs et la sc\u00e8ne, lieu symbolique du spectacle vivant.<\/p><p>Pour exister, les op\u00e9rateurs culturels devaient se montrer cr\u00e9atifs, intelligents, en mobilisant les technologies de l\u2019information et de la communication \u00e0 leur avantage. Quoi de plus risqu\u00e9 que d\u2019aventurer le th\u00e9\u00e2tre sur le terrain min\u00e9 des r\u00e9seaux sociaux et des plateformes de diffusion en ligne\u00a0? Mais ne serait t-il pas tentant de substituer la d\u00e9pendance pr\u00e9suppos\u00e9e des spectateurs \u00e0 leurs t\u00e9l\u00e9phones portables par l\u2019intimit\u00e9 souterraine d\u2019avec la sc\u00e8ne\u00a0? Encore, un pari pascalien, gagnant-gagnant. Pour cela, l\u2019\u00e9quipe d\u2019En lisant va exp\u00e9rimenter pour une premi\u00e8re fois, la diffusion en direct de certaines repr\u00e9sentations de sa 5\u00e8me \u00e9dition. Un choix appropri\u00e9 vu les circonstances actuelles.<\/p><p>Mais au-del\u00e0 de cette satisfaction de ruser avec le contexte et le pouvoir d\u2019exister malgr\u00e9 tout, la Direction Artistique du festival d\u00e9plore l\u2019absence de ce corps \u00e0 corps \u00e0 port\u00e9e d\u2019applaudissements ayant toujours exist\u00e9 dans les \u00e9ditions pr\u00e9c\u00e9dentes. Mais si vivre implique de l\u2019espoir, elle (l\u2019\u00c9quipe d\u2019En lisant) compte vivement sur le retour du grand public lors de la prochaine \u00e9dition. Serait-ce possible? Vu les progr\u00e8s enregistr\u00e9s un peu partout \u00e0 travers le monde, on ose le croire.<\/p><p>En attendant, bonne participation&#8230;<\/p>\t\t\t\t\t\t\t\t<\/div>\n\t\t\t\t<\/div>\n\t\t\t\t\t<\/div>\n\t\t<\/div>\n\t\t\t\t\t<\/div>\n\t\t<\/section>\n\t\t\t\t<\/div>\n\t\t","protected":false},"excerpt":{"rendered":"<p>L\u2019ann\u00e9e 2020 est travers\u00e9e par ce qui aurait d\u00fb \u00eatre un m\u00e9t\u00e9ore mais qui a perdur\u00e9 jusqu\u2019\u00e0 modifi\u00e9 les relations sociales,\u00a0: la pand\u00e9mie de la Covid-19. Une pand\u00e9mie, qui, par [&hellip;]<\/p>\n","protected":false},"author":1,"featured_media":3796,"comment_status":"open","ping_status":"open","sticky":false,"template":"","format":"standard","meta":{"_FSMCFIC_featured_image_caption":"","_FSMCFIC_featured_image_nocaption":"","_FSMCFIC_featured_image_hide":"","footnotes":""},"categories":[1],"tags":[],"class_list":["post-3811","post","type-post","status-publish","format-standard","has-post-thumbnail","hentry","category-uncategorized"],"yoast_head":"<!-- This site is optimized with the Yoast SEO plugin v27.0 - https:\/\/yoast.com\/product\/yoast-seo-wordpress\/ -->\n<title>Mot de la direction artistique - En Lisant festival de th\u00e9\u00e2tre<\/title>\n<meta name=\"robots\" content=\"index, follow, max-snippet:-1, max-image-preview:large, max-video-preview:-1\" \/>\n<link rel=\"canonical\" href=\"https:\/\/enlisantfestival.com\/fr\/mot-de-la-direction-artistique\/\" \/>\n<meta property=\"og:locale\" content=\"fr_FR\" \/>\n<meta property=\"og:type\" content=\"article\" \/>\n<meta property=\"og:title\" content=\"Mot de la direction artistique - En Lisant festival de th\u00e9\u00e2tre\" \/>\n<meta property=\"og:description\" content=\"L\u2019ann\u00e9e 2020 est travers\u00e9e par ce qui aurait d\u00fb \u00eatre un m\u00e9t\u00e9ore mais qui a perdur\u00e9 jusqu\u2019\u00e0 modifi\u00e9 les relations sociales,\u00a0: la pand\u00e9mie de la Covid-19. Une pand\u00e9mie, qui, par [&hellip;]\" \/>\n<meta property=\"og:url\" content=\"https:\/\/enlisantfestival.com\/fr\/mot-de-la-direction-artistique\/\" \/>\n<meta property=\"og:site_name\" content=\"En Lisant festival de th\u00e9\u00e2tre\" \/>\n<meta property=\"article:published_time\" content=\"2020-11-16T02:48:16+00:00\" \/>\n<meta property=\"article:modified_time\" content=\"2020-11-18T02:57:44+00:00\" \/>\n<meta property=\"og:image\" content=\"https:\/\/enlisantfestival.com\/fr\/wp-content\/uploads\/2020\/11\/C550ECB5-DC09-4C5C-9E51-EBD2C33A1732.jpeg\" \/>\n\t<meta property=\"og:image:width\" content=\"1000\" \/>\n\t<meta property=\"og:image:height\" content=\"667\" \/>\n\t<meta property=\"og:image:type\" content=\"image\/jpeg\" \/>\n<meta name=\"author\" content=\"lionel\" \/>\n<meta name=\"twitter:card\" content=\"summary_large_image\" \/>\n<meta name=\"twitter:label1\" content=\"\u00c9crit par\" \/>\n\t<meta name=\"twitter:data1\" content=\"lionel\" \/>\n\t<meta name=\"twitter:label2\" content=\"Dur\u00e9e de lecture estim\u00e9e\" \/>\n\t<meta name=\"twitter:data2\" content=\"2 minutes\" \/>\n<script type=\"application\/ld+json\" class=\"yoast-schema-graph\">{\"@context\":\"https:\/\/schema.org\",\"@graph\":[{\"@type\":\"Article\",\"@id\":\"https:\/\/enlisantfestival.com\/fr\/mot-de-la-direction-artistique\/#article\",\"isPartOf\":{\"@id\":\"https:\/\/enlisantfestival.com\/fr\/mot-de-la-direction-artistique\/\"},\"author\":{\"name\":\"lionel\",\"@id\":\"https:\/\/enlisantfestival.com\/fr\/#\/schema\/person\/87e9b7267113e8db5ef729658a5440e4\"},\"headline\":\"Mot de la direction artistique\",\"datePublished\":\"2020-11-16T02:48:16+00:00\",\"dateModified\":\"2020-11-18T02:57:44+00:00\",\"mainEntityOfPage\":{\"@id\":\"https:\/\/enlisantfestival.com\/fr\/mot-de-la-direction-artistique\/\"},\"wordCount\":332,\"commentCount\":0,\"publisher\":{\"@id\":\"https:\/\/enlisantfestival.com\/fr\/#organization\"},\"image\":{\"@id\":\"https:\/\/enlisantfestival.com\/fr\/mot-de-la-direction-artistique\/#primaryimage\"},\"thumbnailUrl\":\"https:\/\/enlisantfestival.com\/fr\/wp-content\/uploads\/2020\/11\/C550ECB5-DC09-4C5C-9E51-EBD2C33A1732.jpeg\",\"articleSection\":[\"Uncategorized\"],\"inLanguage\":\"fr-FR\",\"potentialAction\":[{\"@type\":\"CommentAction\",\"name\":\"Comment\",\"target\":[\"https:\/\/enlisantfestival.com\/fr\/mot-de-la-direction-artistique\/#respond\"]}]},{\"@type\":\"WebPage\",\"@id\":\"https:\/\/enlisantfestival.com\/fr\/mot-de-la-direction-artistique\/\",\"url\":\"https:\/\/enlisantfestival.com\/fr\/mot-de-la-direction-artistique\/\",\"name\":\"Mot de la direction artistique - En Lisant festival de th\u00e9\u00e2tre\",\"isPartOf\":{\"@id\":\"https:\/\/enlisantfestival.com\/fr\/#website\"},\"primaryImageOfPage\":{\"@id\":\"https:\/\/enlisantfestival.com\/fr\/mot-de-la-direction-artistique\/#primaryimage\"},\"image\":{\"@id\":\"https:\/\/enlisantfestival.com\/fr\/mot-de-la-direction-artistique\/#primaryimage\"},\"thumbnailUrl\":\"https:\/\/enlisantfestival.com\/fr\/wp-content\/uploads\/2020\/11\/C550ECB5-DC09-4C5C-9E51-EBD2C33A1732.jpeg\",\"datePublished\":\"2020-11-16T02:48:16+00:00\",\"dateModified\":\"2020-11-18T02:57:44+00:00\",\"breadcrumb\":{\"@id\":\"https:\/\/enlisantfestival.com\/fr\/mot-de-la-direction-artistique\/#breadcrumb\"},\"inLanguage\":\"fr-FR\",\"potentialAction\":[{\"@type\":\"ReadAction\",\"target\":[\"https:\/\/enlisantfestival.com\/fr\/mot-de-la-direction-artistique\/\"]}]},{\"@type\":\"ImageObject\",\"inLanguage\":\"fr-FR\",\"@id\":\"https:\/\/enlisantfestival.com\/fr\/mot-de-la-direction-artistique\/#primaryimage\",\"url\":\"https:\/\/enlisantfestival.com\/fr\/wp-content\/uploads\/2020\/11\/C550ECB5-DC09-4C5C-9E51-EBD2C33A1732.jpeg\",\"contentUrl\":\"https:\/\/enlisantfestival.com\/fr\/wp-content\/uploads\/2020\/11\/C550ECB5-DC09-4C5C-9E51-EBD2C33A1732.jpeg\",\"width\":1000,\"height\":667},{\"@type\":\"BreadcrumbList\",\"@id\":\"https:\/\/enlisantfestival.com\/fr\/mot-de-la-direction-artistique\/#breadcrumb\",\"itemListElement\":[{\"@type\":\"ListItem\",\"position\":1,\"name\":\"Accueil\",\"item\":\"https:\/\/enlisantfestival.com\/fr\/\"},{\"@type\":\"ListItem\",\"position\":2,\"name\":\"Mot de la direction artistique\"}]},{\"@type\":\"WebSite\",\"@id\":\"https:\/\/enlisantfestival.com\/fr\/#website\",\"url\":\"https:\/\/enlisantfestival.com\/fr\/\",\"name\":\"En Lisant festival de th\u00e9\u00e2tre\",\"description\":\"\",\"publisher\":{\"@id\":\"https:\/\/enlisantfestival.com\/fr\/#organization\"},\"potentialAction\":[{\"@type\":\"SearchAction\",\"target\":{\"@type\":\"EntryPoint\",\"urlTemplate\":\"https:\/\/enlisantfestival.com\/fr\/?s={search_term_string}\"},\"query-input\":{\"@type\":\"PropertyValueSpecification\",\"valueRequired\":true,\"valueName\":\"search_term_string\"}}],\"inLanguage\":\"fr-FR\"},{\"@type\":\"Organization\",\"@id\":\"https:\/\/enlisantfestival.com\/fr\/#organization\",\"name\":\"En Lisant festival de th\u00e9\u00e2tre\",\"url\":\"https:\/\/enlisantfestival.com\/fr\/\",\"logo\":{\"@type\":\"ImageObject\",\"inLanguage\":\"fr-FR\",\"@id\":\"https:\/\/enlisantfestival.com\/fr\/#\/schema\/logo\/image\/\",\"url\":\"https:\/\/enlisantfestival.com\/fr\/wp-content\/uploads\/2020\/09\/en-lisant-logo.png\",\"contentUrl\":\"https:\/\/enlisantfestival.com\/fr\/wp-content\/uploads\/2020\/09\/en-lisant-logo.png\",\"width\":600,\"height\":343,\"caption\":\"En Lisant festival de th\u00e9\u00e2tre\"},\"image\":{\"@id\":\"https:\/\/enlisantfestival.com\/fr\/#\/schema\/logo\/image\/\"}},{\"@type\":\"Person\",\"@id\":\"https:\/\/enlisantfestival.com\/fr\/#\/schema\/person\/87e9b7267113e8db5ef729658a5440e4\",\"name\":\"lionel\",\"image\":{\"@type\":\"ImageObject\",\"inLanguage\":\"fr-FR\",\"@id\":\"https:\/\/enlisantfestival.com\/fr\/#\/schema\/person\/image\/\",\"url\":\"https:\/\/secure.gravatar.com\/avatar\/0361bef51de40b6b2e5c0d693a6d8f9c483d0ca194576592d0168a26c347ce45?s=96&d=mm&r=g\",\"contentUrl\":\"https:\/\/secure.gravatar.com\/avatar\/0361bef51de40b6b2e5c0d693a6d8f9c483d0ca194576592d0168a26c347ce45?s=96&d=mm&r=g\",\"caption\":\"lionel\"},\"url\":\"https:\/\/enlisantfestival.com\/fr\/author\/lionel\/\"}]}<\/script>\n<!-- \/ Yoast SEO plugin. -->","yoast_head_json":{"title":"Mot de la direction artistique - En Lisant festival de th\u00e9\u00e2tre","robots":{"index":"index","follow":"follow","max-snippet":"max-snippet:-1","max-image-preview":"max-image-preview:large","max-video-preview":"max-video-preview:-1"},"canonical":"https:\/\/enlisantfestival.com\/fr\/mot-de-la-direction-artistique\/","og_locale":"fr_FR","og_type":"article","og_title":"Mot de la direction artistique - En Lisant festival de th\u00e9\u00e2tre","og_description":"L\u2019ann\u00e9e 2020 est travers\u00e9e par ce qui aurait d\u00fb \u00eatre un m\u00e9t\u00e9ore mais qui a perdur\u00e9 jusqu\u2019\u00e0 modifi\u00e9 les relations sociales,\u00a0: la pand\u00e9mie de la Covid-19. Une pand\u00e9mie, qui, par [&hellip;]","og_url":"https:\/\/enlisantfestival.com\/fr\/mot-de-la-direction-artistique\/","og_site_name":"En Lisant festival de th\u00e9\u00e2tre","article_published_time":"2020-11-16T02:48:16+00:00","article_modified_time":"2020-11-18T02:57:44+00:00","og_image":[{"width":1000,"height":667,"url":"https:\/\/enlisantfestival.com\/fr\/wp-content\/uploads\/2020\/11\/C550ECB5-DC09-4C5C-9E51-EBD2C33A1732.jpeg","type":"image\/jpeg"}],"author":"lionel","twitter_card":"summary_large_image","twitter_misc":{"\u00c9crit par":"lionel","Dur\u00e9e de lecture estim\u00e9e":"2 minutes"},"schema":{"@context":"https:\/\/schema.org","@graph":[{"@type":"Article","@id":"https:\/\/enlisantfestival.com\/fr\/mot-de-la-direction-artistique\/#article","isPartOf":{"@id":"https:\/\/enlisantfestival.com\/fr\/mot-de-la-direction-artistique\/"},"author":{"name":"lionel","@id":"https:\/\/enlisantfestival.com\/fr\/#\/schema\/person\/87e9b7267113e8db5ef729658a5440e4"},"headline":"Mot de la direction artistique","datePublished":"2020-11-16T02:48:16+00:00","dateModified":"2020-11-18T02:57:44+00:00","mainEntityOfPage":{"@id":"https:\/\/enlisantfestival.com\/fr\/mot-de-la-direction-artistique\/"},"wordCount":332,"commentCount":0,"publisher":{"@id":"https:\/\/enlisantfestival.com\/fr\/#organization"},"image":{"@id":"https:\/\/enlisantfestival.com\/fr\/mot-de-la-direction-artistique\/#primaryimage"},"thumbnailUrl":"https:\/\/enlisantfestival.com\/fr\/wp-content\/uploads\/2020\/11\/C550ECB5-DC09-4C5C-9E51-EBD2C33A1732.jpeg","articleSection":["Uncategorized"],"inLanguage":"fr-FR","potentialAction":[{"@type":"CommentAction","name":"Comment","target":["https:\/\/enlisantfestival.com\/fr\/mot-de-la-direction-artistique\/#respond"]}]},{"@type":"WebPage","@id":"https:\/\/enlisantfestival.com\/fr\/mot-de-la-direction-artistique\/","url":"https:\/\/enlisantfestival.com\/fr\/mot-de-la-direction-artistique\/","name":"Mot de la direction artistique - En Lisant festival de th\u00e9\u00e2tre","isPartOf":{"@id":"https:\/\/enlisantfestival.com\/fr\/#website"},"primaryImageOfPage":{"@id":"https:\/\/enlisantfestival.com\/fr\/mot-de-la-direction-artistique\/#primaryimage"},"image":{"@id":"https:\/\/enlisantfestival.com\/fr\/mot-de-la-direction-artistique\/#primaryimage"},"thumbnailUrl":"https:\/\/enlisantfestival.com\/fr\/wp-content\/uploads\/2020\/11\/C550ECB5-DC09-4C5C-9E51-EBD2C33A1732.jpeg","datePublished":"2020-11-16T02:48:16+00:00","dateModified":"2020-11-18T02:57:44+00:00","breadcrumb":{"@id":"https:\/\/enlisantfestival.com\/fr\/mot-de-la-direction-artistique\/#breadcrumb"},"inLanguage":"fr-FR","potentialAction":[{"@type":"ReadAction","target":["https:\/\/enlisantfestival.com\/fr\/mot-de-la-direction-artistique\/"]}]},{"@type":"ImageObject","inLanguage":"fr-FR","@id":"https:\/\/enlisantfestival.com\/fr\/mot-de-la-direction-artistique\/#primaryimage","url":"https:\/\/enlisantfestival.com\/fr\/wp-content\/uploads\/2020\/11\/C550ECB5-DC09-4C5C-9E51-EBD2C33A1732.jpeg","contentUrl":"https:\/\/enlisantfestival.com\/fr\/wp-content\/uploads\/2020\/11\/C550ECB5-DC09-4C5C-9E51-EBD2C33A1732.jpeg","width":1000,"height":667},{"@type":"BreadcrumbList","@id":"https:\/\/enlisantfestival.com\/fr\/mot-de-la-direction-artistique\/#breadcrumb","itemListElement":[{"@type":"ListItem","position":1,"name":"Accueil","item":"https:\/\/enlisantfestival.com\/fr\/"},{"@type":"ListItem","position":2,"name":"Mot de la direction artistique"}]},{"@type":"WebSite","@id":"https:\/\/enlisantfestival.com\/fr\/#website","url":"https:\/\/enlisantfestival.com\/fr\/","name":"En Lisant festival de th\u00e9\u00e2tre","description":"","publisher":{"@id":"https:\/\/enlisantfestival.com\/fr\/#organization"},"potentialAction":[{"@type":"SearchAction","target":{"@type":"EntryPoint","urlTemplate":"https:\/\/enlisantfestival.com\/fr\/?s={search_term_string}"},"query-input":{"@type":"PropertyValueSpecification","valueRequired":true,"valueName":"search_term_string"}}],"inLanguage":"fr-FR"},{"@type":"Organization","@id":"https:\/\/enlisantfestival.com\/fr\/#organization","name":"En Lisant festival de th\u00e9\u00e2tre","url":"https:\/\/enlisantfestival.com\/fr\/","logo":{"@type":"ImageObject","inLanguage":"fr-FR","@id":"https:\/\/enlisantfestival.com\/fr\/#\/schema\/logo\/image\/","url":"https:\/\/enlisantfestival.com\/fr\/wp-content\/uploads\/2020\/09\/en-lisant-logo.png","contentUrl":"https:\/\/enlisantfestival.com\/fr\/wp-content\/uploads\/2020\/09\/en-lisant-logo.png","width":600,"height":343,"caption":"En Lisant festival de th\u00e9\u00e2tre"},"image":{"@id":"https:\/\/enlisantfestival.com\/fr\/#\/schema\/logo\/image\/"}},{"@type":"Person","@id":"https:\/\/enlisantfestival.com\/fr\/#\/schema\/person\/87e9b7267113e8db5ef729658a5440e4","name":"lionel","image":{"@type":"ImageObject","inLanguage":"fr-FR","@id":"https:\/\/enlisantfestival.com\/fr\/#\/schema\/person\/image\/","url":"https:\/\/secure.gravatar.com\/avatar\/0361bef51de40b6b2e5c0d693a6d8f9c483d0ca194576592d0168a26c347ce45?s=96&d=mm&r=g","contentUrl":"https:\/\/secure.gravatar.com\/avatar\/0361bef51de40b6b2e5c0d693a6d8f9c483d0ca194576592d0168a26c347ce45?s=96&d=mm&r=g","caption":"lionel"},"url":"https:\/\/enlisantfestival.com\/fr\/author\/lionel\/"}]}},"_links":{"self":[{"href":"https:\/\/enlisantfestival.com\/fr\/wp-json\/wp\/v2\/posts\/3811","targetHints":{"allow":["GET"]}}],"collection":[{"href":"https:\/\/enlisantfestival.com\/fr\/wp-json\/wp\/v2\/posts"}],"about":[{"href":"https:\/\/enlisantfestival.com\/fr\/wp-json\/wp\/v2\/types\/post"}],"author":[{"embeddable":true,"href":"https:\/\/enlisantfestival.com\/fr\/wp-json\/wp\/v2\/users\/1"}],"replies":[{"embeddable":true,"href":"https:\/\/enlisantfestival.com\/fr\/wp-json\/wp\/v2\/comments?post=3811"}],"version-history":[{"count":5,"href":"https:\/\/enlisantfestival.com\/fr\/wp-json\/wp\/v2\/posts\/3811\/revisions"}],"predecessor-version":[{"id":3816,"href":"https:\/\/enlisantfestival.com\/fr\/wp-json\/wp\/v2\/posts\/3811\/revisions\/3816"}],"wp:featuredmedia":[{"embeddable":true,"href":"https:\/\/enlisantfestival.com\/fr\/wp-json\/wp\/v2\/media\/3796"}],"wp:attachment":[{"href":"https:\/\/enlisantfestival.com\/fr\/wp-json\/wp\/v2\/media?parent=3811"}],"wp:term":[{"taxonomy":"category","embeddable":true,"href":"https:\/\/enlisantfestival.com\/fr\/wp-json\/wp\/v2\/categories?post=3811"},{"taxonomy":"post_tag","embeddable":true,"href":"https:\/\/enlisantfestival.com\/fr\/wp-json\/wp\/v2\/tags?post=3811"}],"curies":[{"name":"wp","href":"https:\/\/api.w.org\/{rel}","templated":true}]}}