{"id":3893,"date":"2021-10-25T07:51:50","date_gmt":"2021-10-25T05:51:50","guid":{"rendered":"https:\/\/enlisantfestival.com\/fr\/?p=3893"},"modified":"2021-10-27T15:56:56","modified_gmt":"2021-10-27T13:56:56","slug":"gaelle-bien-aime-sur-tous-les-fronts","status":"publish","type":"post","link":"https:\/\/enlisantfestival.com\/fr\/gaelle-bien-aime-sur-tous-les-fronts\/","title":{"rendered":"Ga\u00eblle Bien-Aim\u00e9 sur tous les fronts"},"content":{"rendered":"<div class=\"wpb-content-wrapper\"><p>[vc_row][vc_column][vc_column_text]<\/p>\n<p style=\"text-align: justify;\">Ga\u00eblle bien Aim\u00e9 est n\u00e9e le 22 d\u00e9cembre 1987. C&#8217;\u00e9tait &#8220;un mardi ensoleill\u00e9 vers 2h de l&#8217;apr\u00e8s midi&#8221;, se plait-elle \u00e0 pr\u00e9ciser comme si cela expliquait son incandescence. Aujourd&#8217;hui, la premi\u00e8re chose qu\u2019on relatera d&#8217;elle est, sans aucun doute, sa remarquable pr\u00e9sence sur les r\u00e9seaux sociaux. En exploitant ses talents et ses comp\u00e9tences d&#8217;humoriste, elle y propose un contenu \u00e0 la fois simple, agr\u00e9able et surtout tr\u00e8s instructif qui touche le c\u0153ur de ses milliers de suiveurs et de suiveuses. Facebook, tweeter, Instagram, Tik-Tok et Youtube constituent la plus large tribune de son &#8220;artivisme&#8221;, ainsi d\u00e9finit-elle sa<br \/>\nfa\u00e7on de mettre son th\u00e9\u00e2tre au service de son engagement.<\/p>\n<p style=\"text-align: justify;\">&#8220;Anriyan&#8221;, &#8220;K\u00e8skonfe ?&#8221;, Ga\u00eblle tourne en d\u00e9rision l&#8217;actualit\u00e9 politique pour mieux nous porter \u00e0 la questionner ; elle sensibilise et informe sur les droits des femmes et des filles ; elle d\u00e9niche dans nos petits gestes quotidiens, dans nos discours familiers, les manifestations les plus subtiles du machisme ordinaire qu&#8217;elle combat avec une grande d\u00e9termination.<\/p>\n<p style=\"text-align: justify;\">Cependant, avant de devenir, au fur et \u00e0 mesure, cette arme redoutable entre les mains de la combattante qu&#8217;elle est aujourd&#8217;hui, le th\u00e9\u00e2tre a d&#8217;abord \u00e9t\u00e9 pour elle un exutoire. L&#8217;adolescente complex\u00e9e qu&#8217;elle fut \u00e9prouvait, sur la sc\u00e8ne de son \u00e9cole, les premiers bonds de son estime de soi. Elle aimait se tenir devant ses camarades et relever le d\u00e9fi de retenir leurs attentions. Le th\u00e9\u00e2tre ne servira jusque-l\u00e0 qu&#8217;\u00e0 la pr\u00e9server de ses premiers ennuis existentiels. Elle avait des choses \u00e0 dire et la sc\u00e8ne \u00e9tait un lieu, peut-\u00eatre le seul, o\u00f9 elle avait l&#8217;assurance d&#8217;\u00eatre \u00e9cout\u00e9e.<\/p>\n<p style=\"text-align: justify;\">Elle allait se convaincre d&#8217;en faire sa profession quand le c\u00e9l\u00e8bre homme de th\u00e9\u00e2tre ha\u00eftien, Daniel Marcelin, a \u00e9t\u00e9 invit\u00e9 \u00e0 performer et \u00e0 animer une causerie autour du th\u00e9\u00e2tre, \u00e0 l&#8217;occasion de la traditionnelle f\u00eate du livre de son \u00e9cole. Nous sommes entre 2002 et 2003, d\u00e9j\u00e0 loin de l&#8217;\u00e2ge d&#8217;or du th\u00e9\u00e2tre ha\u00eftien. Le pays empruntait la pente de sa longue d\u00e9ch\u00e9ance et Port-au-Prince \u00e9num\u00e9rait, impuissant ou passif, la fermeture de ses derni\u00e8res salles de spectacle. Malgr\u00e9 cela, ils \u00e9taient encore tr\u00e8s nombreux ces jeunes com\u00e9diens et com\u00e9diennes qui osaient miser leur avenir sur ce m\u00e9tier incertain. Plusieurs initiatives exp\u00e9rimentaient des alternatives aux salles qui d\u00e9claraient faillite. Atelier Le vide fond\u00e9 par T\u00e9chelet Nicolas et Edouard Baptiste dit Youyou \u00e0 Carrefour, Dram&#8217;art par Rolando Etienne \u00e0 Martissant, COSAFH par Georges Beleck etc. Ces structures constituaient de v\u00e9ritables incubateurs de talent. La jeune fille les assistait, \u00e9merveill\u00e9e, d\u00e9clamer leur fi\u00e8vre de Pr\u00e9vert, de Philoct\u00e8te, de Chassagne, de Kateb Yacine&#8230; C&#8217;\u00e9tait l&#8217;\u00e9poque des montages de textes. Les com\u00e9diens et les com\u00e9diennes passaient De Barbara, Les tambours du soleil, Nedj\u00e9, au Cadavre encercl\u00e9. Elle s&#8217;est laiss\u00e9 ainsi enticher du plaisir du texte et du plaisir encore plus fort de le porter dans son corps, de le partager. Elle a d\u00e9cid\u00e9 de suivre la petite voix qui lui criait de plus en plus fort : &#8220;c&#8217;est ce que tu dois faire dans la vie, le th\u00e9\u00e2tre !&#8221;. En 2006, elle int\u00e8gre Le petit conservatoire, \u00e9cole de th\u00e9\u00e2tre et des arts de la parole, fond\u00e9e par son idole Daniel Marcelin, o\u00f9 elle boucle une formation en art dramatique.<\/p>\n<p style=\"text-align: justify;\">La jeune adolescente allait grandir. Son regard aussi. Sur son corps. Sur son environnement. Sur son corps sous les regards de son environnement. Elle acqui\u00e8re une compr\u00e9hension plus avis\u00e9e de sa condition de femme. Elle comprend que le poids de son corps, le poids de son sexe est historiquement d\u00e9termin\u00e9. Elle comprend que les quelques acquis dont elle jouit aujourd&#8217;hui sont le fruit de longs combats auxquels elle doit se rallier. Elle avait d\u00e9j\u00e0 l\u2019arme : le th\u00e9\u00e2tre ; il lui restait une cause qu&#8217;elle venait de trouver et d&#8217;embrasser de toutes ses forces : l&#8217;\u00e9mancipation. Pas seulement celle des femmes. Celle des hommes aussi ridiculement accroch\u00e9s aux privil\u00e8ges honteux du patriarcat. Toute sa carri\u00e8re de dramaturge, de com\u00e9dienne et de metteure en sc\u00e8ne sera d\u00e9di\u00e9e \u00e0 cette lutte. &#8220;Le genre et le nombre&#8221; en 2011, &#8220;Talon d&#8217;aiguille talon d&#8217;Achille&amp;quot; en 2015, &#8220;Je suis Ga\u00eblle&#8221; en 2016, &#8220;Que ton r\u00e8gne vienne&#8221; en 2019, d&#8217;une pi\u00e8ce \u00e0 l&#8217;autre, Ga\u00eblle Bien-Aim\u00e9, percute, d\u00e9range, nous tire de nos conforts st\u00e9riles. Elle a sign\u00e9 deux passages marquants au festival de th\u00e9\u00e2tre En lisant : \u00e0 la premi\u00e8re \u00e9dition en 2016 dans une mise en lecture avec Eliezer Guerisme de Dans la solitude des champs de coton de Bernard-Marie Kolt\u00e8s et en 2019 dans ses ateliers autour des textes de Guy Regis Junior, l\u2019invit\u00e9 d\u2019honneur de cette \u00e9dition.<\/p>\n<p style=\"text-align: justify;\">Les champs de bataille de Ga\u00eblle Bien-Aim\u00e9 se multiplient au fur et \u00e0 mesure qu&#8217;elle gagne en exp\u00e9rience et en lucidit\u00e9. Elle cofonde en 2016, l&#8217;Association f\u00e9ministe N\u00e8g\u00e8s mawon qui n&#8217;est qu\u2019une articulation plus politique de la m\u00eame cause de l&#8217;\u00e9mancipation. Jamais, cependant, elle ne s&#8217;\u00e9loigne du th\u00e9\u00e2tre. L&#8217;\u00e9v\u00e9nement phare de l&#8217;association, le festival N\u00e8g\u00e8s mawon, laisse une large place \u00e0 la repr\u00e9sentation des pi\u00e8ces et l&#8217;adaptations d&#8217;autres textes embrassant les combats f\u00e9ministes.<\/p>\n<p style=\"text-align: justify;\">Pendant ce temps l\u00e0, le pays poursuit sa vertigineuse pr\u00e9cipitation dans le chaos. Tous les r\u00eaves s&#8217;asphyxient sous le poids d&#8217;une ins\u00e9curit\u00e9 de plus en plus infernale, obligeant la population \u00e0 r\u00e9tr\u00e9cir ses aspirations. Le th\u00e9\u00e2tre particuli\u00e8rement, mais la cr\u00e9ation artistique et la culture plus largement, sont<br \/>\nen danger en Ha\u00efti. Les derniers incr\u00e9dules c\u00e8dent \u00e0 l&#8217;envie de partir ou de changer de m\u00e9tier, de changer de r\u00eave. Le petit conservatoire de Daniel Marcelin, Dram&#8217;art, Les ateliers Le vide, COSAFH, ainsi que de nombreuses petites compagnies de th\u00e9\u00e2tre, s&#8217;\u00e9teignent \u00e0 petit feu, l&#8217;un apr\u00e8s l&#8217;autre. Les<br \/>\ncom\u00e9diens et les com\u00e9diennes se font de plus en plus rares. Mais plusieurs adolescents et adolescentes, un peu partout dans le pays, subissent encore et malgr\u00e9 tout, l\u2019agression intime et secr\u00e8te du d\u00e9sire de monter la sc\u00e8ne. De faire du th\u00e9\u00e2tre. De faire du th\u00e9\u00e2tre. Ga\u00eblle Bien-Aim\u00e9 persiste. Elle vole \u00e0 leurs secours en fondant en 2018, avec quelques amis.es : Acte, \u00e9cole de formation d&#8217;acteur, dont elle est la directrice p\u00e9dagogique. &#8220;Je voulais faire un projet qui allait me lier d\u00e9finitivement \u00e0 ce pays, confesse-t-elle&#8221;. L&#8217;\u00e9cole r\u00e9pond \u00e0 la n\u00e9cessit\u00e9 de former des acteurs, de transmettre. La transmission est une fen\u00eatre ouverte sur<br \/>\nl&#8217;\u00e9ternit\u00e9. Il faut \u00e9ternellement mettre du sang neuf dans le secteur.&#8221;<\/p>\n<p style=\"text-align: justify;\">Constamment contrainte d&#8217;adapter son calendrier \u00e0 la conjoncture, l&#8217;\u00e9cole se pr\u00e9pare \u00e0 recevoir sa nouvelle promotion en avril 2022.<\/p>\n<p style=\"text-align: justify;\">Jean Billy Mond\u00e9sir<br \/>\nEcrivain et r\u00e9dacteur En Lisant<\/p>\n<p>[\/vc_column_text][\/vc_column][\/vc_row]<\/p>\n<\/div>","protected":false},"excerpt":{"rendered":"<p>On fait encore du th\u00e9\u00e2tre en Ha\u00efti. Du vrai th\u00e9\u00e2tre. Les simagr\u00e9es ridicules de l\u2019actualit\u00e9 nous portent \u00e0<br \/>\nl\u2019oublier. Mais, des hommes et des femmes passionn\u00e9s.es s\u2019accrochent d\u00e9sesp\u00e9r\u00e9ment \u00e0 ce m\u00e9tier.<br \/>\nIls.elles refusent la capitulation et persistent \u00e0 nous inviter au th\u00e9\u00e2tre. Le festival de th\u00e9\u00e2tre En lisant<br \/>\nvous invite \u00e0 les d\u00e9couvrir. Leurs parcours. Leurs combats.<\/p>\n","protected":false},"author":1,"featured_media":3894,"comment_status":"open","ping_status":"open","sticky":false,"template":"","format":"standard","meta":{"_FSMCFIC_featured_image_caption":"","_FSMCFIC_featured_image_nocaption":"","_FSMCFIC_featured_image_hide":"","footnotes":""},"categories":[104],"tags":[],"class_list":["post-3893","post","type-post","status-publish","format-standard","has-post-thumbnail","hentry","category-le-journal-d-en-lisant"],"yoast_head":"<!-- This site is optimized with the Yoast SEO plugin v27.0 - https:\/\/yoast.com\/product\/yoast-seo-wordpress\/ -->\n<title>Ga\u00eblle Bien-Aim\u00e9 sur tous les fronts - En Lisant festival de th\u00e9\u00e2tre<\/title>\n<meta name=\"robots\" content=\"index, follow, max-snippet:-1, max-image-preview:large, max-video-preview:-1\" \/>\n<link rel=\"canonical\" href=\"https:\/\/enlisantfestival.com\/fr\/gaelle-bien-aime-sur-tous-les-fronts\/\" \/>\n<meta property=\"og:locale\" content=\"fr_FR\" \/>\n<meta property=\"og:type\" content=\"article\" \/>\n<meta property=\"og:title\" content=\"Ga\u00eblle Bien-Aim\u00e9 sur tous les fronts - En Lisant festival de th\u00e9\u00e2tre\" \/>\n<meta property=\"og:description\" content=\"On fait encore du th\u00e9\u00e2tre en Ha\u00efti. Du vrai th\u00e9\u00e2tre. Les simagr\u00e9es ridicules de l\u2019actualit\u00e9 nous portent \u00e0 l\u2019oublier. Mais, des hommes et des femmes passionn\u00e9s.es s\u2019accrochent d\u00e9sesp\u00e9r\u00e9ment \u00e0 ce m\u00e9tier. Ils.elles refusent la capitulation et persistent \u00e0 nous inviter au th\u00e9\u00e2tre. Le festival de th\u00e9\u00e2tre En lisant vous invite \u00e0 les d\u00e9couvrir. Leurs parcours. Leurs combats.\" \/>\n<meta property=\"og:url\" content=\"https:\/\/enlisantfestival.com\/fr\/gaelle-bien-aime-sur-tous-les-fronts\/\" \/>\n<meta property=\"og:site_name\" content=\"En Lisant festival de th\u00e9\u00e2tre\" \/>\n<meta property=\"article:published_time\" content=\"2021-10-25T05:51:50+00:00\" \/>\n<meta property=\"article:modified_time\" content=\"2021-10-27T13:56:56+00:00\" \/>\n<meta property=\"og:image\" content=\"https:\/\/enlisantfestival.com\/fr\/wp-content\/uploads\/2021\/10\/photo-de-Gaelle-Bien-Aime-scaled.jpg\" \/>\n\t<meta property=\"og:image:width\" content=\"1962\" \/>\n\t<meta property=\"og:image:height\" content=\"2560\" \/>\n\t<meta property=\"og:image:type\" content=\"image\/jpeg\" \/>\n<meta name=\"author\" content=\"lionel\" \/>\n<meta name=\"twitter:card\" content=\"summary_large_image\" \/>\n<meta name=\"twitter:label1\" content=\"\u00c9crit par\" \/>\n\t<meta name=\"twitter:data1\" content=\"lionel\" \/>\n\t<meta name=\"twitter:label2\" content=\"Dur\u00e9e de lecture estim\u00e9e\" \/>\n\t<meta name=\"twitter:data2\" content=\"6 minutes\" \/>\n<script type=\"application\/ld+json\" class=\"yoast-schema-graph\">{\"@context\":\"https:\/\/schema.org\",\"@graph\":[{\"@type\":\"Article\",\"@id\":\"https:\/\/enlisantfestival.com\/fr\/gaelle-bien-aime-sur-tous-les-fronts\/#article\",\"isPartOf\":{\"@id\":\"https:\/\/enlisantfestival.com\/fr\/gaelle-bien-aime-sur-tous-les-fronts\/\"},\"author\":{\"name\":\"lionel\",\"@id\":\"https:\/\/enlisantfestival.com\/fr\/#\/schema\/person\/87e9b7267113e8db5ef729658a5440e4\"},\"headline\":\"Ga\u00eblle Bien-Aim\u00e9 sur tous les fronts\",\"datePublished\":\"2021-10-25T05:51:50+00:00\",\"dateModified\":\"2021-10-27T13:56:56+00:00\",\"mainEntityOfPage\":{\"@id\":\"https:\/\/enlisantfestival.com\/fr\/gaelle-bien-aime-sur-tous-les-fronts\/\"},\"wordCount\":1183,\"commentCount\":0,\"publisher\":{\"@id\":\"https:\/\/enlisantfestival.com\/fr\/#organization\"},\"image\":{\"@id\":\"https:\/\/enlisantfestival.com\/fr\/gaelle-bien-aime-sur-tous-les-fronts\/#primaryimage\"},\"thumbnailUrl\":\"https:\/\/enlisantfestival.com\/fr\/wp-content\/uploads\/2021\/10\/photo-de-Gaelle-Bien-Aime-scaled.jpg\",\"articleSection\":[\"Le journal d'En Lisant\"],\"inLanguage\":\"fr-FR\",\"potentialAction\":[{\"@type\":\"CommentAction\",\"name\":\"Comment\",\"target\":[\"https:\/\/enlisantfestival.com\/fr\/gaelle-bien-aime-sur-tous-les-fronts\/#respond\"]}]},{\"@type\":\"WebPage\",\"@id\":\"https:\/\/enlisantfestival.com\/fr\/gaelle-bien-aime-sur-tous-les-fronts\/\",\"url\":\"https:\/\/enlisantfestival.com\/fr\/gaelle-bien-aime-sur-tous-les-fronts\/\",\"name\":\"Ga\u00eblle Bien-Aim\u00e9 sur tous les fronts - En Lisant festival de th\u00e9\u00e2tre\",\"isPartOf\":{\"@id\":\"https:\/\/enlisantfestival.com\/fr\/#website\"},\"primaryImageOfPage\":{\"@id\":\"https:\/\/enlisantfestival.com\/fr\/gaelle-bien-aime-sur-tous-les-fronts\/#primaryimage\"},\"image\":{\"@id\":\"https:\/\/enlisantfestival.com\/fr\/gaelle-bien-aime-sur-tous-les-fronts\/#primaryimage\"},\"thumbnailUrl\":\"https:\/\/enlisantfestival.com\/fr\/wp-content\/uploads\/2021\/10\/photo-de-Gaelle-Bien-Aime-scaled.jpg\",\"datePublished\":\"2021-10-25T05:51:50+00:00\",\"dateModified\":\"2021-10-27T13:56:56+00:00\",\"breadcrumb\":{\"@id\":\"https:\/\/enlisantfestival.com\/fr\/gaelle-bien-aime-sur-tous-les-fronts\/#breadcrumb\"},\"inLanguage\":\"fr-FR\",\"potentialAction\":[{\"@type\":\"ReadAction\",\"target\":[\"https:\/\/enlisantfestival.com\/fr\/gaelle-bien-aime-sur-tous-les-fronts\/\"]}]},{\"@type\":\"ImageObject\",\"inLanguage\":\"fr-FR\",\"@id\":\"https:\/\/enlisantfestival.com\/fr\/gaelle-bien-aime-sur-tous-les-fronts\/#primaryimage\",\"url\":\"https:\/\/enlisantfestival.com\/fr\/wp-content\/uploads\/2021\/10\/photo-de-Gaelle-Bien-Aime-scaled.jpg\",\"contentUrl\":\"https:\/\/enlisantfestival.com\/fr\/wp-content\/uploads\/2021\/10\/photo-de-Gaelle-Bien-Aime-scaled.jpg\",\"width\":1962,\"height\":2560},{\"@type\":\"BreadcrumbList\",\"@id\":\"https:\/\/enlisantfestival.com\/fr\/gaelle-bien-aime-sur-tous-les-fronts\/#breadcrumb\",\"itemListElement\":[{\"@type\":\"ListItem\",\"position\":1,\"name\":\"Accueil\",\"item\":\"https:\/\/enlisantfestival.com\/fr\/\"},{\"@type\":\"ListItem\",\"position\":2,\"name\":\"Ga\u00eblle Bien-Aim\u00e9 sur tous les fronts\"}]},{\"@type\":\"WebSite\",\"@id\":\"https:\/\/enlisantfestival.com\/fr\/#website\",\"url\":\"https:\/\/enlisantfestival.com\/fr\/\",\"name\":\"En Lisant festival de th\u00e9\u00e2tre\",\"description\":\"\",\"publisher\":{\"@id\":\"https:\/\/enlisantfestival.com\/fr\/#organization\"},\"potentialAction\":[{\"@type\":\"SearchAction\",\"target\":{\"@type\":\"EntryPoint\",\"urlTemplate\":\"https:\/\/enlisantfestival.com\/fr\/?s={search_term_string}\"},\"query-input\":{\"@type\":\"PropertyValueSpecification\",\"valueRequired\":true,\"valueName\":\"search_term_string\"}}],\"inLanguage\":\"fr-FR\"},{\"@type\":\"Organization\",\"@id\":\"https:\/\/enlisantfestival.com\/fr\/#organization\",\"name\":\"En Lisant festival de th\u00e9\u00e2tre\",\"url\":\"https:\/\/enlisantfestival.com\/fr\/\",\"logo\":{\"@type\":\"ImageObject\",\"inLanguage\":\"fr-FR\",\"@id\":\"https:\/\/enlisantfestival.com\/fr\/#\/schema\/logo\/image\/\",\"url\":\"https:\/\/enlisantfestival.com\/fr\/wp-content\/uploads\/2020\/09\/en-lisant-logo.png\",\"contentUrl\":\"https:\/\/enlisantfestival.com\/fr\/wp-content\/uploads\/2020\/09\/en-lisant-logo.png\",\"width\":600,\"height\":343,\"caption\":\"En Lisant festival de th\u00e9\u00e2tre\"},\"image\":{\"@id\":\"https:\/\/enlisantfestival.com\/fr\/#\/schema\/logo\/image\/\"}},{\"@type\":\"Person\",\"@id\":\"https:\/\/enlisantfestival.com\/fr\/#\/schema\/person\/87e9b7267113e8db5ef729658a5440e4\",\"name\":\"lionel\",\"image\":{\"@type\":\"ImageObject\",\"inLanguage\":\"fr-FR\",\"@id\":\"https:\/\/enlisantfestival.com\/fr\/#\/schema\/person\/image\/\",\"url\":\"https:\/\/secure.gravatar.com\/avatar\/0361bef51de40b6b2e5c0d693a6d8f9c483d0ca194576592d0168a26c347ce45?s=96&d=mm&r=g\",\"contentUrl\":\"https:\/\/secure.gravatar.com\/avatar\/0361bef51de40b6b2e5c0d693a6d8f9c483d0ca194576592d0168a26c347ce45?s=96&d=mm&r=g\",\"caption\":\"lionel\"},\"url\":\"https:\/\/enlisantfestival.com\/fr\/author\/lionel\/\"}]}<\/script>\n<!-- \/ Yoast SEO plugin. -->","yoast_head_json":{"title":"Ga\u00eblle Bien-Aim\u00e9 sur tous les fronts - En Lisant festival de th\u00e9\u00e2tre","robots":{"index":"index","follow":"follow","max-snippet":"max-snippet:-1","max-image-preview":"max-image-preview:large","max-video-preview":"max-video-preview:-1"},"canonical":"https:\/\/enlisantfestival.com\/fr\/gaelle-bien-aime-sur-tous-les-fronts\/","og_locale":"fr_FR","og_type":"article","og_title":"Ga\u00eblle Bien-Aim\u00e9 sur tous les fronts - En Lisant festival de th\u00e9\u00e2tre","og_description":"On fait encore du th\u00e9\u00e2tre en Ha\u00efti. Du vrai th\u00e9\u00e2tre. Les simagr\u00e9es ridicules de l\u2019actualit\u00e9 nous portent \u00e0 l\u2019oublier. Mais, des hommes et des femmes passionn\u00e9s.es s\u2019accrochent d\u00e9sesp\u00e9r\u00e9ment \u00e0 ce m\u00e9tier. Ils.elles refusent la capitulation et persistent \u00e0 nous inviter au th\u00e9\u00e2tre. Le festival de th\u00e9\u00e2tre En lisant vous invite \u00e0 les d\u00e9couvrir. Leurs parcours. Leurs combats.","og_url":"https:\/\/enlisantfestival.com\/fr\/gaelle-bien-aime-sur-tous-les-fronts\/","og_site_name":"En Lisant festival de th\u00e9\u00e2tre","article_published_time":"2021-10-25T05:51:50+00:00","article_modified_time":"2021-10-27T13:56:56+00:00","og_image":[{"width":1962,"height":2560,"url":"https:\/\/enlisantfestival.com\/fr\/wp-content\/uploads\/2021\/10\/photo-de-Gaelle-Bien-Aime-scaled.jpg","type":"image\/jpeg"}],"author":"lionel","twitter_card":"summary_large_image","twitter_misc":{"\u00c9crit par":"lionel","Dur\u00e9e de lecture estim\u00e9e":"6 minutes"},"schema":{"@context":"https:\/\/schema.org","@graph":[{"@type":"Article","@id":"https:\/\/enlisantfestival.com\/fr\/gaelle-bien-aime-sur-tous-les-fronts\/#article","isPartOf":{"@id":"https:\/\/enlisantfestival.com\/fr\/gaelle-bien-aime-sur-tous-les-fronts\/"},"author":{"name":"lionel","@id":"https:\/\/enlisantfestival.com\/fr\/#\/schema\/person\/87e9b7267113e8db5ef729658a5440e4"},"headline":"Ga\u00eblle Bien-Aim\u00e9 sur tous les fronts","datePublished":"2021-10-25T05:51:50+00:00","dateModified":"2021-10-27T13:56:56+00:00","mainEntityOfPage":{"@id":"https:\/\/enlisantfestival.com\/fr\/gaelle-bien-aime-sur-tous-les-fronts\/"},"wordCount":1183,"commentCount":0,"publisher":{"@id":"https:\/\/enlisantfestival.com\/fr\/#organization"},"image":{"@id":"https:\/\/enlisantfestival.com\/fr\/gaelle-bien-aime-sur-tous-les-fronts\/#primaryimage"},"thumbnailUrl":"https:\/\/enlisantfestival.com\/fr\/wp-content\/uploads\/2021\/10\/photo-de-Gaelle-Bien-Aime-scaled.jpg","articleSection":["Le journal d'En Lisant"],"inLanguage":"fr-FR","potentialAction":[{"@type":"CommentAction","name":"Comment","target":["https:\/\/enlisantfestival.com\/fr\/gaelle-bien-aime-sur-tous-les-fronts\/#respond"]}]},{"@type":"WebPage","@id":"https:\/\/enlisantfestival.com\/fr\/gaelle-bien-aime-sur-tous-les-fronts\/","url":"https:\/\/enlisantfestival.com\/fr\/gaelle-bien-aime-sur-tous-les-fronts\/","name":"Ga\u00eblle Bien-Aim\u00e9 sur tous les fronts - En Lisant festival de th\u00e9\u00e2tre","isPartOf":{"@id":"https:\/\/enlisantfestival.com\/fr\/#website"},"primaryImageOfPage":{"@id":"https:\/\/enlisantfestival.com\/fr\/gaelle-bien-aime-sur-tous-les-fronts\/#primaryimage"},"image":{"@id":"https:\/\/enlisantfestival.com\/fr\/gaelle-bien-aime-sur-tous-les-fronts\/#primaryimage"},"thumbnailUrl":"https:\/\/enlisantfestival.com\/fr\/wp-content\/uploads\/2021\/10\/photo-de-Gaelle-Bien-Aime-scaled.jpg","datePublished":"2021-10-25T05:51:50+00:00","dateModified":"2021-10-27T13:56:56+00:00","breadcrumb":{"@id":"https:\/\/enlisantfestival.com\/fr\/gaelle-bien-aime-sur-tous-les-fronts\/#breadcrumb"},"inLanguage":"fr-FR","potentialAction":[{"@type":"ReadAction","target":["https:\/\/enlisantfestival.com\/fr\/gaelle-bien-aime-sur-tous-les-fronts\/"]}]},{"@type":"ImageObject","inLanguage":"fr-FR","@id":"https:\/\/enlisantfestival.com\/fr\/gaelle-bien-aime-sur-tous-les-fronts\/#primaryimage","url":"https:\/\/enlisantfestival.com\/fr\/wp-content\/uploads\/2021\/10\/photo-de-Gaelle-Bien-Aime-scaled.jpg","contentUrl":"https:\/\/enlisantfestival.com\/fr\/wp-content\/uploads\/2021\/10\/photo-de-Gaelle-Bien-Aime-scaled.jpg","width":1962,"height":2560},{"@type":"BreadcrumbList","@id":"https:\/\/enlisantfestival.com\/fr\/gaelle-bien-aime-sur-tous-les-fronts\/#breadcrumb","itemListElement":[{"@type":"ListItem","position":1,"name":"Accueil","item":"https:\/\/enlisantfestival.com\/fr\/"},{"@type":"ListItem","position":2,"name":"Ga\u00eblle Bien-Aim\u00e9 sur tous les fronts"}]},{"@type":"WebSite","@id":"https:\/\/enlisantfestival.com\/fr\/#website","url":"https:\/\/enlisantfestival.com\/fr\/","name":"En Lisant festival de th\u00e9\u00e2tre","description":"","publisher":{"@id":"https:\/\/enlisantfestival.com\/fr\/#organization"},"potentialAction":[{"@type":"SearchAction","target":{"@type":"EntryPoint","urlTemplate":"https:\/\/enlisantfestival.com\/fr\/?s={search_term_string}"},"query-input":{"@type":"PropertyValueSpecification","valueRequired":true,"valueName":"search_term_string"}}],"inLanguage":"fr-FR"},{"@type":"Organization","@id":"https:\/\/enlisantfestival.com\/fr\/#organization","name":"En Lisant festival de th\u00e9\u00e2tre","url":"https:\/\/enlisantfestival.com\/fr\/","logo":{"@type":"ImageObject","inLanguage":"fr-FR","@id":"https:\/\/enlisantfestival.com\/fr\/#\/schema\/logo\/image\/","url":"https:\/\/enlisantfestival.com\/fr\/wp-content\/uploads\/2020\/09\/en-lisant-logo.png","contentUrl":"https:\/\/enlisantfestival.com\/fr\/wp-content\/uploads\/2020\/09\/en-lisant-logo.png","width":600,"height":343,"caption":"En Lisant festival de th\u00e9\u00e2tre"},"image":{"@id":"https:\/\/enlisantfestival.com\/fr\/#\/schema\/logo\/image\/"}},{"@type":"Person","@id":"https:\/\/enlisantfestival.com\/fr\/#\/schema\/person\/87e9b7267113e8db5ef729658a5440e4","name":"lionel","image":{"@type":"ImageObject","inLanguage":"fr-FR","@id":"https:\/\/enlisantfestival.com\/fr\/#\/schema\/person\/image\/","url":"https:\/\/secure.gravatar.com\/avatar\/0361bef51de40b6b2e5c0d693a6d8f9c483d0ca194576592d0168a26c347ce45?s=96&d=mm&r=g","contentUrl":"https:\/\/secure.gravatar.com\/avatar\/0361bef51de40b6b2e5c0d693a6d8f9c483d0ca194576592d0168a26c347ce45?s=96&d=mm&r=g","caption":"lionel"},"url":"https:\/\/enlisantfestival.com\/fr\/author\/lionel\/"}]}},"_links":{"self":[{"href":"https:\/\/enlisantfestival.com\/fr\/wp-json\/wp\/v2\/posts\/3893","targetHints":{"allow":["GET"]}}],"collection":[{"href":"https:\/\/enlisantfestival.com\/fr\/wp-json\/wp\/v2\/posts"}],"about":[{"href":"https:\/\/enlisantfestival.com\/fr\/wp-json\/wp\/v2\/types\/post"}],"author":[{"embeddable":true,"href":"https:\/\/enlisantfestival.com\/fr\/wp-json\/wp\/v2\/users\/1"}],"replies":[{"embeddable":true,"href":"https:\/\/enlisantfestival.com\/fr\/wp-json\/wp\/v2\/comments?post=3893"}],"version-history":[{"count":4,"href":"https:\/\/enlisantfestival.com\/fr\/wp-json\/wp\/v2\/posts\/3893\/revisions"}],"predecessor-version":[{"id":3917,"href":"https:\/\/enlisantfestival.com\/fr\/wp-json\/wp\/v2\/posts\/3893\/revisions\/3917"}],"wp:featuredmedia":[{"embeddable":true,"href":"https:\/\/enlisantfestival.com\/fr\/wp-json\/wp\/v2\/media\/3894"}],"wp:attachment":[{"href":"https:\/\/enlisantfestival.com\/fr\/wp-json\/wp\/v2\/media?parent=3893"}],"wp:term":[{"taxonomy":"category","embeddable":true,"href":"https:\/\/enlisantfestival.com\/fr\/wp-json\/wp\/v2\/categories?post=3893"},{"taxonomy":"post_tag","embeddable":true,"href":"https:\/\/enlisantfestival.com\/fr\/wp-json\/wp\/v2\/tags?post=3893"}],"curies":[{"name":"wp","href":"https:\/\/api.w.org\/{rel}","templated":true}]}}