{"id":3940,"date":"2021-11-22T05:48:19","date_gmt":"2021-11-22T04:48:19","guid":{"rendered":"https:\/\/enlisantfestival.com\/fr\/?p=3940"},"modified":"2021-11-22T05:48:19","modified_gmt":"2021-11-22T04:48:19","slug":"staloff-tropfort-petit-recit-dun-parcours-inattendu","status":"publish","type":"post","link":"https:\/\/enlisantfestival.com\/fr\/staloff-tropfort-petit-recit-dun-parcours-inattendu\/","title":{"rendered":"Staloff Tropfort : Petit r\u00e9cit d&#8217;un parcours inattendu."},"content":{"rendered":"<div class=\"wpb-content-wrapper\"><p>[vc_row][vc_column][vc_column_text]<\/p>\n<p style=\"text-align: justify;\">Staloff Tropfort est aujourd&#8217;hui l&#8217;un de nos plus rayonnants jeunes com\u00e9diens. Ce n&#8217;est pourtant que par hasard qu&#8217;il est arriv\u00e9 au th\u00e9\u00e2tre. Bien s\u00fbr qu&#8217;il n&#8217;y est pas rest\u00e9 par hasard. Petit \u00e0 petit, il y d\u00e9couvre un m\u00e9tier passionnant et auquel il a d\u00e9cid\u00e9 de consacrer toute son \u00e9nergie. Ce parcours atypique d\u00e9bute au sein m\u00eame de son quartier dont il faisait parti du comit\u00e9 culturel. C&#8217;\u00e9taient des jeunes leaders dynamiques qui voulaient proposer aux adolescents.es du quartier des activit\u00e9s \u00e0 la hauteur de leur \u00e9nergie. Le sport, particuli\u00e8rement le football, \u00e9tait d\u00e9j\u00e0 bien \u00e9tabli dans leur habitude. Staloff lui m\u00eame fils d&#8217;un footballeur professionnel, Serge Tropfort du Victory club. \u00a0Alors que le comit\u00e9 r\u00e9fl\u00e9chissait \u00e0 la meilleure formule pour \u00e9largir les possibilit\u00e9s de loisirs du quartier, la troupe Com\u00e9die Sans Fronti\u00e8res (COSAFH) croisa leur chemin.<\/p>\n<p style=\"text-align: justify;\">\u00a0\u00c0 cette \u00e9poque, 2008, COSAFH se d\u00e9ployait dans les \u00e9coles et proposait une formation en th\u00e9\u00e2tre, danse, chant et art plastique afin de constituer de petites cellules d&#8217;artistes en herbe qu&#8217;elle appelait : Petites d\u00e9l\u00e9gations scolaires (PDS). Staloff int\u00e8grera tout de suite l&#8217;une des PDS de la COSAFH o\u00f9 il a eu une premi\u00e8re initiation au th\u00e9\u00e2tre. Mais, ce d\u00e9but demeurait une amiti\u00e9 h\u00e9sitante et timide. En septembre 2009 le jeune homme assiste \u00e0 la repr\u00e9sentation de la pi\u00e8ce Le bleu de l&#8217;\u00eele d&#8217;Evelyne Trouillot mise en sc\u00e8ne par Rolando Etienne et son regard a chang\u00e9. C&#8217;est \u00e0 ce moment pr\u00e9cis qu&#8217;il allait distinguer un brin d&#8217;int\u00e9r\u00eat pour ce m\u00e9tier. C&#8217;\u00e9tait \u00e0 l&#8217;occasion de la sixi\u00e8me \u00e9dition du festival de th\u00e9\u00e2tre Quatre chemins, une \u00e9dition particuli\u00e8rement riche en jeunes talents. On se souvient encore aujourd&#8217;hui des remarquables performances de D&#8217;Meza Schultz Pierre-Louis, de Billy Midi, de Jovaski R\u00e9jouis, de Louisna Laurent etc.\u00a0 Depuis, Staloff ne rate plus aucun \u00e9v\u00e9nement th\u00e9\u00e2tral.<\/p>\n<p style=\"text-align: justify;\">Son r\u00eave d&#8217;entrer \u00e0 la facult\u00e9 des sciences humaines restait jusque l\u00e0 intouchable. Toutefois, il multipliait ses participations aux ateliers de formation d&#8217;acteur qui ne manquaient pas \u00e0 l&#8217;\u00e9poque. Il en a suivi avec Rolando Etienne \u00e0 Dram&#8217;art, avec Paula Clermont P\u00e9an au centre culturel Pyepoudre et Myl\u00e8ne Wagram de la Guadeloupe. En 2010, son bac en poche, il tente en vain d&#8217;entrer \u00e0 la facult\u00e9 de son r\u00eave. Apr\u00e8s un court moment de vacillement, Staloff se soumet \u00e0 une proposition de son ami Woodly Caymitte dit Filipo. Ils jettent ensemble leur d\u00e9volu sur l&#8217;\u00c9cole nationale des arts, ENARTS o\u00f9 Staloff s&#8217;oriente vers les arts dramatiques et son ami vers les arts plastiques dans lesquels il rayonne aussi ces derni\u00e8res ann\u00e9es. L&#8217;id\u00e9e, pour le com\u00e9dien ind\u00e9cis, \u00e9tait juste de trouver de quoi occuper son temps en attendant le prochain concours d&#8217;entr\u00e9e \u00e0 la Facult\u00e9 des sciences humaines. L&#8217;arriv\u00e9e de Guy Junior R\u00e9gis \u00e0 la t\u00eate du d\u00e9partement th\u00e9\u00e2tre de l&#8217;ENARTS allait d\u00e9finitivement le persuader \u00e0 embrasser ses \u00e9tudes avec de plus grande ambition. Ce dernier aura agr\u00e9ablement boulevers\u00e9 l&#8217;enseignement du th\u00e9\u00e2tre \u00e0 l&#8217;ENARTS. Staloff d\u00e9couvrira avec lui, toute la diversit\u00e9 de la discipline. Un th\u00e9\u00e2tre plus vivant, plus proche des questions contemporaines. Ainsi boucle-t-il, avec plaisir et passion, ses \u00e9tudes et entame avec brio une carri\u00e8re professionnelle.<\/p>\n<p style=\"text-align: justify;\">Sa formation ne s&#8217;arr\u00eate pas \u00e0 son dipl\u00f4me. Entre 2014 et 2015, il participe \u00e0 la formation en Ethno drame du Conservatoire Royal de Li\u00e8ge en Belgique, sous la direction de Pietro Varasso. Cette exp\u00e9rience marquera profond\u00e9ment les travaux de Staloff. Il s&#8217;inscrit dans le sillage de Franck Fouch\u00e9, de Jerzy Grotowski et entame une s\u00e9rie de recherche au c\u0153ur de nos traditions vodou, de nos Lakou. Il s&#8217;agit d&#8217;explorer tout le potentiel th\u00e9\u00e2tral du vodou ha\u00eftien. Sortir les rituels du lieu du sacr\u00e9 et les restituer sur sc\u00e8ne, avec toute leur profondeur, en \u00e9vitant toute caricature. Il en r\u00e9sulte une nouvelle exploitation non seulement de la sc\u00e9nographie qui en sort enrichie des couleurs et objets sacr\u00e9s mais aussi du corps du com\u00e9dien visiblement habit\u00e9 de nos \u00e9nergies populaires\u00a0: nos rythmes, nos chants et nos rituels. Sa derni\u00e8re cr\u00e9ation, Nan Govi: Cath\u00e9drale des cochons qui est une adaptation \u00e0 l&#8217;ethno drame de la pi\u00e8ce \u00a0de Jean D&#8217;Am\u00e9rique, en est une belle d\u00e9monstration.<\/p>\n<p style=\"text-align: justify;\">Pour mener \u00e0 bien et s&#8217;assurer de la p\u00e9rennisation de ses recherches sur l&#8217;Ethno-drame, il fonde avec Miracson Saint-Val et Sachernca Anacasis l&#8217;association ADRECE avec laquelle, il arpente les lieux sacr\u00e9s du vodou afin d&#8217;extirper tout ce qu&#8217;ils peuvent offrir au th\u00e9\u00e2tre.<\/p>\n<p style=\"text-align: justify;\">En com\u00e9dien, comme en metteur en sc\u00e8ne, Staloff Tropfort s\u00e9duit son public dans plus d&#8217;une vingtaine de pi\u00e8ces. Il a pr\u00eat\u00e9 son corps \u00e0 des personnages qui nous habiteront encore longtemps. Quant \u00e0 lui, il reste hant\u00e9, avoue-t-il, par la pi\u00e8ce Face \u00e0 la m\u00e8re de Jean Ren\u00e9 Lemoine qu&#8217;il a jou\u00e9e dans le cadre de la 3i\u00e8me \u00e9dition du festival de th\u00e9\u00e2tre En lisant, en pr\u00e9sence de l&#8217;auteur, en 2018.<\/p>\n<p style=\"text-align: right;\">Jean Billy Mondesir<\/p>\n<p style=\"text-align: right;\">Ecrivain et Redacteur du Journal d\u2019En Lisant<\/p>\n<p>[\/vc_column_text][\/vc_column][\/vc_row]<\/p>\n<\/div>","protected":false},"excerpt":{"rendered":"<p>Laur\u00e9at du concours Visas pour la cr\u00e9ation 2021, Staloff Tropfort vient de rentrer au Pays apr\u00e8s sa r\u00e9sidence de cr\u00e9ation \u00e0 la Cit\u00e9 internationale des arts \u00e0 Paris du 9 septembre au 4 novembre 2021. Tous les billets de retour ne seront pas abandonn\u00e9s. Il est revenu la t\u00eate pleine de r\u00eaves, de projets et surtout de la conviction que tous les peuples ont droit au th\u00e9\u00e2tre, \u00e0 l&#8217;imaginaire.<\/p>\n","protected":false},"author":1,"featured_media":3941,"comment_status":"open","ping_status":"open","sticky":false,"template":"","format":"standard","meta":{"_FSMCFIC_featured_image_caption":"","_FSMCFIC_featured_image_nocaption":"","_FSMCFIC_featured_image_hide":"","footnotes":""},"categories":[104],"tags":[],"class_list":["post-3940","post","type-post","status-publish","format-standard","has-post-thumbnail","hentry","category-le-journal-d-en-lisant"],"yoast_head":"<!-- This site is optimized with the Yoast SEO plugin v27.0 - https:\/\/yoast.com\/product\/yoast-seo-wordpress\/ -->\n<title>Staloff Tropfort : Petit r\u00e9cit d&#039;un parcours inattendu. - En Lisant festival de th\u00e9\u00e2tre<\/title>\n<meta name=\"robots\" content=\"index, follow, max-snippet:-1, max-image-preview:large, max-video-preview:-1\" \/>\n<link rel=\"canonical\" href=\"https:\/\/enlisantfestival.com\/fr\/staloff-tropfort-petit-recit-dun-parcours-inattendu\/\" \/>\n<meta property=\"og:locale\" content=\"fr_FR\" \/>\n<meta property=\"og:type\" content=\"article\" \/>\n<meta property=\"og:title\" content=\"Staloff Tropfort : Petit r\u00e9cit d&#039;un parcours inattendu. - En Lisant festival de th\u00e9\u00e2tre\" \/>\n<meta property=\"og:description\" content=\"Laur\u00e9at du concours Visas pour la cr\u00e9ation 2021, Staloff Tropfort vient de rentrer au Pays apr\u00e8s sa r\u00e9sidence de cr\u00e9ation \u00e0 la Cit\u00e9 internationale des arts \u00e0 Paris du 9 septembre au 4 novembre 2021. Tous les billets de retour ne seront pas abandonn\u00e9s. Il est revenu la t\u00eate pleine de r\u00eaves, de projets et surtout de la conviction que tous les peuples ont droit au th\u00e9\u00e2tre, \u00e0 l&#039;imaginaire.\" \/>\n<meta property=\"og:url\" content=\"https:\/\/enlisantfestival.com\/fr\/staloff-tropfort-petit-recit-dun-parcours-inattendu\/\" \/>\n<meta property=\"og:site_name\" content=\"En Lisant festival de th\u00e9\u00e2tre\" \/>\n<meta property=\"article:published_time\" content=\"2021-11-22T04:48:19+00:00\" \/>\n<meta property=\"og:image\" content=\"https:\/\/enlisantfestival.com\/fr\/wp-content\/uploads\/2021\/11\/Staloff-Photo-Credit-Josma-Lawens-.jpg\" \/>\n\t<meta property=\"og:image:width\" content=\"678\" \/>\n\t<meta property=\"og:image:height\" content=\"847\" \/>\n\t<meta property=\"og:image:type\" content=\"image\/jpeg\" \/>\n<meta name=\"author\" content=\"lionel\" \/>\n<meta name=\"twitter:card\" content=\"summary_large_image\" \/>\n<meta name=\"twitter:label1\" content=\"\u00c9crit par\" \/>\n\t<meta name=\"twitter:data1\" content=\"lionel\" \/>\n\t<meta name=\"twitter:label2\" content=\"Dur\u00e9e de lecture estim\u00e9e\" \/>\n\t<meta name=\"twitter:data2\" content=\"4 minutes\" \/>\n<script type=\"application\/ld+json\" class=\"yoast-schema-graph\">{\"@context\":\"https:\/\/schema.org\",\"@graph\":[{\"@type\":\"Article\",\"@id\":\"https:\/\/enlisantfestival.com\/fr\/staloff-tropfort-petit-recit-dun-parcours-inattendu\/#article\",\"isPartOf\":{\"@id\":\"https:\/\/enlisantfestival.com\/fr\/staloff-tropfort-petit-recit-dun-parcours-inattendu\/\"},\"author\":{\"name\":\"lionel\",\"@id\":\"https:\/\/enlisantfestival.com\/fr\/#\/schema\/person\/87e9b7267113e8db5ef729658a5440e4\"},\"headline\":\"Staloff Tropfort : Petit r\u00e9cit d&#8217;un parcours inattendu.\",\"datePublished\":\"2021-11-22T04:48:19+00:00\",\"mainEntityOfPage\":{\"@id\":\"https:\/\/enlisantfestival.com\/fr\/staloff-tropfort-petit-recit-dun-parcours-inattendu\/\"},\"wordCount\":894,\"commentCount\":0,\"publisher\":{\"@id\":\"https:\/\/enlisantfestival.com\/fr\/#organization\"},\"image\":{\"@id\":\"https:\/\/enlisantfestival.com\/fr\/staloff-tropfort-petit-recit-dun-parcours-inattendu\/#primaryimage\"},\"thumbnailUrl\":\"https:\/\/enlisantfestival.com\/fr\/wp-content\/uploads\/2021\/11\/Staloff-Photo-Credit-Josma-Lawens-.jpg\",\"articleSection\":[\"Le journal d'En Lisant\"],\"inLanguage\":\"fr-FR\",\"potentialAction\":[{\"@type\":\"CommentAction\",\"name\":\"Comment\",\"target\":[\"https:\/\/enlisantfestival.com\/fr\/staloff-tropfort-petit-recit-dun-parcours-inattendu\/#respond\"]}]},{\"@type\":\"WebPage\",\"@id\":\"https:\/\/enlisantfestival.com\/fr\/staloff-tropfort-petit-recit-dun-parcours-inattendu\/\",\"url\":\"https:\/\/enlisantfestival.com\/fr\/staloff-tropfort-petit-recit-dun-parcours-inattendu\/\",\"name\":\"Staloff Tropfort : Petit r\u00e9cit d'un parcours inattendu. - En Lisant festival de th\u00e9\u00e2tre\",\"isPartOf\":{\"@id\":\"https:\/\/enlisantfestival.com\/fr\/#website\"},\"primaryImageOfPage\":{\"@id\":\"https:\/\/enlisantfestival.com\/fr\/staloff-tropfort-petit-recit-dun-parcours-inattendu\/#primaryimage\"},\"image\":{\"@id\":\"https:\/\/enlisantfestival.com\/fr\/staloff-tropfort-petit-recit-dun-parcours-inattendu\/#primaryimage\"},\"thumbnailUrl\":\"https:\/\/enlisantfestival.com\/fr\/wp-content\/uploads\/2021\/11\/Staloff-Photo-Credit-Josma-Lawens-.jpg\",\"datePublished\":\"2021-11-22T04:48:19+00:00\",\"breadcrumb\":{\"@id\":\"https:\/\/enlisantfestival.com\/fr\/staloff-tropfort-petit-recit-dun-parcours-inattendu\/#breadcrumb\"},\"inLanguage\":\"fr-FR\",\"potentialAction\":[{\"@type\":\"ReadAction\",\"target\":[\"https:\/\/enlisantfestival.com\/fr\/staloff-tropfort-petit-recit-dun-parcours-inattendu\/\"]}]},{\"@type\":\"ImageObject\",\"inLanguage\":\"fr-FR\",\"@id\":\"https:\/\/enlisantfestival.com\/fr\/staloff-tropfort-petit-recit-dun-parcours-inattendu\/#primaryimage\",\"url\":\"https:\/\/enlisantfestival.com\/fr\/wp-content\/uploads\/2021\/11\/Staloff-Photo-Credit-Josma-Lawens-.jpg\",\"contentUrl\":\"https:\/\/enlisantfestival.com\/fr\/wp-content\/uploads\/2021\/11\/Staloff-Photo-Credit-Josma-Lawens-.jpg\",\"width\":678,\"height\":847},{\"@type\":\"BreadcrumbList\",\"@id\":\"https:\/\/enlisantfestival.com\/fr\/staloff-tropfort-petit-recit-dun-parcours-inattendu\/#breadcrumb\",\"itemListElement\":[{\"@type\":\"ListItem\",\"position\":1,\"name\":\"Accueil\",\"item\":\"https:\/\/enlisantfestival.com\/fr\/\"},{\"@type\":\"ListItem\",\"position\":2,\"name\":\"Staloff Tropfort : Petit r\u00e9cit d&#8217;un parcours inattendu.\"}]},{\"@type\":\"WebSite\",\"@id\":\"https:\/\/enlisantfestival.com\/fr\/#website\",\"url\":\"https:\/\/enlisantfestival.com\/fr\/\",\"name\":\"En Lisant festival de th\u00e9\u00e2tre\",\"description\":\"\",\"publisher\":{\"@id\":\"https:\/\/enlisantfestival.com\/fr\/#organization\"},\"potentialAction\":[{\"@type\":\"SearchAction\",\"target\":{\"@type\":\"EntryPoint\",\"urlTemplate\":\"https:\/\/enlisantfestival.com\/fr\/?s={search_term_string}\"},\"query-input\":{\"@type\":\"PropertyValueSpecification\",\"valueRequired\":true,\"valueName\":\"search_term_string\"}}],\"inLanguage\":\"fr-FR\"},{\"@type\":\"Organization\",\"@id\":\"https:\/\/enlisantfestival.com\/fr\/#organization\",\"name\":\"En Lisant festival de th\u00e9\u00e2tre\",\"url\":\"https:\/\/enlisantfestival.com\/fr\/\",\"logo\":{\"@type\":\"ImageObject\",\"inLanguage\":\"fr-FR\",\"@id\":\"https:\/\/enlisantfestival.com\/fr\/#\/schema\/logo\/image\/\",\"url\":\"https:\/\/enlisantfestival.com\/fr\/wp-content\/uploads\/2020\/09\/en-lisant-logo.png\",\"contentUrl\":\"https:\/\/enlisantfestival.com\/fr\/wp-content\/uploads\/2020\/09\/en-lisant-logo.png\",\"width\":600,\"height\":343,\"caption\":\"En Lisant festival de th\u00e9\u00e2tre\"},\"image\":{\"@id\":\"https:\/\/enlisantfestival.com\/fr\/#\/schema\/logo\/image\/\"}},{\"@type\":\"Person\",\"@id\":\"https:\/\/enlisantfestival.com\/fr\/#\/schema\/person\/87e9b7267113e8db5ef729658a5440e4\",\"name\":\"lionel\",\"image\":{\"@type\":\"ImageObject\",\"inLanguage\":\"fr-FR\",\"@id\":\"https:\/\/enlisantfestival.com\/fr\/#\/schema\/person\/image\/\",\"url\":\"https:\/\/secure.gravatar.com\/avatar\/0361bef51de40b6b2e5c0d693a6d8f9c483d0ca194576592d0168a26c347ce45?s=96&d=mm&r=g\",\"contentUrl\":\"https:\/\/secure.gravatar.com\/avatar\/0361bef51de40b6b2e5c0d693a6d8f9c483d0ca194576592d0168a26c347ce45?s=96&d=mm&r=g\",\"caption\":\"lionel\"},\"url\":\"https:\/\/enlisantfestival.com\/fr\/author\/lionel\/\"}]}<\/script>\n<!-- \/ Yoast SEO plugin. -->","yoast_head_json":{"title":"Staloff Tropfort : Petit r\u00e9cit d'un parcours inattendu. - En Lisant festival de th\u00e9\u00e2tre","robots":{"index":"index","follow":"follow","max-snippet":"max-snippet:-1","max-image-preview":"max-image-preview:large","max-video-preview":"max-video-preview:-1"},"canonical":"https:\/\/enlisantfestival.com\/fr\/staloff-tropfort-petit-recit-dun-parcours-inattendu\/","og_locale":"fr_FR","og_type":"article","og_title":"Staloff Tropfort : Petit r\u00e9cit d'un parcours inattendu. - En Lisant festival de th\u00e9\u00e2tre","og_description":"Laur\u00e9at du concours Visas pour la cr\u00e9ation 2021, Staloff Tropfort vient de rentrer au Pays apr\u00e8s sa r\u00e9sidence de cr\u00e9ation \u00e0 la Cit\u00e9 internationale des arts \u00e0 Paris du 9 septembre au 4 novembre 2021. Tous les billets de retour ne seront pas abandonn\u00e9s. Il est revenu la t\u00eate pleine de r\u00eaves, de projets et surtout de la conviction que tous les peuples ont droit au th\u00e9\u00e2tre, \u00e0 l'imaginaire.","og_url":"https:\/\/enlisantfestival.com\/fr\/staloff-tropfort-petit-recit-dun-parcours-inattendu\/","og_site_name":"En Lisant festival de th\u00e9\u00e2tre","article_published_time":"2021-11-22T04:48:19+00:00","og_image":[{"width":678,"height":847,"url":"https:\/\/enlisantfestival.com\/fr\/wp-content\/uploads\/2021\/11\/Staloff-Photo-Credit-Josma-Lawens-.jpg","type":"image\/jpeg"}],"author":"lionel","twitter_card":"summary_large_image","twitter_misc":{"\u00c9crit par":"lionel","Dur\u00e9e de lecture estim\u00e9e":"4 minutes"},"schema":{"@context":"https:\/\/schema.org","@graph":[{"@type":"Article","@id":"https:\/\/enlisantfestival.com\/fr\/staloff-tropfort-petit-recit-dun-parcours-inattendu\/#article","isPartOf":{"@id":"https:\/\/enlisantfestival.com\/fr\/staloff-tropfort-petit-recit-dun-parcours-inattendu\/"},"author":{"name":"lionel","@id":"https:\/\/enlisantfestival.com\/fr\/#\/schema\/person\/87e9b7267113e8db5ef729658a5440e4"},"headline":"Staloff Tropfort : Petit r\u00e9cit d&#8217;un parcours inattendu.","datePublished":"2021-11-22T04:48:19+00:00","mainEntityOfPage":{"@id":"https:\/\/enlisantfestival.com\/fr\/staloff-tropfort-petit-recit-dun-parcours-inattendu\/"},"wordCount":894,"commentCount":0,"publisher":{"@id":"https:\/\/enlisantfestival.com\/fr\/#organization"},"image":{"@id":"https:\/\/enlisantfestival.com\/fr\/staloff-tropfort-petit-recit-dun-parcours-inattendu\/#primaryimage"},"thumbnailUrl":"https:\/\/enlisantfestival.com\/fr\/wp-content\/uploads\/2021\/11\/Staloff-Photo-Credit-Josma-Lawens-.jpg","articleSection":["Le journal d'En Lisant"],"inLanguage":"fr-FR","potentialAction":[{"@type":"CommentAction","name":"Comment","target":["https:\/\/enlisantfestival.com\/fr\/staloff-tropfort-petit-recit-dun-parcours-inattendu\/#respond"]}]},{"@type":"WebPage","@id":"https:\/\/enlisantfestival.com\/fr\/staloff-tropfort-petit-recit-dun-parcours-inattendu\/","url":"https:\/\/enlisantfestival.com\/fr\/staloff-tropfort-petit-recit-dun-parcours-inattendu\/","name":"Staloff Tropfort : Petit r\u00e9cit d'un parcours inattendu. - En Lisant festival de th\u00e9\u00e2tre","isPartOf":{"@id":"https:\/\/enlisantfestival.com\/fr\/#website"},"primaryImageOfPage":{"@id":"https:\/\/enlisantfestival.com\/fr\/staloff-tropfort-petit-recit-dun-parcours-inattendu\/#primaryimage"},"image":{"@id":"https:\/\/enlisantfestival.com\/fr\/staloff-tropfort-petit-recit-dun-parcours-inattendu\/#primaryimage"},"thumbnailUrl":"https:\/\/enlisantfestival.com\/fr\/wp-content\/uploads\/2021\/11\/Staloff-Photo-Credit-Josma-Lawens-.jpg","datePublished":"2021-11-22T04:48:19+00:00","breadcrumb":{"@id":"https:\/\/enlisantfestival.com\/fr\/staloff-tropfort-petit-recit-dun-parcours-inattendu\/#breadcrumb"},"inLanguage":"fr-FR","potentialAction":[{"@type":"ReadAction","target":["https:\/\/enlisantfestival.com\/fr\/staloff-tropfort-petit-recit-dun-parcours-inattendu\/"]}]},{"@type":"ImageObject","inLanguage":"fr-FR","@id":"https:\/\/enlisantfestival.com\/fr\/staloff-tropfort-petit-recit-dun-parcours-inattendu\/#primaryimage","url":"https:\/\/enlisantfestival.com\/fr\/wp-content\/uploads\/2021\/11\/Staloff-Photo-Credit-Josma-Lawens-.jpg","contentUrl":"https:\/\/enlisantfestival.com\/fr\/wp-content\/uploads\/2021\/11\/Staloff-Photo-Credit-Josma-Lawens-.jpg","width":678,"height":847},{"@type":"BreadcrumbList","@id":"https:\/\/enlisantfestival.com\/fr\/staloff-tropfort-petit-recit-dun-parcours-inattendu\/#breadcrumb","itemListElement":[{"@type":"ListItem","position":1,"name":"Accueil","item":"https:\/\/enlisantfestival.com\/fr\/"},{"@type":"ListItem","position":2,"name":"Staloff Tropfort : Petit r\u00e9cit d&#8217;un parcours inattendu."}]},{"@type":"WebSite","@id":"https:\/\/enlisantfestival.com\/fr\/#website","url":"https:\/\/enlisantfestival.com\/fr\/","name":"En Lisant festival de th\u00e9\u00e2tre","description":"","publisher":{"@id":"https:\/\/enlisantfestival.com\/fr\/#organization"},"potentialAction":[{"@type":"SearchAction","target":{"@type":"EntryPoint","urlTemplate":"https:\/\/enlisantfestival.com\/fr\/?s={search_term_string}"},"query-input":{"@type":"PropertyValueSpecification","valueRequired":true,"valueName":"search_term_string"}}],"inLanguage":"fr-FR"},{"@type":"Organization","@id":"https:\/\/enlisantfestival.com\/fr\/#organization","name":"En Lisant festival de th\u00e9\u00e2tre","url":"https:\/\/enlisantfestival.com\/fr\/","logo":{"@type":"ImageObject","inLanguage":"fr-FR","@id":"https:\/\/enlisantfestival.com\/fr\/#\/schema\/logo\/image\/","url":"https:\/\/enlisantfestival.com\/fr\/wp-content\/uploads\/2020\/09\/en-lisant-logo.png","contentUrl":"https:\/\/enlisantfestival.com\/fr\/wp-content\/uploads\/2020\/09\/en-lisant-logo.png","width":600,"height":343,"caption":"En Lisant festival de th\u00e9\u00e2tre"},"image":{"@id":"https:\/\/enlisantfestival.com\/fr\/#\/schema\/logo\/image\/"}},{"@type":"Person","@id":"https:\/\/enlisantfestival.com\/fr\/#\/schema\/person\/87e9b7267113e8db5ef729658a5440e4","name":"lionel","image":{"@type":"ImageObject","inLanguage":"fr-FR","@id":"https:\/\/enlisantfestival.com\/fr\/#\/schema\/person\/image\/","url":"https:\/\/secure.gravatar.com\/avatar\/0361bef51de40b6b2e5c0d693a6d8f9c483d0ca194576592d0168a26c347ce45?s=96&d=mm&r=g","contentUrl":"https:\/\/secure.gravatar.com\/avatar\/0361bef51de40b6b2e5c0d693a6d8f9c483d0ca194576592d0168a26c347ce45?s=96&d=mm&r=g","caption":"lionel"},"url":"https:\/\/enlisantfestival.com\/fr\/author\/lionel\/"}]}},"_links":{"self":[{"href":"https:\/\/enlisantfestival.com\/fr\/wp-json\/wp\/v2\/posts\/3940","targetHints":{"allow":["GET"]}}],"collection":[{"href":"https:\/\/enlisantfestival.com\/fr\/wp-json\/wp\/v2\/posts"}],"about":[{"href":"https:\/\/enlisantfestival.com\/fr\/wp-json\/wp\/v2\/types\/post"}],"author":[{"embeddable":true,"href":"https:\/\/enlisantfestival.com\/fr\/wp-json\/wp\/v2\/users\/1"}],"replies":[{"embeddable":true,"href":"https:\/\/enlisantfestival.com\/fr\/wp-json\/wp\/v2\/comments?post=3940"}],"version-history":[{"count":1,"href":"https:\/\/enlisantfestival.com\/fr\/wp-json\/wp\/v2\/posts\/3940\/revisions"}],"predecessor-version":[{"id":3942,"href":"https:\/\/enlisantfestival.com\/fr\/wp-json\/wp\/v2\/posts\/3940\/revisions\/3942"}],"wp:featuredmedia":[{"embeddable":true,"href":"https:\/\/enlisantfestival.com\/fr\/wp-json\/wp\/v2\/media\/3941"}],"wp:attachment":[{"href":"https:\/\/enlisantfestival.com\/fr\/wp-json\/wp\/v2\/media?parent=3940"}],"wp:term":[{"taxonomy":"category","embeddable":true,"href":"https:\/\/enlisantfestival.com\/fr\/wp-json\/wp\/v2\/categories?post=3940"},{"taxonomy":"post_tag","embeddable":true,"href":"https:\/\/enlisantfestival.com\/fr\/wp-json\/wp\/v2\/tags?post=3940"}],"curies":[{"name":"wp","href":"https:\/\/api.w.org\/{rel}","templated":true}]}}