{"id":3949,"date":"2021-12-02T15:41:50","date_gmt":"2021-12-02T14:41:50","guid":{"rendered":"https:\/\/enlisantfestival.com\/fr\/?p=3949"},"modified":"2021-12-03T07:43:15","modified_gmt":"2021-12-03T06:43:15","slug":"lettre-aux-absents","status":"publish","type":"post","link":"https:\/\/enlisantfestival.com\/fr\/lettre-aux-absents\/","title":{"rendered":"Lettre aux absents !"},"content":{"rendered":"<div class=\"wpb-content-wrapper\"><p>[vc_row][vc_column][vc_column_text]<\/p>\n<p style=\"text-align: justify;\">Robenson, Marie-Danielle Colin, je pense souvent \u00e0 Planch sou do, notre premi\u00e8re compagnie de th\u00e9\u00e2tre. \u00c0 Youyou, notre ami. Puis, je ne peux m&#8217;emp\u00eacher de penser \u00e0 ce qu&#8217;aurait fait Leroy de sa vie aujourd&#8217;hui ? Youkens Leroy, ce jeune com\u00e9dien l\u00e2chement assassin\u00e9 en 2011 au Carrefour de l&#8217;A\u00e9roport par un soir d&#8217;octobre&#8230;\u00c7a fait 10 ans, 10 ans, et la blessure reste vive. Nous autres de Planch Sou Do ne pourrions jamais faire le deuil d&#8217;un crime non \u00e9lucid\u00e9. Car, nous savons que les assassins de Youyou ne seront jamais \u00e9crou\u00e9s. Petit pays de l\u2019injustice possible&#8230;. Dites-moi, quel r\u00f4le ce crime de trop a- t-il jou\u00e9 dans votre d\u00e9cision de quitter le pays ?<\/p>\n<p style=\"text-align: justify;\">Chers Libo, Johndy, Fransesca Merenti\u00e9, Danilov, Ralph Civil, Vladimir Delva, l\u2019\u00c9cole Nationale des Arts est perp\u00e9tuellement en crise. Le Petit Conservatoire a ferm\u00e9 ses portes. Daniel Marcelin n\u2019a plus la force de continuer. Ga\u00eblle a pris la rel\u00e8ve en ouvrant Acte, une \u00e9cole de formation en jeu d\u2019acteur. Un bel espoir !\u00a0 \u00c0 une \u00e9poque, vous \u00e9tiez aussi une promesse, un espoir. Beaucoup croyaient que cette g\u00e9n\u00e9ration, la n\u00f4tre, allait donner un souffle nouveau \u00e0 la sc\u00e8ne ha\u00eftienne. Pourtant, vous avez abandonn\u00e9, vous avez tout laiss\u00e9 tomber ! Pourquoi ?<\/p>\n<p style=\"text-align: justify;\">Medeley, Medouch, tu as la particularit\u00e9 d&#8217;avoir \u00e9crit du lieu de l&#8217;exil. Une premi\u00e8re \u0153uvre, Errance Boulevard, qui parle de ces rapatri\u00e9s, ces immigr\u00e9s voyageant trop souvent avec leur passeport comme unique bagage ! Dans ton cas, en plus du passeport, tu avais un autre bagage, la cr\u00e9ation ! Parle-moi de ton exp\u00e9rience&#8230;<\/p>\n<p style=\"text-align: justify;\">Schneider et Angelo Destin, aujourd&#8217;hui, Martissant est un no man&#8217;s land, comme d&#8217;autres quartiers avant lui !\u00a0 Martissant, votre premi\u00e8re sc\u00e8ne, est devenu sc\u00e8ne de crime en permanence&#8230; Martissant, martyr abandonn\u00e9 \u00e0 lui-m\u00eame, ne sait comment prier Sainte Bernadette pour que revienne la paix&#8230; Cette paix, l&#8217;avez-vous trouv\u00e9e l\u00e0 o\u00f9 vous vivez actuellement ?<\/p>\n<p style=\"text-align: justify;\">Billy, cher Billy, on ne se saoule presque plus ni \u00e0 10-tractions ni ailleurs&#8230; En chemin, on a perdu le go\u00fbt de l\u2019ivresse, on est devenu des clowns tristes&#8230;\u00a0 \u00c0 Port-au-Prince, on vit difficilement avec la crainte de se faire kidnapper, c\u2019est tellement facile d\u2019\u00eatre la victime des gangs s\u00e9vissant dans cette ville. Ces gangs jouent avec nos peurs comme on le faisait avec les mots&#8230; Baudelaire disait \u00ab Pour ne pas sentir l&#8217;horrible fardeau du temps qui brise vos \u00e9paules et vous penche vers la terre, il faut vous enivrer sans tr\u00eave. \u00bb, alors que cette lettre ravive le go\u00fbt d\u00e9fendu de l&#8217;ivresse perdue. Pour commencer, raconte- moi ton nouveau quotidien ?<\/p>\n<p style=\"text-align: justify;\">Bertrand Roy, r\u00e9cemment j\u2019ai vu Syto Cav\u00e9, il continue tranquillement \u00e0 \u00e9crire et \u00e0 boire son whisky. Il craignait un peu pour sa sant\u00e9 ces derniers temps. \u00c0 ton propos, il s&#8217;est montr\u00e9 \u00e9logieux et n\u2019a pas regrett\u00e9 une fois de t\u2019avoir choisi comme com\u00e9dien sur la cr\u00e9ation de sa pi\u00e8ce Brakoupe au c\u00f4t\u00e9 de Ernst Saint-Rome et de Bonel Auguste. Fr\u00e8re, penses-tu \u00e0 revenir jouer un jour sur les sc\u00e8nes de ton pays ?<\/p>\n<p style=\"text-align: justify;\">Guito, mon ami, je pense souvent \u00e0 la mise en sc\u00e8ne de la pi\u00e8ce La demande en mariage de Anton Tchekhov dirig\u00e9e par Patrick Joseph que votre compagnie, \u00c9tiquette, avait pr\u00e9sent\u00e9e en 2007 \u00e0 la Fokal. Je me souviens des talents de Gladjimy Chery et Pascale Julio. Cette cr\u00e9ation m\u2019avait touch\u00e9 et me marque jusqu\u2019 aujourd\u2019hui \u00e0 l\u2019encre rouge. Vous \u00eates tous partis, toi, Pascale, Gladjimy et Patrick. Partis en qu\u00eate du temps perdu. Je t\u2019ai rencontr\u00e9 Guito \u00e0 Brooklyn, ta nouvelle passion dans la vie c\u2019est la photographie. Un art qui te permet de capter et d\u2019immortaliser l\u2019instant. Contrairement au th\u00e9\u00e2tre qui est un art \u00e9ph\u00e9m\u00e8re. Tout passe vite au th\u00e9\u00e2tre. Tellement vite. L\u2019image dans le jeu th\u00e9\u00e2tral est passag\u00e8re. Elle n\u2019est pas fig\u00e9e. Et pour rendre vivant ce moment, le com\u00e9dien mobilise des mat\u00e9riaux qui sont tellement fragiles : son corps et son esprit. Il ne peut pas les confier \u00e0 n\u2019importe quel metteur en sc\u00e8ne. Le temps de cette confiance peut briser l\u2019acteur parfois de mani\u00e8re irr\u00e9parable. Le corps et l\u2019esprit de l\u2019interpr\u00e8te doivent \u00eatre mobilis\u00e9s avec pr\u00e9caution. Parce que la fronti\u00e8re entre le th\u00e9\u00e2tre et la vraie vie est extr\u00eamement t\u00e9nue. Guito tu as laiss\u00e9 la sc\u00e8ne et embrass\u00e9 la photographie peut-\u00eatre parce qu\u2019aujourd\u2019hui tu as peur de te livrer. D\u2019\u00eatre dans le d\u00e9pouillement. C\u2019est cela le th\u00e9\u00e2tre. C\u2019est cela vivre en Ha\u00efti. Se d\u00e9pouiller. Prendre des risques. Tu crains sans doute de te confier. De te mettre \u00e0 nu. Tu as rejet\u00e9 par-dessus bord, tout ce qui perturbe, tout ce qui nuit. Tu as tourn\u00e9 le dos \u00e0 tes deux grandes passions : le th\u00e9\u00e2tre et ton pays. Tu as d\u00e9cid\u00e9 de te confier \u00e0 une terre d\u2019accueil et un art d\u2019adoption. Ces exils valent-ils le voyage ?<\/p>\n<p style=\"text-align: justify;\"><em>Parcours de transhumance<\/em><\/p>\n<p><em>Chemins multiples<\/em><\/p>\n<p><em>L\u2019art de la fugue<\/em><\/p>\n<p><em>Long cheminement des sens\u00a0<\/em><\/p>\n<p><em>Des paupi\u00e8res\u00a0<\/em><\/p>\n<p><em>Voyage d\u2019ici \u00e0 l\u00e0-bas.\u00a0<\/em><\/p>\n<p><em>Perte de rep\u00e8res\u00a0<\/em><\/p>\n<p><em>Vers o\u00f9 aller ? <\/em><\/p>\n<p><em>Quel sens donner \u00e0 la vie, \u00e0 l\u2019amour, aux lendemains pluriels et multiformes ? <\/em><\/p>\n<p><em>Quelle route \u00e0 prendre et pourquoi changer d\u2019itin\u00e9raire ?<\/em><\/p>\n<p><em>Qu\u2019est-ce qui nous attend de l\u2019autre c\u00f4t\u00e9 du mur ? <\/em><\/p>\n<p><em>De l\u2019autre de la rivi\u00e8re ? De la mer ? Et de la montagne ?\u00a0<\/em><\/p>\n<p><em>Quelle vie nous attend par-del\u00e0 les fronti\u00e8res ?<\/em><\/p>\n<p>&nbsp;<\/p>\n<p>Eliezer Guerisme 10 novembre 2021[\/vc_column_text][\/vc_column][\/vc_row]<\/p>\n<\/div>","protected":false},"excerpt":{"rendered":"<p>En guise de mot de la Direction, je partage avec vous, chers lecteurs, journalistes et festivaliers, la correspondance que j\u2019ai adress\u00e9e \u00e0 tous mes ami.e.s de sc\u00e8ne qui sont partis. Partis pour \u00e9viter, peut-\u00eatre, d\u2019\u00eatre la victime d\u2019une balle perdue. Partis parce qu\u2019ils ont plus la force de se battre. Partis, qui sait, parce que l\u2019herbe est plus verte ailleurs. Je leur ai adress\u00e9 cette correspondance pour leur dire qu\u2019ils me manquent et qu\u2019ils manquent \u00e0 la sc\u00e8ne th\u00e9\u00e2trale ha\u00eftienne.<\/p>\n","protected":false},"author":1,"featured_media":3946,"comment_status":"open","ping_status":"open","sticky":false,"template":"","format":"standard","meta":{"_FSMCFIC_featured_image_caption":"","_FSMCFIC_featured_image_nocaption":"","_FSMCFIC_featured_image_hide":"","footnotes":""},"categories":[104],"tags":[],"class_list":["post-3949","post","type-post","status-publish","format-standard","has-post-thumbnail","hentry","category-le-journal-d-en-lisant"],"yoast_head":"<!-- This site is optimized with the Yoast SEO plugin v27.0 - https:\/\/yoast.com\/product\/yoast-seo-wordpress\/ -->\n<title>Lettre aux absents ! - En Lisant festival de th\u00e9\u00e2tre<\/title>\n<meta name=\"robots\" content=\"index, follow, max-snippet:-1, max-image-preview:large, max-video-preview:-1\" \/>\n<link rel=\"canonical\" href=\"https:\/\/enlisantfestival.com\/fr\/lettre-aux-absents\/\" \/>\n<meta property=\"og:locale\" content=\"fr_FR\" \/>\n<meta property=\"og:type\" content=\"article\" \/>\n<meta property=\"og:title\" content=\"Lettre aux absents ! - En Lisant festival de th\u00e9\u00e2tre\" \/>\n<meta property=\"og:description\" content=\"En guise de mot de la Direction, je partage avec vous, chers lecteurs, journalistes et festivaliers, la correspondance que j\u2019ai adress\u00e9e \u00e0 tous mes ami.e.s de sc\u00e8ne qui sont partis. Partis pour \u00e9viter, peut-\u00eatre, d\u2019\u00eatre la victime d\u2019une balle perdue. Partis parce qu\u2019ils ont plus la force de se battre. Partis, qui sait, parce que l\u2019herbe est plus verte ailleurs. Je leur ai adress\u00e9 cette correspondance pour leur dire qu\u2019ils me manquent et qu\u2019ils manquent \u00e0 la sc\u00e8ne th\u00e9\u00e2trale ha\u00eftienne.\" \/>\n<meta property=\"og:url\" content=\"https:\/\/enlisantfestival.com\/fr\/lettre-aux-absents\/\" \/>\n<meta property=\"og:site_name\" content=\"En Lisant festival de th\u00e9\u00e2tre\" \/>\n<meta property=\"article:published_time\" content=\"2021-12-02T14:41:50+00:00\" \/>\n<meta property=\"article:modified_time\" content=\"2021-12-03T06:43:15+00:00\" \/>\n<meta property=\"og:image\" content=\"https:\/\/enlisantfestival.com\/fr\/wp-content\/uploads\/2021\/12\/mot-de-la-direction.jpg\" \/>\n\t<meta property=\"og:image:width\" content=\"667\" \/>\n\t<meta property=\"og:image:height\" content=\"667\" \/>\n\t<meta property=\"og:image:type\" content=\"image\/jpeg\" \/>\n<meta name=\"author\" content=\"lionel\" \/>\n<meta name=\"twitter:card\" content=\"summary_large_image\" \/>\n<meta name=\"twitter:label1\" content=\"\u00c9crit par\" \/>\n\t<meta name=\"twitter:data1\" content=\"lionel\" \/>\n\t<meta name=\"twitter:label2\" content=\"Dur\u00e9e de lecture estim\u00e9e\" \/>\n\t<meta name=\"twitter:data2\" content=\"5 minutes\" \/>\n<script type=\"application\/ld+json\" class=\"yoast-schema-graph\">{\"@context\":\"https:\/\/schema.org\",\"@graph\":[{\"@type\":\"Article\",\"@id\":\"https:\/\/enlisantfestival.com\/fr\/lettre-aux-absents\/#article\",\"isPartOf\":{\"@id\":\"https:\/\/enlisantfestival.com\/fr\/lettre-aux-absents\/\"},\"author\":{\"name\":\"lionel\",\"@id\":\"https:\/\/enlisantfestival.com\/fr\/#\/schema\/person\/87e9b7267113e8db5ef729658a5440e4\"},\"headline\":\"Lettre aux absents !\",\"datePublished\":\"2021-12-02T14:41:50+00:00\",\"dateModified\":\"2021-12-03T06:43:15+00:00\",\"mainEntityOfPage\":{\"@id\":\"https:\/\/enlisantfestival.com\/fr\/lettre-aux-absents\/\"},\"wordCount\":961,\"commentCount\":0,\"publisher\":{\"@id\":\"https:\/\/enlisantfestival.com\/fr\/#organization\"},\"image\":{\"@id\":\"https:\/\/enlisantfestival.com\/fr\/lettre-aux-absents\/#primaryimage\"},\"thumbnailUrl\":\"https:\/\/enlisantfestival.com\/fr\/wp-content\/uploads\/2021\/12\/mot-de-la-direction.jpg\",\"articleSection\":[\"Le journal d'En Lisant\"],\"inLanguage\":\"fr-FR\",\"potentialAction\":[{\"@type\":\"CommentAction\",\"name\":\"Comment\",\"target\":[\"https:\/\/enlisantfestival.com\/fr\/lettre-aux-absents\/#respond\"]}]},{\"@type\":\"WebPage\",\"@id\":\"https:\/\/enlisantfestival.com\/fr\/lettre-aux-absents\/\",\"url\":\"https:\/\/enlisantfestival.com\/fr\/lettre-aux-absents\/\",\"name\":\"Lettre aux absents ! - En Lisant festival de th\u00e9\u00e2tre\",\"isPartOf\":{\"@id\":\"https:\/\/enlisantfestival.com\/fr\/#website\"},\"primaryImageOfPage\":{\"@id\":\"https:\/\/enlisantfestival.com\/fr\/lettre-aux-absents\/#primaryimage\"},\"image\":{\"@id\":\"https:\/\/enlisantfestival.com\/fr\/lettre-aux-absents\/#primaryimage\"},\"thumbnailUrl\":\"https:\/\/enlisantfestival.com\/fr\/wp-content\/uploads\/2021\/12\/mot-de-la-direction.jpg\",\"datePublished\":\"2021-12-02T14:41:50+00:00\",\"dateModified\":\"2021-12-03T06:43:15+00:00\",\"breadcrumb\":{\"@id\":\"https:\/\/enlisantfestival.com\/fr\/lettre-aux-absents\/#breadcrumb\"},\"inLanguage\":\"fr-FR\",\"potentialAction\":[{\"@type\":\"ReadAction\",\"target\":[\"https:\/\/enlisantfestival.com\/fr\/lettre-aux-absents\/\"]}]},{\"@type\":\"ImageObject\",\"inLanguage\":\"fr-FR\",\"@id\":\"https:\/\/enlisantfestival.com\/fr\/lettre-aux-absents\/#primaryimage\",\"url\":\"https:\/\/enlisantfestival.com\/fr\/wp-content\/uploads\/2021\/12\/mot-de-la-direction.jpg\",\"contentUrl\":\"https:\/\/enlisantfestival.com\/fr\/wp-content\/uploads\/2021\/12\/mot-de-la-direction.jpg\",\"width\":667,\"height\":667},{\"@type\":\"BreadcrumbList\",\"@id\":\"https:\/\/enlisantfestival.com\/fr\/lettre-aux-absents\/#breadcrumb\",\"itemListElement\":[{\"@type\":\"ListItem\",\"position\":1,\"name\":\"Accueil\",\"item\":\"https:\/\/enlisantfestival.com\/fr\/\"},{\"@type\":\"ListItem\",\"position\":2,\"name\":\"Lettre aux absents !\"}]},{\"@type\":\"WebSite\",\"@id\":\"https:\/\/enlisantfestival.com\/fr\/#website\",\"url\":\"https:\/\/enlisantfestival.com\/fr\/\",\"name\":\"En Lisant festival de th\u00e9\u00e2tre\",\"description\":\"\",\"publisher\":{\"@id\":\"https:\/\/enlisantfestival.com\/fr\/#organization\"},\"potentialAction\":[{\"@type\":\"SearchAction\",\"target\":{\"@type\":\"EntryPoint\",\"urlTemplate\":\"https:\/\/enlisantfestival.com\/fr\/?s={search_term_string}\"},\"query-input\":{\"@type\":\"PropertyValueSpecification\",\"valueRequired\":true,\"valueName\":\"search_term_string\"}}],\"inLanguage\":\"fr-FR\"},{\"@type\":\"Organization\",\"@id\":\"https:\/\/enlisantfestival.com\/fr\/#organization\",\"name\":\"En Lisant festival de th\u00e9\u00e2tre\",\"url\":\"https:\/\/enlisantfestival.com\/fr\/\",\"logo\":{\"@type\":\"ImageObject\",\"inLanguage\":\"fr-FR\",\"@id\":\"https:\/\/enlisantfestival.com\/fr\/#\/schema\/logo\/image\/\",\"url\":\"https:\/\/enlisantfestival.com\/fr\/wp-content\/uploads\/2020\/09\/en-lisant-logo.png\",\"contentUrl\":\"https:\/\/enlisantfestival.com\/fr\/wp-content\/uploads\/2020\/09\/en-lisant-logo.png\",\"width\":600,\"height\":343,\"caption\":\"En Lisant festival de th\u00e9\u00e2tre\"},\"image\":{\"@id\":\"https:\/\/enlisantfestival.com\/fr\/#\/schema\/logo\/image\/\"}},{\"@type\":\"Person\",\"@id\":\"https:\/\/enlisantfestival.com\/fr\/#\/schema\/person\/87e9b7267113e8db5ef729658a5440e4\",\"name\":\"lionel\",\"image\":{\"@type\":\"ImageObject\",\"inLanguage\":\"fr-FR\",\"@id\":\"https:\/\/enlisantfestival.com\/fr\/#\/schema\/person\/image\/\",\"url\":\"https:\/\/secure.gravatar.com\/avatar\/0361bef51de40b6b2e5c0d693a6d8f9c483d0ca194576592d0168a26c347ce45?s=96&d=mm&r=g\",\"contentUrl\":\"https:\/\/secure.gravatar.com\/avatar\/0361bef51de40b6b2e5c0d693a6d8f9c483d0ca194576592d0168a26c347ce45?s=96&d=mm&r=g\",\"caption\":\"lionel\"},\"url\":\"https:\/\/enlisantfestival.com\/fr\/author\/lionel\/\"}]}<\/script>\n<!-- \/ Yoast SEO plugin. -->","yoast_head_json":{"title":"Lettre aux absents ! - En Lisant festival de th\u00e9\u00e2tre","robots":{"index":"index","follow":"follow","max-snippet":"max-snippet:-1","max-image-preview":"max-image-preview:large","max-video-preview":"max-video-preview:-1"},"canonical":"https:\/\/enlisantfestival.com\/fr\/lettre-aux-absents\/","og_locale":"fr_FR","og_type":"article","og_title":"Lettre aux absents ! - En Lisant festival de th\u00e9\u00e2tre","og_description":"En guise de mot de la Direction, je partage avec vous, chers lecteurs, journalistes et festivaliers, la correspondance que j\u2019ai adress\u00e9e \u00e0 tous mes ami.e.s de sc\u00e8ne qui sont partis. Partis pour \u00e9viter, peut-\u00eatre, d\u2019\u00eatre la victime d\u2019une balle perdue. Partis parce qu\u2019ils ont plus la force de se battre. Partis, qui sait, parce que l\u2019herbe est plus verte ailleurs. Je leur ai adress\u00e9 cette correspondance pour leur dire qu\u2019ils me manquent et qu\u2019ils manquent \u00e0 la sc\u00e8ne th\u00e9\u00e2trale ha\u00eftienne.","og_url":"https:\/\/enlisantfestival.com\/fr\/lettre-aux-absents\/","og_site_name":"En Lisant festival de th\u00e9\u00e2tre","article_published_time":"2021-12-02T14:41:50+00:00","article_modified_time":"2021-12-03T06:43:15+00:00","og_image":[{"width":667,"height":667,"url":"https:\/\/enlisantfestival.com\/fr\/wp-content\/uploads\/2021\/12\/mot-de-la-direction.jpg","type":"image\/jpeg"}],"author":"lionel","twitter_card":"summary_large_image","twitter_misc":{"\u00c9crit par":"lionel","Dur\u00e9e de lecture estim\u00e9e":"5 minutes"},"schema":{"@context":"https:\/\/schema.org","@graph":[{"@type":"Article","@id":"https:\/\/enlisantfestival.com\/fr\/lettre-aux-absents\/#article","isPartOf":{"@id":"https:\/\/enlisantfestival.com\/fr\/lettre-aux-absents\/"},"author":{"name":"lionel","@id":"https:\/\/enlisantfestival.com\/fr\/#\/schema\/person\/87e9b7267113e8db5ef729658a5440e4"},"headline":"Lettre aux absents !","datePublished":"2021-12-02T14:41:50+00:00","dateModified":"2021-12-03T06:43:15+00:00","mainEntityOfPage":{"@id":"https:\/\/enlisantfestival.com\/fr\/lettre-aux-absents\/"},"wordCount":961,"commentCount":0,"publisher":{"@id":"https:\/\/enlisantfestival.com\/fr\/#organization"},"image":{"@id":"https:\/\/enlisantfestival.com\/fr\/lettre-aux-absents\/#primaryimage"},"thumbnailUrl":"https:\/\/enlisantfestival.com\/fr\/wp-content\/uploads\/2021\/12\/mot-de-la-direction.jpg","articleSection":["Le journal d'En Lisant"],"inLanguage":"fr-FR","potentialAction":[{"@type":"CommentAction","name":"Comment","target":["https:\/\/enlisantfestival.com\/fr\/lettre-aux-absents\/#respond"]}]},{"@type":"WebPage","@id":"https:\/\/enlisantfestival.com\/fr\/lettre-aux-absents\/","url":"https:\/\/enlisantfestival.com\/fr\/lettre-aux-absents\/","name":"Lettre aux absents ! - En Lisant festival de th\u00e9\u00e2tre","isPartOf":{"@id":"https:\/\/enlisantfestival.com\/fr\/#website"},"primaryImageOfPage":{"@id":"https:\/\/enlisantfestival.com\/fr\/lettre-aux-absents\/#primaryimage"},"image":{"@id":"https:\/\/enlisantfestival.com\/fr\/lettre-aux-absents\/#primaryimage"},"thumbnailUrl":"https:\/\/enlisantfestival.com\/fr\/wp-content\/uploads\/2021\/12\/mot-de-la-direction.jpg","datePublished":"2021-12-02T14:41:50+00:00","dateModified":"2021-12-03T06:43:15+00:00","breadcrumb":{"@id":"https:\/\/enlisantfestival.com\/fr\/lettre-aux-absents\/#breadcrumb"},"inLanguage":"fr-FR","potentialAction":[{"@type":"ReadAction","target":["https:\/\/enlisantfestival.com\/fr\/lettre-aux-absents\/"]}]},{"@type":"ImageObject","inLanguage":"fr-FR","@id":"https:\/\/enlisantfestival.com\/fr\/lettre-aux-absents\/#primaryimage","url":"https:\/\/enlisantfestival.com\/fr\/wp-content\/uploads\/2021\/12\/mot-de-la-direction.jpg","contentUrl":"https:\/\/enlisantfestival.com\/fr\/wp-content\/uploads\/2021\/12\/mot-de-la-direction.jpg","width":667,"height":667},{"@type":"BreadcrumbList","@id":"https:\/\/enlisantfestival.com\/fr\/lettre-aux-absents\/#breadcrumb","itemListElement":[{"@type":"ListItem","position":1,"name":"Accueil","item":"https:\/\/enlisantfestival.com\/fr\/"},{"@type":"ListItem","position":2,"name":"Lettre aux absents !"}]},{"@type":"WebSite","@id":"https:\/\/enlisantfestival.com\/fr\/#website","url":"https:\/\/enlisantfestival.com\/fr\/","name":"En Lisant festival de th\u00e9\u00e2tre","description":"","publisher":{"@id":"https:\/\/enlisantfestival.com\/fr\/#organization"},"potentialAction":[{"@type":"SearchAction","target":{"@type":"EntryPoint","urlTemplate":"https:\/\/enlisantfestival.com\/fr\/?s={search_term_string}"},"query-input":{"@type":"PropertyValueSpecification","valueRequired":true,"valueName":"search_term_string"}}],"inLanguage":"fr-FR"},{"@type":"Organization","@id":"https:\/\/enlisantfestival.com\/fr\/#organization","name":"En Lisant festival de th\u00e9\u00e2tre","url":"https:\/\/enlisantfestival.com\/fr\/","logo":{"@type":"ImageObject","inLanguage":"fr-FR","@id":"https:\/\/enlisantfestival.com\/fr\/#\/schema\/logo\/image\/","url":"https:\/\/enlisantfestival.com\/fr\/wp-content\/uploads\/2020\/09\/en-lisant-logo.png","contentUrl":"https:\/\/enlisantfestival.com\/fr\/wp-content\/uploads\/2020\/09\/en-lisant-logo.png","width":600,"height":343,"caption":"En Lisant festival de th\u00e9\u00e2tre"},"image":{"@id":"https:\/\/enlisantfestival.com\/fr\/#\/schema\/logo\/image\/"}},{"@type":"Person","@id":"https:\/\/enlisantfestival.com\/fr\/#\/schema\/person\/87e9b7267113e8db5ef729658a5440e4","name":"lionel","image":{"@type":"ImageObject","inLanguage":"fr-FR","@id":"https:\/\/enlisantfestival.com\/fr\/#\/schema\/person\/image\/","url":"https:\/\/secure.gravatar.com\/avatar\/0361bef51de40b6b2e5c0d693a6d8f9c483d0ca194576592d0168a26c347ce45?s=96&d=mm&r=g","contentUrl":"https:\/\/secure.gravatar.com\/avatar\/0361bef51de40b6b2e5c0d693a6d8f9c483d0ca194576592d0168a26c347ce45?s=96&d=mm&r=g","caption":"lionel"},"url":"https:\/\/enlisantfestival.com\/fr\/author\/lionel\/"}]}},"_links":{"self":[{"href":"https:\/\/enlisantfestival.com\/fr\/wp-json\/wp\/v2\/posts\/3949","targetHints":{"allow":["GET"]}}],"collection":[{"href":"https:\/\/enlisantfestival.com\/fr\/wp-json\/wp\/v2\/posts"}],"about":[{"href":"https:\/\/enlisantfestival.com\/fr\/wp-json\/wp\/v2\/types\/post"}],"author":[{"embeddable":true,"href":"https:\/\/enlisantfestival.com\/fr\/wp-json\/wp\/v2\/users\/1"}],"replies":[{"embeddable":true,"href":"https:\/\/enlisantfestival.com\/fr\/wp-json\/wp\/v2\/comments?post=3949"}],"version-history":[{"count":2,"href":"https:\/\/enlisantfestival.com\/fr\/wp-json\/wp\/v2\/posts\/3949\/revisions"}],"predecessor-version":[{"id":3951,"href":"https:\/\/enlisantfestival.com\/fr\/wp-json\/wp\/v2\/posts\/3949\/revisions\/3951"}],"wp:featuredmedia":[{"embeddable":true,"href":"https:\/\/enlisantfestival.com\/fr\/wp-json\/wp\/v2\/media\/3946"}],"wp:attachment":[{"href":"https:\/\/enlisantfestival.com\/fr\/wp-json\/wp\/v2\/media?parent=3949"}],"wp:term":[{"taxonomy":"category","embeddable":true,"href":"https:\/\/enlisantfestival.com\/fr\/wp-json\/wp\/v2\/categories?post=3949"},{"taxonomy":"post_tag","embeddable":true,"href":"https:\/\/enlisantfestival.com\/fr\/wp-json\/wp\/v2\/tags?post=3949"}],"curies":[{"name":"wp","href":"https:\/\/api.w.org\/{rel}","templated":true}]}}