{"id":3972,"date":"2021-12-19T07:15:42","date_gmt":"2021-12-19T06:15:42","guid":{"rendered":"https:\/\/enlisantfestival.com\/fr\/?p=3972"},"modified":"2021-12-19T07:15:42","modified_gmt":"2021-12-19T06:15:42","slug":"katiana-milfort-la-lumineuse","status":"publish","type":"post","link":"https:\/\/enlisantfestival.com\/fr\/katiana-milfort-la-lumineuse\/","title":{"rendered":"Katiana Milfort, la lumineuse !"},"content":{"rendered":"<div class=\"wpb-content-wrapper\"><p>[vc_row][vc_column][vc_column_text]Katiana Milfort sur une sc\u00e8ne : elle brille. Incontestablement. Elle brille par le naturel et la singularit\u00e9 de son jeu. Par sa remarquable g\u00e9n\u00e9rosit\u00e9 : elle se donne, Katiana. Son corps. Son \u00e2me. Et surtout son histoire. On ne la s\u00e9pare pas de son histoire. On les aime ou les d\u00e9teste ensemble. C&#8217;est le socle de son art. Elle y puise son \u00e9nergie, sa force de r\u00e9sister. Voil\u00e0 pourquoi elle &#8220;privil\u00e9gie les projets aptes \u00e0 soigner ses blessures ou \u00e0 dompter ses d\u00e9mons.&#8221; \u00a0La sc\u00e8ne est son &#8220;lieu de victoire.&#8221; Et chaque nouvelle pi\u00e8ce est un nouveau combat. &#8220;Rien n&#8217;est jamais acquis. Tout est toujours \u00e0 gagner,&#8221; vous confiera-t-elle avec sa voix de battante, son large sourire suivi de son \u00e9clat de victorieuse.<\/p>\n<p>Aujourd&#8217;hui, le CV de Katiana Milfort est lourd de plus d&#8217;une trentaine de r\u00f4les au th\u00e9\u00e2tre et au cin\u00e9ma, de plusieurs mises en sc\u00e8ne et aussi d&#8217;une r\u00e9alisation cin\u00e9matographique. Mais avant les plateaux, avant la sc\u00e8ne et ses projecteurs, il y avait une petite fille, sa m\u00e8re et une librairie. La librairie Auguste. La m\u00e8re prenait la tr\u00e8s bonne habitude de r\u00e9compenser les performances scolaires de sa fille en lui offrant des livres. &#8220;C&#8217;\u00e9tait toujours \u00e0 la librairie Auguste, au boulevard Jean Jacques Dessalines,&#8221; pr\u00e9cise-t-elle. Son amour pour les livres \u00e9tait d&#8217;abord physique. Elle aimait leur &#8220;\u00e9l\u00e9gance disciplin\u00e9e&#8221; sur les rayons. Elle aimait leur odeur et la sensation d&#8217;abondance de la librairie. Des livres partout !<\/p>\n<p>La m\u00e8re mourut et laissa la fille, encore tr\u00e8s jeune. Et la librairie devint pour elle un lieu plus intime, un lieu de recueillement. Elle s&#8217;y rend d\u00e9sormais comme pour ex\u00e9cuter un rituel. Parfois sans disposer de quoi s&#8217;acheter un livre. Elle se contente de balader entre les rayons, de faire la liste de ses coups de c\u0153ur.<\/p>\n<p>Un matin, alors qu&#8217;elle s&#8217;adonnait, r\u00eaveuse, \u00e0 sa promenade rituelle entre les \u00e9tag\u00e8res de la librairie, elle croisa Daniel Marcelin, c\u00e9l\u00e8bre homme de th\u00e9\u00e2tre ha\u00eftien, fondateur du Petit conservatoire \u00e9cole de th\u00e9\u00e2tre et des arts de la parole. Le bonjour g\u00e9n\u00e9reux et les grands yeux joyeux qu&#8217;offrait Daniel Marcelin ce jour-l\u00e0 habitent, encore intacts, la m\u00e9moire de la com\u00e9dienne. Ils parl\u00e8rent de lecture, de litt\u00e9rature et de th\u00e9\u00e2tre. La jeune femme brulait d\u00e9j\u00e0 d&#8217;une grande passion pour la sc\u00e8ne mais h\u00e9sitait \u00e0 embrasser une carri\u00e8re d&#8217;artiste. La m\u00e9decine que sa m\u00e8re avait toujours souhait\u00e9e de son vivant l&#8217;effrayait \u00e9norm\u00e9ment. Mais Daniel Marcelin a le talent de convaincre les h\u00e9sitants.es, de les persuader des possibilit\u00e9s du r\u00eave de faire du th\u00e9\u00e2tre en Ha\u00efti. La talentueuse com\u00e9dienne et actrice que nous connaissons aujourd&#8217;hui est n\u00e9e de cette rencontre impromptue.<\/p>\n<p>Elle rejoint tout de suite le Petit conservatoire, d&#8217;abord comme \u00e9tudiante libre avant de s&#8217;y inscrire r\u00e9guli\u00e8rement l&#8217;ann\u00e9e acad\u00e9mique suivante. Deux ans plus tard, en 2006, elle suit un stage en \u00e9thnodrame sous la direction de Pietro Varrasso, p\u00e9dagogue au conservatoire royal de Li\u00e8ge. En 2007 d\u00e9j\u00e0, Katiana Milfort fait une entr\u00e9e fulgurante sur la sc\u00e8ne professionnelle. Elle incarne la Cuisini\u00e8re dans la pi\u00e8ce L&#8217;election d&#8217;Alexandre Sutto, de Dimitru Crudu, mise en sc\u00e8ne par Benoit Vitse. La jeune com\u00e9dienne, par son go\u00fbt naturel de bousculer les limites, accepte de jouer une sc\u00e8ne nue dans la mise en sc\u00e8ne. Les journalistes les plus sexistes s&#8217;en sont donn\u00e9 \u00e0 c\u0153ur joie. &#8220;Ce qui a sauv\u00e9 cette pi\u00e8ce du flop total, ce sont le talent extraordinaire des acteurs et les fesses de Katia !&#8221; exclama le journaliste Philippe Desmangles \u00e0 la chute de son article sur la pi\u00e8ce, paru dans les colonnes du nouvelliste, le 26 septembre 2007. La pi\u00e8ce s&#8217;affichait sur deux jours cons\u00e9cutifs. La violence de certaines critiques, se souvient la com\u00e9dienne, ont forc\u00e9 le metteur en sc\u00e8ne \u00e0 feutrer sa nudit\u00e9 d&#8217;un foulard transparent, le jour suivant.<\/p>\n<p>Fondamentalement incr\u00e9dule, t\u00eatue, Katiana Milfort persiste et d\u00e9croche son dipl\u00f4me en 2008 au Petit conservatoire. Elle n&#8217;arr\u00eatera jamais de se recycler cependant, non seulement \u00e0 travers les livres mais aussi en suivant les ateliers de talentueux et talentueuses hommes et femmes de th\u00e9\u00e2tre. Elle participe en 2017 au 19i\u00e8me rencontre internationale de th\u00e9\u00e2tre \u00e0 Corse en France o\u00f9 elle a c\u00f4toy\u00e9 les travaux de Robin Renucci, de Serge Nicola\u00ef et de Philippe Caub\u00e8re. Il arrive de temps en temps \u00e0 Katiana de prendre du recule, de s&#8217;effacer pour se ressourcer ; mais jamais il ne lui arrive d&#8217;abandonner le th\u00e9\u00e2tre ou m\u00eame de penser \u00e0 faire autre chose. Dans ses moments de doute et d&#8217;\u00e9garement, elle se retire dans une ville de province o\u00f9 elle se consacre \u00e0 la transmission. \u00c0 Jacmel, Aux Cayes, elle a un peu partout des groupes de jeunes \u00e0 vide d&#8217;apprendre auxquels elle essaie de transmettre ce qu&#8217;elle a re\u00e7u. &#8220;La transmition est une redoutable source d&#8217;\u00e9nergie, confie-t-elle.<\/p>\n<p>Katiana Milfort s&#8217;essaye aussi au cin\u00e9ma. Son histoire avec le septi\u00e8me art a commenc\u00e9 comme un flirt. Un petit r\u00f4le de figurant-danseuse dans le long m\u00e9trage Pluie d&#8217;espoir, du r\u00e9alisateur ha\u00eftien Jacques Roc. On la retrouvera ensuite dans plusieurs feuilletons radiophoniques dont &#8220;Bis kafou&#8221; d&#8217;Amos C\u00e9sar. Petit \u00e0 petit son idylle avec le cin\u00e9ma allait prendre des proportions inattendues. Elle obtient des r\u00f4les de plus en plus importants. En 2013, elle interpr\u00e8te le r\u00f4le de l&#8217;\u00e9tudiante dans <em>Dimanche 4 janvier<\/em>, un long m\u00e9trage du r\u00e9alisateur fran\u00e7ais Fran\u00e7ois Marthouret, selon le roman Bicentenaire de Lyonel Trouillot. Elle d\u00e9croche le premier r\u00f4le f\u00e9minin du film Mythe de la caverne r\u00e9alis\u00e9 par Cin\u00e9 institute en 2014. Passionn\u00e9e des projets traitant de la condition f\u00e9minine, elle nous livre tout son c\u0153ur dans le r\u00f4le de Nadine dans le film Laissez-les d\u00e9cider du r\u00e9alisateur Dominique Philippe en 2016. Ne se lassant jamais de se former, elle participe en 2017 \u00e0 la formation en r\u00e9alisation cin\u00e9matographique avec Kinomada dans le cadre du festival Nouvelles vues et r\u00e9alise, la m\u00eame ann\u00e9e, le court m\u00e9trage Zaho. En 2019, on d\u00e9couvre une Katiana toute rayonnante dans le r\u00f4le de Manbo Katy dans le film Zombi child du r\u00e9alisateur fran\u00e7ais Bertrand Bonello, s\u00e9lectionn\u00e9 au prestigieux festival cannes 2019.<\/p>\n<p>Katiana Milfort est aussi entrepreneure. Une entrepreneure militante. On ne se demande pas assez de quoi vivent ceux qui ne peuvent faire que du th\u00e9\u00e2tre en Ha\u00efti. Ceux qui consacrent leurs vies \u00e0 ce m\u00e9tier. \u00a0Nous vivons aujourd&#8217;hui une tyrannie st\u00e9rile de l&#8217;entrepreneuriat qui ne fait aucune place \u00e0 l&#8217;imagination. Les \u00e9conomistes les plus m\u00e9diatis\u00e9s nous limitent au jeu facile de nous accommoder aux demandes d\u00e9j\u00e0 existantes comme si, de toujours, l&#8217;humanit\u00e9 avait aim\u00e9 la bi\u00e8re. Ils oublient que les demandes et les go\u00fbts se cr\u00e9ent aussi. Katiana Milfort r\u00e9siste \u00e0 cette paresse et lance en 2018 avec quelques amis.ies tels que James Fritz Olson Gabriel, Max Robenson Vilaire Dortilus, Rolls Calixte, Smith Sajous, Ga\u00eblle Bien-Aim\u00e9, Steevens Alexandre la production Enjeu. Une entreprise qui entend produire des spectacles de th\u00e9\u00e2tre dans un pays d\u00e9pourvu d&#8217;infrastructures culturelles. Ils nous ont d\u00e9j\u00e0 propos\u00e9 au moins cinq pi\u00e8ces. Temps mort de Michel Philippe Lerebours, mise en sc\u00e8ne par Billy Elucien, Mes mains pleuvent dans l&#8217;histoire de Jacques Roches mise en sc\u00e8ne par Thomas Numa, Les immortelles de Makenzy Orcel, adapt\u00e9 et mis en sc\u00e8ne par Lesly Maxi&#8230;<\/p>\n<p>Bien s\u00fbr qu&#8217;aujourd&#8217;hui, comme pour la plupart des entreprises, les activit\u00e9s de sa soci\u00e9t\u00e9 se trouvent paralys\u00e9es avec la mont\u00e9e d\u00e9routante de l&#8217;ins\u00e9curit\u00e9 \u00e0 Port-au-Prince. Mais elle aura tent\u00e9 de proposer du neuf dans le milieu des affaires.<\/p>\n<p>&nbsp;<\/p>\n<p>&nbsp;<\/p>\n<p>Jean Billy Mond\u00e9sir<\/p>\n<p>R\u00e9dacteur du Journal d\u2019En lisant[\/vc_column_text][\/vc_column][\/vc_row]<\/p>\n<\/div>","protected":false},"excerpt":{"rendered":"<p>Vous \u00eates invit\u00e9s \u00e0 d\u00e9couvrir ou red\u00e9couvrir Katiana Milfort sur sc\u00e8ne au festival de th\u00e9\u00e2tre En lisant ce jeudi 16 d\u00e9cembre \u00e0 3h au Yanvalou. Elle joue dans la pi\u00e8ce Le retour de Wakeu Fogaing mise en sc\u00e8ne par Billy Elucien aux c\u00f4t\u00e9s des talentueux com\u00e9diens Johnny Z\u00e9phirin et Farid Sauvignon.<\/p>\n","protected":false},"author":1,"featured_media":3973,"comment_status":"open","ping_status":"open","sticky":false,"template":"","format":"standard","meta":{"_FSMCFIC_featured_image_caption":"","_FSMCFIC_featured_image_nocaption":"","_FSMCFIC_featured_image_hide":"","footnotes":""},"categories":[104],"tags":[],"class_list":["post-3972","post","type-post","status-publish","format-standard","has-post-thumbnail","hentry","category-le-journal-d-en-lisant"],"yoast_head":"<!-- This site is optimized with the Yoast SEO plugin v27.0 - https:\/\/yoast.com\/product\/yoast-seo-wordpress\/ -->\n<title>Katiana Milfort, la lumineuse ! - En Lisant festival de th\u00e9\u00e2tre<\/title>\n<meta name=\"robots\" content=\"index, follow, max-snippet:-1, max-image-preview:large, max-video-preview:-1\" \/>\n<link rel=\"canonical\" href=\"https:\/\/enlisantfestival.com\/fr\/katiana-milfort-la-lumineuse\/\" \/>\n<meta property=\"og:locale\" content=\"fr_FR\" \/>\n<meta property=\"og:type\" content=\"article\" \/>\n<meta property=\"og:title\" content=\"Katiana Milfort, la lumineuse ! - En Lisant festival de th\u00e9\u00e2tre\" \/>\n<meta property=\"og:description\" content=\"Vous \u00eates invit\u00e9s \u00e0 d\u00e9couvrir ou red\u00e9couvrir Katiana Milfort sur sc\u00e8ne au festival de th\u00e9\u00e2tre En lisant ce jeudi 16 d\u00e9cembre \u00e0 3h au Yanvalou. Elle joue dans la pi\u00e8ce Le retour de Wakeu Fogaing mise en sc\u00e8ne par Billy Elucien aux c\u00f4t\u00e9s des talentueux com\u00e9diens Johnny Z\u00e9phirin et Farid Sauvignon.\" \/>\n<meta property=\"og:url\" content=\"https:\/\/enlisantfestival.com\/fr\/katiana-milfort-la-lumineuse\/\" \/>\n<meta property=\"og:site_name\" content=\"En Lisant festival de th\u00e9\u00e2tre\" \/>\n<meta property=\"article:published_time\" content=\"2021-12-19T06:15:42+00:00\" \/>\n<meta property=\"og:image\" content=\"https:\/\/enlisantfestival.com\/fr\/wp-content\/uploads\/2021\/12\/Katiana-Milfort-Photo.jpg\" \/>\n\t<meta property=\"og:image:width\" content=\"1080\" \/>\n\t<meta property=\"og:image:height\" content=\"605\" \/>\n\t<meta property=\"og:image:type\" content=\"image\/jpeg\" \/>\n<meta name=\"author\" content=\"lionel\" \/>\n<meta name=\"twitter:card\" content=\"summary_large_image\" \/>\n<meta name=\"twitter:label1\" content=\"\u00c9crit par\" \/>\n\t<meta name=\"twitter:data1\" content=\"lionel\" \/>\n\t<meta name=\"twitter:label2\" content=\"Dur\u00e9e de lecture estim\u00e9e\" \/>\n\t<meta name=\"twitter:data2\" content=\"7 minutes\" \/>\n<script type=\"application\/ld+json\" class=\"yoast-schema-graph\">{\"@context\":\"https:\/\/schema.org\",\"@graph\":[{\"@type\":\"Article\",\"@id\":\"https:\/\/enlisantfestival.com\/fr\/katiana-milfort-la-lumineuse\/#article\",\"isPartOf\":{\"@id\":\"https:\/\/enlisantfestival.com\/fr\/katiana-milfort-la-lumineuse\/\"},\"author\":{\"name\":\"lionel\",\"@id\":\"https:\/\/enlisantfestival.com\/fr\/#\/schema\/person\/87e9b7267113e8db5ef729658a5440e4\"},\"headline\":\"Katiana Milfort, la lumineuse !\",\"datePublished\":\"2021-12-19T06:15:42+00:00\",\"mainEntityOfPage\":{\"@id\":\"https:\/\/enlisantfestival.com\/fr\/katiana-milfort-la-lumineuse\/\"},\"wordCount\":1366,\"commentCount\":0,\"publisher\":{\"@id\":\"https:\/\/enlisantfestival.com\/fr\/#organization\"},\"image\":{\"@id\":\"https:\/\/enlisantfestival.com\/fr\/katiana-milfort-la-lumineuse\/#primaryimage\"},\"thumbnailUrl\":\"https:\/\/enlisantfestival.com\/fr\/wp-content\/uploads\/2021\/12\/Katiana-Milfort-Photo.jpg\",\"articleSection\":[\"Le journal d'En Lisant\"],\"inLanguage\":\"fr-FR\",\"potentialAction\":[{\"@type\":\"CommentAction\",\"name\":\"Comment\",\"target\":[\"https:\/\/enlisantfestival.com\/fr\/katiana-milfort-la-lumineuse\/#respond\"]}]},{\"@type\":\"WebPage\",\"@id\":\"https:\/\/enlisantfestival.com\/fr\/katiana-milfort-la-lumineuse\/\",\"url\":\"https:\/\/enlisantfestival.com\/fr\/katiana-milfort-la-lumineuse\/\",\"name\":\"Katiana Milfort, la lumineuse ! - En Lisant festival de th\u00e9\u00e2tre\",\"isPartOf\":{\"@id\":\"https:\/\/enlisantfestival.com\/fr\/#website\"},\"primaryImageOfPage\":{\"@id\":\"https:\/\/enlisantfestival.com\/fr\/katiana-milfort-la-lumineuse\/#primaryimage\"},\"image\":{\"@id\":\"https:\/\/enlisantfestival.com\/fr\/katiana-milfort-la-lumineuse\/#primaryimage\"},\"thumbnailUrl\":\"https:\/\/enlisantfestival.com\/fr\/wp-content\/uploads\/2021\/12\/Katiana-Milfort-Photo.jpg\",\"datePublished\":\"2021-12-19T06:15:42+00:00\",\"breadcrumb\":{\"@id\":\"https:\/\/enlisantfestival.com\/fr\/katiana-milfort-la-lumineuse\/#breadcrumb\"},\"inLanguage\":\"fr-FR\",\"potentialAction\":[{\"@type\":\"ReadAction\",\"target\":[\"https:\/\/enlisantfestival.com\/fr\/katiana-milfort-la-lumineuse\/\"]}]},{\"@type\":\"ImageObject\",\"inLanguage\":\"fr-FR\",\"@id\":\"https:\/\/enlisantfestival.com\/fr\/katiana-milfort-la-lumineuse\/#primaryimage\",\"url\":\"https:\/\/enlisantfestival.com\/fr\/wp-content\/uploads\/2021\/12\/Katiana-Milfort-Photo.jpg\",\"contentUrl\":\"https:\/\/enlisantfestival.com\/fr\/wp-content\/uploads\/2021\/12\/Katiana-Milfort-Photo.jpg\",\"width\":1080,\"height\":605},{\"@type\":\"BreadcrumbList\",\"@id\":\"https:\/\/enlisantfestival.com\/fr\/katiana-milfort-la-lumineuse\/#breadcrumb\",\"itemListElement\":[{\"@type\":\"ListItem\",\"position\":1,\"name\":\"Accueil\",\"item\":\"https:\/\/enlisantfestival.com\/fr\/\"},{\"@type\":\"ListItem\",\"position\":2,\"name\":\"Katiana Milfort, la lumineuse !\"}]},{\"@type\":\"WebSite\",\"@id\":\"https:\/\/enlisantfestival.com\/fr\/#website\",\"url\":\"https:\/\/enlisantfestival.com\/fr\/\",\"name\":\"En Lisant festival de th\u00e9\u00e2tre\",\"description\":\"\",\"publisher\":{\"@id\":\"https:\/\/enlisantfestival.com\/fr\/#organization\"},\"potentialAction\":[{\"@type\":\"SearchAction\",\"target\":{\"@type\":\"EntryPoint\",\"urlTemplate\":\"https:\/\/enlisantfestival.com\/fr\/?s={search_term_string}\"},\"query-input\":{\"@type\":\"PropertyValueSpecification\",\"valueRequired\":true,\"valueName\":\"search_term_string\"}}],\"inLanguage\":\"fr-FR\"},{\"@type\":\"Organization\",\"@id\":\"https:\/\/enlisantfestival.com\/fr\/#organization\",\"name\":\"En Lisant festival de th\u00e9\u00e2tre\",\"url\":\"https:\/\/enlisantfestival.com\/fr\/\",\"logo\":{\"@type\":\"ImageObject\",\"inLanguage\":\"fr-FR\",\"@id\":\"https:\/\/enlisantfestival.com\/fr\/#\/schema\/logo\/image\/\",\"url\":\"https:\/\/enlisantfestival.com\/fr\/wp-content\/uploads\/2020\/09\/en-lisant-logo.png\",\"contentUrl\":\"https:\/\/enlisantfestival.com\/fr\/wp-content\/uploads\/2020\/09\/en-lisant-logo.png\",\"width\":600,\"height\":343,\"caption\":\"En Lisant festival de th\u00e9\u00e2tre\"},\"image\":{\"@id\":\"https:\/\/enlisantfestival.com\/fr\/#\/schema\/logo\/image\/\"}},{\"@type\":\"Person\",\"@id\":\"https:\/\/enlisantfestival.com\/fr\/#\/schema\/person\/87e9b7267113e8db5ef729658a5440e4\",\"name\":\"lionel\",\"image\":{\"@type\":\"ImageObject\",\"inLanguage\":\"fr-FR\",\"@id\":\"https:\/\/enlisantfestival.com\/fr\/#\/schema\/person\/image\/\",\"url\":\"https:\/\/secure.gravatar.com\/avatar\/0361bef51de40b6b2e5c0d693a6d8f9c483d0ca194576592d0168a26c347ce45?s=96&d=mm&r=g\",\"contentUrl\":\"https:\/\/secure.gravatar.com\/avatar\/0361bef51de40b6b2e5c0d693a6d8f9c483d0ca194576592d0168a26c347ce45?s=96&d=mm&r=g\",\"caption\":\"lionel\"},\"url\":\"https:\/\/enlisantfestival.com\/fr\/author\/lionel\/\"}]}<\/script>\n<!-- \/ Yoast SEO plugin. -->","yoast_head_json":{"title":"Katiana Milfort, la lumineuse ! - En Lisant festival de th\u00e9\u00e2tre","robots":{"index":"index","follow":"follow","max-snippet":"max-snippet:-1","max-image-preview":"max-image-preview:large","max-video-preview":"max-video-preview:-1"},"canonical":"https:\/\/enlisantfestival.com\/fr\/katiana-milfort-la-lumineuse\/","og_locale":"fr_FR","og_type":"article","og_title":"Katiana Milfort, la lumineuse ! - En Lisant festival de th\u00e9\u00e2tre","og_description":"Vous \u00eates invit\u00e9s \u00e0 d\u00e9couvrir ou red\u00e9couvrir Katiana Milfort sur sc\u00e8ne au festival de th\u00e9\u00e2tre En lisant ce jeudi 16 d\u00e9cembre \u00e0 3h au Yanvalou. Elle joue dans la pi\u00e8ce Le retour de Wakeu Fogaing mise en sc\u00e8ne par Billy Elucien aux c\u00f4t\u00e9s des talentueux com\u00e9diens Johnny Z\u00e9phirin et Farid Sauvignon.","og_url":"https:\/\/enlisantfestival.com\/fr\/katiana-milfort-la-lumineuse\/","og_site_name":"En Lisant festival de th\u00e9\u00e2tre","article_published_time":"2021-12-19T06:15:42+00:00","og_image":[{"width":1080,"height":605,"url":"https:\/\/enlisantfestival.com\/fr\/wp-content\/uploads\/2021\/12\/Katiana-Milfort-Photo.jpg","type":"image\/jpeg"}],"author":"lionel","twitter_card":"summary_large_image","twitter_misc":{"\u00c9crit par":"lionel","Dur\u00e9e de lecture estim\u00e9e":"7 minutes"},"schema":{"@context":"https:\/\/schema.org","@graph":[{"@type":"Article","@id":"https:\/\/enlisantfestival.com\/fr\/katiana-milfort-la-lumineuse\/#article","isPartOf":{"@id":"https:\/\/enlisantfestival.com\/fr\/katiana-milfort-la-lumineuse\/"},"author":{"name":"lionel","@id":"https:\/\/enlisantfestival.com\/fr\/#\/schema\/person\/87e9b7267113e8db5ef729658a5440e4"},"headline":"Katiana Milfort, la lumineuse !","datePublished":"2021-12-19T06:15:42+00:00","mainEntityOfPage":{"@id":"https:\/\/enlisantfestival.com\/fr\/katiana-milfort-la-lumineuse\/"},"wordCount":1366,"commentCount":0,"publisher":{"@id":"https:\/\/enlisantfestival.com\/fr\/#organization"},"image":{"@id":"https:\/\/enlisantfestival.com\/fr\/katiana-milfort-la-lumineuse\/#primaryimage"},"thumbnailUrl":"https:\/\/enlisantfestival.com\/fr\/wp-content\/uploads\/2021\/12\/Katiana-Milfort-Photo.jpg","articleSection":["Le journal d'En Lisant"],"inLanguage":"fr-FR","potentialAction":[{"@type":"CommentAction","name":"Comment","target":["https:\/\/enlisantfestival.com\/fr\/katiana-milfort-la-lumineuse\/#respond"]}]},{"@type":"WebPage","@id":"https:\/\/enlisantfestival.com\/fr\/katiana-milfort-la-lumineuse\/","url":"https:\/\/enlisantfestival.com\/fr\/katiana-milfort-la-lumineuse\/","name":"Katiana Milfort, la lumineuse ! - En Lisant festival de th\u00e9\u00e2tre","isPartOf":{"@id":"https:\/\/enlisantfestival.com\/fr\/#website"},"primaryImageOfPage":{"@id":"https:\/\/enlisantfestival.com\/fr\/katiana-milfort-la-lumineuse\/#primaryimage"},"image":{"@id":"https:\/\/enlisantfestival.com\/fr\/katiana-milfort-la-lumineuse\/#primaryimage"},"thumbnailUrl":"https:\/\/enlisantfestival.com\/fr\/wp-content\/uploads\/2021\/12\/Katiana-Milfort-Photo.jpg","datePublished":"2021-12-19T06:15:42+00:00","breadcrumb":{"@id":"https:\/\/enlisantfestival.com\/fr\/katiana-milfort-la-lumineuse\/#breadcrumb"},"inLanguage":"fr-FR","potentialAction":[{"@type":"ReadAction","target":["https:\/\/enlisantfestival.com\/fr\/katiana-milfort-la-lumineuse\/"]}]},{"@type":"ImageObject","inLanguage":"fr-FR","@id":"https:\/\/enlisantfestival.com\/fr\/katiana-milfort-la-lumineuse\/#primaryimage","url":"https:\/\/enlisantfestival.com\/fr\/wp-content\/uploads\/2021\/12\/Katiana-Milfort-Photo.jpg","contentUrl":"https:\/\/enlisantfestival.com\/fr\/wp-content\/uploads\/2021\/12\/Katiana-Milfort-Photo.jpg","width":1080,"height":605},{"@type":"BreadcrumbList","@id":"https:\/\/enlisantfestival.com\/fr\/katiana-milfort-la-lumineuse\/#breadcrumb","itemListElement":[{"@type":"ListItem","position":1,"name":"Accueil","item":"https:\/\/enlisantfestival.com\/fr\/"},{"@type":"ListItem","position":2,"name":"Katiana Milfort, la lumineuse !"}]},{"@type":"WebSite","@id":"https:\/\/enlisantfestival.com\/fr\/#website","url":"https:\/\/enlisantfestival.com\/fr\/","name":"En Lisant festival de th\u00e9\u00e2tre","description":"","publisher":{"@id":"https:\/\/enlisantfestival.com\/fr\/#organization"},"potentialAction":[{"@type":"SearchAction","target":{"@type":"EntryPoint","urlTemplate":"https:\/\/enlisantfestival.com\/fr\/?s={search_term_string}"},"query-input":{"@type":"PropertyValueSpecification","valueRequired":true,"valueName":"search_term_string"}}],"inLanguage":"fr-FR"},{"@type":"Organization","@id":"https:\/\/enlisantfestival.com\/fr\/#organization","name":"En Lisant festival de th\u00e9\u00e2tre","url":"https:\/\/enlisantfestival.com\/fr\/","logo":{"@type":"ImageObject","inLanguage":"fr-FR","@id":"https:\/\/enlisantfestival.com\/fr\/#\/schema\/logo\/image\/","url":"https:\/\/enlisantfestival.com\/fr\/wp-content\/uploads\/2020\/09\/en-lisant-logo.png","contentUrl":"https:\/\/enlisantfestival.com\/fr\/wp-content\/uploads\/2020\/09\/en-lisant-logo.png","width":600,"height":343,"caption":"En Lisant festival de th\u00e9\u00e2tre"},"image":{"@id":"https:\/\/enlisantfestival.com\/fr\/#\/schema\/logo\/image\/"}},{"@type":"Person","@id":"https:\/\/enlisantfestival.com\/fr\/#\/schema\/person\/87e9b7267113e8db5ef729658a5440e4","name":"lionel","image":{"@type":"ImageObject","inLanguage":"fr-FR","@id":"https:\/\/enlisantfestival.com\/fr\/#\/schema\/person\/image\/","url":"https:\/\/secure.gravatar.com\/avatar\/0361bef51de40b6b2e5c0d693a6d8f9c483d0ca194576592d0168a26c347ce45?s=96&d=mm&r=g","contentUrl":"https:\/\/secure.gravatar.com\/avatar\/0361bef51de40b6b2e5c0d693a6d8f9c483d0ca194576592d0168a26c347ce45?s=96&d=mm&r=g","caption":"lionel"},"url":"https:\/\/enlisantfestival.com\/fr\/author\/lionel\/"}]}},"_links":{"self":[{"href":"https:\/\/enlisantfestival.com\/fr\/wp-json\/wp\/v2\/posts\/3972","targetHints":{"allow":["GET"]}}],"collection":[{"href":"https:\/\/enlisantfestival.com\/fr\/wp-json\/wp\/v2\/posts"}],"about":[{"href":"https:\/\/enlisantfestival.com\/fr\/wp-json\/wp\/v2\/types\/post"}],"author":[{"embeddable":true,"href":"https:\/\/enlisantfestival.com\/fr\/wp-json\/wp\/v2\/users\/1"}],"replies":[{"embeddable":true,"href":"https:\/\/enlisantfestival.com\/fr\/wp-json\/wp\/v2\/comments?post=3972"}],"version-history":[{"count":1,"href":"https:\/\/enlisantfestival.com\/fr\/wp-json\/wp\/v2\/posts\/3972\/revisions"}],"predecessor-version":[{"id":3974,"href":"https:\/\/enlisantfestival.com\/fr\/wp-json\/wp\/v2\/posts\/3972\/revisions\/3974"}],"wp:featuredmedia":[{"embeddable":true,"href":"https:\/\/enlisantfestival.com\/fr\/wp-json\/wp\/v2\/media\/3973"}],"wp:attachment":[{"href":"https:\/\/enlisantfestival.com\/fr\/wp-json\/wp\/v2\/media?parent=3972"}],"wp:term":[{"taxonomy":"category","embeddable":true,"href":"https:\/\/enlisantfestival.com\/fr\/wp-json\/wp\/v2\/categories?post=3972"},{"taxonomy":"post_tag","embeddable":true,"href":"https:\/\/enlisantfestival.com\/fr\/wp-json\/wp\/v2\/tags?post=3972"}],"curies":[{"name":"wp","href":"https:\/\/api.w.org\/{rel}","templated":true}]}}