{"id":3975,"date":"2021-12-19T07:30:29","date_gmt":"2021-12-19T06:30:29","guid":{"rendered":"https:\/\/enlisantfestival.com\/fr\/?p=3975"},"modified":"2021-12-19T16:48:41","modified_gmt":"2021-12-19T15:48:41","slug":"mais-que-pese-le-silence-dune-vie","status":"publish","type":"post","link":"https:\/\/enlisantfestival.com\/fr\/mais-que-pese-le-silence-dune-vie\/","title":{"rendered":"Mais que p\u00e8se le silence d\u2019une vie ?"},"content":{"rendered":"<div class=\"wpb-content-wrapper\"><p>[vc_row][vc_column][vc_column_text]L\u2019int\u00e9rieur d\u2019une maison qui n\u2019a l\u2019air de rien, vieillotte,\u00a0 d\u00e9munie. \u00a0Des meubles \u00e9lim\u00e9s de bois verni, aux odeurs de pr\u00e9carit\u00e9. \u00a0Il y a l\u00e0, au Yanvalou, l\u2019histoire d\u2019une vie tendue sur le fil \u2013 terrass\u00e9e par le silence et l\u2019absence \u2013, d\u2019un amour qui s\u2019est \u00e9teint, d\u2019un retour qui est difficile voire impossible \u00e0 avaler.\u00a0 Drack (Johny Z\u00e9phirin), maniaque et parano\u00efaque, \u00e0 la fois cynique et insensible, mufle et amoureux, semble avoir du sang sur les mains\u00a0: celui qui \u00e9tait parti en mission humanitaire en Afrique, s\u2019immis\u00e7ant dans des activit\u00e9s louches de guerre, n\u2019est pas celui qui est revenu. Mme Drack (Katiana Milfort), puissante, acide, intransigeante et am\u00e8re, le visage burin\u00e9, les \u00e9paules lourdes de chagrin, a ferm\u00e9 son c\u0153ur et les portes de la maison \u00e0 un homme qui a pass\u00e9 31 ans \u00e0 ne jamais donner des nouvelles de lui, pas m\u00eame une lettre alors qu\u2019il en avait re\u00e7u des centaines dont ceux de ses enfants Maxime et Francis. \u00a0La seule t\u00e2che \u00e0\u00a0laquelle il s\u2019est attel\u00e9, c\u2019est de transf\u00e9rer de l\u2019argent sur le compte de Mme Drack qui elle, n\u2019a touch\u00e9 \u00e0 un centime de son pognon.<\/p>\n<p>\u00ab\u00a0L\u2019argent ne caresse pas sa femme pour lui dire que tout ira bien demain, l\u2019argent n\u2019encourage pas ses enfants quand leur note baisse \u00e0 l\u2019\u00e9cole, l\u2019argent ne remplace pas la douleur d\u2019un amour qui s\u2019\u00e9chappe\u00a0\u00bb.<\/p>\n<p><img fetchpriority=\"high\" decoding=\"async\" class=\"wp-image-3976 size-full aligncenter\" src=\"https:\/\/enlisantfestival.com\/fr\/wp-content\/uploads\/2021\/12\/Le-silence-1.jpg\" alt=\"\" width=\"800\" height=\"533\" srcset=\"https:\/\/enlisantfestival.com\/fr\/wp-content\/uploads\/2021\/12\/Le-silence-1.jpg 800w, https:\/\/enlisantfestival.com\/fr\/wp-content\/uploads\/2021\/12\/Le-silence-1-300x200.jpg 300w, https:\/\/enlisantfestival.com\/fr\/wp-content\/uploads\/2021\/12\/Le-silence-1-768x512.jpg 768w\" sizes=\"(max-width: 800px) 100vw, 800px\" \/>Pendant 31 ans, Mme Drack, a d\u00fb supporter ce silence, \u00e9levant ces enfants dans la grandeur et la dignit\u00e9. Il y a Hans (Farid Sauvignon), le bras droit de Mme Drack, le pauvre serviteur aux pieds calleux et ami de ses enfants, rentr\u00e9 d\u2019Afrique pour venger sa famille assassin\u00e9e, qui tient la maison en \u00e9tat pendant six ans mais se heurte \u00e0 un conflit ouvert par Drack, pass\u00e9 pour un fauteur de troubles, avec le cr\u00e2ne bourr\u00e9 des valeurs de l\u2019occident,\u00a0 souillant le calme imp\u00e9rieux d\u2019une maison \u00a0Son silence a pes\u00e9 lourd et entrainera des cons\u00e9quences lourdes sur les rapports conjugaux.<\/p>\n<p>\u00ab\u00a0J\u2019ai pris connaissance de la pi\u00e8ce de Wakeu Fogaing gr\u00e2ce \u00e0 Farid. J\u2019avais tout de suite \u00e9t\u00e9 interpell\u00e9 par le drame de l\u2019exil, le ph\u00e9nom\u00e8ne des boat people qui frappe de nombreuses familles ha\u00eftiennes en qu\u00eate d\u2019une vie plus d\u00e9cente.\u00a0 J\u2019avais donc profite d\u2019une bourse de r\u00e9sidence artistique offerte par Fokal et l\u2019Institut Fran\u00e7ais de Paris pour monter le spectacle, jou\u00e9 la premi\u00e8re fois \u00e0 Fokal\u00a0\u00bb, a\u00a0l\u00e2ch\u00e9 Billy Ellucien, bout d\u2019homme \u00e0 l\u2019imaginaire ample, s\u2019accaparant d\u2019un sujet encore d\u2019actualit\u00e9 pour en faire un hymne sur les traumas de l\u2019absence.<\/p>\n<p>Mais ce qui happe dans ce d\u00e9cor plant\u00e9, dans cette mise en sc\u00e8ne torride et d\u00e9chirante de douleurs,\u00a0 c\u2019est le manque visible d\u2019infrastructures sc\u00e9niques qui \u00e9tranglent les r\u00eaves\u00a0 et les talents, qui coupent le souffle de la fiction th\u00e9\u00e2trale ha\u00eftienne. On dirait presqu\u2019ici, enfiler un chameau dans l\u2019\u0153il d\u2019une aiguille est plus facile que pratiquer les m\u00e9tiers de la sc\u00e8ne. Malgr\u00e9 les lacunes logistiques, il y a la une logique de grandeur d\u2019\u00e2me, de r\u00e9silience assum\u00e9e, d\u2019\u00e9thique de responsabilit\u00e9, de fatalit\u00e9 et de d\u00e9ni de soi \u00e0 r\u00e9pugner que transpire le travail de Billy Ellucien.<\/p>\n<p>&nbsp;<\/p>\n<p>Rosny Ladouceur[\/vc_column_text][\/vc_column][\/vc_row]<\/p>\n<\/div>","protected":false},"excerpt":{"rendered":"<p>Au Caf\u00e9-bar Yanvalou, hier jeudi, Billy Ellucien a (re)mis en sc\u00e8ne la puissante \u0153uvre de  Wakeu Fogaing \u00ab Le retour \u00bb.  Ample. Torride. Saignante et d\u00e9chirante de douleurs. <\/p>\n","protected":false},"author":1,"featured_media":3977,"comment_status":"open","ping_status":"open","sticky":false,"template":"","format":"standard","meta":{"_FSMCFIC_featured_image_caption":"","_FSMCFIC_featured_image_nocaption":"","_FSMCFIC_featured_image_hide":"","footnotes":""},"categories":[104],"tags":[],"class_list":["post-3975","post","type-post","status-publish","format-standard","has-post-thumbnail","hentry","category-le-journal-d-en-lisant"],"yoast_head":"<!-- This site is optimized with the Yoast SEO plugin v27.0 - https:\/\/yoast.com\/product\/yoast-seo-wordpress\/ -->\n<title>Mais que p\u00e8se le silence d\u2019une vie ? - En Lisant festival de th\u00e9\u00e2tre<\/title>\n<meta name=\"robots\" content=\"index, follow, max-snippet:-1, max-image-preview:large, max-video-preview:-1\" \/>\n<link rel=\"canonical\" href=\"https:\/\/enlisantfestival.com\/fr\/mais-que-pese-le-silence-dune-vie\/\" \/>\n<meta property=\"og:locale\" content=\"fr_FR\" \/>\n<meta property=\"og:type\" content=\"article\" \/>\n<meta property=\"og:title\" content=\"Mais que p\u00e8se le silence d\u2019une vie ? - En Lisant festival de th\u00e9\u00e2tre\" \/>\n<meta property=\"og:description\" content=\"Au Caf\u00e9-bar Yanvalou, hier jeudi, Billy Ellucien a (re)mis en sc\u00e8ne la puissante \u0153uvre de Wakeu Fogaing \u00ab Le retour \u00bb. Ample. Torride. Saignante et d\u00e9chirante de douleurs.\" \/>\n<meta property=\"og:url\" content=\"https:\/\/enlisantfestival.com\/fr\/mais-que-pese-le-silence-dune-vie\/\" \/>\n<meta property=\"og:site_name\" content=\"En Lisant festival de th\u00e9\u00e2tre\" \/>\n<meta property=\"article:published_time\" content=\"2021-12-19T06:30:29+00:00\" \/>\n<meta property=\"article:modified_time\" content=\"2021-12-19T15:48:41+00:00\" \/>\n<meta property=\"og:image\" content=\"https:\/\/enlisantfestival.com\/fr\/wp-content\/uploads\/2021\/12\/Le-silence.jpg\" \/>\n\t<meta property=\"og:image:width\" content=\"800\" \/>\n\t<meta property=\"og:image:height\" content=\"533\" \/>\n\t<meta property=\"og:image:type\" content=\"image\/jpeg\" \/>\n<meta name=\"author\" content=\"lionel\" \/>\n<meta name=\"twitter:card\" content=\"summary_large_image\" \/>\n<meta name=\"twitter:label1\" content=\"\u00c9crit par\" \/>\n\t<meta name=\"twitter:data1\" content=\"lionel\" \/>\n\t<meta name=\"twitter:label2\" content=\"Dur\u00e9e de lecture estim\u00e9e\" \/>\n\t<meta name=\"twitter:data2\" content=\"3 minutes\" \/>\n<script type=\"application\/ld+json\" class=\"yoast-schema-graph\">{\"@context\":\"https:\/\/schema.org\",\"@graph\":[{\"@type\":\"Article\",\"@id\":\"https:\/\/enlisantfestival.com\/fr\/mais-que-pese-le-silence-dune-vie\/#article\",\"isPartOf\":{\"@id\":\"https:\/\/enlisantfestival.com\/fr\/mais-que-pese-le-silence-dune-vie\/\"},\"author\":{\"name\":\"lionel\",\"@id\":\"https:\/\/enlisantfestival.com\/fr\/#\/schema\/person\/87e9b7267113e8db5ef729658a5440e4\"},\"headline\":\"Mais que p\u00e8se le silence d\u2019une vie ?\",\"datePublished\":\"2021-12-19T06:30:29+00:00\",\"dateModified\":\"2021-12-19T15:48:41+00:00\",\"mainEntityOfPage\":{\"@id\":\"https:\/\/enlisantfestival.com\/fr\/mais-que-pese-le-silence-dune-vie\/\"},\"wordCount\":611,\"commentCount\":0,\"publisher\":{\"@id\":\"https:\/\/enlisantfestival.com\/fr\/#organization\"},\"image\":{\"@id\":\"https:\/\/enlisantfestival.com\/fr\/mais-que-pese-le-silence-dune-vie\/#primaryimage\"},\"thumbnailUrl\":\"https:\/\/enlisantfestival.com\/fr\/wp-content\/uploads\/2021\/12\/Le-silence.jpg\",\"articleSection\":[\"Le journal d'En Lisant\"],\"inLanguage\":\"fr-FR\",\"potentialAction\":[{\"@type\":\"CommentAction\",\"name\":\"Comment\",\"target\":[\"https:\/\/enlisantfestival.com\/fr\/mais-que-pese-le-silence-dune-vie\/#respond\"]}]},{\"@type\":\"WebPage\",\"@id\":\"https:\/\/enlisantfestival.com\/fr\/mais-que-pese-le-silence-dune-vie\/\",\"url\":\"https:\/\/enlisantfestival.com\/fr\/mais-que-pese-le-silence-dune-vie\/\",\"name\":\"Mais que p\u00e8se le silence d\u2019une vie ? - En Lisant festival de th\u00e9\u00e2tre\",\"isPartOf\":{\"@id\":\"https:\/\/enlisantfestival.com\/fr\/#website\"},\"primaryImageOfPage\":{\"@id\":\"https:\/\/enlisantfestival.com\/fr\/mais-que-pese-le-silence-dune-vie\/#primaryimage\"},\"image\":{\"@id\":\"https:\/\/enlisantfestival.com\/fr\/mais-que-pese-le-silence-dune-vie\/#primaryimage\"},\"thumbnailUrl\":\"https:\/\/enlisantfestival.com\/fr\/wp-content\/uploads\/2021\/12\/Le-silence.jpg\",\"datePublished\":\"2021-12-19T06:30:29+00:00\",\"dateModified\":\"2021-12-19T15:48:41+00:00\",\"breadcrumb\":{\"@id\":\"https:\/\/enlisantfestival.com\/fr\/mais-que-pese-le-silence-dune-vie\/#breadcrumb\"},\"inLanguage\":\"fr-FR\",\"potentialAction\":[{\"@type\":\"ReadAction\",\"target\":[\"https:\/\/enlisantfestival.com\/fr\/mais-que-pese-le-silence-dune-vie\/\"]}]},{\"@type\":\"ImageObject\",\"inLanguage\":\"fr-FR\",\"@id\":\"https:\/\/enlisantfestival.com\/fr\/mais-que-pese-le-silence-dune-vie\/#primaryimage\",\"url\":\"https:\/\/enlisantfestival.com\/fr\/wp-content\/uploads\/2021\/12\/Le-silence.jpg\",\"contentUrl\":\"https:\/\/enlisantfestival.com\/fr\/wp-content\/uploads\/2021\/12\/Le-silence.jpg\",\"width\":800,\"height\":533},{\"@type\":\"BreadcrumbList\",\"@id\":\"https:\/\/enlisantfestival.com\/fr\/mais-que-pese-le-silence-dune-vie\/#breadcrumb\",\"itemListElement\":[{\"@type\":\"ListItem\",\"position\":1,\"name\":\"Accueil\",\"item\":\"https:\/\/enlisantfestival.com\/fr\/\"},{\"@type\":\"ListItem\",\"position\":2,\"name\":\"Mais que p\u00e8se le silence d\u2019une vie ?\"}]},{\"@type\":\"WebSite\",\"@id\":\"https:\/\/enlisantfestival.com\/fr\/#website\",\"url\":\"https:\/\/enlisantfestival.com\/fr\/\",\"name\":\"En Lisant festival de th\u00e9\u00e2tre\",\"description\":\"\",\"publisher\":{\"@id\":\"https:\/\/enlisantfestival.com\/fr\/#organization\"},\"potentialAction\":[{\"@type\":\"SearchAction\",\"target\":{\"@type\":\"EntryPoint\",\"urlTemplate\":\"https:\/\/enlisantfestival.com\/fr\/?s={search_term_string}\"},\"query-input\":{\"@type\":\"PropertyValueSpecification\",\"valueRequired\":true,\"valueName\":\"search_term_string\"}}],\"inLanguage\":\"fr-FR\"},{\"@type\":\"Organization\",\"@id\":\"https:\/\/enlisantfestival.com\/fr\/#organization\",\"name\":\"En Lisant festival de th\u00e9\u00e2tre\",\"url\":\"https:\/\/enlisantfestival.com\/fr\/\",\"logo\":{\"@type\":\"ImageObject\",\"inLanguage\":\"fr-FR\",\"@id\":\"https:\/\/enlisantfestival.com\/fr\/#\/schema\/logo\/image\/\",\"url\":\"https:\/\/enlisantfestival.com\/fr\/wp-content\/uploads\/2020\/09\/en-lisant-logo.png\",\"contentUrl\":\"https:\/\/enlisantfestival.com\/fr\/wp-content\/uploads\/2020\/09\/en-lisant-logo.png\",\"width\":600,\"height\":343,\"caption\":\"En Lisant festival de th\u00e9\u00e2tre\"},\"image\":{\"@id\":\"https:\/\/enlisantfestival.com\/fr\/#\/schema\/logo\/image\/\"}},{\"@type\":\"Person\",\"@id\":\"https:\/\/enlisantfestival.com\/fr\/#\/schema\/person\/87e9b7267113e8db5ef729658a5440e4\",\"name\":\"lionel\",\"image\":{\"@type\":\"ImageObject\",\"inLanguage\":\"fr-FR\",\"@id\":\"https:\/\/enlisantfestival.com\/fr\/#\/schema\/person\/image\/\",\"url\":\"https:\/\/secure.gravatar.com\/avatar\/0361bef51de40b6b2e5c0d693a6d8f9c483d0ca194576592d0168a26c347ce45?s=96&d=mm&r=g\",\"contentUrl\":\"https:\/\/secure.gravatar.com\/avatar\/0361bef51de40b6b2e5c0d693a6d8f9c483d0ca194576592d0168a26c347ce45?s=96&d=mm&r=g\",\"caption\":\"lionel\"},\"url\":\"https:\/\/enlisantfestival.com\/fr\/author\/lionel\/\"}]}<\/script>\n<!-- \/ Yoast SEO plugin. -->","yoast_head_json":{"title":"Mais que p\u00e8se le silence d\u2019une vie ? - En Lisant festival de th\u00e9\u00e2tre","robots":{"index":"index","follow":"follow","max-snippet":"max-snippet:-1","max-image-preview":"max-image-preview:large","max-video-preview":"max-video-preview:-1"},"canonical":"https:\/\/enlisantfestival.com\/fr\/mais-que-pese-le-silence-dune-vie\/","og_locale":"fr_FR","og_type":"article","og_title":"Mais que p\u00e8se le silence d\u2019une vie ? - En Lisant festival de th\u00e9\u00e2tre","og_description":"Au Caf\u00e9-bar Yanvalou, hier jeudi, Billy Ellucien a (re)mis en sc\u00e8ne la puissante \u0153uvre de Wakeu Fogaing \u00ab Le retour \u00bb. Ample. Torride. Saignante et d\u00e9chirante de douleurs.","og_url":"https:\/\/enlisantfestival.com\/fr\/mais-que-pese-le-silence-dune-vie\/","og_site_name":"En Lisant festival de th\u00e9\u00e2tre","article_published_time":"2021-12-19T06:30:29+00:00","article_modified_time":"2021-12-19T15:48:41+00:00","og_image":[{"width":800,"height":533,"url":"https:\/\/enlisantfestival.com\/fr\/wp-content\/uploads\/2021\/12\/Le-silence.jpg","type":"image\/jpeg"}],"author":"lionel","twitter_card":"summary_large_image","twitter_misc":{"\u00c9crit par":"lionel","Dur\u00e9e de lecture estim\u00e9e":"3 minutes"},"schema":{"@context":"https:\/\/schema.org","@graph":[{"@type":"Article","@id":"https:\/\/enlisantfestival.com\/fr\/mais-que-pese-le-silence-dune-vie\/#article","isPartOf":{"@id":"https:\/\/enlisantfestival.com\/fr\/mais-que-pese-le-silence-dune-vie\/"},"author":{"name":"lionel","@id":"https:\/\/enlisantfestival.com\/fr\/#\/schema\/person\/87e9b7267113e8db5ef729658a5440e4"},"headline":"Mais que p\u00e8se le silence d\u2019une vie ?","datePublished":"2021-12-19T06:30:29+00:00","dateModified":"2021-12-19T15:48:41+00:00","mainEntityOfPage":{"@id":"https:\/\/enlisantfestival.com\/fr\/mais-que-pese-le-silence-dune-vie\/"},"wordCount":611,"commentCount":0,"publisher":{"@id":"https:\/\/enlisantfestival.com\/fr\/#organization"},"image":{"@id":"https:\/\/enlisantfestival.com\/fr\/mais-que-pese-le-silence-dune-vie\/#primaryimage"},"thumbnailUrl":"https:\/\/enlisantfestival.com\/fr\/wp-content\/uploads\/2021\/12\/Le-silence.jpg","articleSection":["Le journal d'En Lisant"],"inLanguage":"fr-FR","potentialAction":[{"@type":"CommentAction","name":"Comment","target":["https:\/\/enlisantfestival.com\/fr\/mais-que-pese-le-silence-dune-vie\/#respond"]}]},{"@type":"WebPage","@id":"https:\/\/enlisantfestival.com\/fr\/mais-que-pese-le-silence-dune-vie\/","url":"https:\/\/enlisantfestival.com\/fr\/mais-que-pese-le-silence-dune-vie\/","name":"Mais que p\u00e8se le silence d\u2019une vie ? - En Lisant festival de th\u00e9\u00e2tre","isPartOf":{"@id":"https:\/\/enlisantfestival.com\/fr\/#website"},"primaryImageOfPage":{"@id":"https:\/\/enlisantfestival.com\/fr\/mais-que-pese-le-silence-dune-vie\/#primaryimage"},"image":{"@id":"https:\/\/enlisantfestival.com\/fr\/mais-que-pese-le-silence-dune-vie\/#primaryimage"},"thumbnailUrl":"https:\/\/enlisantfestival.com\/fr\/wp-content\/uploads\/2021\/12\/Le-silence.jpg","datePublished":"2021-12-19T06:30:29+00:00","dateModified":"2021-12-19T15:48:41+00:00","breadcrumb":{"@id":"https:\/\/enlisantfestival.com\/fr\/mais-que-pese-le-silence-dune-vie\/#breadcrumb"},"inLanguage":"fr-FR","potentialAction":[{"@type":"ReadAction","target":["https:\/\/enlisantfestival.com\/fr\/mais-que-pese-le-silence-dune-vie\/"]}]},{"@type":"ImageObject","inLanguage":"fr-FR","@id":"https:\/\/enlisantfestival.com\/fr\/mais-que-pese-le-silence-dune-vie\/#primaryimage","url":"https:\/\/enlisantfestival.com\/fr\/wp-content\/uploads\/2021\/12\/Le-silence.jpg","contentUrl":"https:\/\/enlisantfestival.com\/fr\/wp-content\/uploads\/2021\/12\/Le-silence.jpg","width":800,"height":533},{"@type":"BreadcrumbList","@id":"https:\/\/enlisantfestival.com\/fr\/mais-que-pese-le-silence-dune-vie\/#breadcrumb","itemListElement":[{"@type":"ListItem","position":1,"name":"Accueil","item":"https:\/\/enlisantfestival.com\/fr\/"},{"@type":"ListItem","position":2,"name":"Mais que p\u00e8se le silence d\u2019une vie ?"}]},{"@type":"WebSite","@id":"https:\/\/enlisantfestival.com\/fr\/#website","url":"https:\/\/enlisantfestival.com\/fr\/","name":"En Lisant festival de th\u00e9\u00e2tre","description":"","publisher":{"@id":"https:\/\/enlisantfestival.com\/fr\/#organization"},"potentialAction":[{"@type":"SearchAction","target":{"@type":"EntryPoint","urlTemplate":"https:\/\/enlisantfestival.com\/fr\/?s={search_term_string}"},"query-input":{"@type":"PropertyValueSpecification","valueRequired":true,"valueName":"search_term_string"}}],"inLanguage":"fr-FR"},{"@type":"Organization","@id":"https:\/\/enlisantfestival.com\/fr\/#organization","name":"En Lisant festival de th\u00e9\u00e2tre","url":"https:\/\/enlisantfestival.com\/fr\/","logo":{"@type":"ImageObject","inLanguage":"fr-FR","@id":"https:\/\/enlisantfestival.com\/fr\/#\/schema\/logo\/image\/","url":"https:\/\/enlisantfestival.com\/fr\/wp-content\/uploads\/2020\/09\/en-lisant-logo.png","contentUrl":"https:\/\/enlisantfestival.com\/fr\/wp-content\/uploads\/2020\/09\/en-lisant-logo.png","width":600,"height":343,"caption":"En Lisant festival de th\u00e9\u00e2tre"},"image":{"@id":"https:\/\/enlisantfestival.com\/fr\/#\/schema\/logo\/image\/"}},{"@type":"Person","@id":"https:\/\/enlisantfestival.com\/fr\/#\/schema\/person\/87e9b7267113e8db5ef729658a5440e4","name":"lionel","image":{"@type":"ImageObject","inLanguage":"fr-FR","@id":"https:\/\/enlisantfestival.com\/fr\/#\/schema\/person\/image\/","url":"https:\/\/secure.gravatar.com\/avatar\/0361bef51de40b6b2e5c0d693a6d8f9c483d0ca194576592d0168a26c347ce45?s=96&d=mm&r=g","contentUrl":"https:\/\/secure.gravatar.com\/avatar\/0361bef51de40b6b2e5c0d693a6d8f9c483d0ca194576592d0168a26c347ce45?s=96&d=mm&r=g","caption":"lionel"},"url":"https:\/\/enlisantfestival.com\/fr\/author\/lionel\/"}]}},"_links":{"self":[{"href":"https:\/\/enlisantfestival.com\/fr\/wp-json\/wp\/v2\/posts\/3975","targetHints":{"allow":["GET"]}}],"collection":[{"href":"https:\/\/enlisantfestival.com\/fr\/wp-json\/wp\/v2\/posts"}],"about":[{"href":"https:\/\/enlisantfestival.com\/fr\/wp-json\/wp\/v2\/types\/post"}],"author":[{"embeddable":true,"href":"https:\/\/enlisantfestival.com\/fr\/wp-json\/wp\/v2\/users\/1"}],"replies":[{"embeddable":true,"href":"https:\/\/enlisantfestival.com\/fr\/wp-json\/wp\/v2\/comments?post=3975"}],"version-history":[{"count":3,"href":"https:\/\/enlisantfestival.com\/fr\/wp-json\/wp\/v2\/posts\/3975\/revisions"}],"predecessor-version":[{"id":3992,"href":"https:\/\/enlisantfestival.com\/fr\/wp-json\/wp\/v2\/posts\/3975\/revisions\/3992"}],"wp:featuredmedia":[{"embeddable":true,"href":"https:\/\/enlisantfestival.com\/fr\/wp-json\/wp\/v2\/media\/3977"}],"wp:attachment":[{"href":"https:\/\/enlisantfestival.com\/fr\/wp-json\/wp\/v2\/media?parent=3975"}],"wp:term":[{"taxonomy":"category","embeddable":true,"href":"https:\/\/enlisantfestival.com\/fr\/wp-json\/wp\/v2\/categories?post=3975"},{"taxonomy":"post_tag","embeddable":true,"href":"https:\/\/enlisantfestival.com\/fr\/wp-json\/wp\/v2\/tags?post=3975"}],"curies":[{"name":"wp","href":"https:\/\/api.w.org\/{rel}","templated":true}]}}