{"id":3994,"date":"2021-12-28T14:25:38","date_gmt":"2021-12-28T13:25:38","guid":{"rendered":"https:\/\/enlisantfestival.com\/fr\/?p=3994"},"modified":"2021-12-30T07:24:40","modified_gmt":"2021-12-30T06:24:40","slug":"tranzit-se-mettre-debout-pour-un-pays-que-nous-ne-revons-pastous-de-quitter","status":"publish","type":"post","link":"https:\/\/enlisantfestival.com\/fr\/tranzit-se-mettre-debout-pour-un-pays-que-nous-ne-revons-pastous-de-quitter\/","title":{"rendered":"\u00ab Tranzit \u00bb : se mettre debout pour un pays que nous ne r\u00eavons pas\u2026tous de quitter"},"content":{"rendered":"<div class=\"wpb-content-wrapper\"><p>[vc_row][vc_column][vc_column_text]Photos\u00a0: <strong>Yves Osner Dorvil<\/strong><\/p>\n<p style=\"text-align: justify;\">Yanvalou. La cour bond\u00e9e. Les murs habill\u00e9s de drap blanc scintillent de bleue, \u00ab <em>couleur du r\u00eave,\u00a0symbole de l\u2019eau dans la cr\u00e9ation\u00a0<\/em>\u00bb. Ga\u00eblle Bien-Aim\u00e9, boulimique artiviste tout-terrain, souffle le clap de la fin\u00a0 par un concert musical imagin\u00e9 pour les besoins du festival. \u00a0C\u2019est un cocktail po\u00e9tique qui boucle la travers\u00e9e.<\/p>\n<p style=\"text-align: justify;\">On entend textes et vieux chants vodous imbriqu\u00e9s, o\u00f9 tout y est trait\u00e9\u00a0: les vagues migratoires successives, les vannes ouvertes au Sud quand les portes du Nord \u00e9taient ferm\u00e9es, les douleurs du d\u00e9part, les m\u00e9andres de la travers\u00e9e,\u00a0 le s\u00e9isme meurtrier et la chronique de nos catastrophes annonc\u00e9e, les \u00e9lections vite bouillies dans la marmite de l\u2019ing\u00e9rence, la parano\u00efa du \u00ab\u00a0<em>Ha\u00efti is open for business<\/em>\u00a0\u00bb,\u00a0 la mis\u00e8re de <em>Jalousie<\/em> peinte de honte et d\u2019indignation, la r\u00e9silience, le besoin de vivre, de se mettre debout pour construire ce\u00a0 bout d\u2019\u00eele une bonne fois pour toutes. \u00a0\u00a0\u00ab\u00a0Il n\u2019y aura pas de miracle pour nous\u00a0\u00bb.<\/p>\n<p style=\"text-align: justify;\">Il y a l\u00e0 une parole urgente qui gicle du bas du ventre\u00a0de tous ces interpr\u00e8tes tous de blanc v\u00eatus et aux voix de velours\u00a0: ce pays, faut-il l\u2019habiter (et comment) ou doit-on se r\u00e9signer \u00e0 le quitter\u00a0? Pour aller o\u00f9\u00a0? Ecrite en avril 2020 alors confin\u00e9e en Europe en raison de la propagation de la Covid-19, Ga\u00eblle Bien-Aim\u00e9 exprime dans cette pi\u00e8ce le malaise d\u2019habiter cette terre lamin\u00e9e,\u00a0 abonn\u00e9e au chaos,\u00a0 incarnant la figure m\u00eame d\u2019un Etat failli, moribond, les tripes vides de vision, mangeure d\u2019hommes et de femmes capables, promis \u00e0 un bel avenir, une machine \u00e0 broyer des vies et des talents. Cependant, ce pays auquel on est si attach\u00e9s, doit-on le quitter\u00a0?\u00a0 \u00ab\u00a0On ne sait pas s\u2019il faut rester ou aller. On est entre l\u2019ici et l\u2019ailleurs\u00a0\u00bb.<\/p>\n<p style=\"text-align: justify;\">Et toutes ces voix qu\u2019on entend flotter sur des compositions neuves, \u00e9l\u00e9gamment arrang\u00e9es par une Donaldzie Theodore, juch\u00e9e sur un tabouret,\u00a0 attendant furtivement la gorge de Charline Jean-Gilles racl\u00e9e les premiers mots d\u2019 \u00ab\u00a0Agwe O\u00a0\u00bb avant de laisser couler\u00a0 une rafale de m\u00e9lodies bouleversantes de beaut\u00e9, de lyrisme et de simplicit\u00e9. Ces deux cons\u0153urs signent la direction musicale, ainsi que les arrangements musicaux. Ga\u00eblle Bien-Aim\u00e9, la direction artistique et la mise en sc\u00e8ne\u00a0; Angela Auguste, la technique. Jimmy Kerby Toussaint, <em>locks<\/em> nou\u00e9s en boucle autour du cr\u00e2ne, r\u00e9veille tout un paysage sonore allant du blues au rock grattant les accords avec douceur et fluidit\u00e9 sur\u00a0les morceaux tries pour l\u2019occasion\u00a0: \u00ab\u00a0Priy\u00e8 vwayaj\u00e8\u00a0\u00bb, \u00ab\u00a0Nou deside\u00a0\u00bb, \u00ab\u00a0Jou dimanch\u00a0\u00bb, \u00ab\u00a0Pitit mwen yo\u00a0\u00bb, \u00ab\u00a0300 Mil zanj\u00a0\u00bb et \u00ab\u00a0Woy\u00a0\u00bb.<\/p>\n<p style=\"text-align: justify;\">La p\u00e2leur d\u2019un dimanche apr\u00e8s-midi. Le soleil tire enfin ses rideaux sur une Port-au-Prince au souffle haletant de peur.\u00a0 <em>En Lisant<\/em> s\u2019est heurt\u00e9 \u00e0 un climat s\u00e9curitaire mena\u00e7ant ponctu\u00e9 de silence \u00e9ph\u00e9m\u00e8re, d\u2019explosions inattendues et de ces coups de feu invisibles qui pilonnent la ville pour offrir, bon gr\u00e9 mal gr\u00e9, un \u00e9v\u00e8nement artistique de belle tenue, en d\u00e9pit des lacunes infrastructurelles dont souffre la fili\u00e8re culturelle.<\/p>\n<p style=\"text-align: justify;\">En Lisant a prouv\u00e9 de la plus belle des mani\u00e8res que la culture, l\u2019\u00e9nergie cr\u00e9atrice et notre vitalit\u00e9 artistique peuvent laver notre honneur.<\/p>\n<p>&nbsp;<\/p>\n<p><strong>Rosny\u00a0Ladouceur<\/strong>[\/vc_column_text][\/vc_column][\/vc_row]<\/p>\n<\/div>","protected":false},"excerpt":{"rendered":"<p>La metteuse en sc\u00e8ne et artiviste Ga\u00eblle Bien-Aim\u00e9  extrait de la  pi\u00e8ce  \u00ab Tranzit \u00bb le volet musical pour en offrir un concert neuf et l\u00e9ger, voil\u00e9 d\u2019\u00e9l\u00e9gance et d\u2019intimisme, convoquant textes et chant pour exprimer \u00e0 la fois le malaise d\u2019habiter ce pays et la douloureuse envie de le quitter.<\/p>\n","protected":false},"author":1,"featured_media":3999,"comment_status":"open","ping_status":"open","sticky":false,"template":"","format":"standard","meta":{"_FSMCFIC_featured_image_caption":"","_FSMCFIC_featured_image_nocaption":"","_FSMCFIC_featured_image_hide":"","footnotes":""},"categories":[104],"tags":[],"class_list":["post-3994","post","type-post","status-publish","format-standard","has-post-thumbnail","hentry","category-le-journal-d-en-lisant"],"yoast_head":"<!-- This site is optimized with the Yoast SEO plugin v27.0 - https:\/\/yoast.com\/product\/yoast-seo-wordpress\/ -->\n<title>\u00ab Tranzit \u00bb : se mettre debout pour un pays que nous ne r\u00eavons pas\u2026tous de quitter - En Lisant festival de th\u00e9\u00e2tre<\/title>\n<meta name=\"robots\" content=\"index, follow, max-snippet:-1, max-image-preview:large, max-video-preview:-1\" \/>\n<link rel=\"canonical\" href=\"https:\/\/enlisantfestival.com\/fr\/tranzit-se-mettre-debout-pour-un-pays-que-nous-ne-revons-pastous-de-quitter\/\" \/>\n<meta property=\"og:locale\" content=\"fr_FR\" \/>\n<meta property=\"og:type\" content=\"article\" \/>\n<meta property=\"og:title\" content=\"\u00ab Tranzit \u00bb : se mettre debout pour un pays que nous ne r\u00eavons pas\u2026tous de quitter - En Lisant festival de th\u00e9\u00e2tre\" \/>\n<meta property=\"og:description\" content=\"La metteuse en sc\u00e8ne et artiviste Ga\u00eblle Bien-Aim\u00e9 extrait de la pi\u00e8ce \u00ab Tranzit \u00bb le volet musical pour en offrir un concert neuf et l\u00e9ger, voil\u00e9 d\u2019\u00e9l\u00e9gance et d\u2019intimisme, convoquant textes et chant pour exprimer \u00e0 la fois le malaise d\u2019habiter ce pays et la douloureuse envie de le quitter.\" \/>\n<meta property=\"og:url\" content=\"https:\/\/enlisantfestival.com\/fr\/tranzit-se-mettre-debout-pour-un-pays-que-nous-ne-revons-pastous-de-quitter\/\" \/>\n<meta property=\"og:site_name\" content=\"En Lisant festival de th\u00e9\u00e2tre\" \/>\n<meta property=\"article:published_time\" content=\"2021-12-28T13:25:38+00:00\" \/>\n<meta property=\"article:modified_time\" content=\"2021-12-30T06:24:40+00:00\" \/>\n<meta property=\"og:image\" content=\"https:\/\/enlisantfestival.com\/fr\/wp-content\/uploads\/2021\/12\/WhatsApp-Image-2021-12-28-at-4.44.40-PM.jpeg\" \/>\n\t<meta property=\"og:image:width\" content=\"800\" \/>\n\t<meta property=\"og:image:height\" content=\"533\" \/>\n\t<meta property=\"og:image:type\" content=\"image\/jpeg\" \/>\n<meta name=\"author\" content=\"lionel\" \/>\n<meta name=\"twitter:card\" content=\"summary_large_image\" \/>\n<meta name=\"twitter:label1\" content=\"\u00c9crit par\" \/>\n\t<meta name=\"twitter:data1\" content=\"lionel\" \/>\n\t<meta name=\"twitter:label2\" content=\"Dur\u00e9e de lecture estim\u00e9e\" \/>\n\t<meta name=\"twitter:data2\" content=\"3 minutes\" \/>\n<script type=\"application\/ld+json\" class=\"yoast-schema-graph\">{\"@context\":\"https:\/\/schema.org\",\"@graph\":[{\"@type\":\"Article\",\"@id\":\"https:\/\/enlisantfestival.com\/fr\/tranzit-se-mettre-debout-pour-un-pays-que-nous-ne-revons-pastous-de-quitter\/#article\",\"isPartOf\":{\"@id\":\"https:\/\/enlisantfestival.com\/fr\/tranzit-se-mettre-debout-pour-un-pays-que-nous-ne-revons-pastous-de-quitter\/\"},\"author\":{\"name\":\"lionel\",\"@id\":\"https:\/\/enlisantfestival.com\/fr\/#\/schema\/person\/87e9b7267113e8db5ef729658a5440e4\"},\"headline\":\"\u00ab Tranzit \u00bb : se mettre debout pour un pays que nous ne r\u00eavons pas\u2026tous de quitter\",\"datePublished\":\"2021-12-28T13:25:38+00:00\",\"dateModified\":\"2021-12-30T06:24:40+00:00\",\"mainEntityOfPage\":{\"@id\":\"https:\/\/enlisantfestival.com\/fr\/tranzit-se-mettre-debout-pour-un-pays-que-nous-ne-revons-pastous-de-quitter\/\"},\"wordCount\":600,\"commentCount\":0,\"publisher\":{\"@id\":\"https:\/\/enlisantfestival.com\/fr\/#organization\"},\"image\":{\"@id\":\"https:\/\/enlisantfestival.com\/fr\/tranzit-se-mettre-debout-pour-un-pays-que-nous-ne-revons-pastous-de-quitter\/#primaryimage\"},\"thumbnailUrl\":\"https:\/\/enlisantfestival.com\/fr\/wp-content\/uploads\/2021\/12\/WhatsApp-Image-2021-12-28-at-4.44.40-PM.jpeg\",\"articleSection\":[\"Le journal d'En Lisant\"],\"inLanguage\":\"fr-FR\",\"potentialAction\":[{\"@type\":\"CommentAction\",\"name\":\"Comment\",\"target\":[\"https:\/\/enlisantfestival.com\/fr\/tranzit-se-mettre-debout-pour-un-pays-que-nous-ne-revons-pastous-de-quitter\/#respond\"]}]},{\"@type\":\"WebPage\",\"@id\":\"https:\/\/enlisantfestival.com\/fr\/tranzit-se-mettre-debout-pour-un-pays-que-nous-ne-revons-pastous-de-quitter\/\",\"url\":\"https:\/\/enlisantfestival.com\/fr\/tranzit-se-mettre-debout-pour-un-pays-que-nous-ne-revons-pastous-de-quitter\/\",\"name\":\"\u00ab Tranzit \u00bb : se mettre debout pour un pays que nous ne r\u00eavons pas\u2026tous de quitter - En Lisant festival de th\u00e9\u00e2tre\",\"isPartOf\":{\"@id\":\"https:\/\/enlisantfestival.com\/fr\/#website\"},\"primaryImageOfPage\":{\"@id\":\"https:\/\/enlisantfestival.com\/fr\/tranzit-se-mettre-debout-pour-un-pays-que-nous-ne-revons-pastous-de-quitter\/#primaryimage\"},\"image\":{\"@id\":\"https:\/\/enlisantfestival.com\/fr\/tranzit-se-mettre-debout-pour-un-pays-que-nous-ne-revons-pastous-de-quitter\/#primaryimage\"},\"thumbnailUrl\":\"https:\/\/enlisantfestival.com\/fr\/wp-content\/uploads\/2021\/12\/WhatsApp-Image-2021-12-28-at-4.44.40-PM.jpeg\",\"datePublished\":\"2021-12-28T13:25:38+00:00\",\"dateModified\":\"2021-12-30T06:24:40+00:00\",\"breadcrumb\":{\"@id\":\"https:\/\/enlisantfestival.com\/fr\/tranzit-se-mettre-debout-pour-un-pays-que-nous-ne-revons-pastous-de-quitter\/#breadcrumb\"},\"inLanguage\":\"fr-FR\",\"potentialAction\":[{\"@type\":\"ReadAction\",\"target\":[\"https:\/\/enlisantfestival.com\/fr\/tranzit-se-mettre-debout-pour-un-pays-que-nous-ne-revons-pastous-de-quitter\/\"]}]},{\"@type\":\"ImageObject\",\"inLanguage\":\"fr-FR\",\"@id\":\"https:\/\/enlisantfestival.com\/fr\/tranzit-se-mettre-debout-pour-un-pays-que-nous-ne-revons-pastous-de-quitter\/#primaryimage\",\"url\":\"https:\/\/enlisantfestival.com\/fr\/wp-content\/uploads\/2021\/12\/WhatsApp-Image-2021-12-28-at-4.44.40-PM.jpeg\",\"contentUrl\":\"https:\/\/enlisantfestival.com\/fr\/wp-content\/uploads\/2021\/12\/WhatsApp-Image-2021-12-28-at-4.44.40-PM.jpeg\",\"width\":800,\"height\":533},{\"@type\":\"BreadcrumbList\",\"@id\":\"https:\/\/enlisantfestival.com\/fr\/tranzit-se-mettre-debout-pour-un-pays-que-nous-ne-revons-pastous-de-quitter\/#breadcrumb\",\"itemListElement\":[{\"@type\":\"ListItem\",\"position\":1,\"name\":\"Accueil\",\"item\":\"https:\/\/enlisantfestival.com\/fr\/\"},{\"@type\":\"ListItem\",\"position\":2,\"name\":\"\u00ab Tranzit \u00bb : se mettre debout pour un pays que nous ne r\u00eavons pas\u2026tous de quitter\"}]},{\"@type\":\"WebSite\",\"@id\":\"https:\/\/enlisantfestival.com\/fr\/#website\",\"url\":\"https:\/\/enlisantfestival.com\/fr\/\",\"name\":\"En Lisant festival de th\u00e9\u00e2tre\",\"description\":\"\",\"publisher\":{\"@id\":\"https:\/\/enlisantfestival.com\/fr\/#organization\"},\"potentialAction\":[{\"@type\":\"SearchAction\",\"target\":{\"@type\":\"EntryPoint\",\"urlTemplate\":\"https:\/\/enlisantfestival.com\/fr\/?s={search_term_string}\"},\"query-input\":{\"@type\":\"PropertyValueSpecification\",\"valueRequired\":true,\"valueName\":\"search_term_string\"}}],\"inLanguage\":\"fr-FR\"},{\"@type\":\"Organization\",\"@id\":\"https:\/\/enlisantfestival.com\/fr\/#organization\",\"name\":\"En Lisant festival de th\u00e9\u00e2tre\",\"url\":\"https:\/\/enlisantfestival.com\/fr\/\",\"logo\":{\"@type\":\"ImageObject\",\"inLanguage\":\"fr-FR\",\"@id\":\"https:\/\/enlisantfestival.com\/fr\/#\/schema\/logo\/image\/\",\"url\":\"https:\/\/enlisantfestival.com\/fr\/wp-content\/uploads\/2020\/09\/en-lisant-logo.png\",\"contentUrl\":\"https:\/\/enlisantfestival.com\/fr\/wp-content\/uploads\/2020\/09\/en-lisant-logo.png\",\"width\":600,\"height\":343,\"caption\":\"En Lisant festival de th\u00e9\u00e2tre\"},\"image\":{\"@id\":\"https:\/\/enlisantfestival.com\/fr\/#\/schema\/logo\/image\/\"}},{\"@type\":\"Person\",\"@id\":\"https:\/\/enlisantfestival.com\/fr\/#\/schema\/person\/87e9b7267113e8db5ef729658a5440e4\",\"name\":\"lionel\",\"image\":{\"@type\":\"ImageObject\",\"inLanguage\":\"fr-FR\",\"@id\":\"https:\/\/enlisantfestival.com\/fr\/#\/schema\/person\/image\/\",\"url\":\"https:\/\/secure.gravatar.com\/avatar\/0361bef51de40b6b2e5c0d693a6d8f9c483d0ca194576592d0168a26c347ce45?s=96&d=mm&r=g\",\"contentUrl\":\"https:\/\/secure.gravatar.com\/avatar\/0361bef51de40b6b2e5c0d693a6d8f9c483d0ca194576592d0168a26c347ce45?s=96&d=mm&r=g\",\"caption\":\"lionel\"},\"url\":\"https:\/\/enlisantfestival.com\/fr\/author\/lionel\/\"}]}<\/script>\n<!-- \/ Yoast SEO plugin. -->","yoast_head_json":{"title":"\u00ab Tranzit \u00bb : se mettre debout pour un pays que nous ne r\u00eavons pas\u2026tous de quitter - En Lisant festival de th\u00e9\u00e2tre","robots":{"index":"index","follow":"follow","max-snippet":"max-snippet:-1","max-image-preview":"max-image-preview:large","max-video-preview":"max-video-preview:-1"},"canonical":"https:\/\/enlisantfestival.com\/fr\/tranzit-se-mettre-debout-pour-un-pays-que-nous-ne-revons-pastous-de-quitter\/","og_locale":"fr_FR","og_type":"article","og_title":"\u00ab Tranzit \u00bb : se mettre debout pour un pays que nous ne r\u00eavons pas\u2026tous de quitter - En Lisant festival de th\u00e9\u00e2tre","og_description":"La metteuse en sc\u00e8ne et artiviste Ga\u00eblle Bien-Aim\u00e9 extrait de la pi\u00e8ce \u00ab Tranzit \u00bb le volet musical pour en offrir un concert neuf et l\u00e9ger, voil\u00e9 d\u2019\u00e9l\u00e9gance et d\u2019intimisme, convoquant textes et chant pour exprimer \u00e0 la fois le malaise d\u2019habiter ce pays et la douloureuse envie de le quitter.","og_url":"https:\/\/enlisantfestival.com\/fr\/tranzit-se-mettre-debout-pour-un-pays-que-nous-ne-revons-pastous-de-quitter\/","og_site_name":"En Lisant festival de th\u00e9\u00e2tre","article_published_time":"2021-12-28T13:25:38+00:00","article_modified_time":"2021-12-30T06:24:40+00:00","og_image":[{"width":800,"height":533,"url":"https:\/\/enlisantfestival.com\/fr\/wp-content\/uploads\/2021\/12\/WhatsApp-Image-2021-12-28-at-4.44.40-PM.jpeg","type":"image\/jpeg"}],"author":"lionel","twitter_card":"summary_large_image","twitter_misc":{"\u00c9crit par":"lionel","Dur\u00e9e de lecture estim\u00e9e":"3 minutes"},"schema":{"@context":"https:\/\/schema.org","@graph":[{"@type":"Article","@id":"https:\/\/enlisantfestival.com\/fr\/tranzit-se-mettre-debout-pour-un-pays-que-nous-ne-revons-pastous-de-quitter\/#article","isPartOf":{"@id":"https:\/\/enlisantfestival.com\/fr\/tranzit-se-mettre-debout-pour-un-pays-que-nous-ne-revons-pastous-de-quitter\/"},"author":{"name":"lionel","@id":"https:\/\/enlisantfestival.com\/fr\/#\/schema\/person\/87e9b7267113e8db5ef729658a5440e4"},"headline":"\u00ab Tranzit \u00bb : se mettre debout pour un pays que nous ne r\u00eavons pas\u2026tous de quitter","datePublished":"2021-12-28T13:25:38+00:00","dateModified":"2021-12-30T06:24:40+00:00","mainEntityOfPage":{"@id":"https:\/\/enlisantfestival.com\/fr\/tranzit-se-mettre-debout-pour-un-pays-que-nous-ne-revons-pastous-de-quitter\/"},"wordCount":600,"commentCount":0,"publisher":{"@id":"https:\/\/enlisantfestival.com\/fr\/#organization"},"image":{"@id":"https:\/\/enlisantfestival.com\/fr\/tranzit-se-mettre-debout-pour-un-pays-que-nous-ne-revons-pastous-de-quitter\/#primaryimage"},"thumbnailUrl":"https:\/\/enlisantfestival.com\/fr\/wp-content\/uploads\/2021\/12\/WhatsApp-Image-2021-12-28-at-4.44.40-PM.jpeg","articleSection":["Le journal d'En Lisant"],"inLanguage":"fr-FR","potentialAction":[{"@type":"CommentAction","name":"Comment","target":["https:\/\/enlisantfestival.com\/fr\/tranzit-se-mettre-debout-pour-un-pays-que-nous-ne-revons-pastous-de-quitter\/#respond"]}]},{"@type":"WebPage","@id":"https:\/\/enlisantfestival.com\/fr\/tranzit-se-mettre-debout-pour-un-pays-que-nous-ne-revons-pastous-de-quitter\/","url":"https:\/\/enlisantfestival.com\/fr\/tranzit-se-mettre-debout-pour-un-pays-que-nous-ne-revons-pastous-de-quitter\/","name":"\u00ab Tranzit \u00bb : se mettre debout pour un pays que nous ne r\u00eavons pas\u2026tous de quitter - En Lisant festival de th\u00e9\u00e2tre","isPartOf":{"@id":"https:\/\/enlisantfestival.com\/fr\/#website"},"primaryImageOfPage":{"@id":"https:\/\/enlisantfestival.com\/fr\/tranzit-se-mettre-debout-pour-un-pays-que-nous-ne-revons-pastous-de-quitter\/#primaryimage"},"image":{"@id":"https:\/\/enlisantfestival.com\/fr\/tranzit-se-mettre-debout-pour-un-pays-que-nous-ne-revons-pastous-de-quitter\/#primaryimage"},"thumbnailUrl":"https:\/\/enlisantfestival.com\/fr\/wp-content\/uploads\/2021\/12\/WhatsApp-Image-2021-12-28-at-4.44.40-PM.jpeg","datePublished":"2021-12-28T13:25:38+00:00","dateModified":"2021-12-30T06:24:40+00:00","breadcrumb":{"@id":"https:\/\/enlisantfestival.com\/fr\/tranzit-se-mettre-debout-pour-un-pays-que-nous-ne-revons-pastous-de-quitter\/#breadcrumb"},"inLanguage":"fr-FR","potentialAction":[{"@type":"ReadAction","target":["https:\/\/enlisantfestival.com\/fr\/tranzit-se-mettre-debout-pour-un-pays-que-nous-ne-revons-pastous-de-quitter\/"]}]},{"@type":"ImageObject","inLanguage":"fr-FR","@id":"https:\/\/enlisantfestival.com\/fr\/tranzit-se-mettre-debout-pour-un-pays-que-nous-ne-revons-pastous-de-quitter\/#primaryimage","url":"https:\/\/enlisantfestival.com\/fr\/wp-content\/uploads\/2021\/12\/WhatsApp-Image-2021-12-28-at-4.44.40-PM.jpeg","contentUrl":"https:\/\/enlisantfestival.com\/fr\/wp-content\/uploads\/2021\/12\/WhatsApp-Image-2021-12-28-at-4.44.40-PM.jpeg","width":800,"height":533},{"@type":"BreadcrumbList","@id":"https:\/\/enlisantfestival.com\/fr\/tranzit-se-mettre-debout-pour-un-pays-que-nous-ne-revons-pastous-de-quitter\/#breadcrumb","itemListElement":[{"@type":"ListItem","position":1,"name":"Accueil","item":"https:\/\/enlisantfestival.com\/fr\/"},{"@type":"ListItem","position":2,"name":"\u00ab Tranzit \u00bb : se mettre debout pour un pays que nous ne r\u00eavons pas\u2026tous de quitter"}]},{"@type":"WebSite","@id":"https:\/\/enlisantfestival.com\/fr\/#website","url":"https:\/\/enlisantfestival.com\/fr\/","name":"En Lisant festival de th\u00e9\u00e2tre","description":"","publisher":{"@id":"https:\/\/enlisantfestival.com\/fr\/#organization"},"potentialAction":[{"@type":"SearchAction","target":{"@type":"EntryPoint","urlTemplate":"https:\/\/enlisantfestival.com\/fr\/?s={search_term_string}"},"query-input":{"@type":"PropertyValueSpecification","valueRequired":true,"valueName":"search_term_string"}}],"inLanguage":"fr-FR"},{"@type":"Organization","@id":"https:\/\/enlisantfestival.com\/fr\/#organization","name":"En Lisant festival de th\u00e9\u00e2tre","url":"https:\/\/enlisantfestival.com\/fr\/","logo":{"@type":"ImageObject","inLanguage":"fr-FR","@id":"https:\/\/enlisantfestival.com\/fr\/#\/schema\/logo\/image\/","url":"https:\/\/enlisantfestival.com\/fr\/wp-content\/uploads\/2020\/09\/en-lisant-logo.png","contentUrl":"https:\/\/enlisantfestival.com\/fr\/wp-content\/uploads\/2020\/09\/en-lisant-logo.png","width":600,"height":343,"caption":"En Lisant festival de th\u00e9\u00e2tre"},"image":{"@id":"https:\/\/enlisantfestival.com\/fr\/#\/schema\/logo\/image\/"}},{"@type":"Person","@id":"https:\/\/enlisantfestival.com\/fr\/#\/schema\/person\/87e9b7267113e8db5ef729658a5440e4","name":"lionel","image":{"@type":"ImageObject","inLanguage":"fr-FR","@id":"https:\/\/enlisantfestival.com\/fr\/#\/schema\/person\/image\/","url":"https:\/\/secure.gravatar.com\/avatar\/0361bef51de40b6b2e5c0d693a6d8f9c483d0ca194576592d0168a26c347ce45?s=96&d=mm&r=g","contentUrl":"https:\/\/secure.gravatar.com\/avatar\/0361bef51de40b6b2e5c0d693a6d8f9c483d0ca194576592d0168a26c347ce45?s=96&d=mm&r=g","caption":"lionel"},"url":"https:\/\/enlisantfestival.com\/fr\/author\/lionel\/"}]}},"_links":{"self":[{"href":"https:\/\/enlisantfestival.com\/fr\/wp-json\/wp\/v2\/posts\/3994","targetHints":{"allow":["GET"]}}],"collection":[{"href":"https:\/\/enlisantfestival.com\/fr\/wp-json\/wp\/v2\/posts"}],"about":[{"href":"https:\/\/enlisantfestival.com\/fr\/wp-json\/wp\/v2\/types\/post"}],"author":[{"embeddable":true,"href":"https:\/\/enlisantfestival.com\/fr\/wp-json\/wp\/v2\/users\/1"}],"replies":[{"embeddable":true,"href":"https:\/\/enlisantfestival.com\/fr\/wp-json\/wp\/v2\/comments?post=3994"}],"version-history":[{"count":3,"href":"https:\/\/enlisantfestival.com\/fr\/wp-json\/wp\/v2\/posts\/3994\/revisions"}],"predecessor-version":[{"id":4004,"href":"https:\/\/enlisantfestival.com\/fr\/wp-json\/wp\/v2\/posts\/3994\/revisions\/4004"}],"wp:featuredmedia":[{"embeddable":true,"href":"https:\/\/enlisantfestival.com\/fr\/wp-json\/wp\/v2\/media\/3999"}],"wp:attachment":[{"href":"https:\/\/enlisantfestival.com\/fr\/wp-json\/wp\/v2\/media?parent=3994"}],"wp:term":[{"taxonomy":"category","embeddable":true,"href":"https:\/\/enlisantfestival.com\/fr\/wp-json\/wp\/v2\/categories?post=3994"},{"taxonomy":"post_tag","embeddable":true,"href":"https:\/\/enlisantfestival.com\/fr\/wp-json\/wp\/v2\/tags?post=3994"}],"curies":[{"name":"wp","href":"https:\/\/api.w.org\/{rel}","templated":true}]}}