{"id":4002,"date":"2022-01-12T21:20:56","date_gmt":"2022-01-12T20:20:56","guid":{"rendered":"https:\/\/enlisantfestival.com\/fr\/?p=4002"},"modified":"2022-01-12T21:29:07","modified_gmt":"2022-01-12T20:29:07","slug":"eliezer-guerisme-et-sa-radiographie-de-lelite-politique-haitienne","status":"publish","type":"post","link":"https:\/\/enlisantfestival.com\/fr\/eliezer-guerisme-et-sa-radiographie-de-lelite-politique-haitienne\/","title":{"rendered":"Eliezer Gu\u00e9rism\u00e9 et sa radiographie de l\u2019\u00e9lite politique ha\u00eftienne"},"content":{"rendered":"<div class=\"wpb-content-wrapper\"><p>[vc_row][vc_column][vc_column_text]<\/p>\n<p style=\"text-align: justify;\">Texte\u00a0: <strong>Rosny Ladouceur | <\/strong>Cr\u00e9dit photo<strong>\u00a0: Yves Osner Dorvil<\/strong><\/p>\n<p style=\"text-align: justify;\">Une coulante chanson aux teintes de blues, sign\u00e9e <em>Distel<\/em>, constitue la toile de fond sonore introduisant le monologue du Pr\u00e9sident (Derilon Fils-Derilus), enfilant un <em>quarabella<\/em> et son chapeau d\u2019intellectuel, cal\u00e9 sur une chaise, se vautrant dans des livres empil\u00e9s sur son bureau. Il dit se <em>reconstruire<\/em>, trop occup\u00e9 \u00e0 assimiler, peut-\u00eatre, \u00a0les recettes de la bonne gouvernance, jusqu\u2019\u00e0 ce que le <em>Ministre Plan<\/em> \u2013Kenny Laguerre (son bras droit au sein du gouvernement), le souffle court et l\u2019air apeur\u00e9, vienne secouer sa conscience et l\u2019alerter que tout ne va pas, qu\u2019il <em>ne fait rien<\/em>, que <em>c\u2019est la grogne. \u00a0<\/em>L\u2019embl\u00e8me m\u00eame d\u2019un Etat failli,\u00a0 \u00e0 qui l\u2019on reproche son insouciance, son irresponsabilit\u00e9 et son d\u00e9dain face aux d\u00e9sid\u00e9ratas populaires. Est peint d\u2019embl\u00e9e, sans cl\u00e9mence le portrait d\u2019un chef d\u2019Etat de penchants autocrates, \u00e9pris de savoir mais passif, h\u00e2bleur, habillant ses r\u00e9pliques d\u2019ironie, de rire taquin, passant par moment en d\u00e9rision le quotidien triste d\u2019une masse priv\u00e9e des services publics de base, de ses droits \u00e0 la sante, \u00e0 la justice et \u00e0 la vie. L\u2019opposition <em>grande-gueule<\/em>, \u00a0(incarn\u00e9e par Chelson Ermoza), la t\u00eate lourde d\u2019id\u00e9es ambigu\u00ebs, opportuniste et affairiste, s\u2019autod\u00e9signant (<em>avocat du peuple),<\/em> \u00a0en vient \u00e0 souffler son ras-le-bol face \u00e0 un gouvernement <em>qui ne fait rien<\/em> mais attend son heure pour sucer\u00a0 le corps \u00e9tatique jusqu\u2019aux moelles.<\/p>\n<p style=\"text-align: justify;\">Celui qui incarne la figure m\u00eame de la pr\u00e9sidence va devoir compter sur une <em>concubine<\/em> s\u00e9duisante, extravagante (Ericka Julie Jean-Louis) qui se la coule douce dans les couloirs du pouvoir, qui soigne ses accointances, qui vit dans l\u2019intimit\u00e9 du pr\u00e9sident et dans le gout du luxe mais qui attrape cette <em>opposition<\/em> dans les nasses de son charme, faisant tout pour conserver son titre, se servant admirablement bien de son pouvoir d\u2019influence pour amadouer \u00a0d\u2019autres membres du gouvernement.\u00a0 Ce qu\u2019on oublie c\u2019est que cette <em>Mme la Pr\u00e9sidente<\/em> tire un peu trop sur la corde, voulant m\u00eame peser de tout son poids dans les prises de d\u00e9cisions publiques comme organiser des festivit\u00e9s pour calmer les tensions populaires, pendant qu\u2019un <em>ministre de la Sant\u00e9<\/em> aille se faire soigner \u00e0 Cuba aux frais de l\u2019Etat (faute d\u2019infrastructures sanitaires ici). La ministre de la Justice ne se sent m\u00eame pas interpell\u00e9e par l\u2019\u00e9vasion spectaculaire d\u2019incarc\u00e9r\u00e9s. Avec un Pr\u00e9sident \u00a0de br\u00e8che \u00a0avec un ministre (Farid Sauvignon) qui a la charge de reconstruire le pays apr\u00e8s le s\u00e9isme meurtrier du 12 janvier mais a pr\u00e9f\u00e9r\u00e9 piller le tr\u00e9sor public, les heures de ce r\u00e8gne sont d\u00e9sormais compt\u00e9es. Son mandat est boucl\u00e9 dans la solitude.<\/p>\n<p style=\"text-align: justify;\">Le metteur en sc\u00e8ne Eli\u00e9zer Gu\u00e9rism\u00e9, traine son regard acerbe sur une \u00e9lite politique sans vision et programme pour la masse d\u00e9sh\u00e9rit\u00e9e, campe autour du Pr\u00e9sident d\u2019autres personnages politiques se livrant au th\u00e9\u00e2tre de la gabegie, emprunt\u00e9s \u00e0 la politique ha\u00eftienne pour traiter un sujet \u00e9pineux, voire qui f\u00e2che: la reconstruction.<\/p>\n<p style=\"text-align: justify;\">Eliezer Gu\u00e9rism\u00e9 a voulu toucher la plaie du doigt en signant une mise en sc\u00e8ne \u00e9clairante ou les limites du texte ont \u00e9t\u00e9 pouss\u00e9es.<\/p>\n<p style=\"text-align: justify;\">Pour avoir grandi dans un quartier pr\u00e9caire, bidonvillis\u00e9, Eliezer Gu\u00e9rism\u00e9 sait tr\u00e8s bien ce que le mot (re)constructions signifie dans ce triste \u00e9pisode (12 janvier) de l\u2019histoire contemporaine ha\u00eftienne. On parle ici de milliards volatilis\u00e9s et retourn\u00e9s dans les poches de ceux qui les ont d\u00e9caiss\u00e9s, on parle d\u2019\u00e9chec de l\u2019aide \u00e9trang\u00e8re, d\u2019irresponsabilit\u00e9 de l\u2019Etat, d\u2019ONG bien \u00e9triqu\u00e9es dans leurs costumes d\u2019autorit\u00e9s locales, d\u2019aspirations de tout un peuple foul\u00e9es\u00a0 aux pieds, du cort\u00e8ge humanitaire faufilant dans des corridors\u00a0 de d\u00e9bris, de toutes ces \u00e2mes endolories\u00a0 qui prenaient leur destin en main, cherchant \u00e0 (re)cartographier\u00a0 eux-m\u00eames leur propre ville. \u00ab\u00a0<em>Ce n\u2019est pas un jeu\u00a0<\/em>\u00bb. Il ne faut pas non plus gommer cet \u00e9lan de solidarit\u00e9 internationale \u00e9teint \u00e0 petits feux au flanc d\u2019une montagne de promesses jamais tenues.<\/p>\n<p style=\"text-align: justify;\">Il s\u2019est empar\u00e9 d\u2019un sujet que la chronique a maintes fois tremp\u00e9 dans l\u2019encre de la confusion, il s\u2019est servi\u00a0 d\u2019un texte qu\u2019il a lu et relu bien avant sa publication. Il a d\u00fb grimper\u00a0 toute une pente de risques pour livrer avec recul une lecture plus personnelle de l\u2019\u0153uvre. Il reconnait avoir r\u00e9ussi le pari\u00a0: dresser le bilan amer d\u2019une d\u00e9cennie politique caract\u00e9ris\u00e9e par la gabegie dans l\u2019appareil \u00e9tatique, vache \u00e0 lait de politiciens qui r\u00eavent de gouter \u00e0 l\u2019ascension sociale.<\/p>\n<p style=\"text-align: justify;\">Ce qui happe d\u2019embl\u00e9e dans sa fac\u00e9tieuse radiographie de la classe dirigeante, c\u2019est la corruption ambiante, le clanisme, le copinage et le n\u00e9potisme qui ponctuent les prises de d\u00e9cisions politiques, la faillite des \u00e9lites socio-politiques qui conduisent\u00a0 \u00e0 l\u2019explosion populaire, donnant toujours du large \u00e0 l\u2019opportunisme.<\/p>\n<p style=\"text-align: justify;\">[\u2026<em>de cette question de Reconstruction, l\u2019histoire retiendra si peu, si ce n\u2019est que cela a \u00e9t\u00e9 un fiasco sur toute la ligne. Une d\u00e9bauche inutile d\u2019argent, d\u2019\u00e9nergie. J\u2019ai toujours voulu mettre en sc\u00e8ne une pi\u00e8ce abordant cette question de Reconstruction, m\u2019amenant \u00e0 aller au-del\u00e0 de l\u2019\u00e9rection des \u00e9difices publics et priv\u00e9s,\u00a0 aller au-del\u00e0 des redditions de compte si importantes qu\u2019elles soient, responsabiliser les coupables tout en abordant de mani\u00e8re sous-entendu la question de la d\u00e9construction des m\u00e9canismes sociaux g\u00e9n\u00e9rateurs de mis\u00e8re<\/em>\u00a0\u00bb.<\/p>\n<p style=\"text-align: justify;\">En somme, tout le drame dans cette affaire de Reconstruction pourrait bien se r\u00e9sumer ainsi. Tristement. Tous ceux qui \u00e9taient (ou sont) appel\u00e9s \u00e0 nous relever dans la dignit\u00e9 aux yeux du monde apr\u00e8s cette p\u00e9nible catastrophe (sans oublier toutes celles humaines qui ont suivies)\u00a0 ont les tripes vides de vision, d\u2019id\u00e9aux de progr\u00e8s, de d\u00e9veloppement et de changement de paradigmes dans la pratique politique. \u00a0\u00a0La machine de la Reconstruction d\u2019Ha\u00efti est tomb\u00e9e en panne. \u00a0Sauf que le metteur en sc\u00e8ne \u00a0nous confronte \u00e0 un dilemme\u00a0: celui de reconstruire \u00e0 la fois\u00a0l\u2019humain et\u00a0l\u2019espace physique\u00a0?<\/p>\n<p>[\/vc_column_text][\/vc_column][\/vc_row][vc_row][vc_column][vc_single_image image=&#8221;4005&#8243; img_size=&#8221;full&#8221; alignment=&#8221;center&#8221;][\/vc_column][\/vc_row]<\/p>\n<\/div>","protected":false},"excerpt":{"rendered":"<p>BIT s\u2019empare de la pi\u00e8ce \u00ab Reconstruction(s), \u00e9crit par le dramaturge Guy R\u00e9gis Junior, pour peindre, sur fond de com\u00e9die m\u00eal\u00e9e de sarcasme, une \u00e9lite politique moribonde  et l\u2019incapacit\u00e9 des d\u00e9cideurs politiques \u00e0  reconstruire ce pays.<\/p>\n","protected":false},"author":990002,"featured_media":4003,"comment_status":"open","ping_status":"open","sticky":false,"template":"","format":"standard","meta":{"_FSMCFIC_featured_image_caption":"","_FSMCFIC_featured_image_nocaption":"","_FSMCFIC_featured_image_hide":"","footnotes":""},"categories":[104],"tags":[],"class_list":["post-4002","post","type-post","status-publish","format-standard","has-post-thumbnail","hentry","category-le-journal-d-en-lisant"],"yoast_head":"<!-- This site is optimized with the Yoast SEO plugin v27.0 - https:\/\/yoast.com\/product\/yoast-seo-wordpress\/ -->\n<title>Eliezer Gu\u00e9rism\u00e9 et sa radiographie de l\u2019\u00e9lite politique ha\u00eftienne - En Lisant festival de th\u00e9\u00e2tre<\/title>\n<meta name=\"robots\" content=\"index, follow, max-snippet:-1, max-image-preview:large, max-video-preview:-1\" \/>\n<link rel=\"canonical\" href=\"https:\/\/enlisantfestival.com\/fr\/eliezer-guerisme-et-sa-radiographie-de-lelite-politique-haitienne\/\" \/>\n<meta property=\"og:locale\" content=\"fr_FR\" \/>\n<meta property=\"og:type\" content=\"article\" \/>\n<meta property=\"og:title\" content=\"Eliezer Gu\u00e9rism\u00e9 et sa radiographie de l\u2019\u00e9lite politique ha\u00eftienne - En Lisant festival de th\u00e9\u00e2tre\" \/>\n<meta property=\"og:description\" content=\"BIT s\u2019empare de la pi\u00e8ce \u00ab Reconstruction(s), \u00e9crit par le dramaturge Guy R\u00e9gis Junior, pour peindre, sur fond de com\u00e9die m\u00eal\u00e9e de sarcasme, une \u00e9lite politique moribonde et l\u2019incapacit\u00e9 des d\u00e9cideurs politiques \u00e0 reconstruire ce pays.\" \/>\n<meta property=\"og:url\" content=\"https:\/\/enlisantfestival.com\/fr\/eliezer-guerisme-et-sa-radiographie-de-lelite-politique-haitienne\/\" \/>\n<meta property=\"og:site_name\" content=\"En Lisant festival de th\u00e9\u00e2tre\" \/>\n<meta property=\"article:published_time\" content=\"2022-01-12T20:20:56+00:00\" \/>\n<meta property=\"article:modified_time\" content=\"2022-01-12T20:29:07+00:00\" \/>\n<meta property=\"og:image\" content=\"https:\/\/enlisantfestival.com\/fr\/wp-content\/uploads\/2022\/01\/image_6483441.jpg\" \/>\n\t<meta property=\"og:image:width\" content=\"800\" \/>\n\t<meta property=\"og:image:height\" content=\"533\" \/>\n\t<meta property=\"og:image:type\" content=\"image\/jpeg\" \/>\n<meta name=\"author\" content=\"ludwy\" \/>\n<meta name=\"twitter:card\" content=\"summary_large_image\" \/>\n<meta name=\"twitter:label1\" content=\"\u00c9crit par\" \/>\n\t<meta name=\"twitter:data1\" content=\"ludwy\" \/>\n\t<meta name=\"twitter:label2\" content=\"Dur\u00e9e de lecture estim\u00e9e\" \/>\n\t<meta name=\"twitter:data2\" content=\"6 minutes\" \/>\n<script type=\"application\/ld+json\" class=\"yoast-schema-graph\">{\"@context\":\"https:\/\/schema.org\",\"@graph\":[{\"@type\":\"Article\",\"@id\":\"https:\/\/enlisantfestival.com\/fr\/eliezer-guerisme-et-sa-radiographie-de-lelite-politique-haitienne\/#article\",\"isPartOf\":{\"@id\":\"https:\/\/enlisantfestival.com\/fr\/eliezer-guerisme-et-sa-radiographie-de-lelite-politique-haitienne\/\"},\"author\":{\"name\":\"ludwy\",\"@id\":\"https:\/\/enlisantfestival.com\/fr\/#\/schema\/person\/846f9c27917ef190542b1a106fd9e36e\"},\"headline\":\"Eliezer Gu\u00e9rism\u00e9 et sa radiographie de l\u2019\u00e9lite politique ha\u00eftienne\",\"datePublished\":\"2022-01-12T20:20:56+00:00\",\"dateModified\":\"2022-01-12T20:29:07+00:00\",\"mainEntityOfPage\":{\"@id\":\"https:\/\/enlisantfestival.com\/fr\/eliezer-guerisme-et-sa-radiographie-de-lelite-politique-haitienne\/\"},\"wordCount\":1116,\"commentCount\":0,\"publisher\":{\"@id\":\"https:\/\/enlisantfestival.com\/fr\/#organization\"},\"image\":{\"@id\":\"https:\/\/enlisantfestival.com\/fr\/eliezer-guerisme-et-sa-radiographie-de-lelite-politique-haitienne\/#primaryimage\"},\"thumbnailUrl\":\"https:\/\/enlisantfestival.com\/fr\/wp-content\/uploads\/2022\/01\/image_6483441.jpg\",\"articleSection\":[\"Le journal d'En Lisant\"],\"inLanguage\":\"fr-FR\",\"potentialAction\":[{\"@type\":\"CommentAction\",\"name\":\"Comment\",\"target\":[\"https:\/\/enlisantfestival.com\/fr\/eliezer-guerisme-et-sa-radiographie-de-lelite-politique-haitienne\/#respond\"]}]},{\"@type\":\"WebPage\",\"@id\":\"https:\/\/enlisantfestival.com\/fr\/eliezer-guerisme-et-sa-radiographie-de-lelite-politique-haitienne\/\",\"url\":\"https:\/\/enlisantfestival.com\/fr\/eliezer-guerisme-et-sa-radiographie-de-lelite-politique-haitienne\/\",\"name\":\"Eliezer Gu\u00e9rism\u00e9 et sa radiographie de l\u2019\u00e9lite politique ha\u00eftienne - En Lisant festival de th\u00e9\u00e2tre\",\"isPartOf\":{\"@id\":\"https:\/\/enlisantfestival.com\/fr\/#website\"},\"primaryImageOfPage\":{\"@id\":\"https:\/\/enlisantfestival.com\/fr\/eliezer-guerisme-et-sa-radiographie-de-lelite-politique-haitienne\/#primaryimage\"},\"image\":{\"@id\":\"https:\/\/enlisantfestival.com\/fr\/eliezer-guerisme-et-sa-radiographie-de-lelite-politique-haitienne\/#primaryimage\"},\"thumbnailUrl\":\"https:\/\/enlisantfestival.com\/fr\/wp-content\/uploads\/2022\/01\/image_6483441.jpg\",\"datePublished\":\"2022-01-12T20:20:56+00:00\",\"dateModified\":\"2022-01-12T20:29:07+00:00\",\"breadcrumb\":{\"@id\":\"https:\/\/enlisantfestival.com\/fr\/eliezer-guerisme-et-sa-radiographie-de-lelite-politique-haitienne\/#breadcrumb\"},\"inLanguage\":\"fr-FR\",\"potentialAction\":[{\"@type\":\"ReadAction\",\"target\":[\"https:\/\/enlisantfestival.com\/fr\/eliezer-guerisme-et-sa-radiographie-de-lelite-politique-haitienne\/\"]}]},{\"@type\":\"ImageObject\",\"inLanguage\":\"fr-FR\",\"@id\":\"https:\/\/enlisantfestival.com\/fr\/eliezer-guerisme-et-sa-radiographie-de-lelite-politique-haitienne\/#primaryimage\",\"url\":\"https:\/\/enlisantfestival.com\/fr\/wp-content\/uploads\/2022\/01\/image_6483441.jpg\",\"contentUrl\":\"https:\/\/enlisantfestival.com\/fr\/wp-content\/uploads\/2022\/01\/image_6483441.jpg\",\"width\":800,\"height\":533},{\"@type\":\"BreadcrumbList\",\"@id\":\"https:\/\/enlisantfestival.com\/fr\/eliezer-guerisme-et-sa-radiographie-de-lelite-politique-haitienne\/#breadcrumb\",\"itemListElement\":[{\"@type\":\"ListItem\",\"position\":1,\"name\":\"Accueil\",\"item\":\"https:\/\/enlisantfestival.com\/fr\/\"},{\"@type\":\"ListItem\",\"position\":2,\"name\":\"Eliezer Gu\u00e9rism\u00e9 et sa radiographie de l\u2019\u00e9lite politique ha\u00eftienne\"}]},{\"@type\":\"WebSite\",\"@id\":\"https:\/\/enlisantfestival.com\/fr\/#website\",\"url\":\"https:\/\/enlisantfestival.com\/fr\/\",\"name\":\"En Lisant festival de th\u00e9\u00e2tre\",\"description\":\"\",\"publisher\":{\"@id\":\"https:\/\/enlisantfestival.com\/fr\/#organization\"},\"potentialAction\":[{\"@type\":\"SearchAction\",\"target\":{\"@type\":\"EntryPoint\",\"urlTemplate\":\"https:\/\/enlisantfestival.com\/fr\/?s={search_term_string}\"},\"query-input\":{\"@type\":\"PropertyValueSpecification\",\"valueRequired\":true,\"valueName\":\"search_term_string\"}}],\"inLanguage\":\"fr-FR\"},{\"@type\":\"Organization\",\"@id\":\"https:\/\/enlisantfestival.com\/fr\/#organization\",\"name\":\"En Lisant festival de th\u00e9\u00e2tre\",\"url\":\"https:\/\/enlisantfestival.com\/fr\/\",\"logo\":{\"@type\":\"ImageObject\",\"inLanguage\":\"fr-FR\",\"@id\":\"https:\/\/enlisantfestival.com\/fr\/#\/schema\/logo\/image\/\",\"url\":\"https:\/\/enlisantfestival.com\/fr\/wp-content\/uploads\/2020\/09\/en-lisant-logo.png\",\"contentUrl\":\"https:\/\/enlisantfestival.com\/fr\/wp-content\/uploads\/2020\/09\/en-lisant-logo.png\",\"width\":600,\"height\":343,\"caption\":\"En Lisant festival de th\u00e9\u00e2tre\"},\"image\":{\"@id\":\"https:\/\/enlisantfestival.com\/fr\/#\/schema\/logo\/image\/\"}},{\"@type\":\"Person\",\"@id\":\"https:\/\/enlisantfestival.com\/fr\/#\/schema\/person\/846f9c27917ef190542b1a106fd9e36e\",\"name\":\"ludwy\",\"image\":{\"@type\":\"ImageObject\",\"inLanguage\":\"fr-FR\",\"@id\":\"https:\/\/enlisantfestival.com\/fr\/#\/schema\/person\/image\/\",\"url\":\"https:\/\/secure.gravatar.com\/avatar\/b29172caf944fb66969204ce485e5a42554f3bf8c9abe8d1e070ad9e2ac4eb41?s=96&d=mm&r=g\",\"contentUrl\":\"https:\/\/secure.gravatar.com\/avatar\/b29172caf944fb66969204ce485e5a42554f3bf8c9abe8d1e070ad9e2ac4eb41?s=96&d=mm&r=g\",\"caption\":\"ludwy\"},\"url\":\"https:\/\/enlisantfestival.com\/fr\/author\/ludwy\/\"}]}<\/script>\n<!-- \/ Yoast SEO plugin. -->","yoast_head_json":{"title":"Eliezer Gu\u00e9rism\u00e9 et sa radiographie de l\u2019\u00e9lite politique ha\u00eftienne - En Lisant festival de th\u00e9\u00e2tre","robots":{"index":"index","follow":"follow","max-snippet":"max-snippet:-1","max-image-preview":"max-image-preview:large","max-video-preview":"max-video-preview:-1"},"canonical":"https:\/\/enlisantfestival.com\/fr\/eliezer-guerisme-et-sa-radiographie-de-lelite-politique-haitienne\/","og_locale":"fr_FR","og_type":"article","og_title":"Eliezer Gu\u00e9rism\u00e9 et sa radiographie de l\u2019\u00e9lite politique ha\u00eftienne - En Lisant festival de th\u00e9\u00e2tre","og_description":"BIT s\u2019empare de la pi\u00e8ce \u00ab Reconstruction(s), \u00e9crit par le dramaturge Guy R\u00e9gis Junior, pour peindre, sur fond de com\u00e9die m\u00eal\u00e9e de sarcasme, une \u00e9lite politique moribonde et l\u2019incapacit\u00e9 des d\u00e9cideurs politiques \u00e0 reconstruire ce pays.","og_url":"https:\/\/enlisantfestival.com\/fr\/eliezer-guerisme-et-sa-radiographie-de-lelite-politique-haitienne\/","og_site_name":"En Lisant festival de th\u00e9\u00e2tre","article_published_time":"2022-01-12T20:20:56+00:00","article_modified_time":"2022-01-12T20:29:07+00:00","og_image":[{"width":800,"height":533,"url":"https:\/\/enlisantfestival.com\/fr\/wp-content\/uploads\/2022\/01\/image_6483441.jpg","type":"image\/jpeg"}],"author":"ludwy","twitter_card":"summary_large_image","twitter_misc":{"\u00c9crit par":"ludwy","Dur\u00e9e de lecture estim\u00e9e":"6 minutes"},"schema":{"@context":"https:\/\/schema.org","@graph":[{"@type":"Article","@id":"https:\/\/enlisantfestival.com\/fr\/eliezer-guerisme-et-sa-radiographie-de-lelite-politique-haitienne\/#article","isPartOf":{"@id":"https:\/\/enlisantfestival.com\/fr\/eliezer-guerisme-et-sa-radiographie-de-lelite-politique-haitienne\/"},"author":{"name":"ludwy","@id":"https:\/\/enlisantfestival.com\/fr\/#\/schema\/person\/846f9c27917ef190542b1a106fd9e36e"},"headline":"Eliezer Gu\u00e9rism\u00e9 et sa radiographie de l\u2019\u00e9lite politique ha\u00eftienne","datePublished":"2022-01-12T20:20:56+00:00","dateModified":"2022-01-12T20:29:07+00:00","mainEntityOfPage":{"@id":"https:\/\/enlisantfestival.com\/fr\/eliezer-guerisme-et-sa-radiographie-de-lelite-politique-haitienne\/"},"wordCount":1116,"commentCount":0,"publisher":{"@id":"https:\/\/enlisantfestival.com\/fr\/#organization"},"image":{"@id":"https:\/\/enlisantfestival.com\/fr\/eliezer-guerisme-et-sa-radiographie-de-lelite-politique-haitienne\/#primaryimage"},"thumbnailUrl":"https:\/\/enlisantfestival.com\/fr\/wp-content\/uploads\/2022\/01\/image_6483441.jpg","articleSection":["Le journal d'En Lisant"],"inLanguage":"fr-FR","potentialAction":[{"@type":"CommentAction","name":"Comment","target":["https:\/\/enlisantfestival.com\/fr\/eliezer-guerisme-et-sa-radiographie-de-lelite-politique-haitienne\/#respond"]}]},{"@type":"WebPage","@id":"https:\/\/enlisantfestival.com\/fr\/eliezer-guerisme-et-sa-radiographie-de-lelite-politique-haitienne\/","url":"https:\/\/enlisantfestival.com\/fr\/eliezer-guerisme-et-sa-radiographie-de-lelite-politique-haitienne\/","name":"Eliezer Gu\u00e9rism\u00e9 et sa radiographie de l\u2019\u00e9lite politique ha\u00eftienne - En Lisant festival de th\u00e9\u00e2tre","isPartOf":{"@id":"https:\/\/enlisantfestival.com\/fr\/#website"},"primaryImageOfPage":{"@id":"https:\/\/enlisantfestival.com\/fr\/eliezer-guerisme-et-sa-radiographie-de-lelite-politique-haitienne\/#primaryimage"},"image":{"@id":"https:\/\/enlisantfestival.com\/fr\/eliezer-guerisme-et-sa-radiographie-de-lelite-politique-haitienne\/#primaryimage"},"thumbnailUrl":"https:\/\/enlisantfestival.com\/fr\/wp-content\/uploads\/2022\/01\/image_6483441.jpg","datePublished":"2022-01-12T20:20:56+00:00","dateModified":"2022-01-12T20:29:07+00:00","breadcrumb":{"@id":"https:\/\/enlisantfestival.com\/fr\/eliezer-guerisme-et-sa-radiographie-de-lelite-politique-haitienne\/#breadcrumb"},"inLanguage":"fr-FR","potentialAction":[{"@type":"ReadAction","target":["https:\/\/enlisantfestival.com\/fr\/eliezer-guerisme-et-sa-radiographie-de-lelite-politique-haitienne\/"]}]},{"@type":"ImageObject","inLanguage":"fr-FR","@id":"https:\/\/enlisantfestival.com\/fr\/eliezer-guerisme-et-sa-radiographie-de-lelite-politique-haitienne\/#primaryimage","url":"https:\/\/enlisantfestival.com\/fr\/wp-content\/uploads\/2022\/01\/image_6483441.jpg","contentUrl":"https:\/\/enlisantfestival.com\/fr\/wp-content\/uploads\/2022\/01\/image_6483441.jpg","width":800,"height":533},{"@type":"BreadcrumbList","@id":"https:\/\/enlisantfestival.com\/fr\/eliezer-guerisme-et-sa-radiographie-de-lelite-politique-haitienne\/#breadcrumb","itemListElement":[{"@type":"ListItem","position":1,"name":"Accueil","item":"https:\/\/enlisantfestival.com\/fr\/"},{"@type":"ListItem","position":2,"name":"Eliezer Gu\u00e9rism\u00e9 et sa radiographie de l\u2019\u00e9lite politique ha\u00eftienne"}]},{"@type":"WebSite","@id":"https:\/\/enlisantfestival.com\/fr\/#website","url":"https:\/\/enlisantfestival.com\/fr\/","name":"En Lisant festival de th\u00e9\u00e2tre","description":"","publisher":{"@id":"https:\/\/enlisantfestival.com\/fr\/#organization"},"potentialAction":[{"@type":"SearchAction","target":{"@type":"EntryPoint","urlTemplate":"https:\/\/enlisantfestival.com\/fr\/?s={search_term_string}"},"query-input":{"@type":"PropertyValueSpecification","valueRequired":true,"valueName":"search_term_string"}}],"inLanguage":"fr-FR"},{"@type":"Organization","@id":"https:\/\/enlisantfestival.com\/fr\/#organization","name":"En Lisant festival de th\u00e9\u00e2tre","url":"https:\/\/enlisantfestival.com\/fr\/","logo":{"@type":"ImageObject","inLanguage":"fr-FR","@id":"https:\/\/enlisantfestival.com\/fr\/#\/schema\/logo\/image\/","url":"https:\/\/enlisantfestival.com\/fr\/wp-content\/uploads\/2020\/09\/en-lisant-logo.png","contentUrl":"https:\/\/enlisantfestival.com\/fr\/wp-content\/uploads\/2020\/09\/en-lisant-logo.png","width":600,"height":343,"caption":"En Lisant festival de th\u00e9\u00e2tre"},"image":{"@id":"https:\/\/enlisantfestival.com\/fr\/#\/schema\/logo\/image\/"}},{"@type":"Person","@id":"https:\/\/enlisantfestival.com\/fr\/#\/schema\/person\/846f9c27917ef190542b1a106fd9e36e","name":"ludwy","image":{"@type":"ImageObject","inLanguage":"fr-FR","@id":"https:\/\/enlisantfestival.com\/fr\/#\/schema\/person\/image\/","url":"https:\/\/secure.gravatar.com\/avatar\/b29172caf944fb66969204ce485e5a42554f3bf8c9abe8d1e070ad9e2ac4eb41?s=96&d=mm&r=g","contentUrl":"https:\/\/secure.gravatar.com\/avatar\/b29172caf944fb66969204ce485e5a42554f3bf8c9abe8d1e070ad9e2ac4eb41?s=96&d=mm&r=g","caption":"ludwy"},"url":"https:\/\/enlisantfestival.com\/fr\/author\/ludwy\/"}]}},"_links":{"self":[{"href":"https:\/\/enlisantfestival.com\/fr\/wp-json\/wp\/v2\/posts\/4002","targetHints":{"allow":["GET"]}}],"collection":[{"href":"https:\/\/enlisantfestival.com\/fr\/wp-json\/wp\/v2\/posts"}],"about":[{"href":"https:\/\/enlisantfestival.com\/fr\/wp-json\/wp\/v2\/types\/post"}],"author":[{"embeddable":true,"href":"https:\/\/enlisantfestival.com\/fr\/wp-json\/wp\/v2\/users\/990002"}],"replies":[{"embeddable":true,"href":"https:\/\/enlisantfestival.com\/fr\/wp-json\/wp\/v2\/comments?post=4002"}],"version-history":[{"count":4,"href":"https:\/\/enlisantfestival.com\/fr\/wp-json\/wp\/v2\/posts\/4002\/revisions"}],"predecessor-version":[{"id":4009,"href":"https:\/\/enlisantfestival.com\/fr\/wp-json\/wp\/v2\/posts\/4002\/revisions\/4009"}],"wp:featuredmedia":[{"embeddable":true,"href":"https:\/\/enlisantfestival.com\/fr\/wp-json\/wp\/v2\/media\/4003"}],"wp:attachment":[{"href":"https:\/\/enlisantfestival.com\/fr\/wp-json\/wp\/v2\/media?parent=4002"}],"wp:term":[{"taxonomy":"category","embeddable":true,"href":"https:\/\/enlisantfestival.com\/fr\/wp-json\/wp\/v2\/categories?post=4002"},{"taxonomy":"post_tag","embeddable":true,"href":"https:\/\/enlisantfestival.com\/fr\/wp-json\/wp\/v2\/tags?post=4002"}],"curies":[{"name":"wp","href":"https:\/\/api.w.org\/{rel}","templated":true}]}}