{"id":4011,"date":"2022-08-09T14:17:58","date_gmt":"2022-08-09T12:17:58","guid":{"rendered":"https:\/\/enlisantfestival.com\/fr\/?p=4011"},"modified":"2022-08-09T15:37:20","modified_gmt":"2022-08-09T13:37:20","slug":"ledition-de-2022-la-7eme-est-placee-sous-le-theme-theatre-contestation-et-violences","status":"publish","type":"post","link":"https:\/\/enlisantfestival.com\/fr\/ledition-de-2022-la-7eme-est-placee-sous-le-theme-theatre-contestation-et-violences\/","title":{"rendered":"L\u2019\u00e9dition de 2022, la 7\u00e8me, est plac\u00e9e sous le th\u00e8me : Th\u00e9\u00e2tre, contestation et violences."},"content":{"rendered":"<div class=\"wpb-content-wrapper\">\t\t<div data-elementor-type=\"wp-post\" data-elementor-id=\"4011\" class=\"elementor elementor-4011\" data-elementor-settings=\"{&quot;ha_cmc_init_switcher&quot;:&quot;no&quot;}\">\n\t\t\t\t\t\t<section class=\"elementor-section elementor-top-section elementor-element elementor-element-494639bf elementor-section-boxed elementor-section-height-default elementor-section-height-default\" data-id=\"494639bf\" data-element_type=\"section\" data-e-type=\"section\" data-settings=\"{&quot;_ha_eqh_enable&quot;:false}\">\n\t\t\t\t\t\t<div class=\"elementor-container elementor-column-gap-default\">\n\t\t\t\t\t<div class=\"elementor-column elementor-col-100 elementor-top-column elementor-element elementor-element-353a84b3\" data-id=\"353a84b3\" data-element_type=\"column\" data-e-type=\"column\">\n\t\t\t<div class=\"elementor-widget-wrap elementor-element-populated\">\n\t\t\t\t\t\t<div class=\"elementor-element elementor-element-6bafa991 elementor-widget elementor-widget-text-editor\" data-id=\"6bafa991\" data-element_type=\"widget\" data-e-type=\"widget\" data-widget_type=\"text-editor.default\">\n\t\t\t\t<div class=\"elementor-widget-container\">\n\t\t\t\t\t\t\t\t\t[vc_row][vc_column][vc_column_text]\r\n<p style=\"text-align: justify;\">L\u2019\u00e9dition de 2022, la 7\u00e8me, est plac\u00e9e sous le th\u00e8me : Th\u00e9\u00e2tre, contestation et violences. A travers cette th\u00e9matique le public est invit\u00e9 \u00e0 d\u00e9couvrir l\u2019\u0153uvre bouleversante d\u2019Andrise Pierre. ANDRISE est une dramaturge contemporaine ha\u00eftienne, laur\u00e9ate du Prix SACD de la Dramaturgie Francophone en 2020, ayant abord\u00e9 de mani\u00e8re lucide la th\u00e9matique de la violence dans ses \u00e9crits.<\/p>\r\n<p style=\"text-align: justify;\">Th\u00e9\u00e2tre et violences : Depuis la seconde moiti\u00e9 du 20\u00e8me si\u00e8cle d\u2019illustres dramaturges comme Augusto Boal, Wole Soyinka, Harold Pinter, Kateb Yacime, Jean Genet, Franketienne, Faubert Bolivar, Guy R\u00e9gis Junior, se sont positionn\u00e9s du c\u00f4t\u00e9 des opprim\u00e9s contre la d\u00e9ch\u00e9ance humaine engendr\u00e9e par le totalitarisme, les guerres inutiles et les dictatures du sud. Ces prises de position sont devenues une tradition pla\u00e7ant le th\u00e9\u00e2tre en avant-garde des arts solidaires a la souffrance humaine. Fort de cette tradition, l\u2019\u00e9quipe d\u2019En Lisant pour la septi\u00e8me \u00e9dition a d\u00e9cid\u00e9 de pr\u00e9senter au public ha\u00eftien le th\u00e9\u00e2tre contestaire s\u2019insurgeant contre les douleurs et souffrances humaines.<\/p>\r\n&nbsp;\r\n\r\n&nbsp;\r\n<p style=\"text-align: justify;\">#EnLisantAndrise #Th\u00e9\u00e2tre #Violences #Haiti #Festival #Andrise<\/p>\r\n[\/vc_column_text][\/vc_column][\/vc_row]\t\t\t\t\t\t\t\t<\/div>\n\t\t\t\t<\/div>\n\t\t\t\t\t<\/div>\n\t\t<\/div>\n\t\t\t\t\t<\/div>\n\t\t<\/section>\n\t\t\t\t<section class=\"elementor-section elementor-top-section elementor-element elementor-element-0c07f84 elementor-section-boxed elementor-section-height-default elementor-section-height-default\" data-id=\"0c07f84\" data-element_type=\"section\" data-e-type=\"section\" data-settings=\"{&quot;_ha_eqh_enable&quot;:false}\">\n\t\t\t\t\t\t<div class=\"elementor-container elementor-column-gap-default\">\n\t\t\t\t\t<div class=\"elementor-column elementor-col-33 elementor-top-column elementor-element elementor-element-874c5ad\" data-id=\"874c5ad\" data-element_type=\"column\" data-e-type=\"column\">\n\t\t\t<div class=\"elementor-widget-wrap elementor-element-populated\">\n\t\t\t\t\t\t<div class=\"elementor-element elementor-element-76c5718 elementor-widget elementor-widget-text-editor\" data-id=\"76c5718\" data-element_type=\"widget\" data-e-type=\"widget\" data-widget_type=\"text-editor.default\">\n\t\t\t\t<div class=\"elementor-widget-container\">\n\t\t\t\t\t\t\t\t\t<h4 class=\"entry-title h2-style\">Andrise Pierre: \u00ab J\u2019\u00e9cris pour \u00eatre \u00bb<\/h4>\t\t\t\t\t\t\t\t<\/div>\n\t\t\t\t<\/div>\n\t\t\t\t<div class=\"elementor-element elementor-element-7aa6a97 elementor-align-center elementor-widget elementor-widget-button\" data-id=\"7aa6a97\" data-element_type=\"widget\" data-e-type=\"widget\" data-widget_type=\"button.default\">\n\t\t\t\t<div class=\"elementor-widget-container\">\n\t\t\t\t\t\t\t\t\t<div class=\"elementor-button-wrapper\">\n\t\t\t\t\t<a class=\"elementor-button elementor-button-link elementor-size-sm\" href=\"https:\/\/muselles.org\/5-questions-a-andrise-pierre-prix-sacd-2020\/\" target=\"_blank\">\n\t\t\t\t\t\t<span class=\"elementor-button-content-wrapper\">\n\t\t\t\t\t\t\t\t\t<span class=\"elementor-button-text\">Cliquez ici<\/span>\n\t\t\t\t\t<\/span>\n\t\t\t\t\t<\/a>\n\t\t\t\t<\/div>\n\t\t\t\t\t\t\t\t<\/div>\n\t\t\t\t<\/div>\n\t\t\t\t\t<\/div>\n\t\t<\/div>\n\t\t\t\t<div class=\"elementor-column elementor-col-33 elementor-top-column elementor-element elementor-element-553f644\" data-id=\"553f644\" data-element_type=\"column\" data-e-type=\"column\">\n\t\t\t<div class=\"elementor-widget-wrap elementor-element-populated\">\n\t\t\t\t\t\t<div class=\"elementor-element elementor-element-f762df7 elementor-widget elementor-widget-text-editor\" data-id=\"f762df7\" data-element_type=\"widget\" data-e-type=\"widget\" data-widget_type=\"text-editor.default\">\n\t\t\t\t<div class=\"elementor-widget-container\">\n\t\t\t\t\t\t\t\t\t<h4 class=\"entry-title\">Au Parc de Tivoli\u00a0: Andrise Pierre, \u00e9crivaine et femme engag\u00e9e<\/h4>\t\t\t\t\t\t\t\t<\/div>\n\t\t\t\t<\/div>\n\t\t\t\t<div class=\"elementor-element elementor-element-d30206d elementor-align-center elementor-widget elementor-widget-button\" data-id=\"d30206d\" data-element_type=\"widget\" data-e-type=\"widget\" data-widget_type=\"button.default\">\n\t\t\t\t<div class=\"elementor-widget-container\">\n\t\t\t\t\t\t\t\t\t<div class=\"elementor-button-wrapper\">\n\t\t\t\t\t<a class=\"elementor-button elementor-button-link elementor-size-sm\" href=\"https:\/\/www.madinin-art.net\/au-parc-de-tivoli-andrise-pierre-ecrivaine-et-femme-engagee\/\" target=\"_blank\">\n\t\t\t\t\t\t<span class=\"elementor-button-content-wrapper\">\n\t\t\t\t\t\t\t\t\t<span class=\"elementor-button-text\">Cliquez ici<\/span>\n\t\t\t\t\t<\/span>\n\t\t\t\t\t<\/a>\n\t\t\t\t<\/div>\n\t\t\t\t\t\t\t\t<\/div>\n\t\t\t\t<\/div>\n\t\t\t\t\t<\/div>\n\t\t<\/div>\n\t\t\t\t<div class=\"elementor-column elementor-col-33 elementor-top-column elementor-element elementor-element-a4962ab\" data-id=\"a4962ab\" data-element_type=\"column\" data-e-type=\"column\">\n\t\t\t<div class=\"elementor-widget-wrap elementor-element-populated\">\n\t\t\t\t\t\t<div class=\"elementor-element elementor-element-eb349aa elementor-widget elementor-widget-text-editor\" data-id=\"eb349aa\" data-element_type=\"widget\" data-e-type=\"widget\" data-widget_type=\"text-editor.default\">\n\t\t\t\t<div class=\"elementor-widget-container\">\n\t\t\t\t\t\t\t\t\t<h4>Entretien avec Andrise Pierre, Prix SACD 2020 de la Dramaturgie Francophone pour <i>Elle voulait ou croyait vouloir et puis tout \u00e0 coup elle ne veut plus\u00a0!<\/i><\/h4>\t\t\t\t\t\t\t\t<\/div>\n\t\t\t\t<\/div>\n\t\t\t\t<div class=\"elementor-element elementor-element-e13ad10 elementor-align-center elementor-widget elementor-widget-button\" data-id=\"e13ad10\" data-element_type=\"widget\" data-e-type=\"widget\" data-widget_type=\"button.default\">\n\t\t\t\t<div class=\"elementor-widget-container\">\n\t\t\t\t\t\t\t\t\t<div class=\"elementor-button-wrapper\">\n\t\t\t\t\t<a class=\"elementor-button elementor-button-link elementor-size-sm\" href=\"https:\/\/www.lesfrancophonies.site\/Entretien-avec-Andrise-Pierre\" target=\"_blank\">\n\t\t\t\t\t\t<span class=\"elementor-button-content-wrapper\">\n\t\t\t\t\t\t\t\t\t<span class=\"elementor-button-text\">Cliquez ici<\/span>\n\t\t\t\t\t<\/span>\n\t\t\t\t\t<\/a>\n\t\t\t\t<\/div>\n\t\t\t\t\t\t\t\t<\/div>\n\t\t\t\t<\/div>\n\t\t\t\t\t<\/div>\n\t\t<\/div>\n\t\t\t\t\t<\/div>\n\t\t<\/section>\n\t\t\t\t<\/div>\n\t\t<\/div>","protected":false},"excerpt":{"rendered":"<p>[vc_row][vc_column][vc_column_text] L\u2019\u00e9dition de 2022, la 7\u00e8me, est plac\u00e9e sous le th\u00e8me : Th\u00e9\u00e2tre, contestation et violences. A travers cette th\u00e9matique le public est invit\u00e9 \u00e0 d\u00e9couvrir l\u2019\u0153uvre bouleversante d\u2019Andrise Pierre. [&hellip;]<\/p>\n","protected":false},"author":1,"featured_media":4016,"comment_status":"open","ping_status":"open","sticky":false,"template":"","format":"standard","meta":{"_FSMCFIC_featured_image_caption":"","_FSMCFIC_featured_image_nocaption":"","_FSMCFIC_featured_image_hide":"","footnotes":""},"categories":[104],"tags":[],"class_list":["post-4011","post","type-post","status-publish","format-standard","has-post-thumbnail","hentry","category-le-journal-d-en-lisant"],"yoast_head":"<!-- This site is optimized with the Yoast SEO plugin v27.0 - https:\/\/yoast.com\/product\/yoast-seo-wordpress\/ -->\n<title>L\u2019\u00e9dition de 2022, la 7\u00e8me, est plac\u00e9e sous le th\u00e8me : Th\u00e9\u00e2tre, contestation et violences. - En Lisant festival de th\u00e9\u00e2tre<\/title>\n<meta name=\"robots\" content=\"index, follow, max-snippet:-1, max-image-preview:large, max-video-preview:-1\" \/>\n<link rel=\"canonical\" href=\"https:\/\/enlisantfestival.com\/fr\/ledition-de-2022-la-7eme-est-placee-sous-le-theme-theatre-contestation-et-violences\/\" \/>\n<meta property=\"og:locale\" content=\"fr_FR\" \/>\n<meta property=\"og:type\" content=\"article\" \/>\n<meta property=\"og:title\" content=\"L\u2019\u00e9dition de 2022, la 7\u00e8me, est plac\u00e9e sous le th\u00e8me : Th\u00e9\u00e2tre, contestation et violences. - En Lisant festival de th\u00e9\u00e2tre\" \/>\n<meta property=\"og:description\" content=\"[vc_row][vc_column][vc_column_text] L\u2019\u00e9dition de 2022, la 7\u00e8me, est plac\u00e9e sous le th\u00e8me : Th\u00e9\u00e2tre, contestation et violences. A travers cette th\u00e9matique le public est invit\u00e9 \u00e0 d\u00e9couvrir l\u2019\u0153uvre bouleversante d\u2019Andrise Pierre. [&hellip;]\" \/>\n<meta property=\"og:url\" content=\"https:\/\/enlisantfestival.com\/fr\/ledition-de-2022-la-7eme-est-placee-sous-le-theme-theatre-contestation-et-violences\/\" \/>\n<meta property=\"og:site_name\" content=\"En Lisant festival de th\u00e9\u00e2tre\" \/>\n<meta property=\"article:published_time\" content=\"2022-08-09T12:17:58+00:00\" \/>\n<meta property=\"article:modified_time\" content=\"2022-08-09T13:37:20+00:00\" \/>\n<meta property=\"og:image\" content=\"https:\/\/enlisantfestival.com\/fr\/wp-content\/uploads\/2022\/08\/2022-Visuel-En-OFF-2022-scaled.jpg\" \/>\n\t<meta property=\"og:image:width\" content=\"1656\" \/>\n\t<meta property=\"og:image:height\" content=\"2560\" \/>\n\t<meta property=\"og:image:type\" content=\"image\/jpeg\" \/>\n<meta name=\"author\" content=\"lionel\" \/>\n<meta name=\"twitter:card\" content=\"summary_large_image\" \/>\n<meta name=\"twitter:label1\" content=\"\u00c9crit par\" \/>\n\t<meta name=\"twitter:data1\" content=\"lionel\" \/>\n\t<meta name=\"twitter:label2\" content=\"Dur\u00e9e de lecture estim\u00e9e\" \/>\n\t<meta name=\"twitter:data2\" content=\"1 minute\" \/>\n<script type=\"application\/ld+json\" class=\"yoast-schema-graph\">{\"@context\":\"https:\/\/schema.org\",\"@graph\":[{\"@type\":\"Article\",\"@id\":\"https:\/\/enlisantfestival.com\/fr\/ledition-de-2022-la-7eme-est-placee-sous-le-theme-theatre-contestation-et-violences\/#article\",\"isPartOf\":{\"@id\":\"https:\/\/enlisantfestival.com\/fr\/ledition-de-2022-la-7eme-est-placee-sous-le-theme-theatre-contestation-et-violences\/\"},\"author\":{\"name\":\"lionel\",\"@id\":\"https:\/\/enlisantfestival.com\/fr\/#\/schema\/person\/87e9b7267113e8db5ef729658a5440e4\"},\"headline\":\"L\u2019\u00e9dition de 2022, la 7\u00e8me, est plac\u00e9e sous le th\u00e8me : Th\u00e9\u00e2tre, contestation et violences.\",\"datePublished\":\"2022-08-09T12:17:58+00:00\",\"dateModified\":\"2022-08-09T13:37:20+00:00\",\"mainEntityOfPage\":{\"@id\":\"https:\/\/enlisantfestival.com\/fr\/ledition-de-2022-la-7eme-est-placee-sous-le-theme-theatre-contestation-et-violences\/\"},\"wordCount\":272,\"commentCount\":0,\"publisher\":{\"@id\":\"https:\/\/enlisantfestival.com\/fr\/#organization\"},\"image\":{\"@id\":\"https:\/\/enlisantfestival.com\/fr\/ledition-de-2022-la-7eme-est-placee-sous-le-theme-theatre-contestation-et-violences\/#primaryimage\"},\"thumbnailUrl\":\"https:\/\/enlisantfestival.com\/fr\/wp-content\/uploads\/2022\/08\/2022-Visuel-En-OFF-2022-scaled.jpg\",\"articleSection\":[\"Le journal d'En Lisant\"],\"inLanguage\":\"fr-FR\",\"potentialAction\":[{\"@type\":\"CommentAction\",\"name\":\"Comment\",\"target\":[\"https:\/\/enlisantfestival.com\/fr\/ledition-de-2022-la-7eme-est-placee-sous-le-theme-theatre-contestation-et-violences\/#respond\"]}]},{\"@type\":\"WebPage\",\"@id\":\"https:\/\/enlisantfestival.com\/fr\/ledition-de-2022-la-7eme-est-placee-sous-le-theme-theatre-contestation-et-violences\/\",\"url\":\"https:\/\/enlisantfestival.com\/fr\/ledition-de-2022-la-7eme-est-placee-sous-le-theme-theatre-contestation-et-violences\/\",\"name\":\"L\u2019\u00e9dition de 2022, la 7\u00e8me, est plac\u00e9e sous le th\u00e8me : Th\u00e9\u00e2tre, contestation et violences. - En Lisant festival de th\u00e9\u00e2tre\",\"isPartOf\":{\"@id\":\"https:\/\/enlisantfestival.com\/fr\/#website\"},\"primaryImageOfPage\":{\"@id\":\"https:\/\/enlisantfestival.com\/fr\/ledition-de-2022-la-7eme-est-placee-sous-le-theme-theatre-contestation-et-violences\/#primaryimage\"},\"image\":{\"@id\":\"https:\/\/enlisantfestival.com\/fr\/ledition-de-2022-la-7eme-est-placee-sous-le-theme-theatre-contestation-et-violences\/#primaryimage\"},\"thumbnailUrl\":\"https:\/\/enlisantfestival.com\/fr\/wp-content\/uploads\/2022\/08\/2022-Visuel-En-OFF-2022-scaled.jpg\",\"datePublished\":\"2022-08-09T12:17:58+00:00\",\"dateModified\":\"2022-08-09T13:37:20+00:00\",\"breadcrumb\":{\"@id\":\"https:\/\/enlisantfestival.com\/fr\/ledition-de-2022-la-7eme-est-placee-sous-le-theme-theatre-contestation-et-violences\/#breadcrumb\"},\"inLanguage\":\"fr-FR\",\"potentialAction\":[{\"@type\":\"ReadAction\",\"target\":[\"https:\/\/enlisantfestival.com\/fr\/ledition-de-2022-la-7eme-est-placee-sous-le-theme-theatre-contestation-et-violences\/\"]}]},{\"@type\":\"ImageObject\",\"inLanguage\":\"fr-FR\",\"@id\":\"https:\/\/enlisantfestival.com\/fr\/ledition-de-2022-la-7eme-est-placee-sous-le-theme-theatre-contestation-et-violences\/#primaryimage\",\"url\":\"https:\/\/enlisantfestival.com\/fr\/wp-content\/uploads\/2022\/08\/2022-Visuel-En-OFF-2022-scaled.jpg\",\"contentUrl\":\"https:\/\/enlisantfestival.com\/fr\/wp-content\/uploads\/2022\/08\/2022-Visuel-En-OFF-2022-scaled.jpg\",\"width\":1656,\"height\":2560},{\"@type\":\"BreadcrumbList\",\"@id\":\"https:\/\/enlisantfestival.com\/fr\/ledition-de-2022-la-7eme-est-placee-sous-le-theme-theatre-contestation-et-violences\/#breadcrumb\",\"itemListElement\":[{\"@type\":\"ListItem\",\"position\":1,\"name\":\"Accueil\",\"item\":\"https:\/\/enlisantfestival.com\/fr\/\"},{\"@type\":\"ListItem\",\"position\":2,\"name\":\"L\u2019\u00e9dition de 2022, la 7\u00e8me, est plac\u00e9e sous le th\u00e8me : Th\u00e9\u00e2tre, contestation et violences.\"}]},{\"@type\":\"WebSite\",\"@id\":\"https:\/\/enlisantfestival.com\/fr\/#website\",\"url\":\"https:\/\/enlisantfestival.com\/fr\/\",\"name\":\"En Lisant festival de th\u00e9\u00e2tre\",\"description\":\"\",\"publisher\":{\"@id\":\"https:\/\/enlisantfestival.com\/fr\/#organization\"},\"potentialAction\":[{\"@type\":\"SearchAction\",\"target\":{\"@type\":\"EntryPoint\",\"urlTemplate\":\"https:\/\/enlisantfestival.com\/fr\/?s={search_term_string}\"},\"query-input\":{\"@type\":\"PropertyValueSpecification\",\"valueRequired\":true,\"valueName\":\"search_term_string\"}}],\"inLanguage\":\"fr-FR\"},{\"@type\":\"Organization\",\"@id\":\"https:\/\/enlisantfestival.com\/fr\/#organization\",\"name\":\"En Lisant festival de th\u00e9\u00e2tre\",\"url\":\"https:\/\/enlisantfestival.com\/fr\/\",\"logo\":{\"@type\":\"ImageObject\",\"inLanguage\":\"fr-FR\",\"@id\":\"https:\/\/enlisantfestival.com\/fr\/#\/schema\/logo\/image\/\",\"url\":\"https:\/\/enlisantfestival.com\/fr\/wp-content\/uploads\/2020\/09\/en-lisant-logo.png\",\"contentUrl\":\"https:\/\/enlisantfestival.com\/fr\/wp-content\/uploads\/2020\/09\/en-lisant-logo.png\",\"width\":600,\"height\":343,\"caption\":\"En Lisant festival de th\u00e9\u00e2tre\"},\"image\":{\"@id\":\"https:\/\/enlisantfestival.com\/fr\/#\/schema\/logo\/image\/\"}},{\"@type\":\"Person\",\"@id\":\"https:\/\/enlisantfestival.com\/fr\/#\/schema\/person\/87e9b7267113e8db5ef729658a5440e4\",\"name\":\"lionel\",\"image\":{\"@type\":\"ImageObject\",\"inLanguage\":\"fr-FR\",\"@id\":\"https:\/\/enlisantfestival.com\/fr\/#\/schema\/person\/image\/\",\"url\":\"https:\/\/secure.gravatar.com\/avatar\/0361bef51de40b6b2e5c0d693a6d8f9c483d0ca194576592d0168a26c347ce45?s=96&d=mm&r=g\",\"contentUrl\":\"https:\/\/secure.gravatar.com\/avatar\/0361bef51de40b6b2e5c0d693a6d8f9c483d0ca194576592d0168a26c347ce45?s=96&d=mm&r=g\",\"caption\":\"lionel\"},\"url\":\"https:\/\/enlisantfestival.com\/fr\/author\/lionel\/\"}]}<\/script>\n<!-- \/ Yoast SEO plugin. -->","yoast_head_json":{"title":"L\u2019\u00e9dition de 2022, la 7\u00e8me, est plac\u00e9e sous le th\u00e8me : Th\u00e9\u00e2tre, contestation et violences. - En Lisant festival de th\u00e9\u00e2tre","robots":{"index":"index","follow":"follow","max-snippet":"max-snippet:-1","max-image-preview":"max-image-preview:large","max-video-preview":"max-video-preview:-1"},"canonical":"https:\/\/enlisantfestival.com\/fr\/ledition-de-2022-la-7eme-est-placee-sous-le-theme-theatre-contestation-et-violences\/","og_locale":"fr_FR","og_type":"article","og_title":"L\u2019\u00e9dition de 2022, la 7\u00e8me, est plac\u00e9e sous le th\u00e8me : Th\u00e9\u00e2tre, contestation et violences. - En Lisant festival de th\u00e9\u00e2tre","og_description":"[vc_row][vc_column][vc_column_text] L\u2019\u00e9dition de 2022, la 7\u00e8me, est plac\u00e9e sous le th\u00e8me : Th\u00e9\u00e2tre, contestation et violences. A travers cette th\u00e9matique le public est invit\u00e9 \u00e0 d\u00e9couvrir l\u2019\u0153uvre bouleversante d\u2019Andrise Pierre. [&hellip;]","og_url":"https:\/\/enlisantfestival.com\/fr\/ledition-de-2022-la-7eme-est-placee-sous-le-theme-theatre-contestation-et-violences\/","og_site_name":"En Lisant festival de th\u00e9\u00e2tre","article_published_time":"2022-08-09T12:17:58+00:00","article_modified_time":"2022-08-09T13:37:20+00:00","og_image":[{"width":1656,"height":2560,"url":"https:\/\/enlisantfestival.com\/fr\/wp-content\/uploads\/2022\/08\/2022-Visuel-En-OFF-2022-scaled.jpg","type":"image\/jpeg"}],"author":"lionel","twitter_card":"summary_large_image","twitter_misc":{"\u00c9crit par":"lionel","Dur\u00e9e de lecture estim\u00e9e":"1 minute"},"schema":{"@context":"https:\/\/schema.org","@graph":[{"@type":"Article","@id":"https:\/\/enlisantfestival.com\/fr\/ledition-de-2022-la-7eme-est-placee-sous-le-theme-theatre-contestation-et-violences\/#article","isPartOf":{"@id":"https:\/\/enlisantfestival.com\/fr\/ledition-de-2022-la-7eme-est-placee-sous-le-theme-theatre-contestation-et-violences\/"},"author":{"name":"lionel","@id":"https:\/\/enlisantfestival.com\/fr\/#\/schema\/person\/87e9b7267113e8db5ef729658a5440e4"},"headline":"L\u2019\u00e9dition de 2022, la 7\u00e8me, est plac\u00e9e sous le th\u00e8me : Th\u00e9\u00e2tre, contestation et violences.","datePublished":"2022-08-09T12:17:58+00:00","dateModified":"2022-08-09T13:37:20+00:00","mainEntityOfPage":{"@id":"https:\/\/enlisantfestival.com\/fr\/ledition-de-2022-la-7eme-est-placee-sous-le-theme-theatre-contestation-et-violences\/"},"wordCount":272,"commentCount":0,"publisher":{"@id":"https:\/\/enlisantfestival.com\/fr\/#organization"},"image":{"@id":"https:\/\/enlisantfestival.com\/fr\/ledition-de-2022-la-7eme-est-placee-sous-le-theme-theatre-contestation-et-violences\/#primaryimage"},"thumbnailUrl":"https:\/\/enlisantfestival.com\/fr\/wp-content\/uploads\/2022\/08\/2022-Visuel-En-OFF-2022-scaled.jpg","articleSection":["Le journal d'En Lisant"],"inLanguage":"fr-FR","potentialAction":[{"@type":"CommentAction","name":"Comment","target":["https:\/\/enlisantfestival.com\/fr\/ledition-de-2022-la-7eme-est-placee-sous-le-theme-theatre-contestation-et-violences\/#respond"]}]},{"@type":"WebPage","@id":"https:\/\/enlisantfestival.com\/fr\/ledition-de-2022-la-7eme-est-placee-sous-le-theme-theatre-contestation-et-violences\/","url":"https:\/\/enlisantfestival.com\/fr\/ledition-de-2022-la-7eme-est-placee-sous-le-theme-theatre-contestation-et-violences\/","name":"L\u2019\u00e9dition de 2022, la 7\u00e8me, est plac\u00e9e sous le th\u00e8me : Th\u00e9\u00e2tre, contestation et violences. - En Lisant festival de th\u00e9\u00e2tre","isPartOf":{"@id":"https:\/\/enlisantfestival.com\/fr\/#website"},"primaryImageOfPage":{"@id":"https:\/\/enlisantfestival.com\/fr\/ledition-de-2022-la-7eme-est-placee-sous-le-theme-theatre-contestation-et-violences\/#primaryimage"},"image":{"@id":"https:\/\/enlisantfestival.com\/fr\/ledition-de-2022-la-7eme-est-placee-sous-le-theme-theatre-contestation-et-violences\/#primaryimage"},"thumbnailUrl":"https:\/\/enlisantfestival.com\/fr\/wp-content\/uploads\/2022\/08\/2022-Visuel-En-OFF-2022-scaled.jpg","datePublished":"2022-08-09T12:17:58+00:00","dateModified":"2022-08-09T13:37:20+00:00","breadcrumb":{"@id":"https:\/\/enlisantfestival.com\/fr\/ledition-de-2022-la-7eme-est-placee-sous-le-theme-theatre-contestation-et-violences\/#breadcrumb"},"inLanguage":"fr-FR","potentialAction":[{"@type":"ReadAction","target":["https:\/\/enlisantfestival.com\/fr\/ledition-de-2022-la-7eme-est-placee-sous-le-theme-theatre-contestation-et-violences\/"]}]},{"@type":"ImageObject","inLanguage":"fr-FR","@id":"https:\/\/enlisantfestival.com\/fr\/ledition-de-2022-la-7eme-est-placee-sous-le-theme-theatre-contestation-et-violences\/#primaryimage","url":"https:\/\/enlisantfestival.com\/fr\/wp-content\/uploads\/2022\/08\/2022-Visuel-En-OFF-2022-scaled.jpg","contentUrl":"https:\/\/enlisantfestival.com\/fr\/wp-content\/uploads\/2022\/08\/2022-Visuel-En-OFF-2022-scaled.jpg","width":1656,"height":2560},{"@type":"BreadcrumbList","@id":"https:\/\/enlisantfestival.com\/fr\/ledition-de-2022-la-7eme-est-placee-sous-le-theme-theatre-contestation-et-violences\/#breadcrumb","itemListElement":[{"@type":"ListItem","position":1,"name":"Accueil","item":"https:\/\/enlisantfestival.com\/fr\/"},{"@type":"ListItem","position":2,"name":"L\u2019\u00e9dition de 2022, la 7\u00e8me, est plac\u00e9e sous le th\u00e8me : Th\u00e9\u00e2tre, contestation et violences."}]},{"@type":"WebSite","@id":"https:\/\/enlisantfestival.com\/fr\/#website","url":"https:\/\/enlisantfestival.com\/fr\/","name":"En Lisant festival de th\u00e9\u00e2tre","description":"","publisher":{"@id":"https:\/\/enlisantfestival.com\/fr\/#organization"},"potentialAction":[{"@type":"SearchAction","target":{"@type":"EntryPoint","urlTemplate":"https:\/\/enlisantfestival.com\/fr\/?s={search_term_string}"},"query-input":{"@type":"PropertyValueSpecification","valueRequired":true,"valueName":"search_term_string"}}],"inLanguage":"fr-FR"},{"@type":"Organization","@id":"https:\/\/enlisantfestival.com\/fr\/#organization","name":"En Lisant festival de th\u00e9\u00e2tre","url":"https:\/\/enlisantfestival.com\/fr\/","logo":{"@type":"ImageObject","inLanguage":"fr-FR","@id":"https:\/\/enlisantfestival.com\/fr\/#\/schema\/logo\/image\/","url":"https:\/\/enlisantfestival.com\/fr\/wp-content\/uploads\/2020\/09\/en-lisant-logo.png","contentUrl":"https:\/\/enlisantfestival.com\/fr\/wp-content\/uploads\/2020\/09\/en-lisant-logo.png","width":600,"height":343,"caption":"En Lisant festival de th\u00e9\u00e2tre"},"image":{"@id":"https:\/\/enlisantfestival.com\/fr\/#\/schema\/logo\/image\/"}},{"@type":"Person","@id":"https:\/\/enlisantfestival.com\/fr\/#\/schema\/person\/87e9b7267113e8db5ef729658a5440e4","name":"lionel","image":{"@type":"ImageObject","inLanguage":"fr-FR","@id":"https:\/\/enlisantfestival.com\/fr\/#\/schema\/person\/image\/","url":"https:\/\/secure.gravatar.com\/avatar\/0361bef51de40b6b2e5c0d693a6d8f9c483d0ca194576592d0168a26c347ce45?s=96&d=mm&r=g","contentUrl":"https:\/\/secure.gravatar.com\/avatar\/0361bef51de40b6b2e5c0d693a6d8f9c483d0ca194576592d0168a26c347ce45?s=96&d=mm&r=g","caption":"lionel"},"url":"https:\/\/enlisantfestival.com\/fr\/author\/lionel\/"}]}},"_links":{"self":[{"href":"https:\/\/enlisantfestival.com\/fr\/wp-json\/wp\/v2\/posts\/4011","targetHints":{"allow":["GET"]}}],"collection":[{"href":"https:\/\/enlisantfestival.com\/fr\/wp-json\/wp\/v2\/posts"}],"about":[{"href":"https:\/\/enlisantfestival.com\/fr\/wp-json\/wp\/v2\/types\/post"}],"author":[{"embeddable":true,"href":"https:\/\/enlisantfestival.com\/fr\/wp-json\/wp\/v2\/users\/1"}],"replies":[{"embeddable":true,"href":"https:\/\/enlisantfestival.com\/fr\/wp-json\/wp\/v2\/comments?post=4011"}],"version-history":[{"count":25,"href":"https:\/\/enlisantfestival.com\/fr\/wp-json\/wp\/v2\/posts\/4011\/revisions"}],"predecessor-version":[{"id":4042,"href":"https:\/\/enlisantfestival.com\/fr\/wp-json\/wp\/v2\/posts\/4011\/revisions\/4042"}],"wp:featuredmedia":[{"embeddable":true,"href":"https:\/\/enlisantfestival.com\/fr\/wp-json\/wp\/v2\/media\/4016"}],"wp:attachment":[{"href":"https:\/\/enlisantfestival.com\/fr\/wp-json\/wp\/v2\/media?parent=4011"}],"wp:term":[{"taxonomy":"category","embeddable":true,"href":"https:\/\/enlisantfestival.com\/fr\/wp-json\/wp\/v2\/categories?post=4011"},{"taxonomy":"post_tag","embeddable":true,"href":"https:\/\/enlisantfestival.com\/fr\/wp-json\/wp\/v2\/tags?post=4011"}],"curies":[{"name":"wp","href":"https:\/\/api.w.org\/{rel}","templated":true}]}}