{"id":4047,"date":"2022-08-30T16:24:13","date_gmt":"2022-08-30T14:24:13","guid":{"rendered":"https:\/\/enlisantfestival.com\/fr\/?p=4047"},"modified":"2022-09-06T19:44:25","modified_gmt":"2022-09-06T17:44:25","slug":"kenny-laguerre-le-theatre-comme-principal-metier","status":"publish","type":"post","link":"https:\/\/enlisantfestival.com\/fr\/kenny-laguerre-le-theatre-comme-principal-metier\/","title":{"rendered":"Kenny Laguerre: &#8220;le  Th\u00e9\u00e2tre comme principal metier&#8221;"},"content":{"rendered":"<div class=\"wpb-content-wrapper\"><p>[vc_row][vc_column][vc_column_text]<\/p>\n<p style=\"text-align: justify;\">Com\u00e9dien, acteur et \u00e9lectrotechnicien, Kenny Laguerre nait le 20 novembre 1985 \u00e0 Port-au-Prince.\u00a0 C\u2019est dans cette ville \u00e9nigmatique, o\u00f9 il a pass\u00e9 son enfance et sa premi\u00e8re jeunesse, qu\u2019il a re\u00e7u son Dipl\u00f4me d\u2019\u00c9tudes Secondaires au Coll\u00e8ge Le Normalien et fait des \u00e9tudes professionnelles dans l\u2019\u00e9lectrotechnique au Canado Technique. Depuis\u00a0 presque deux d\u00e9cennies, Kenny\u00a0 fait de l\u2019art, particuli\u00e8rement le th\u00e9\u00e2tre, son principal m\u00e9tier.<\/p>\n<p style=\"text-align: justify;\">Kenny a d\u00e9but\u00e9 sa formation de th\u00e9\u00e2tre, en 2006, dans la Compagnie de Th\u00e9\u00e2tre Ayizan, fond\u00e9e en 2004 et dirig\u00e9e par le metteur en sc\u00e8ne, feu Georges Nesly, parti en 2009.\u00a0 Dans cette famille artistique, il a appris ses premi\u00e8res notions en art dramatique et en formation de l\u2019acteur bas\u00e9e sur les techniques de Constantin Stanislavski. Juste apr\u00e8s sa formation au sein de cette compagnie, en 2009, il entre au Petit Conservatoire de Daniel Marcelin o\u00f9 il apprend de nouvelles techniques. Il a suivi l\u2019ann\u00e9e suivante une formation sur le th\u00e9\u00e2tre de rue sous la direction de la Fondation Connaissance et Libert\u00e9 (FOKAL) avec les p\u00e9dagogues et metteurs en sc\u00e8ne du Th\u00e9\u00e2tre de l&#8217;Unit\u00e9, Jacques Livchine et Herv\u00e9e de Lafond.<\/p>\n<p style=\"text-align: justify;\">\u00ab\u00a0<i>Pour moi, le Th\u00e9\u00e2tre c\u2019est l\u2019une des formes d&#8217;expressions artistiques les plus vivantes, une fusion entre le corps et la parole, l\u00e0 o\u00f9 on peut tout dire, m\u00eame dans le silence, car le corps parle aussi bien et aussi fort que le verbe. C&#8217;est une mani\u00e8re de se glisser dans la peau d&#8217;un autre sans oublier sa vraie personnalit\u00e9. C&#8217;est un espace o\u00f9 on peut se sentir vivant, se sentir vrai, o\u00f9 on peut corriger, critiquer et m\u00eame faire une r\u00e9volution sans blessures, sans casses ni violences<\/i>\u00a0\u00bb, croit-il fermement. Encore selon Kenny, le th\u00e9\u00e2tre a des vertus innombrables\u00a0: <i>\u00able th\u00e9\u00e2tre m\u2019a appris la patience et que c&#8217;est un m\u00e9tier de vieux soldats, un m\u00e9tier de vieux, plus on est vieux mieux on peut s&#8217;adapter sur la sc\u00e8ne\u00a0\u00bb.<\/i><\/p>\n<p style=\"text-align: justify;\">Il faut dire aussi qu\u2019une citation de Constantin Stanislavski constitue le socle de son rapport intime avec l\u2019art\u00a0: \u00ab\u00a0<i>aimer l&#8217;art non pas vous-m\u00eame dans l&#8217;art\u00a0<\/i>\u00bb, se plait \u00e0 r\u00e9p\u00e9ter ce com\u00e9dien de talent pour qui la sc\u00e8ne est un lieu sacr\u00e9, o\u00f9 il rencontre toutes les formes de libert\u00e9, particuli\u00e8rement la libert\u00e9 d&#8217;expression. \u00ab\u00a0<i>On est libre de dire haut et fort, ce que les gens ordinaires ne disent que dans les coulisses\u00a0<\/i>\u00bb fait-il toujours croire aux jeunes com\u00e9diens qu\u2019il forme que ce soit \u00e0 Pyepoudre ou d\u2019autres espaces culturels.<\/p>\n<p>&nbsp;<\/p>\n<p><img fetchpriority=\"high\" decoding=\"async\" class=\"aligncenter wp-image-4049 size-large\" src=\"https:\/\/enlisantfestival.com\/fr\/wp-content\/uploads\/2022\/08\/Kenny-Laguerre-894x1024.jpg\" alt=\"\" width=\"894\" height=\"1024\" srcset=\"https:\/\/enlisantfestival.com\/fr\/wp-content\/uploads\/2022\/08\/Kenny-Laguerre-894x1024.jpg 894w, https:\/\/enlisantfestival.com\/fr\/wp-content\/uploads\/2022\/08\/Kenny-Laguerre-262x300.jpg 262w, https:\/\/enlisantfestival.com\/fr\/wp-content\/uploads\/2022\/08\/Kenny-Laguerre-768x880.jpg 768w, https:\/\/enlisantfestival.com\/fr\/wp-content\/uploads\/2022\/08\/Kenny-Laguerre-1341x1536.jpg 1341w, https:\/\/enlisantfestival.com\/fr\/wp-content\/uploads\/2022\/08\/Kenny-Laguerre.jpg 1788w\" sizes=\"(max-width: 894px) 100vw, 894px\" \/><\/p>\n<p style=\"text-align: justify;\"><b>Entre rap et\u00a0 litt\u00e9rature<\/b><\/p>\n<p style=\"text-align: justify;\">Avant de s\u2019adonner corps et \u00e2me au th\u00e9\u00e2tre, Kenny \u00e9tait un passionn\u00e9 du Rap. Il \u00e9crivait des textes destin\u00e9s au Rap, des \u0153uvres qui respectent les standards de la po\u00e9sie, versification, rimes, etc. Il avait particip\u00e9 dans des concours de textes et d\u2019autres concours litt\u00e9raires organis\u00e9s par son \u00e9cole. L\u2019un de ses textes d\u2019ailleurs, intitul\u00e9 \u00ab\u00a0Quelconque\u00a0\u00bb, a \u00e9t\u00e9 s\u00e9lectionn\u00e9 \u00e0 un concours-atelier organis\u00e9 par le po\u00e8te James No\u00ebl, de concert avec l\u2019Institut Fran\u00e7ais en Ha\u00efti. Malgr\u00e9 tout cela, il jugeait que le Rap ne pouvait pas exprimer assez ses sentiments. Il s\u2019est orient\u00e9 vers une autre forme d\u2019art, le th\u00e9\u00e2tre.<\/p>\n<p style=\"text-align: justify;\">Aussi, il est important de pr\u00e9ciser qu\u2019il \u00e9tait toujours attir\u00e9 par la litt\u00e9rature, \u00e0 l&#8217;\u00e9cole. Il se donnait \u00e0 la lecture, se rendait tous les apr\u00e8s-midi, apr\u00e8s les cours, \u00e0 la m\u00e9diath\u00e8que de l\u2019Institut Fran\u00e7ais en Ha\u00efti, ou encore \u00e0 la Biblioth\u00e8que Monique Calixte de la Fondation Connaissance et Libert\u00e9 (FOKAL). Il aimait lire les romans, les th\u00e9\u00e2tres et aussi la po\u00e9sie. Il affectionnait Jacques Pr\u00e9vert, Frank\u00e9tienne et les po\u00e8mes r\u00e9volutionnaires. Peu apr\u00e8s, il s\u2019est tourn\u00e9 r\u00e9solument vers le th\u00e9\u00e2tre.<\/p>\n<p style=\"text-align: justify;\"><i>\u00ab\u00a0Je voulais un espace d\u2019expression plus proche de la soci\u00e9t\u00e9. Je voulais surtout m\u2019exprimer dans la peau des sans voix, car l&#8217;atmosph\u00e8re politique ne laissait aucun cr\u00e9ateur indiff\u00e9rent. Je me suis mis \u00e0 prendre position envers les gens d\u00e9favoris\u00e9s. Le th\u00e9\u00e2tre pour moi n\u2019est pas un simple exercice, c\u2019est un canevas, un pr\u00e9texte pour r\u00e9agir face aux affronts de la conjoncture sociopolitique qui, aujourd\u2019hui encore, fait du tort \u00e0 la soci\u00e9t\u00e9. C\u2019est l\u2019envie de dire, un souci de m\u2019exprimer, un souci litt\u00e9raire qui m\u2019a pouss\u00e9 \u00e0 devenir com\u00e9dien\u00a0\u00bb,<\/i> confie Kenny, ce responsable culturel de l\u2019Association internationale de th\u00e9\u00e2tre pour jeunes (ASSITEJ-Ha\u00efti) et conseiller artistique de l\u2019organisation socio-culturelle Bouquets d\u2019Espoir.<\/p>\n<p style=\"text-align: justify;\"><b>Faire corps avec son personnage<\/b><\/p>\n<p style=\"text-align: justify;\">Qu\u2019est-ce qui existait \u00e0 ses d\u00e9buts sur la sc\u00e8ne th\u00e9\u00e2trale ha\u00eftienne\u00a0? Et voici ce que Kenny nous raconte\u00a0: \u00ab\u00a0Le courant th\u00e9\u00e2tral se rapprochait de l\u2019exhibitionnisme, du th\u00e9\u00e2tre de rue, du th\u00e9\u00e2tre-forum et du th\u00e9\u00e2tre de l\u2019absurde. Des courants aussi proches de ceux d\u2019Augusto Boal, de Samuel Beckett et d&#8217;Eug\u00e8ne Ionesco. La majorit\u00e9 des compagnies \u00e9taient plut\u00f4t des \u00e9coles qui formaient les jeunes. Il existait des compagnies exhibitionnistes comme la Troupe NOUS de Guy Regis Junior, la Compagnie Ayizan de Georges Nesly, l\u2019Atelier Le VIDE de Techlet Nicolas, la Compagnie NIF de Jean Marc Voltaire et d\u2019autres qui s\u2019orientaient, en dehors de l\u2019exhibitionnisme, vers des courants beaucoup plus diversifi\u00e9s (Vaudeville, Th\u00e9\u00e2tre de boulevard\u2026) comme le Petit Conservatoire de Daniel Marcelin, Dram\u2019Art de Rolando Etienne, COP-ART de Ernst St Rome, Actelier de Paula Clermont P\u00e9an\u2026\u00a0\u00bb<\/p>\n<p style=\"text-align: justify;\">Kenny ne fait la guerre avec personne. Il est toujours aux prises avec lui-m\u00eame et ses personnages, ses monstres sacr\u00e9s qui l\u2019affrontent et\u00a0 qui veulent trouver place en lui. Et derri\u00e8re le com\u00e9dien et le technicien, se cache un homme chaleureux et jovial, habit\u00e9 par le r\u00eave de former des jeunes afin de sauvegarder et\u00a0 p\u00e9renniser l&#8217;h\u00e9ritage du th\u00e9\u00e2tre. Sur sc\u00e8ne, selon ses propos, \u00ab\u00a0<i>il vit une toute autre r\u00e9alit\u00e9, celle dont parle Constantin Stanislavski, c\u2019est-\u00e0-dire la vie m\u00eame du personnage qu&#8217;il incarne<\/i>\u00a0\u00bb. Avec une estime d\u00e9mesur\u00e9e pour l\u2019humilit\u00e9 et ses possibilit\u00e9s, Kenny est ce personnage qui pense que sur la sc\u00e8ne le com\u00e9dien n&#8217;a qu&#8217;une vie, celle du personnage qu\u2019on incarne\u00a0: \u00ab\u00a0<i>C&#8217;est un \u00eatre \u00e0 qui on pr\u00eate son corps sur la sc\u00e8ne pour appr\u00e9hender une vie, sa vie afin de faire vivre \u00e0 chacun des spectateurs la r\u00e9alit\u00e9 de ce personnage qui est plus important que tout sur la sc\u00e8ne. On respire comme son personnage, on pense comme lui, on marche, on parle, on agit comme lui, on adopte ses m\u0153urs, ses d\u00e9fauts, ses qualit\u00e9s et m\u00eame ses tics\u00a0\u00bb<\/i>.<\/p>\n<p style=\"text-align: justify;\">Aux termes de ses exp\u00e9riences de sc\u00e8ne, ici et ailleurs, Kenny Laguerre parvient a de multiples d\u00e9finitions du th\u00e9\u00e2tre, les unes plus \u00e9l\u00e9gantes que les autres\u00a0: 1) \u00ab<i>Le th\u00e9\u00e2tre est et demeure l&#8217;une des meilleures formes d&#8217;expressions artistiques que le monde n\u2019ait jamais connue<\/i>\u00a0\u00bb\u00a0; 2) \u00ab\u00a0<i>Le th\u00e9\u00e2tre c&#8217;est le quotidien m\u00eame de l&#8217;homme, une r\u00e9alit\u00e9 ou encore un espace o\u00f9 le pass\u00e9 rencontre le pr\u00e9sent et les deux impliquent de profondes r\u00e9flexions sur l&#8217;avenir\u00a0\u00bb<\/i>\u00a0; 3) \u00ab\u00a0<i>Le th\u00e9\u00e2tre est un monde, un univers qui offre un espace, \u00e0 savoir la sc\u00e8ne, o\u00f9 la passion, la sinc\u00e9rit\u00e9, les r\u00eaves et la fraternit\u00e9 permettent de repr\u00e9senter les vrais visages des hommes, le vrai visage de la vie m\u00eame, dans ses dimensions les plus subtiles<\/i>\u00a0\u00bb\u00a0; 4) \u00ab\u00a0<i>Le th\u00e9\u00e2tre c&#8217;est l&#8217;un des seuls endroits o\u00f9 je peux exprimer ma sinc\u00e9rit\u00e9, ma g\u00e9n\u00e9rosit\u00e9 et partager avec le monde ce qui me traverse. \u00c0 travers cet espace, je peux et ose vivre une autre vie\u00a0<\/i>\u00bb.<\/p>\n<p style=\"text-align: justify;\">Carl-Henry Pierre<\/p>\n<p style=\"text-align: justify;\"><b>KENNY LAGUERRE\u00a0: PARCOURS ARTISTIQUE\u00a0<\/b><\/p>\n<p style=\"text-align: justify;\">Comme com\u00e9dien, il a jou\u00e9 dans\u00a0:<\/p>\n<ul style=\"text-align: justify;\">\n<li aria-level=\"1\">2006, M\u00e9tamorphose, extrait d\u2019un texte de Frank\u00e9tienne, mise en sc\u00e8ne par Georges Nesly, Compagnie th\u00e9\u00e2trale Ayizan.<\/li>\n<li aria-level=\"1\">\u00a02006, Adjanoumelezo de Frank\u00e9tienne, mise en sc\u00e8ne par Georges Nesly, Compagnie th\u00e9\u00e2trale Ayizan.<\/li>\n<li aria-level=\"1\">2006, Gout Lapli, \u00e9crite et mise en sc\u00e8ne par Georges Nesly, Compagnie th\u00e9\u00e2trale Ayizan<\/li>\n<li aria-level=\"1\">2007, Foukifoura, de Frank\u00e9tienne, mise en sc\u00e8ne par Georges Nesly, Compagnie th\u00e9\u00e2trale Ayizan<\/li>\n<li aria-level=\"1\">2009, La Travers\u00e9e, \u00e9crite et mise en sc\u00e8ne par Brunatch Z\u00e9phyr.<\/li>\n<li aria-level=\"1\">2006, Totolomannw\u00e8l, de Frank\u00e9tienne, mise en sc\u00e8ne par Jean-Marc Voltaire, Compagnie NIF<\/li>\n<li aria-level=\"1\">2011, Le Cri des oubli\u00e9s, \u00e9crite et mise en sc\u00e8ne par Georges Nesly, Compagnie th\u00e9\u00e2trale Ayizan,<\/li>\n<li aria-level=\"1\">2013, Twoufoban, de Frank\u00e9tienne, mise en sc\u00e8ne par Johnny Posy et Kettelonne Pamphile, Petit Conservatoire<\/li>\n<li aria-level=\"1\">2015, Sang Brides, de Ketsia Va\u00efnadine Alphonse, mise en sc\u00e8ne par MiracsonSaint-Val, Compagnie Bazou<\/li>\n<li aria-level=\"1\">2019, P\u00e8lent\u00e8t, de Frank\u00e9tienne, mise en sc\u00e8ne par Staloff Tropfort, Compagnie ADRECE<\/li>\n<li aria-level=\"1\">2019, Quelque chose au nom de J\u00e9sus, \u00e9crite et mise en sc\u00e8ne par Rolaphton Mercure, Quatre chemins.<\/li>\n<li aria-level=\"1\">2020, La Flambeau, de Faubert Bolivar, mise en sc\u00e8ne par Chelson Ermoza, Quinzaine Handicap et culture<\/li>\n<li aria-level=\"1\">\u00a02020, Reconstruction(s), de Guy R\u00e9gis Junior, mise en sc\u00e8ne par Eli\u00e9zer Gu\u00e9rism\u00e9, En Lisant, BIT-HAITI.<\/li>\n<li aria-level=\"1\">\u00a02021, Tranzit, \u00e9crire et mise en sc\u00e8ne par de Ga\u00eblle\u00a0 Bien-Aim\u00e9.<\/li>\n<\/ul>\n<p style=\"text-align: justify;\">Comme acteur, il a jou\u00e9 dans :<\/p>\n<ul style=\"text-align: justify;\">\n<li aria-level=\"1\">2021, Nap Boule, court-m\u00e9trage d\u2019Alexandrine Benjamin<\/li>\n<\/ul>\n<ul style=\"text-align: justify;\">\n<li aria-level=\"1\">2022, O N\u00c9GATIF, long m\u00e9trage \u00e9crit et r\u00e9alis\u00e9 par Ricardo Tranquillin.<\/li>\n<\/ul>\n<p style=\"text-align: justify;\">Il a pr\u00eat\u00e9 sa voix \u00e0\u00a0:<\/p>\n<ul style=\"text-align: justify;\">\n<li style=\"list-style-type: none;\">\n<ul>\n<li aria-level=\"1\">2016, TIM TIM, feuilleton radiophonique produit par BLOOM S.A sous la direction de Christina Gu\u00e9rin.<\/li>\n<\/ul>\n<\/li>\n<\/ul>\n<ul style=\"text-align: justify;\">\n<li aria-level=\"1\">2016-2017,\u00ab\u00a0Zoukoutap\u00a0\u00bb, feuilleton radiophonique\u00a0 produit par BLOOM S.A sous la direction de Christina Gu\u00e9rin.<\/li>\n<\/ul>\n<ul style=\"text-align: justify;\">\n<li aria-level=\"1\">2021,\u00ab\u00a0Tetelestay\u00a0\u00bb,\u00a0 feuilleton radiophonique adapt\u00e9 par Amos C\u00e9sar.<\/li>\n<\/ul>\n<p>[\/vc_column_text][\/vc_column][\/vc_row]<\/p>\n<\/div>","protected":false},"excerpt":{"rendered":"<p>\u00ab C&#8217;est un \u00eatre \u00e0 qui on pr\u00eate son corps sur la sc\u00e8ne pour appr\u00e9hender une vie, sa vie afin de faire vivre \u00e0 chacun des spectateurs la r\u00e9alit\u00e9 de ce personnage qui est plus important que tout sur la sc\u00e8ne. On respire comme son personnage, on pense comme lui, on marche, on parle, on agit comme lui, on adopte ses m\u0153urs, ses d\u00e9fauts, ses qualit\u00e9s et m\u00eame ses tics \u00bb.<\/p>\n","protected":false},"author":1,"featured_media":4048,"comment_status":"open","ping_status":"open","sticky":false,"template":"","format":"standard","meta":{"_FSMCFIC_featured_image_caption":"","_FSMCFIC_featured_image_nocaption":"","_FSMCFIC_featured_image_hide":"","footnotes":""},"categories":[98,104],"tags":[],"class_list":["post-4047","post","type-post","status-publish","format-standard","has-post-thumbnail","hentry","category-galerie-des-portraits","category-le-journal-d-en-lisant"],"yoast_head":"<!-- This site is optimized with the Yoast SEO plugin v27.0 - https:\/\/yoast.com\/product\/yoast-seo-wordpress\/ -->\n<title>Kenny Laguerre: &quot;le Th\u00e9\u00e2tre comme principal metier&quot; - En Lisant festival de th\u00e9\u00e2tre<\/title>\n<meta name=\"robots\" content=\"index, follow, max-snippet:-1, max-image-preview:large, max-video-preview:-1\" \/>\n<link rel=\"canonical\" href=\"https:\/\/enlisantfestival.com\/fr\/kenny-laguerre-le-theatre-comme-principal-metier\/\" \/>\n<meta property=\"og:locale\" content=\"fr_FR\" \/>\n<meta property=\"og:type\" content=\"article\" \/>\n<meta property=\"og:title\" content=\"Kenny Laguerre: &quot;le Th\u00e9\u00e2tre comme principal metier&quot; - En Lisant festival de th\u00e9\u00e2tre\" \/>\n<meta property=\"og:description\" content=\"\u00ab C&#039;est un \u00eatre \u00e0 qui on pr\u00eate son corps sur la sc\u00e8ne pour appr\u00e9hender une vie, sa vie afin de faire vivre \u00e0 chacun des spectateurs la r\u00e9alit\u00e9 de ce personnage qui est plus important que tout sur la sc\u00e8ne. On respire comme son personnage, on pense comme lui, on marche, on parle, on agit comme lui, on adopte ses m\u0153urs, ses d\u00e9fauts, ses qualit\u00e9s et m\u00eame ses tics \u00bb.\" \/>\n<meta property=\"og:url\" content=\"https:\/\/enlisantfestival.com\/fr\/kenny-laguerre-le-theatre-comme-principal-metier\/\" \/>\n<meta property=\"og:site_name\" content=\"En Lisant festival de th\u00e9\u00e2tre\" \/>\n<meta property=\"article:published_time\" content=\"2022-08-30T14:24:13+00:00\" \/>\n<meta property=\"article:modified_time\" content=\"2022-09-06T17:44:25+00:00\" \/>\n<meta property=\"og:image\" content=\"https:\/\/enlisantfestival.com\/fr\/wp-content\/uploads\/2022\/08\/Kenny-Laguerre-2.jpg\" \/>\n\t<meta property=\"og:image:width\" content=\"1000\" \/>\n\t<meta property=\"og:image:height\" content=\"667\" \/>\n\t<meta property=\"og:image:type\" content=\"image\/jpeg\" \/>\n<meta name=\"author\" content=\"lionel\" \/>\n<meta name=\"twitter:card\" content=\"summary_large_image\" \/>\n<meta name=\"twitter:label1\" content=\"\u00c9crit par\" \/>\n\t<meta name=\"twitter:data1\" content=\"lionel\" \/>\n\t<meta name=\"twitter:label2\" content=\"Dur\u00e9e de lecture estim\u00e9e\" \/>\n\t<meta name=\"twitter:data2\" content=\"8 minutes\" \/>\n<script type=\"application\/ld+json\" class=\"yoast-schema-graph\">{\"@context\":\"https:\/\/schema.org\",\"@graph\":[{\"@type\":\"Article\",\"@id\":\"https:\/\/enlisantfestival.com\/fr\/kenny-laguerre-le-theatre-comme-principal-metier\/#article\",\"isPartOf\":{\"@id\":\"https:\/\/enlisantfestival.com\/fr\/kenny-laguerre-le-theatre-comme-principal-metier\/\"},\"author\":{\"name\":\"lionel\",\"@id\":\"https:\/\/enlisantfestival.com\/fr\/#\/schema\/person\/87e9b7267113e8db5ef729658a5440e4\"},\"headline\":\"Kenny Laguerre: &#8220;le Th\u00e9\u00e2tre comme principal metier&#8221;\",\"datePublished\":\"2022-08-30T14:24:13+00:00\",\"dateModified\":\"2022-09-06T17:44:25+00:00\",\"mainEntityOfPage\":{\"@id\":\"https:\/\/enlisantfestival.com\/fr\/kenny-laguerre-le-theatre-comme-principal-metier\/\"},\"wordCount\":1668,\"commentCount\":0,\"publisher\":{\"@id\":\"https:\/\/enlisantfestival.com\/fr\/#organization\"},\"image\":{\"@id\":\"https:\/\/enlisantfestival.com\/fr\/kenny-laguerre-le-theatre-comme-principal-metier\/#primaryimage\"},\"thumbnailUrl\":\"https:\/\/enlisantfestival.com\/fr\/wp-content\/uploads\/2022\/08\/Kenny-Laguerre-2.jpg\",\"articleSection\":[\"Galerie des Portraits\",\"Le journal d'En Lisant\"],\"inLanguage\":\"fr-FR\",\"potentialAction\":[{\"@type\":\"CommentAction\",\"name\":\"Comment\",\"target\":[\"https:\/\/enlisantfestival.com\/fr\/kenny-laguerre-le-theatre-comme-principal-metier\/#respond\"]}]},{\"@type\":\"WebPage\",\"@id\":\"https:\/\/enlisantfestival.com\/fr\/kenny-laguerre-le-theatre-comme-principal-metier\/\",\"url\":\"https:\/\/enlisantfestival.com\/fr\/kenny-laguerre-le-theatre-comme-principal-metier\/\",\"name\":\"Kenny Laguerre: \\\"le Th\u00e9\u00e2tre comme principal metier\\\" - En Lisant festival de th\u00e9\u00e2tre\",\"isPartOf\":{\"@id\":\"https:\/\/enlisantfestival.com\/fr\/#website\"},\"primaryImageOfPage\":{\"@id\":\"https:\/\/enlisantfestival.com\/fr\/kenny-laguerre-le-theatre-comme-principal-metier\/#primaryimage\"},\"image\":{\"@id\":\"https:\/\/enlisantfestival.com\/fr\/kenny-laguerre-le-theatre-comme-principal-metier\/#primaryimage\"},\"thumbnailUrl\":\"https:\/\/enlisantfestival.com\/fr\/wp-content\/uploads\/2022\/08\/Kenny-Laguerre-2.jpg\",\"datePublished\":\"2022-08-30T14:24:13+00:00\",\"dateModified\":\"2022-09-06T17:44:25+00:00\",\"breadcrumb\":{\"@id\":\"https:\/\/enlisantfestival.com\/fr\/kenny-laguerre-le-theatre-comme-principal-metier\/#breadcrumb\"},\"inLanguage\":\"fr-FR\",\"potentialAction\":[{\"@type\":\"ReadAction\",\"target\":[\"https:\/\/enlisantfestival.com\/fr\/kenny-laguerre-le-theatre-comme-principal-metier\/\"]}]},{\"@type\":\"ImageObject\",\"inLanguage\":\"fr-FR\",\"@id\":\"https:\/\/enlisantfestival.com\/fr\/kenny-laguerre-le-theatre-comme-principal-metier\/#primaryimage\",\"url\":\"https:\/\/enlisantfestival.com\/fr\/wp-content\/uploads\/2022\/08\/Kenny-Laguerre-2.jpg\",\"contentUrl\":\"https:\/\/enlisantfestival.com\/fr\/wp-content\/uploads\/2022\/08\/Kenny-Laguerre-2.jpg\",\"width\":1000,\"height\":667},{\"@type\":\"BreadcrumbList\",\"@id\":\"https:\/\/enlisantfestival.com\/fr\/kenny-laguerre-le-theatre-comme-principal-metier\/#breadcrumb\",\"itemListElement\":[{\"@type\":\"ListItem\",\"position\":1,\"name\":\"Accueil\",\"item\":\"https:\/\/enlisantfestival.com\/fr\/\"},{\"@type\":\"ListItem\",\"position\":2,\"name\":\"Kenny Laguerre: &#8220;le Th\u00e9\u00e2tre comme principal metier&#8221;\"}]},{\"@type\":\"WebSite\",\"@id\":\"https:\/\/enlisantfestival.com\/fr\/#website\",\"url\":\"https:\/\/enlisantfestival.com\/fr\/\",\"name\":\"En Lisant festival de th\u00e9\u00e2tre\",\"description\":\"\",\"publisher\":{\"@id\":\"https:\/\/enlisantfestival.com\/fr\/#organization\"},\"potentialAction\":[{\"@type\":\"SearchAction\",\"target\":{\"@type\":\"EntryPoint\",\"urlTemplate\":\"https:\/\/enlisantfestival.com\/fr\/?s={search_term_string}\"},\"query-input\":{\"@type\":\"PropertyValueSpecification\",\"valueRequired\":true,\"valueName\":\"search_term_string\"}}],\"inLanguage\":\"fr-FR\"},{\"@type\":\"Organization\",\"@id\":\"https:\/\/enlisantfestival.com\/fr\/#organization\",\"name\":\"En Lisant festival de th\u00e9\u00e2tre\",\"url\":\"https:\/\/enlisantfestival.com\/fr\/\",\"logo\":{\"@type\":\"ImageObject\",\"inLanguage\":\"fr-FR\",\"@id\":\"https:\/\/enlisantfestival.com\/fr\/#\/schema\/logo\/image\/\",\"url\":\"https:\/\/enlisantfestival.com\/fr\/wp-content\/uploads\/2020\/09\/en-lisant-logo.png\",\"contentUrl\":\"https:\/\/enlisantfestival.com\/fr\/wp-content\/uploads\/2020\/09\/en-lisant-logo.png\",\"width\":600,\"height\":343,\"caption\":\"En Lisant festival de th\u00e9\u00e2tre\"},\"image\":{\"@id\":\"https:\/\/enlisantfestival.com\/fr\/#\/schema\/logo\/image\/\"}},{\"@type\":\"Person\",\"@id\":\"https:\/\/enlisantfestival.com\/fr\/#\/schema\/person\/87e9b7267113e8db5ef729658a5440e4\",\"name\":\"lionel\",\"image\":{\"@type\":\"ImageObject\",\"inLanguage\":\"fr-FR\",\"@id\":\"https:\/\/enlisantfestival.com\/fr\/#\/schema\/person\/image\/\",\"url\":\"https:\/\/secure.gravatar.com\/avatar\/0361bef51de40b6b2e5c0d693a6d8f9c483d0ca194576592d0168a26c347ce45?s=96&d=mm&r=g\",\"contentUrl\":\"https:\/\/secure.gravatar.com\/avatar\/0361bef51de40b6b2e5c0d693a6d8f9c483d0ca194576592d0168a26c347ce45?s=96&d=mm&r=g\",\"caption\":\"lionel\"},\"url\":\"https:\/\/enlisantfestival.com\/fr\/author\/lionel\/\"}]}<\/script>\n<!-- \/ Yoast SEO plugin. -->","yoast_head_json":{"title":"Kenny Laguerre: \"le Th\u00e9\u00e2tre comme principal metier\" - En Lisant festival de th\u00e9\u00e2tre","robots":{"index":"index","follow":"follow","max-snippet":"max-snippet:-1","max-image-preview":"max-image-preview:large","max-video-preview":"max-video-preview:-1"},"canonical":"https:\/\/enlisantfestival.com\/fr\/kenny-laguerre-le-theatre-comme-principal-metier\/","og_locale":"fr_FR","og_type":"article","og_title":"Kenny Laguerre: \"le Th\u00e9\u00e2tre comme principal metier\" - En Lisant festival de th\u00e9\u00e2tre","og_description":"\u00ab C'est un \u00eatre \u00e0 qui on pr\u00eate son corps sur la sc\u00e8ne pour appr\u00e9hender une vie, sa vie afin de faire vivre \u00e0 chacun des spectateurs la r\u00e9alit\u00e9 de ce personnage qui est plus important que tout sur la sc\u00e8ne. On respire comme son personnage, on pense comme lui, on marche, on parle, on agit comme lui, on adopte ses m\u0153urs, ses d\u00e9fauts, ses qualit\u00e9s et m\u00eame ses tics \u00bb.","og_url":"https:\/\/enlisantfestival.com\/fr\/kenny-laguerre-le-theatre-comme-principal-metier\/","og_site_name":"En Lisant festival de th\u00e9\u00e2tre","article_published_time":"2022-08-30T14:24:13+00:00","article_modified_time":"2022-09-06T17:44:25+00:00","og_image":[{"width":1000,"height":667,"url":"https:\/\/enlisantfestival.com\/fr\/wp-content\/uploads\/2022\/08\/Kenny-Laguerre-2.jpg","type":"image\/jpeg"}],"author":"lionel","twitter_card":"summary_large_image","twitter_misc":{"\u00c9crit par":"lionel","Dur\u00e9e de lecture estim\u00e9e":"8 minutes"},"schema":{"@context":"https:\/\/schema.org","@graph":[{"@type":"Article","@id":"https:\/\/enlisantfestival.com\/fr\/kenny-laguerre-le-theatre-comme-principal-metier\/#article","isPartOf":{"@id":"https:\/\/enlisantfestival.com\/fr\/kenny-laguerre-le-theatre-comme-principal-metier\/"},"author":{"name":"lionel","@id":"https:\/\/enlisantfestival.com\/fr\/#\/schema\/person\/87e9b7267113e8db5ef729658a5440e4"},"headline":"Kenny Laguerre: &#8220;le Th\u00e9\u00e2tre comme principal metier&#8221;","datePublished":"2022-08-30T14:24:13+00:00","dateModified":"2022-09-06T17:44:25+00:00","mainEntityOfPage":{"@id":"https:\/\/enlisantfestival.com\/fr\/kenny-laguerre-le-theatre-comme-principal-metier\/"},"wordCount":1668,"commentCount":0,"publisher":{"@id":"https:\/\/enlisantfestival.com\/fr\/#organization"},"image":{"@id":"https:\/\/enlisantfestival.com\/fr\/kenny-laguerre-le-theatre-comme-principal-metier\/#primaryimage"},"thumbnailUrl":"https:\/\/enlisantfestival.com\/fr\/wp-content\/uploads\/2022\/08\/Kenny-Laguerre-2.jpg","articleSection":["Galerie des Portraits","Le journal d'En Lisant"],"inLanguage":"fr-FR","potentialAction":[{"@type":"CommentAction","name":"Comment","target":["https:\/\/enlisantfestival.com\/fr\/kenny-laguerre-le-theatre-comme-principal-metier\/#respond"]}]},{"@type":"WebPage","@id":"https:\/\/enlisantfestival.com\/fr\/kenny-laguerre-le-theatre-comme-principal-metier\/","url":"https:\/\/enlisantfestival.com\/fr\/kenny-laguerre-le-theatre-comme-principal-metier\/","name":"Kenny Laguerre: \"le Th\u00e9\u00e2tre comme principal metier\" - En Lisant festival de th\u00e9\u00e2tre","isPartOf":{"@id":"https:\/\/enlisantfestival.com\/fr\/#website"},"primaryImageOfPage":{"@id":"https:\/\/enlisantfestival.com\/fr\/kenny-laguerre-le-theatre-comme-principal-metier\/#primaryimage"},"image":{"@id":"https:\/\/enlisantfestival.com\/fr\/kenny-laguerre-le-theatre-comme-principal-metier\/#primaryimage"},"thumbnailUrl":"https:\/\/enlisantfestival.com\/fr\/wp-content\/uploads\/2022\/08\/Kenny-Laguerre-2.jpg","datePublished":"2022-08-30T14:24:13+00:00","dateModified":"2022-09-06T17:44:25+00:00","breadcrumb":{"@id":"https:\/\/enlisantfestival.com\/fr\/kenny-laguerre-le-theatre-comme-principal-metier\/#breadcrumb"},"inLanguage":"fr-FR","potentialAction":[{"@type":"ReadAction","target":["https:\/\/enlisantfestival.com\/fr\/kenny-laguerre-le-theatre-comme-principal-metier\/"]}]},{"@type":"ImageObject","inLanguage":"fr-FR","@id":"https:\/\/enlisantfestival.com\/fr\/kenny-laguerre-le-theatre-comme-principal-metier\/#primaryimage","url":"https:\/\/enlisantfestival.com\/fr\/wp-content\/uploads\/2022\/08\/Kenny-Laguerre-2.jpg","contentUrl":"https:\/\/enlisantfestival.com\/fr\/wp-content\/uploads\/2022\/08\/Kenny-Laguerre-2.jpg","width":1000,"height":667},{"@type":"BreadcrumbList","@id":"https:\/\/enlisantfestival.com\/fr\/kenny-laguerre-le-theatre-comme-principal-metier\/#breadcrumb","itemListElement":[{"@type":"ListItem","position":1,"name":"Accueil","item":"https:\/\/enlisantfestival.com\/fr\/"},{"@type":"ListItem","position":2,"name":"Kenny Laguerre: &#8220;le Th\u00e9\u00e2tre comme principal metier&#8221;"}]},{"@type":"WebSite","@id":"https:\/\/enlisantfestival.com\/fr\/#website","url":"https:\/\/enlisantfestival.com\/fr\/","name":"En Lisant festival de th\u00e9\u00e2tre","description":"","publisher":{"@id":"https:\/\/enlisantfestival.com\/fr\/#organization"},"potentialAction":[{"@type":"SearchAction","target":{"@type":"EntryPoint","urlTemplate":"https:\/\/enlisantfestival.com\/fr\/?s={search_term_string}"},"query-input":{"@type":"PropertyValueSpecification","valueRequired":true,"valueName":"search_term_string"}}],"inLanguage":"fr-FR"},{"@type":"Organization","@id":"https:\/\/enlisantfestival.com\/fr\/#organization","name":"En Lisant festival de th\u00e9\u00e2tre","url":"https:\/\/enlisantfestival.com\/fr\/","logo":{"@type":"ImageObject","inLanguage":"fr-FR","@id":"https:\/\/enlisantfestival.com\/fr\/#\/schema\/logo\/image\/","url":"https:\/\/enlisantfestival.com\/fr\/wp-content\/uploads\/2020\/09\/en-lisant-logo.png","contentUrl":"https:\/\/enlisantfestival.com\/fr\/wp-content\/uploads\/2020\/09\/en-lisant-logo.png","width":600,"height":343,"caption":"En Lisant festival de th\u00e9\u00e2tre"},"image":{"@id":"https:\/\/enlisantfestival.com\/fr\/#\/schema\/logo\/image\/"}},{"@type":"Person","@id":"https:\/\/enlisantfestival.com\/fr\/#\/schema\/person\/87e9b7267113e8db5ef729658a5440e4","name":"lionel","image":{"@type":"ImageObject","inLanguage":"fr-FR","@id":"https:\/\/enlisantfestival.com\/fr\/#\/schema\/person\/image\/","url":"https:\/\/secure.gravatar.com\/avatar\/0361bef51de40b6b2e5c0d693a6d8f9c483d0ca194576592d0168a26c347ce45?s=96&d=mm&r=g","contentUrl":"https:\/\/secure.gravatar.com\/avatar\/0361bef51de40b6b2e5c0d693a6d8f9c483d0ca194576592d0168a26c347ce45?s=96&d=mm&r=g","caption":"lionel"},"url":"https:\/\/enlisantfestival.com\/fr\/author\/lionel\/"}]}},"_links":{"self":[{"href":"https:\/\/enlisantfestival.com\/fr\/wp-json\/wp\/v2\/posts\/4047","targetHints":{"allow":["GET"]}}],"collection":[{"href":"https:\/\/enlisantfestival.com\/fr\/wp-json\/wp\/v2\/posts"}],"about":[{"href":"https:\/\/enlisantfestival.com\/fr\/wp-json\/wp\/v2\/types\/post"}],"author":[{"embeddable":true,"href":"https:\/\/enlisantfestival.com\/fr\/wp-json\/wp\/v2\/users\/1"}],"replies":[{"embeddable":true,"href":"https:\/\/enlisantfestival.com\/fr\/wp-json\/wp\/v2\/comments?post=4047"}],"version-history":[{"count":3,"href":"https:\/\/enlisantfestival.com\/fr\/wp-json\/wp\/v2\/posts\/4047\/revisions"}],"predecessor-version":[{"id":4053,"href":"https:\/\/enlisantfestival.com\/fr\/wp-json\/wp\/v2\/posts\/4047\/revisions\/4053"}],"wp:featuredmedia":[{"embeddable":true,"href":"https:\/\/enlisantfestival.com\/fr\/wp-json\/wp\/v2\/media\/4048"}],"wp:attachment":[{"href":"https:\/\/enlisantfestival.com\/fr\/wp-json\/wp\/v2\/media?parent=4047"}],"wp:term":[{"taxonomy":"category","embeddable":true,"href":"https:\/\/enlisantfestival.com\/fr\/wp-json\/wp\/v2\/categories?post=4047"},{"taxonomy":"post_tag","embeddable":true,"href":"https:\/\/enlisantfestival.com\/fr\/wp-json\/wp\/v2\/tags?post=4047"}],"curies":[{"name":"wp","href":"https:\/\/api.w.org\/{rel}","templated":true}]}}