{"id":4083,"date":"2022-10-25T17:20:59","date_gmt":"2022-10-25T15:20:59","guid":{"rendered":"https:\/\/enlisantfestival.com\/fr\/?p=4083"},"modified":"2022-10-25T17:20:59","modified_gmt":"2022-10-25T15:20:59","slug":"chelson-ermoza-est-donne-au-theatre-comme-au-sacrifice-dun-dieu","status":"publish","type":"post","link":"https:\/\/enlisantfestival.com\/fr\/chelson-ermoza-est-donne-au-theatre-comme-au-sacrifice-dun-dieu\/","title":{"rendered":"Chelson Ermoza est donn\u00e9 au th\u00e9\u00e2tre comme au sacrifice d\u2019un dieu"},"content":{"rendered":"<p style=\"text-align: justify;\">Chelson Ermoza est com\u00e9dien de profession. Il est aussi conteur et po\u00e8te. Depuis bient\u00f4t deux d\u00e9cennies, cet homme qui est n\u00e9 le 2 novembre 1982 \u00e0 Port-au-Prince, jour de la f\u00eate des morts, est donn\u00e9 au th\u00e9\u00e2tre comme on est donn\u00e9, dans certaines mythologies, au sacrifice d\u2019un dieu.<\/p>\n<p style=\"text-align: justify;\">\n<p style=\"text-align: justify;\">Il est sans conteste l\u2019un des com\u00e9diens les plus actifs de la sc\u00e8ne th\u00e9\u00e2trale ha\u00eftienne.<\/p>\n<p style=\"text-align: justify;\"><strong>\u00a0<\/strong><\/p>\n<p style=\"text-align: justify;\"><strong>1999\u00a0: entre po\u00e9sie et amiti\u00e9s<\/strong><\/p>\n<p style=\"text-align: justify;\">Tout a commenc\u00e9 par la po\u00e9sie vers la fin de l\u2019ann\u00e9e 1999 \u00e0 l&#8217;\u00e9glise Assembl\u00e9e Chr\u00e9tienne par la foi \u00e0 Martissant 17.Cette \u00e9poque repr\u00e9sente pour Chelson Ermoza un temps originel o\u00f9 son sang vibrait au rythme de milles et une chose.<\/p>\n<p style=\"text-align: justify;\">\n<p style=\"text-align: justify;\">\u00ab\u00a0Il y avait pour ma part, en ce temps l\u00e0, tant de belles choses qui constituaient les valeurs de l&#8217;\u00e9poque. C&#8217;\u00e9tait le temps merveilleux des acrostiches, o\u00f9 les rendez-vous des week-ends \u00e9taient partag\u00e9s de club litt\u00e9raire en club litt\u00e9raire. Les 3 heures des apr\u00e8s-midis du dimanche des \u00e9glises \u00e9taient des rendez-vous culturels o\u00f9 l&#8217;on croisait des talents de toutes sortes. C\u2019\u00e9tait aussi le temps o\u00f9 l&#8217;on offrait des arlequins aux filles en se servant parfois du titre, d&#8217;une belle phrase ou d&#8217;un extrait du texte comme pr\u00e9texte pour avouer ses sentiments. Le temps des jeux de correspondance et tant d&#8217;autres initiatives ayant rapport aux choses de l&#8217;esprit qui se d\u00e9roulaient dans les avenues de Bolosse, les quartiers de Martissant, de Fontamara, de Carrefour et Carrefour-Feuilles, pour ne citer que ceux l\u00e0\u00a0\u00bb a-t-il relat\u00e9 pour d\u2019entr\u00e9e de jeu.<\/p>\n<p style=\"text-align: justify;\">\n<p style=\"text-align: justify;\">Il a crois\u00e9 la route de la po\u00e9sie un dimanche. Evidemment, c\u2019est ce qui s\u2019appelle le <em>dimanche de la vie<\/em>, o\u00f9 les choses les plus g\u00e9niales nous arrivent \u00e0 un moment o\u00f9 l\u2019on ne s\u2019y attendait le moins\u00a0: \u00ab\u00a0J&#8217;avais 17 ans quand j&#8217;ai quitt\u00e9 Cit\u00e9 Soleil o\u00f9 j&#8217;ai v\u00e9cu presque toute mon enfance pour rejoindre ma m\u00e8re \u00e0 5eme avenue Bolosse. Un dimanche matin, sur l&#8217;invitation d&#8217;un ami, je suis all\u00e9 \u00e0 \u00e9glise Assembl\u00e9e Chr\u00e9tienne par la Foi o\u00f9 j&#8217;allais rencontrer des jeunes qui m&#8217;avaient invit\u00e9 \u00e0 participer dans un club litt\u00e9raire d\u00e9nomm\u00e9 ACCES. C&#8217;est \u00e0 partir de cette invitation qu&#8217;une voie m&#8217;\u00e9tait tout de suite trac\u00e9e m\u2019emmenant vers la po\u00e9sie\u00a0\u00bb, a t-il r\u00e9v\u00e9l\u00e9 dans son l\u2019\u00e9loge de ce temps marqu\u00e9, entre autres, par un d\u00e9sir br\u00fblant de faire une place convenable au soleil.<\/p>\n<p style=\"text-align: justify;\">\n<p style=\"text-align: justify;\">Apr\u00e8s sa d\u00e9couverte de la po\u00e9sie, \u00e9tait-il imm\u00e9diatement ami avec des personnages de papier en qu\u00eate de com\u00e9diens\u00a0?\u00a0 Non\u00a0! Il \u00e9tait diseur amateur, \u00e0 ses d\u00e9buts\u00a0: \u00ab\u00a0Entre curiosit\u00e9 et insatisfaction de soi, je pars en qu\u00eate d&#8217;autres aventures, et mes pas ont \u00e9t\u00e9 b\u00e9nis par la rencontre de Bonel Auguste, Rolando Etienne, Billy Midi et Scheinder Laurent \u00e0 la Biblioth\u00e8que Etoile Filante a Fontamara. Je rends gr\u00e2ce \u00e0 ma rencontre, \u00e0 Carrefour-Feuille, dans les ann\u00e9es 2000, des compagnons comme Johny Z\u00e9phirin , Nelio Joseph et Billy Elucien avec qui je fonde \u00e9galement Foudiz\u00e8 Th\u00e9\u00e2tre\u00a0\u00bb a-t-il confi\u00e9, \u00e9num\u00e9rant au passage des formations en Art dramatique qu\u2019il a suivies avec Ducarmel Joseph au Coll\u00e8ge de l&#8217;\u00c9toile avec la troupe Cosc\u00e8ne et d\u2019autres, avec Daniel Marcelin, au Petit conservatoire o\u00f9 il \u00e9tait \u00e9tudiant, avec Ricardo Lef\u00e8vre et Ralph Civil au Th\u00e9\u00e2tre National d\u2019Ha\u00efti. Il a eu l\u2019occasion de suivre des ateliers avec des metteurs en sc\u00e8ne \u00e9trangers tels que Jean Ren\u00e9 Lemoine, Eva Doumbia et Jacques Livchine ainsi qu\u2019Herv\u00e9e De Lafond du Th\u00e9\u00e2tre de l&#8217;unit\u00e9, pour les spectacles de rue en 2011, ce qui va occasionner la cr\u00e9ation de la structure Bit-Ha\u00efti.<\/p>\n<p>&nbsp;<\/p>\n<p style=\"text-align: justify;\"><img fetchpriority=\"high\" decoding=\"async\" class=\"alignnone wp-image-4085 size-full\" src=\"https:\/\/enlisantfestival.com\/fr\/wp-content\/uploads\/2022\/10\/IMG-8369.jpg\" alt=\"\" width=\"1000\" height=\"667\" srcset=\"https:\/\/enlisantfestival.com\/fr\/wp-content\/uploads\/2022\/10\/IMG-8369.jpg 1000w, https:\/\/enlisantfestival.com\/fr\/wp-content\/uploads\/2022\/10\/IMG-8369-300x200.jpg 300w, https:\/\/enlisantfestival.com\/fr\/wp-content\/uploads\/2022\/10\/IMG-8369-768x512.jpg 768w\" sizes=\"(max-width: 1000px) 100vw, 1000px\" \/><\/p>\n<p style=\"text-align: justify;\"><strong>2008\u00a0: th\u00e9\u00e2tre et autres plaisirs<\/strong><\/p>\n<p style=\"text-align: justify;\">\n<p style=\"text-align: justify;\">Mais, qu\u2019est-ce que le th\u00e9\u00e2tre repr\u00e9sente dans la vie d\u2019Ermoza? Une chose \u00e9norme. \u00ab\u00a0\u00a0Le th\u00e9\u00e2tre occupe une grande partie dans ma vie, la majorit\u00e9 de mes activit\u00e9s tournent autour de la sc\u00e8ne. Mes plus grandes et plus belles exp\u00e9riences ainsi que mes r\u00e9alisations sont l&#8217;\u0153uvre de mes rapports avec la sc\u00e8ne. En dehors de ma vie professionnelle, le th\u00e9\u00e2tre m&#8217;a aussi permis de mieux comprendre mon quotidien, les gens qui m&#8217;entourent, d&#8217;\u00eatre \u00e0 l&#8217;\u00e9coute de l&#8217;autre et d&#8217;habiter l&#8217;existence. Le th\u00e9\u00e2tre participe grandement dans ma construction en tant qu&#8217;individu social et fait de moi une voix, une pr\u00e9sence repr\u00e9sentative dans la soci\u00e9t\u00e9 o\u00f9 j&#8217;\u00e9volue. Il me permet d&#8217;affirmer ce que je suis, ma vision du monde ainsi que ma position du point de vue id\u00e9ologique\u00a0\u00bb.<\/p>\n<p style=\"text-align: justify;\">\n<p style=\"text-align: justify;\">Alors, c\u2019\u00e9tait donc quoi le \u00a0grand cataclysme\u00a0?\u00a0 \u00ab\u00a0L&#8217;\u00e9v\u00e9nement d\u00e9clencheur a \u00e9t\u00e9 la repr\u00e9sentation de Senjan \u00e0 la Fokal. Senjan est un conte en cr\u00e9ole \u00e9crit par F\u00e9lix Morisseau Leroy. La mise en sc\u00e8ne \u00e0 \u00e9t\u00e9 faite par Billy Elucien, dans le cadre du Festival Liv ak Lang krey\u00f2l organis\u00e9 par le Petit Lectorat en 2008\u00a0\u00bb a-t-il expliqu\u00e9. Il n\u2019a pas cess\u00e9 de dire qu\u2019il a eu la chance ou bien l&#8217;heureux privil\u00e8ge de travailler sur des cr\u00e9ations avec des metteurs en sc\u00e8ne formidables.<\/p>\n<p style=\"text-align: justify;\">\n<p style=\"text-align: justify;\"><strong>Heureuses mises en sc\u00e8ne\u00a0!<\/strong><\/p>\n<p style=\"text-align: justify;\"><strong>\u00a0<\/strong><\/p>\n<p style=\"text-align: justify;\">\u00ab\u00a0Pour les mises en sc\u00e8ne qui m&#8217;ont beaucoup marqu\u00e9, je peux citer : La fuite, pi\u00e8ce de Gao Xingjan, <em>Anat\u00f2l<\/em> de F\u00e9lix Morisseau Leroy et Temps mort de Michel-Philippe Lerebours cr\u00e9\u00e9s par Billy Elucien au festival quatre chemins et au festival de th\u00e9\u00e2tre et des arts de la sc\u00e8ne En Lisant.Les propositions d&#8217;Eliezer Guerism\u00e9 dans Kafou Twakwa de Faubert Bolivar et dans Tabataba de Bernard-Marie Kolt\u00e8s avec la Bit-Ha\u00efti au festival 4 chemins m&#8217;ont retenu l&#8217;attention pendant longtemps\u00a0\u00bb a affirm\u00e9 Chelson, ne cachant une seconde son attachement \u00e0 \u00ab Bour\u00e8tlanmou\u00a0\u00bb et D\u00eener en blanc, mises en sc\u00e8ne collective avec Bit-Ha\u00efti.<\/p>\n<p style=\"text-align: justify;\">\n<p style=\"text-align: justify;\">\u00ab\u00a0Je me souviendrai toujours de cette belle exp\u00e9rience autour du corps, de l&#8217;esprit et du symbolisme avec France Medeley Guillou avec Zuwena un texte de Darline Gilles. Et pour le moment, la liste vient tout juste d&#8217;augmenter avec Kalibofobo de Franketienne. Pour le succ\u00e8s aupr\u00e8s du public, je ne pense pas que c&#8217;est quelque chose que je puisse vraiment certifier ou quantifier ; mais je crois que les spectacles avec Billy Elucien et Bour\u00e8t Lanmou ont eu plus de succ\u00e8s aupr\u00e8s du grand public\u00a0\u00bb a-t-il d\u00e9voil\u00e9, sans mentionner les textes qu\u2019il a lui-m\u00eame mis en sc\u00e8ne.<\/p>\n<p style=\"text-align: justify;\">\n<p style=\"text-align: justify;\">Et si par humilit\u00e9 Chelson Ermoza parle rarement de lui comme metteur en sc\u00e8ne, mais le grand public le sait. Il a \u00e9norm\u00e9ment mis d\u2019autres com\u00e9diens en sc\u00e8ne comme si jouer, pour lui, ne suffisait pas et qu\u2019il fallait, \u00e0 un moment donn\u00e9 de l\u2019histoire, traverser de l\u2019autre c\u00f4t\u00e9 du miroir.<\/p>\n<p style=\"text-align: justify;\">\n<p style=\"text-align: justify;\">C\u2019est cela l\u2019histoire de beaucoup de com\u00e9diens du monde entier\u00a0: ils finissent presque tous dramaturges ou metteurs en sc\u00e8ne. \u00a0C\u2019est logique. Apres avoir lu toutes les pi\u00e8ces du monde, mont\u00e9, analys\u00e9, critiqu\u00e9, on finit par rentrer dans le secret de cet art et d\u00e9sire ses concours, sa circonf\u00e9rence. Bref, \u00e0 force de lire et de mettre en sc\u00e8ne, on se croit capable de faire mieux que beaucoup d\u2019auteurs dont on a repr\u00e9sent\u00e9 les pi\u00e8ces. \u00a0Ou bien, on finit \u00a0par \u00e9crire\u00a0le chuchotement des personnages des pi\u00e8ces qu\u2019on a mises en sc\u00e8ne et tant t\u2019autres personnages int\u00e9rieurs et ceux de la quotidiennet\u00e9.\u00a0 Dans l\u2019\u00e9mergence de ce nouveau d\u00e9fit chez les com\u00e9diens, celui d\u2019auteurs ou de metteurs en sc\u00e8ne, transparait un d\u00e9sir d\u2019embrasser le th\u00e9\u00e2tre dans sa totalit\u00e9.<\/p>\n<p>&nbsp;<\/p>\n<p style=\"text-align: justify;\"><img decoding=\"async\" class=\"alignnone wp-image-4086 size-full\" src=\"https:\/\/enlisantfestival.com\/fr\/wp-content\/uploads\/2022\/10\/IMG-8368.jpg\" alt=\"\" width=\"1200\" height=\"628\" srcset=\"https:\/\/enlisantfestival.com\/fr\/wp-content\/uploads\/2022\/10\/IMG-8368.jpg 1200w, https:\/\/enlisantfestival.com\/fr\/wp-content\/uploads\/2022\/10\/IMG-8368-300x157.jpg 300w, https:\/\/enlisantfestival.com\/fr\/wp-content\/uploads\/2022\/10\/IMG-8368-1024x536.jpg 1024w, https:\/\/enlisantfestival.com\/fr\/wp-content\/uploads\/2022\/10\/IMG-8368-768x402.jpg 768w\" sizes=\"(max-width: 1200px) 100vw, 1200px\" \/><\/p>\n<p style=\"text-align: justify;\"><strong>\u00a0<\/strong><\/p>\n<p style=\"text-align: justify;\"><strong>Le th\u00e9\u00e2tre\u00a0: le beau, le sublime.<\/strong><\/p>\n<p style=\"text-align: justify;\"><strong>\u00a0<\/strong><\/p>\n<p style=\"text-align: justify;\">\u00ab\u00a0\u00c0 part le th\u00e9\u00e2tre, il y a le conte et la po\u00e9sie qui me passionnent beaucoup. Et comme conteur, je re\u00e7ois souvent des invitations dans des activit\u00e9s ou des festivals tant en Ha\u00efti qu&#8217;\u00e0 l&#8217;\u00e9tranger. Je dirige le premier festival de conte du pays, <em>Kont Anba Ton\u00e8l<\/em>, dont je suis \u00e9galement l&#8217;un des initiateurs. J&#8217;ai une notori\u00e9t\u00e9 et une carri\u00e8re de conteur qui n&#8217;a rien n&#8217;\u00e0 envier \u00e0 mon parcours de com\u00e9dien. Pour la po\u00e9sie, <em>Tras pye lorizon<\/em> est le titre de mon premier recueil de po\u00e8mes qui sortira cette ann\u00e9e pour marquer une nouvelle \u00e8re dans ma carri\u00e8re artistique\u00a0\u00bb, a annonc\u00e9 Chelson. Il envisage vachement de publier ses po\u00e8mes et ses contes pour entamer sa carri\u00e8re d&#8217;\u00e9crivain. Et pour cet homme accueillant, qui appelle ses amis <em>zo papa<\/em>, le th\u00e9\u00e2tre est un art de grande g\u00e9n\u00e9rosit\u00e9\u00a0: \u00ab\u00a0faire du Th\u00e9\u00e2tre, c&#8217;est \u00eatre capable de faire don de soi aux autres, c&#8217;est \u00eatre capable de se partager corps et \u00e2me avec tant d&#8217;autres vies\u00a0\u00bb.<\/p>\n<p style=\"text-align: justify;\">\n<p style=\"text-align: justify;\">La sc\u00e8ne, pour lui, qu\u2019est-ce que c\u2019est\u00a0? \u00ab\u00a0C\u2019est pas du tout facile \u00e0 expliquer, parce que quand on est sur sc\u00e8ne, on est \u00e0 la foi soi-m\u00eame et l&#8217;autre en m\u00eame temps. Ce qui fait qu\u2019il est vraiment difficile pour un acteur d&#8217;\u00eatre totalement conscient de son \u00e9tat d&#8217;\u00e2me lorsqu&#8217;il est en train de jouer. Mais je dirais que l&#8217;\u00e9motion qui traverse un com\u00e9dien ou une com\u00e9dienne au moment de l&#8217;acte th\u00e9\u00e2tral est \u00e0 la fois une symbiose entre l&#8217;enchantement et le doute, c&#8217;est un moment o\u00f9 la transe et la conscience s&#8217;entrem\u00ealent pour donner place \u00e0 l&#8217;autre avec l&#8217;objectif de s&#8217;effacer le plus possible afin d&#8217;\u00eatre vrai, d&#8217;\u00eatre cr\u00e9dible\u00a0\u00bb.<\/p>\n<p style=\"text-align: justify;\">\n<p style=\"text-align: justify;\">Chelson Ermoza n\u2019est pas un donneur de le\u00e7on, mais pour celles et ceux qui aiment le th\u00e9\u00e2tre, il les conseille de prendre des formations ad\u00e9quates et de voir l\u2019art th\u00e9\u00e2tral dans sa grandiosit\u00e9\u00a0: \u00ab\u00a0En premier lieu, je leur dirai avant tout que leur amour pour le th\u00e9\u00e2tre est louable. Mais qu&#8217;ils tachent de ne pas oublier que le th\u00e9\u00e2tre est un m\u00e9tier, ce qui explique que cela s&#8217;apprend. Ensuite, je leur dirai que la finesse, la dext\u00e9rit\u00e9 qui cr\u00e9e la clart\u00e9 du jeu d&#8217;acteur jusqu&#8217;\u00e0 faire du th\u00e9\u00e2tre quelque chose de beau, de sublime ne r\u00e9sident que dans l&#8217;alliage de la passion et la patience, creuser au milieu des jours et des nuits de travail. Ce n&#8217;est pas du tout de la chance ni un cadeau de la providence\u00a0\u00bb a tranch\u00e9 ce monstre sacr\u00e9 qui croit beaucoup dans la transmission et la g\u00e9n\u00e9rosit\u00e9, en soi, de l\u2019acte th\u00e9\u00e2tral.<\/p>\n<p style=\"text-align: justify;\">Carl-Henry Pierre<\/p>\n<p style=\"text-align: justify;\"><strong>\u00a0<\/strong><\/p>\n<p style=\"text-align: justify;\"><strong>CHELSON ERMOZA\u00a0: VUE DE SON PARCOURS DE COMEDIEN<\/strong><\/p>\n<p style=\"text-align: justify;\">\n<p style=\"text-align: justify;\">-2008.Senjan, conte de F\u00e9lix Morisseau Leroy, mise en sc\u00e8ne de Billy Elucien avec Foudiz\u00e8 Th\u00e9\u00e2tre, Festival Liv ak Lang krey\u00f2ldu Petit Lectorat<\/p>\n<p style=\"text-align: justify;\">&#8211; 2012.La fuite, Texte de Gao Xingjan, mise sc\u00e8ne de Billy Elucien avec Foudiz\u00e8 Th\u00e9\u00e2tre<\/p>\n<p style=\"text-align: justify;\">&#8211; Le cercueil, mise en sc\u00e8ne de Jacques Livchine et Herv\u00e9e De Lafond avec BIT-Ha\u00efti<\/p>\n<p style=\"text-align: justify;\">&#8211; 2013. Zangi Giyona ak Prens\u00e8s Adelina, Conte de Chelson Ermoza, festival Pwatiban la size, Guadeloupe.<\/p>\n<p style=\"text-align: justify;\">&#8211; 2013.Kafou twakwa, Texte de Faubert Bolivard, mise en sc\u00e8ne d&#8217;Eliezer Guerism\u00e9avec la Bit-Ha\u00efti,Festival 4 chemins<\/p>\n<p style=\"text-align: justify;\">&#8211; 2017. Temps mort, texte de Michel-Philippe Lerebours, mise en sc\u00e8ne de Billy Elucien avec Foudiz\u00e8 Th\u00e9\u00e2tre, \u00a0Festival En Lisant<\/p>\n<p style=\"text-align: justify;\">&#8211; 2017.Bour\u00e8tlanmou, cr\u00e9ation Bit-Ha\u00efti, Festival KontAnbaTon\u00e8l<\/p>\n<p style=\"text-align: justify;\">-2017.Anat\u00f2l texte de F\u00e9lix Morisseau Leroy, mise en sc\u00e8ne de Billy Elucien avec Foudiz\u00e8 Th\u00e9\u00e2tre, festival 4 Chemins<\/p>\n<p style=\"text-align: justify;\">&#8211; 2017. La mari\u00e9e, spectacle de rue avec BIT-Ha\u00efti d&#8217;apr\u00e8s une cr\u00e9ation du Th\u00e9\u00e2tre de L&#8217;unit\u00e9 dans Carifesta<\/p>\n<p style=\"text-align: justify;\">&#8211; 2018. Tabataba, de Bernard Marie Colt\u00e8s, mise en sc\u00e8ne d\u2019Eliezer Gu\u00e9rism\u00e9avec la Bit-Ha\u00efti, Festival 4 Chemins<\/p>\n<p style=\"text-align: justify;\">&#8211; 2018. La fille et ses quatre pr\u00e9tendants, Conte d&#8217;origine inconnu que ChelsonErmoza a racont\u00e9 \u00e0 la 25\u00e8me \u00e9dition du Festival du conte de Vassivi\u00e8re Parole de Conteurs, France<\/p>\n<p style=\"text-align: justify;\">-2019. Kalibofobo, texte de Franketienne, mise sc\u00e8ne de Jacques Adler Jean Pierre au Festival 4 Chemins.<\/p>\n<p style=\"text-align: justify;\">&#8211; 2020. Reconstruction (s) de Guy R\u00e9gis Junior, mise en sc\u00e8ne d\u2019Eliezer Gu\u00e9risme au Festival En Lisant.<\/p>\n<p style=\"text-align: justify;\">\n<p style=\"text-align: justify;\"><strong>TOURNEE A L\u2019ETRANGER <\/strong><\/p>\n<ul>\n<li style=\"text-align: justify;\">2012 Festival de th\u00e9\u00e2tre Aurillac et Ramonville \u00e0 Toulouse en France avec la BIT HAITI<\/li>\n<li style=\"text-align: justify;\">2013 Festival de th\u00e9\u00e2tre des Accroche C\u0153urs \u00e0 Angers en France avec la BIT HAITI<\/li>\n<li style=\"text-align: justify;\">2013 Les Jeux de la Francophonie \u00e0 Nice en France<\/li>\n<li style=\"text-align: justify;\">2014 Festival Contes et Musique dans la cite \u00e0 la Martinique<\/li>\n<li style=\"text-align: justify;\">2014 et 2015 Pwan ti-ban la Size \u00e0 Guadeloupe<\/li>\n<li style=\"text-align: justify;\">2014 Festival de th\u00e9\u00e2tre Cap Excellence en Guadeloupe avec la BIT HAITI<\/li>\n<li style=\"text-align: justify;\">2015 Festival de th\u00e9\u00e2tre Les Libert\u00e9s de S\u00e9jour \u00e0 Calais et R\u00e9sidence artistique au Th\u00e9\u00e2tre du Jour en partenariat avec le Th\u00e9\u00e2tre Au bout des doigts<\/li>\n<li style=\"text-align: justify;\">2015 Festival de conte Les Palabrages en France<\/li>\n<li style=\"text-align: justify;\">2018 R\u00e9sidence de cr\u00e9ation la Maison Alphonse Daudet en France<\/li>\n<\/ul>\n","protected":false},"excerpt":{"rendered":"<p>Chelson Ermoza est com\u00e9dien de profession. Il est aussi conteur et po\u00e8te. Depuis bient\u00f4t deux d\u00e9cennies, cet homme qui est n\u00e9 le 2 novembre 1982 \u00e0 Port-au-Prince, jour de la f\u00eate des morts, est donn\u00e9 au th\u00e9\u00e2tre comme on est donn\u00e9, dans certaines mythologies, au sacrifice d\u2019un dieu.<\/p>\n","protected":false},"author":1,"featured_media":4084,"comment_status":"open","ping_status":"open","sticky":false,"template":"","format":"standard","meta":{"_FSMCFIC_featured_image_caption":"","_FSMCFIC_featured_image_nocaption":"","_FSMCFIC_featured_image_hide":"","footnotes":""},"categories":[104],"tags":[],"class_list":["post-4083","post","type-post","status-publish","format-standard","has-post-thumbnail","hentry","category-le-journal-d-en-lisant"],"yoast_head":"<!-- This site is optimized with the Yoast SEO plugin v27.0 - https:\/\/yoast.com\/product\/yoast-seo-wordpress\/ -->\n<title>Chelson Ermoza est donn\u00e9 au th\u00e9\u00e2tre comme au sacrifice d\u2019un dieu - En Lisant festival de th\u00e9\u00e2tre<\/title>\n<meta name=\"robots\" content=\"index, follow, max-snippet:-1, max-image-preview:large, max-video-preview:-1\" \/>\n<link rel=\"canonical\" href=\"https:\/\/enlisantfestival.com\/fr\/chelson-ermoza-est-donne-au-theatre-comme-au-sacrifice-dun-dieu\/\" \/>\n<meta property=\"og:locale\" content=\"fr_FR\" \/>\n<meta property=\"og:type\" content=\"article\" \/>\n<meta property=\"og:title\" content=\"Chelson Ermoza est donn\u00e9 au th\u00e9\u00e2tre comme au sacrifice d\u2019un dieu - En Lisant festival de th\u00e9\u00e2tre\" \/>\n<meta property=\"og:description\" content=\"Chelson Ermoza est com\u00e9dien de profession. Il est aussi conteur et po\u00e8te. Depuis bient\u00f4t deux d\u00e9cennies, cet homme qui est n\u00e9 le 2 novembre 1982 \u00e0 Port-au-Prince, jour de la f\u00eate des morts, est donn\u00e9 au th\u00e9\u00e2tre comme on est donn\u00e9, dans certaines mythologies, au sacrifice d\u2019un dieu.\" \/>\n<meta property=\"og:url\" content=\"https:\/\/enlisantfestival.com\/fr\/chelson-ermoza-est-donne-au-theatre-comme-au-sacrifice-dun-dieu\/\" \/>\n<meta property=\"og:site_name\" content=\"En Lisant festival de th\u00e9\u00e2tre\" \/>\n<meta property=\"article:published_time\" content=\"2022-10-25T15:20:59+00:00\" \/>\n<meta property=\"og:image\" content=\"https:\/\/enlisantfestival.com\/fr\/wp-content\/uploads\/2022\/10\/IMG-3106.jpg\" \/>\n\t<meta property=\"og:image:width\" content=\"960\" \/>\n\t<meta property=\"og:image:height\" content=\"640\" \/>\n\t<meta property=\"og:image:type\" content=\"image\/jpeg\" \/>\n<meta name=\"author\" content=\"lionel\" \/>\n<meta name=\"twitter:card\" content=\"summary_large_image\" \/>\n<meta name=\"twitter:label1\" content=\"\u00c9crit par\" \/>\n\t<meta name=\"twitter:data1\" content=\"lionel\" \/>\n\t<meta name=\"twitter:label2\" content=\"Dur\u00e9e de lecture estim\u00e9e\" \/>\n\t<meta name=\"twitter:data2\" content=\"11 minutes\" \/>\n<script type=\"application\/ld+json\" class=\"yoast-schema-graph\">{\"@context\":\"https:\/\/schema.org\",\"@graph\":[{\"@type\":\"Article\",\"@id\":\"https:\/\/enlisantfestival.com\/fr\/chelson-ermoza-est-donne-au-theatre-comme-au-sacrifice-dun-dieu\/#article\",\"isPartOf\":{\"@id\":\"https:\/\/enlisantfestival.com\/fr\/chelson-ermoza-est-donne-au-theatre-comme-au-sacrifice-dun-dieu\/\"},\"author\":{\"name\":\"lionel\",\"@id\":\"https:\/\/enlisantfestival.com\/fr\/#\/schema\/person\/87e9b7267113e8db5ef729658a5440e4\"},\"headline\":\"Chelson Ermoza est donn\u00e9 au th\u00e9\u00e2tre comme au sacrifice d\u2019un dieu\",\"datePublished\":\"2022-10-25T15:20:59+00:00\",\"mainEntityOfPage\":{\"@id\":\"https:\/\/enlisantfestival.com\/fr\/chelson-ermoza-est-donne-au-theatre-comme-au-sacrifice-dun-dieu\/\"},\"wordCount\":2181,\"commentCount\":0,\"publisher\":{\"@id\":\"https:\/\/enlisantfestival.com\/fr\/#organization\"},\"image\":{\"@id\":\"https:\/\/enlisantfestival.com\/fr\/chelson-ermoza-est-donne-au-theatre-comme-au-sacrifice-dun-dieu\/#primaryimage\"},\"thumbnailUrl\":\"https:\/\/enlisantfestival.com\/fr\/wp-content\/uploads\/2022\/10\/IMG-3106.jpg\",\"articleSection\":[\"Le journal d'En Lisant\"],\"inLanguage\":\"fr-FR\",\"potentialAction\":[{\"@type\":\"CommentAction\",\"name\":\"Comment\",\"target\":[\"https:\/\/enlisantfestival.com\/fr\/chelson-ermoza-est-donne-au-theatre-comme-au-sacrifice-dun-dieu\/#respond\"]}]},{\"@type\":\"WebPage\",\"@id\":\"https:\/\/enlisantfestival.com\/fr\/chelson-ermoza-est-donne-au-theatre-comme-au-sacrifice-dun-dieu\/\",\"url\":\"https:\/\/enlisantfestival.com\/fr\/chelson-ermoza-est-donne-au-theatre-comme-au-sacrifice-dun-dieu\/\",\"name\":\"Chelson Ermoza est donn\u00e9 au th\u00e9\u00e2tre comme au sacrifice d\u2019un dieu - En Lisant festival de th\u00e9\u00e2tre\",\"isPartOf\":{\"@id\":\"https:\/\/enlisantfestival.com\/fr\/#website\"},\"primaryImageOfPage\":{\"@id\":\"https:\/\/enlisantfestival.com\/fr\/chelson-ermoza-est-donne-au-theatre-comme-au-sacrifice-dun-dieu\/#primaryimage\"},\"image\":{\"@id\":\"https:\/\/enlisantfestival.com\/fr\/chelson-ermoza-est-donne-au-theatre-comme-au-sacrifice-dun-dieu\/#primaryimage\"},\"thumbnailUrl\":\"https:\/\/enlisantfestival.com\/fr\/wp-content\/uploads\/2022\/10\/IMG-3106.jpg\",\"datePublished\":\"2022-10-25T15:20:59+00:00\",\"breadcrumb\":{\"@id\":\"https:\/\/enlisantfestival.com\/fr\/chelson-ermoza-est-donne-au-theatre-comme-au-sacrifice-dun-dieu\/#breadcrumb\"},\"inLanguage\":\"fr-FR\",\"potentialAction\":[{\"@type\":\"ReadAction\",\"target\":[\"https:\/\/enlisantfestival.com\/fr\/chelson-ermoza-est-donne-au-theatre-comme-au-sacrifice-dun-dieu\/\"]}]},{\"@type\":\"ImageObject\",\"inLanguage\":\"fr-FR\",\"@id\":\"https:\/\/enlisantfestival.com\/fr\/chelson-ermoza-est-donne-au-theatre-comme-au-sacrifice-dun-dieu\/#primaryimage\",\"url\":\"https:\/\/enlisantfestival.com\/fr\/wp-content\/uploads\/2022\/10\/IMG-3106.jpg\",\"contentUrl\":\"https:\/\/enlisantfestival.com\/fr\/wp-content\/uploads\/2022\/10\/IMG-3106.jpg\",\"width\":960,\"height\":640},{\"@type\":\"BreadcrumbList\",\"@id\":\"https:\/\/enlisantfestival.com\/fr\/chelson-ermoza-est-donne-au-theatre-comme-au-sacrifice-dun-dieu\/#breadcrumb\",\"itemListElement\":[{\"@type\":\"ListItem\",\"position\":1,\"name\":\"Accueil\",\"item\":\"https:\/\/enlisantfestival.com\/fr\/\"},{\"@type\":\"ListItem\",\"position\":2,\"name\":\"Chelson Ermoza est donn\u00e9 au th\u00e9\u00e2tre comme au sacrifice d\u2019un dieu\"}]},{\"@type\":\"WebSite\",\"@id\":\"https:\/\/enlisantfestival.com\/fr\/#website\",\"url\":\"https:\/\/enlisantfestival.com\/fr\/\",\"name\":\"En Lisant festival de th\u00e9\u00e2tre\",\"description\":\"\",\"publisher\":{\"@id\":\"https:\/\/enlisantfestival.com\/fr\/#organization\"},\"potentialAction\":[{\"@type\":\"SearchAction\",\"target\":{\"@type\":\"EntryPoint\",\"urlTemplate\":\"https:\/\/enlisantfestival.com\/fr\/?s={search_term_string}\"},\"query-input\":{\"@type\":\"PropertyValueSpecification\",\"valueRequired\":true,\"valueName\":\"search_term_string\"}}],\"inLanguage\":\"fr-FR\"},{\"@type\":\"Organization\",\"@id\":\"https:\/\/enlisantfestival.com\/fr\/#organization\",\"name\":\"En Lisant festival de th\u00e9\u00e2tre\",\"url\":\"https:\/\/enlisantfestival.com\/fr\/\",\"logo\":{\"@type\":\"ImageObject\",\"inLanguage\":\"fr-FR\",\"@id\":\"https:\/\/enlisantfestival.com\/fr\/#\/schema\/logo\/image\/\",\"url\":\"https:\/\/enlisantfestival.com\/fr\/wp-content\/uploads\/2020\/09\/en-lisant-logo.png\",\"contentUrl\":\"https:\/\/enlisantfestival.com\/fr\/wp-content\/uploads\/2020\/09\/en-lisant-logo.png\",\"width\":600,\"height\":343,\"caption\":\"En Lisant festival de th\u00e9\u00e2tre\"},\"image\":{\"@id\":\"https:\/\/enlisantfestival.com\/fr\/#\/schema\/logo\/image\/\"}},{\"@type\":\"Person\",\"@id\":\"https:\/\/enlisantfestival.com\/fr\/#\/schema\/person\/87e9b7267113e8db5ef729658a5440e4\",\"name\":\"lionel\",\"image\":{\"@type\":\"ImageObject\",\"inLanguage\":\"fr-FR\",\"@id\":\"https:\/\/enlisantfestival.com\/fr\/#\/schema\/person\/image\/\",\"url\":\"https:\/\/secure.gravatar.com\/avatar\/0361bef51de40b6b2e5c0d693a6d8f9c483d0ca194576592d0168a26c347ce45?s=96&d=mm&r=g\",\"contentUrl\":\"https:\/\/secure.gravatar.com\/avatar\/0361bef51de40b6b2e5c0d693a6d8f9c483d0ca194576592d0168a26c347ce45?s=96&d=mm&r=g\",\"caption\":\"lionel\"},\"url\":\"https:\/\/enlisantfestival.com\/fr\/author\/lionel\/\"}]}<\/script>\n<!-- \/ Yoast SEO plugin. -->","yoast_head_json":{"title":"Chelson Ermoza est donn\u00e9 au th\u00e9\u00e2tre comme au sacrifice d\u2019un dieu - En Lisant festival de th\u00e9\u00e2tre","robots":{"index":"index","follow":"follow","max-snippet":"max-snippet:-1","max-image-preview":"max-image-preview:large","max-video-preview":"max-video-preview:-1"},"canonical":"https:\/\/enlisantfestival.com\/fr\/chelson-ermoza-est-donne-au-theatre-comme-au-sacrifice-dun-dieu\/","og_locale":"fr_FR","og_type":"article","og_title":"Chelson Ermoza est donn\u00e9 au th\u00e9\u00e2tre comme au sacrifice d\u2019un dieu - En Lisant festival de th\u00e9\u00e2tre","og_description":"Chelson Ermoza est com\u00e9dien de profession. Il est aussi conteur et po\u00e8te. Depuis bient\u00f4t deux d\u00e9cennies, cet homme qui est n\u00e9 le 2 novembre 1982 \u00e0 Port-au-Prince, jour de la f\u00eate des morts, est donn\u00e9 au th\u00e9\u00e2tre comme on est donn\u00e9, dans certaines mythologies, au sacrifice d\u2019un dieu.","og_url":"https:\/\/enlisantfestival.com\/fr\/chelson-ermoza-est-donne-au-theatre-comme-au-sacrifice-dun-dieu\/","og_site_name":"En Lisant festival de th\u00e9\u00e2tre","article_published_time":"2022-10-25T15:20:59+00:00","og_image":[{"width":960,"height":640,"url":"https:\/\/enlisantfestival.com\/fr\/wp-content\/uploads\/2022\/10\/IMG-3106.jpg","type":"image\/jpeg"}],"author":"lionel","twitter_card":"summary_large_image","twitter_misc":{"\u00c9crit par":"lionel","Dur\u00e9e de lecture estim\u00e9e":"11 minutes"},"schema":{"@context":"https:\/\/schema.org","@graph":[{"@type":"Article","@id":"https:\/\/enlisantfestival.com\/fr\/chelson-ermoza-est-donne-au-theatre-comme-au-sacrifice-dun-dieu\/#article","isPartOf":{"@id":"https:\/\/enlisantfestival.com\/fr\/chelson-ermoza-est-donne-au-theatre-comme-au-sacrifice-dun-dieu\/"},"author":{"name":"lionel","@id":"https:\/\/enlisantfestival.com\/fr\/#\/schema\/person\/87e9b7267113e8db5ef729658a5440e4"},"headline":"Chelson Ermoza est donn\u00e9 au th\u00e9\u00e2tre comme au sacrifice d\u2019un dieu","datePublished":"2022-10-25T15:20:59+00:00","mainEntityOfPage":{"@id":"https:\/\/enlisantfestival.com\/fr\/chelson-ermoza-est-donne-au-theatre-comme-au-sacrifice-dun-dieu\/"},"wordCount":2181,"commentCount":0,"publisher":{"@id":"https:\/\/enlisantfestival.com\/fr\/#organization"},"image":{"@id":"https:\/\/enlisantfestival.com\/fr\/chelson-ermoza-est-donne-au-theatre-comme-au-sacrifice-dun-dieu\/#primaryimage"},"thumbnailUrl":"https:\/\/enlisantfestival.com\/fr\/wp-content\/uploads\/2022\/10\/IMG-3106.jpg","articleSection":["Le journal d'En Lisant"],"inLanguage":"fr-FR","potentialAction":[{"@type":"CommentAction","name":"Comment","target":["https:\/\/enlisantfestival.com\/fr\/chelson-ermoza-est-donne-au-theatre-comme-au-sacrifice-dun-dieu\/#respond"]}]},{"@type":"WebPage","@id":"https:\/\/enlisantfestival.com\/fr\/chelson-ermoza-est-donne-au-theatre-comme-au-sacrifice-dun-dieu\/","url":"https:\/\/enlisantfestival.com\/fr\/chelson-ermoza-est-donne-au-theatre-comme-au-sacrifice-dun-dieu\/","name":"Chelson Ermoza est donn\u00e9 au th\u00e9\u00e2tre comme au sacrifice d\u2019un dieu - En Lisant festival de th\u00e9\u00e2tre","isPartOf":{"@id":"https:\/\/enlisantfestival.com\/fr\/#website"},"primaryImageOfPage":{"@id":"https:\/\/enlisantfestival.com\/fr\/chelson-ermoza-est-donne-au-theatre-comme-au-sacrifice-dun-dieu\/#primaryimage"},"image":{"@id":"https:\/\/enlisantfestival.com\/fr\/chelson-ermoza-est-donne-au-theatre-comme-au-sacrifice-dun-dieu\/#primaryimage"},"thumbnailUrl":"https:\/\/enlisantfestival.com\/fr\/wp-content\/uploads\/2022\/10\/IMG-3106.jpg","datePublished":"2022-10-25T15:20:59+00:00","breadcrumb":{"@id":"https:\/\/enlisantfestival.com\/fr\/chelson-ermoza-est-donne-au-theatre-comme-au-sacrifice-dun-dieu\/#breadcrumb"},"inLanguage":"fr-FR","potentialAction":[{"@type":"ReadAction","target":["https:\/\/enlisantfestival.com\/fr\/chelson-ermoza-est-donne-au-theatre-comme-au-sacrifice-dun-dieu\/"]}]},{"@type":"ImageObject","inLanguage":"fr-FR","@id":"https:\/\/enlisantfestival.com\/fr\/chelson-ermoza-est-donne-au-theatre-comme-au-sacrifice-dun-dieu\/#primaryimage","url":"https:\/\/enlisantfestival.com\/fr\/wp-content\/uploads\/2022\/10\/IMG-3106.jpg","contentUrl":"https:\/\/enlisantfestival.com\/fr\/wp-content\/uploads\/2022\/10\/IMG-3106.jpg","width":960,"height":640},{"@type":"BreadcrumbList","@id":"https:\/\/enlisantfestival.com\/fr\/chelson-ermoza-est-donne-au-theatre-comme-au-sacrifice-dun-dieu\/#breadcrumb","itemListElement":[{"@type":"ListItem","position":1,"name":"Accueil","item":"https:\/\/enlisantfestival.com\/fr\/"},{"@type":"ListItem","position":2,"name":"Chelson Ermoza est donn\u00e9 au th\u00e9\u00e2tre comme au sacrifice d\u2019un dieu"}]},{"@type":"WebSite","@id":"https:\/\/enlisantfestival.com\/fr\/#website","url":"https:\/\/enlisantfestival.com\/fr\/","name":"En Lisant festival de th\u00e9\u00e2tre","description":"","publisher":{"@id":"https:\/\/enlisantfestival.com\/fr\/#organization"},"potentialAction":[{"@type":"SearchAction","target":{"@type":"EntryPoint","urlTemplate":"https:\/\/enlisantfestival.com\/fr\/?s={search_term_string}"},"query-input":{"@type":"PropertyValueSpecification","valueRequired":true,"valueName":"search_term_string"}}],"inLanguage":"fr-FR"},{"@type":"Organization","@id":"https:\/\/enlisantfestival.com\/fr\/#organization","name":"En Lisant festival de th\u00e9\u00e2tre","url":"https:\/\/enlisantfestival.com\/fr\/","logo":{"@type":"ImageObject","inLanguage":"fr-FR","@id":"https:\/\/enlisantfestival.com\/fr\/#\/schema\/logo\/image\/","url":"https:\/\/enlisantfestival.com\/fr\/wp-content\/uploads\/2020\/09\/en-lisant-logo.png","contentUrl":"https:\/\/enlisantfestival.com\/fr\/wp-content\/uploads\/2020\/09\/en-lisant-logo.png","width":600,"height":343,"caption":"En Lisant festival de th\u00e9\u00e2tre"},"image":{"@id":"https:\/\/enlisantfestival.com\/fr\/#\/schema\/logo\/image\/"}},{"@type":"Person","@id":"https:\/\/enlisantfestival.com\/fr\/#\/schema\/person\/87e9b7267113e8db5ef729658a5440e4","name":"lionel","image":{"@type":"ImageObject","inLanguage":"fr-FR","@id":"https:\/\/enlisantfestival.com\/fr\/#\/schema\/person\/image\/","url":"https:\/\/secure.gravatar.com\/avatar\/0361bef51de40b6b2e5c0d693a6d8f9c483d0ca194576592d0168a26c347ce45?s=96&d=mm&r=g","contentUrl":"https:\/\/secure.gravatar.com\/avatar\/0361bef51de40b6b2e5c0d693a6d8f9c483d0ca194576592d0168a26c347ce45?s=96&d=mm&r=g","caption":"lionel"},"url":"https:\/\/enlisantfestival.com\/fr\/author\/lionel\/"}]}},"_links":{"self":[{"href":"https:\/\/enlisantfestival.com\/fr\/wp-json\/wp\/v2\/posts\/4083","targetHints":{"allow":["GET"]}}],"collection":[{"href":"https:\/\/enlisantfestival.com\/fr\/wp-json\/wp\/v2\/posts"}],"about":[{"href":"https:\/\/enlisantfestival.com\/fr\/wp-json\/wp\/v2\/types\/post"}],"author":[{"embeddable":true,"href":"https:\/\/enlisantfestival.com\/fr\/wp-json\/wp\/v2\/users\/1"}],"replies":[{"embeddable":true,"href":"https:\/\/enlisantfestival.com\/fr\/wp-json\/wp\/v2\/comments?post=4083"}],"version-history":[{"count":1,"href":"https:\/\/enlisantfestival.com\/fr\/wp-json\/wp\/v2\/posts\/4083\/revisions"}],"predecessor-version":[{"id":4087,"href":"https:\/\/enlisantfestival.com\/fr\/wp-json\/wp\/v2\/posts\/4083\/revisions\/4087"}],"wp:featuredmedia":[{"embeddable":true,"href":"https:\/\/enlisantfestival.com\/fr\/wp-json\/wp\/v2\/media\/4084"}],"wp:attachment":[{"href":"https:\/\/enlisantfestival.com\/fr\/wp-json\/wp\/v2\/media?parent=4083"}],"wp:term":[{"taxonomy":"category","embeddable":true,"href":"https:\/\/enlisantfestival.com\/fr\/wp-json\/wp\/v2\/categories?post=4083"},{"taxonomy":"post_tag","embeddable":true,"href":"https:\/\/enlisantfestival.com\/fr\/wp-json\/wp\/v2\/tags?post=4083"}],"curies":[{"name":"wp","href":"https:\/\/api.w.org\/{rel}","templated":true}]}}