{"id":4088,"date":"2022-10-25T17:48:26","date_gmt":"2022-10-25T15:48:26","guid":{"rendered":"https:\/\/enlisantfestival.com\/fr\/?p=4088"},"modified":"2022-10-25T17:52:22","modified_gmt":"2022-10-25T15:52:22","slug":"clorette-jacinthe-une-comedienne-hors-norme","status":"publish","type":"post","link":"https:\/\/enlisantfestival.com\/fr\/clorette-jacinthe-une-comedienne-hors-norme\/","title":{"rendered":"Clorette Jacinthe : une com\u00e9dienne hors norme"},"content":{"rendered":"<p style=\"text-align: justify;\">Clorette Jacinthe est com\u00e9dienne, depuis bient\u00f4t deux d\u00e9cennies. \u00a0Son parcours est on ne peut plus impressionnant. \u00c9galement publiciste et actrice de cin\u00e9ma, cette com\u00e9dienne hors norme est pass\u00e9e de sa passion pour\u00a0la musique \u00e0 celle du th\u00e9\u00e2tre. Ce qui en quelque sorte laisse entendre la dimension musicale du th\u00e9\u00e2tre, cet art total qui englobe la musique, la danse, le chant et tant d\u2019autres formes artistiques.<\/p>\n<p style=\"text-align: justify;\">\n<p style=\"text-align: justify;\">Comme beaucoup d\u2019artistes ha\u00eftiens, chanteurs ou musiciens, Clorette a commenc\u00e9 \u00e0 pratiquer le th\u00e9\u00e2tre \u00e0 l\u2019\u00e9glise, toute petite, en participant \u00e0 des sketchs, mais ce n&#8217;est qu&#8217;en 2004 qu\u2019elle a commenc\u00e9 \u00e0 travailler avec la compagnie NIFE, dirig\u00e9 par Jean Marc Voltaire.\u00a0\u00ab\u00a0Je l&#8217;ai rencontr\u00e9 \u00e0 la Biblioth\u00e8que ARAKA. L\u00e0-bas, il y avait un club litt\u00e9raire qui se r\u00e9unissait tous les dimanches.\u00a0 De ma rencontre avec cet homme, je vais s\u00e9rieusement monter sur sc\u00e8ne et c\u2019est ainsi que \u00ab\u00a0Nwit moun fou\u00a0\u00bb de Gary Victor, \u00e0 El Dorado, allait \u00eatre mon tout premier spectacle\u00a0\u00bb<\/p>\n<p style=\"text-align: justify;\">\n<p style=\"text-align: justify;\">Et El Dorado aujourd\u2019hui, s\u00fbrement, n\u2019existe plus, mais Jacinthe continue \u00e0 voyager dans les eaux du th\u00e9\u00e2tre et prend de plus en plus de territoire dans ce champ artistique, o\u00f9 son corps et sa voix sont des grains \u00e0 moudre qui font fonctionner cette machine. Mais, cette femme qui habite si bien la sc\u00e8ne a-t-elle eu des formations assez pointues en Art dramatique\u00a0? Pas forc\u00e9ment.\u00a0\u00ab Je n\u2019ai pas fait d&#8217;\u00e9cole d&#8217;art. J&#8217;ai \u00e9t\u00e9 form\u00e9e sur le tas, par les diff\u00e9rentes compagnies avec lesquelles que j&#8217;ai eu la chance de travailler : NIFE, Etiquette, Foudiz\u00e8, Ha\u00efti spectacle, Th\u00e9\u00e2tre de l&#8217;unit\u00e9. J\u2019ai \u00e9galement suivi un s\u00e9minaire sur l&#8217;improvisation avec Daniel Marcelin qui dirigeait le Petit conservatoire\u00a0\u00bb, a mentionn\u00e9 calmement Clorette, ajoutant au passage qu\u2019elle a, cependant, fait des \u00e9tudes en Comptabilit\u00e9 (Andr\u00e9 Laroche, 2003), en Technique de banque et de vente (EFCTEC, 2005) et en Sciences Juridiques (EDSEG- 2011-2015).<\/p>\n<p style=\"text-align: justify;\">\n<p style=\"text-align: justify;\">Bien \u00e9videmment, chaque passion a un fil conducteur et est souvent conditionn\u00e9e par tant d\u2019\u00e9l\u00e9ments int\u00e9rieurs qu\u2019ext\u00e9rieurs. Pour Clorette, cela a \u00e9t\u00e9 une rencontre et une mise en sc\u00e8ne \u00a0\u00a0d\u2019un texte cr\u00e9ole de Gary Victor\u00a0: \u00ab\u00a0Je peux dire que <em>Nwit moun fou<\/em> a \u00e9t\u00e9 l&#8217;\u00e9v\u00e8nement d\u00e9clencheur, puisque c&#8217;est ce spectacle qui m&#8217;avait permis de rencontrer Patrick Joseph, l&#8217;un des fondateurs de Etiquette et de part cette compagnie j&#8217;ai pu int\u00e9grer le monde de la publicit\u00e9 et du cin\u00e9ma avec Muska\u00a0Group \u00bb.<\/p>\n<p style=\"text-align: justify;\">\n<p style=\"text-align: justify;\"><img fetchpriority=\"high\" decoding=\"async\" class=\"alignnone wp-image-4090 size-full\" src=\"https:\/\/enlisantfestival.com\/fr\/wp-content\/uploads\/2022\/10\/IMG-8371.jpg\" alt=\"\" width=\"1875\" height=\"1250\" srcset=\"https:\/\/enlisantfestival.com\/fr\/wp-content\/uploads\/2022\/10\/IMG-8371.jpg 1875w, https:\/\/enlisantfestival.com\/fr\/wp-content\/uploads\/2022\/10\/IMG-8371-300x200.jpg 300w, https:\/\/enlisantfestival.com\/fr\/wp-content\/uploads\/2022\/10\/IMG-8371-1024x683.jpg 1024w, https:\/\/enlisantfestival.com\/fr\/wp-content\/uploads\/2022\/10\/IMG-8371-768x512.jpg 768w, https:\/\/enlisantfestival.com\/fr\/wp-content\/uploads\/2022\/10\/IMG-8371-1536x1024.jpg 1536w\" sizes=\"(max-width: 1875px) 100vw, 1875px\" \/><\/p>\n<p style=\"text-align: justify;\"><strong>Th\u00e9\u00e2tre\u00a0: vers la publicit\u00e9 (2008)\u00a0 et le cin\u00e9ma (2010)<\/strong><\/p>\n<p style=\"text-align: justify;\"><strong>\u00a0<\/strong><\/p>\n<p style=\"text-align: justify;\">2008 est l\u2019ann\u00e9e \u00e0 laquelle Clorette Jacinthe va int\u00e9grer le monde de la publicit\u00e9, mais c\u2019est en 2010, nous a-t-elle confi\u00e9, qu\u2019elle va vraiment s\u2019exceller dans ce domaine.\u00a0 Elle est pr\u00e9sente dans un nombre important de publicit\u00e9s pour des produits et des compagnies comme\u00a0: Hollandia, Criollito, Digicel et Chevrolet spark (pour 2 ans), Voil\u00e0 Ha\u00efti, Dinepa, Cam\u00e9o, Saridon, Matelec, Canal sat, Comme il faut, AIC, BUH, Recho amelyore, Lampe Awengo, Tampico, Boloto et tant d\u2019autres.<\/p>\n<p style=\"text-align: justify;\">\n<p style=\"text-align: justify;\">En 2010, elle int\u00e8gre l\u2019univers cin\u00e9matographique. Elle a jou\u00e9 dans \u00ab\u00a0Kafou\u00a0\u00bb, \u00ab\u00a0Malatchong\u00a0\u00bb, dans le feuilleton t\u00e9l\u00e9vis\u00e9 \u00ab\u00a0Filomiz\u00a0\u00bb, diffus\u00e9 par la TNH et dans des feuilletons radiophoniques comme \u00ab\u00a0Konnten\u00e8 premye sekou protection civile\u00a0\u00bb, \u00ab\u00a0UE\u00a0\u00bb, \u00ab\u00a0Zoukoutap saison 2 et 3\u00a0\u00bb, des feuilletons de village sant\u00e9, des courts m\u00e9trages et tant d\u2019autres.<\/p>\n<p style=\"text-align: justify;\"><strong>\u00a0<\/strong><\/p>\n<p style=\"text-align: justify;\"><strong>Sc\u00e8nes qui font tache\u00a0!<\/strong><\/p>\n<p style=\"text-align: justify;\"><strong>\u00a0<\/strong><\/p>\n<p style=\"text-align: justify;\">S\u2019il est vrai qu\u2019une com\u00e9dienne doit pouvoir pr\u00eater son corps \u00e0 n\u2019importe quel personnage et ne d\u00e9veloppe pas forc\u00e9ment d\u2019affects particuliers pour leurs histoires, mais divers \u00e9l\u00e9ments contextuels peuvent expliquer pourquoi elle aime beaucoup plus un spectacle bien pr\u00e9cis par rapport \u00e0 un autre. C\u2019est ce que Jacinthe nous fait comprendre en se r\u00e9f\u00e9rant \u00e0 certaines mises en sc\u00e8nes qui l\u2019ont marqu\u00e9e dans sa carri\u00e8re : \u00ab\u00a0Les bonnes de Jean Genet compte \u00e9norm\u00e9ment pour moi parce qu&#8217;\u00e0 l\u2019\u00e9poque o\u00f9 je devais me produire sur sc\u00e8ne, j&#8217;\u00e9tais tr\u00e8s malade, et jouer ce\u00a0spectacle a \u00e9t\u00e9 pour moi un tr\u00e8s grand d\u00e9fi. Aussi, \u00e0 quelques jours du spectacle <em>Erzuli Dahomey<\/em> <em>d\u00e9esse de l\u2019amour<\/em> de Jean-Ren\u00e9 Lemoine, j\u2019ai perdu un proche, et je devais surmonter tout cela et jouer. Et puis, <em>R\u00e9cit de femmes<\/em>, le seul monologue que j&#8217;ai eu \u00e0 jouer de toute ma carri\u00e8re, demeure grav\u00e9 dans mon corps \u00bb.<\/p>\n<p style=\"text-align: justify;\">\n<p style=\"text-align: justify;\">Et si une salle de spectacle, m\u00eame en demandant aux gens d\u2019\u00e9teindre leurs portables et de rester en silence, n\u2019est\u00a0 pas toujours un fleuve tranquille, alors apr\u00e8s tout spectacle, le public a son mot \u00e0 dire sur le contenu et la mani\u00e8re dont les th\u00e8mes sont trait\u00e9s et interpr\u00e9t\u00e9s par le com\u00e9dien. Parfois, tout se joue dans la rue et il faut aux com\u00e9diens un effort pour surplomber les bruits du dehors. Ce qui fait que le th\u00e9\u00e2tre &#8211; s\u2019il faut prendre en compte toutes les sc\u00e8nes de th\u00e9\u00e2tre de rue auxquelles Jacinthe a pris part- n\u2019est pas la bureaucratie. \u00a0Et on se demande si elle se rappelle certains moments o\u00f9 son public \u00e9tait en transe au moment d\u2019une mise en sc\u00e8ne ou d\u00e9\u00e7u apr\u00e8s une repr\u00e9sentation et exprime ses d\u00e9saccords par des commentaires d\u00e9sobligeants. Pour elle, bienheureusement, il n\u2019y a \u00a0jamais eu aucune d\u00e9ception clairement exprim\u00e9e dans les yeux de son public.<\/p>\n<p style=\"text-align: justify;\">\n<p style=\"text-align: justify;\">\u00ab\u00a0Je ne sais pas trop, je ne vais pas dire que tout \u00e9tait toujours au top, mais j&#8217;ai pas eu de mauvais souvenirs. J&#8217;ai seulement en m\u00e9moire des remarques par rapport au choix des personnages comme par exemple: Dans <em>Reconstruction(s)<\/em> de Guy R\u00e9gis Junior, ils ont dit qu&#8217;ils auraient pr\u00e9f\u00e9r\u00e9 me voir dans le r\u00f4le de la 1\u00e8re dame, juste des petites remarques comme cela\u00a0\u00bb a-t-elle nuanc\u00e9.<\/p>\n<p style=\"text-align: justify;\">\n<p style=\"text-align: justify;\"><img decoding=\"async\" class=\"alignnone wp-image-4091 size-full\" src=\"https:\/\/enlisantfestival.com\/fr\/wp-content\/uploads\/2022\/10\/IMG-8374.jpg\" alt=\"\" width=\"1875\" height=\"1250\" srcset=\"https:\/\/enlisantfestival.com\/fr\/wp-content\/uploads\/2022\/10\/IMG-8374.jpg 1875w, https:\/\/enlisantfestival.com\/fr\/wp-content\/uploads\/2022\/10\/IMG-8374-300x200.jpg 300w, https:\/\/enlisantfestival.com\/fr\/wp-content\/uploads\/2022\/10\/IMG-8374-1024x683.jpg 1024w, https:\/\/enlisantfestival.com\/fr\/wp-content\/uploads\/2022\/10\/IMG-8374-768x512.jpg 768w, https:\/\/enlisantfestival.com\/fr\/wp-content\/uploads\/2022\/10\/IMG-8374-1536x1024.jpg 1536w\" sizes=\"(max-width: 1875px) 100vw, 1875px\" \/><\/p>\n<p style=\"text-align: justify;\"><strong>Au commencement \u00e9tait la musique<\/strong><\/p>\n<p style=\"text-align: justify;\"><strong>\u00a0<\/strong><\/p>\n<p style=\"text-align: justify;\">Est-ce-que Clorette Jacinthe a une autre grande passion en dehors du th\u00e9\u00e2tre\u00a0? \u00ab\u00a0Oui, la musique. Il faut dire bien avant le Th\u00e9\u00e2tre, j&#8217;avais fait mon d\u00e9but dans la musique, je voulais \u00eatre violoniste ou pianiste. Mais, une fois \u00e0 l&#8217;\u00e9cole de musique, les responsables m&#8217;ont dit qu&#8217;ils n&#8217;y avaient pas de violon disponible, que je vais devoir d\u00e9buter avec la clarinette, ce que j&#8217;avais fait d&#8217;ailleurs, j&#8217;ai pass\u00e9 une ann\u00e9e, et \u00a0apr\u00e8s avoir eu la chance de jouer mon tout premier concert de No\u00ebl, faute de moyens, j&#8217;ai du arr\u00eater\u00a0\u00bb a-t-elle regrett\u00e9.<\/p>\n<p style=\"text-align: justify;\">\n<p style=\"text-align: justify;\">On l\u2019aura compris certainement\u00a0: si Clorette avait arr\u00eat\u00e9 la musique, faute de moyens, mais continue \u00e0 faire du th\u00e9\u00e2tre, c\u2019est parce que le corps et la voix de la com\u00e9dienne sont ses principales ressources et celles-ci ne sont ni vendables ni achetables dans n\u2019importe quel march\u00e9 du monde.<\/p>\n<p style=\"text-align: justify;\">\n<p style=\"text-align: justify;\">Et c\u2019est en somme un privil\u00e8ge de\u00a0 pouvoir pratiquer un m\u00e9tier avec une ressource non-cernable\u00a0: son corps et sa voix.<\/p>\n<p style=\"text-align: justify;\"><strong>\u00a0<\/strong><\/p>\n<p style=\"text-align: justify;\"><strong>\u2026 et la musique \u00e9tait donc la sc\u00e8ne<\/strong><\/p>\n<p style=\"text-align: justify;\">Chaque com\u00e9dien.ne, metteur.e en sc\u00e8ne ou dramaturge a une d\u00e9finition du th\u00e9\u00e2tre. Certains l\u2019associent m\u00eame \u00e0 un acte politique. \u00a0Mais pour Clorette Jacinthe, c\u2019est donc quoi cette chose-l\u00e0? \u00ab\u00a0Pour moi, le th\u00e9\u00e2tre est la repr\u00e9sentation de la vie sur sc\u00e8ne o\u00f9 le com\u00e9dien pr\u00eate son corps \u00e0 un personnage. Je me laisse transcender par cette folie, sur sc\u00e8ne je suis comme une personne en transe. Pour moi, se d\u00e9gagent toujours beaucoup d\u2019\u00e9nergie pour parvenir \u00e0 rendre le personnage que j\u2019interpr\u00e8te\u00a0\u00bb.<\/p>\n<p style=\"text-align: justify;\">\n<p style=\"text-align: justify;\">Clorette \u00a0Jacinthe nous a confi\u00e9 son amour immod\u00e9r\u00e9 pour la musique\u00a0: quand tout se met \u00e0 flotter dans le pays et qu\u2019elle ne peut pas monter sur sc\u00e8ne, elle se consacre \u00e0 l\u2019apprentissage de la musique, une passion qui ne la laisse jamais. Pour elle, \u00eatre com\u00e9dienne, c&#8217;est un tr\u00e8s beau m\u00e9tier, mais \u00a0elle reste perplexe \u00e0 la r\u00e9alit\u00e9 ha\u00eftienne o\u00f9 ce si beau m\u00e9tier ne nourrit pas toujours son maitre comme il faut. C\u2019est pourquoi, face aux nouveaux passionn\u00e9s du th\u00e9\u00e2tre, celles et ceux qui veulent en faire leur m\u00e9tier, Clorette, n\u00e9e le 16 octobre 1982, \u00e0 Port-au-Prince, croit que l\u2019amour des passionn\u00e9s pour le th\u00e9\u00e2tre ne suffirait pas et qu\u2019il leur faudrait plus que \u00e7a dans la vie. Lorsqu\u2019elle s\u2019exprime ainsi, on veut croire qu\u2019elle sous-entend plus formations, plus de relations humaines et plus de ressources \u00e9motionnelles surtout quand on pratique cet art en Ha\u00efti, un pays tout aussi merveilleux qu\u2019\u00e9nigmatique.<\/p>\n<p style=\"text-align: justify;\">\n<p style=\"text-align: justify;\">Carl-Henry Pierre<\/p>\n<p style=\"text-align: justify;\">\n<p style=\"text-align: justify;\"><strong>CLORETTE JACINTHE\u00a0: PARCOURS ARTISTIQUE<\/strong><\/p>\n<ul style=\"text-align: justify;\">\n<li>Nwit moun fou de Gary Victor, mise en sc\u00e8ne de Jean Marc Voltaire avec NIFE<\/li>\n<li>Oracle du mal d\u2019aurore de Robert Baudry, mise en scene Jean Marc Voltaire avec Nife<\/li>\n<li>Campagne de sensibilisation\u00a0\u00ab\u00a0kap\u00f2t pany\u00e8, kap\u00f2t fanm\u00a0\u00bb, mise en scene Jean Marc Voltaire avec Nife<\/li>\n<li>Le concert, montage de texte par Jean Marc Voltaire avec Nife<\/li>\n<li>Le tournant, mise en sc\u00e8ne par Patrick Joseph et Guito Th\u00e9lusman avec Etiquette.<\/li>\n<li>Le cercueil, mise en sc\u00e8ne de Jacques Livchine et Herv\u00e9e De Lafond avec BIT-Ha\u00efti<\/li>\n<li>Kafou Twakwa, Texte de Faubert Bolivar, mise en sc\u00e8ne d&#8217;Eliezer Guerism\u00e9 avec la Bit-Ha\u00efti, Festival 4 chemins<\/li>\n<li>Avoir 20 ans de et par Mich\u00e8le Lemoine<\/li>\n<li>2014 et 2015, Festival Destination Aquin, Ha\u00efti<\/li>\n<li>La mari\u00e9e, spectacle de rue avec BIT-Ha\u00efti d&#8217;apr\u00e8s une cr\u00e9ation du Th\u00e9\u00e2tre de L&#8217;unit\u00e9 au Festival Carifesta<\/li>\n<li>Bour\u00e8tlanmou, cr\u00e9ation Bit-Ha\u00efti, Festival Kont Anba Ton\u00e8l<\/li>\n<li>Anat\u00f2l de F\u00e9lix Morisseau Leroy, mise en sc\u00e8ne de Billy Elucien avec Foudiz\u00e8 Th\u00e9\u00e2tre, festival 4 Chemins<\/li>\n<li>2017 Le p\u00e8re de Guy R\u00e9gis Junior, mise en sc\u00e8ne de Marc Vall\u00e8s, Festival 4 Chemins<\/li>\n<li>2018 Diner en blanc, Bit-Ha\u00efti, Festival 4 Chemins<\/li>\n<li>Les bonnes de Jean Genet, mise en scene Eli\u00e9zer Gu\u00e9rism\u00e9, Festival en Lisant<\/li>\n<li>Tabataba, de Bernard Marie Colt\u00e8s, mise en sc\u00e8ne d\u2019Eliezer Gu\u00e9rism\u00e9 avec la Bit-Ha\u00efti, Festival 4 Chemins<\/li>\n<li>&#8220;Erzulie Dahomey, d\u00e9esse de l\u2019amour de Jean-Ren\u00e9 Lemoine, mise en sc\u00e8ne d\u2019Eliezer Gu\u00e9rism\u00e9, festival Quatre chemins<\/li>\n<li>R\u00e9cit de femmes de Dario Fo et Franca Rame, mise en sc\u00e8ne d\u2019Eliezer Gu\u00e9rism\u00e9<\/li>\n<li>Reconstruction (s) de Guy Regis Junior, mise en sc\u00e8ne d\u2019Eliezer Guerisme au Festival En Lisant.<\/li>\n<li>Perdre pieds, Cravate et charentaises de Valerie Cachard, Lecture spectacle dirigee par Clorette Jacinthe, Festival 4 Chemins<\/li>\n<\/ul>\n<p style=\"text-align: justify;\">\n<p style=\"text-align: justify;\"><strong>\u00a0<\/strong><\/p>\n<p style=\"text-align: justify;\"><strong>TOURNEE A L\u2019ETRANGER <\/strong><\/p>\n<ul>\n<li style=\"text-align: justify;\">2012 Festival de th\u00e9\u00e2tre Aurillac et Ramonville \u00e0 Toulouse en France avec la BIT HAITI<\/li>\n<li style=\"text-align: justify;\">2013 Festival de th\u00e9\u00e2tre des Accroche C\u0153urs \u00e0 Angers en France avec la BIT HAITI<\/li>\n<li style=\"text-align: justify;\">2014 Festival de th\u00e9\u00e2tre Cap Excellence en Guadeloupe avec la BIT HAITI<\/li>\n<li style=\"text-align: justify;\">2015 Festival de th\u00e9\u00e2tre Les Libert\u00e9s de S\u00e9jour \u00e0 Calais et R\u00e9sidence artistique au Th\u00e9\u00e2tre du Jour en partenariat avec le Th\u00e9\u00e2tre Au bout des doigts<\/li>\n<li style=\"text-align: justify;\">L\u2019Acte Inconnu de Val\u00e8re Novarina, mise en sc\u00e8ne Val\u00e8re Novarina et C\u00e9line Schaeffer, Coordination artistique de Guy R\u00e9gis Junior, Francophonies en Limousin de Limoges.<\/li>\n<\/ul>\n","protected":false},"excerpt":{"rendered":"<p>Clorette Jacinthe est com\u00e9dienne, depuis bient\u00f4t deux d\u00e9cennies. \u00a0Son parcours est on ne peut plus impressionnant. \u00c9galement publiciste et actrice de cin\u00e9ma, cette com\u00e9dienne hors norme est pass\u00e9e de sa passion pour\u00a0la musique \u00e0 celle du th\u00e9\u00e2tre. Ce qui en quelque sorte laisse entendre la dimension musicale du th\u00e9\u00e2tre, cet art total qui englobe la musique, la danse, le chant et tant d\u2019autres formes artistiques.<\/p>\n","protected":false},"author":1,"featured_media":4089,"comment_status":"open","ping_status":"open","sticky":false,"template":"","format":"standard","meta":{"_FSMCFIC_featured_image_caption":"","_FSMCFIC_featured_image_nocaption":"","_FSMCFIC_featured_image_hide":"","footnotes":""},"categories":[104],"tags":[],"class_list":["post-4088","post","type-post","status-publish","format-standard","has-post-thumbnail","hentry","category-le-journal-d-en-lisant"],"yoast_head":"<!-- This site is optimized with the Yoast SEO plugin v27.0 - https:\/\/yoast.com\/product\/yoast-seo-wordpress\/ -->\n<title>Clorette Jacinthe : une com\u00e9dienne hors norme - En Lisant festival de th\u00e9\u00e2tre<\/title>\n<meta name=\"robots\" content=\"index, follow, max-snippet:-1, max-image-preview:large, max-video-preview:-1\" \/>\n<link rel=\"canonical\" href=\"https:\/\/enlisantfestival.com\/fr\/clorette-jacinthe-une-comedienne-hors-norme\/\" \/>\n<meta property=\"og:locale\" content=\"fr_FR\" \/>\n<meta property=\"og:type\" content=\"article\" \/>\n<meta property=\"og:title\" content=\"Clorette Jacinthe : une com\u00e9dienne hors norme - En Lisant festival de th\u00e9\u00e2tre\" \/>\n<meta property=\"og:description\" content=\"Clorette Jacinthe est com\u00e9dienne, depuis bient\u00f4t deux d\u00e9cennies. \u00a0Son parcours est on ne peut plus impressionnant. \u00c9galement publiciste et actrice de cin\u00e9ma, cette com\u00e9dienne hors norme est pass\u00e9e de sa passion pour\u00a0la musique \u00e0 celle du th\u00e9\u00e2tre. Ce qui en quelque sorte laisse entendre la dimension musicale du th\u00e9\u00e2tre, cet art total qui englobe la musique, la danse, le chant et tant d\u2019autres formes artistiques.\" \/>\n<meta property=\"og:url\" content=\"https:\/\/enlisantfestival.com\/fr\/clorette-jacinthe-une-comedienne-hors-norme\/\" \/>\n<meta property=\"og:site_name\" content=\"En Lisant festival de th\u00e9\u00e2tre\" \/>\n<meta property=\"article:published_time\" content=\"2022-10-25T15:48:26+00:00\" \/>\n<meta property=\"article:modified_time\" content=\"2022-10-25T15:52:22+00:00\" \/>\n<meta property=\"og:image\" content=\"https:\/\/enlisantfestival.com\/fr\/wp-content\/uploads\/2022\/10\/IMG-8372.jpg\" \/>\n\t<meta property=\"og:image:width\" content=\"1875\" \/>\n\t<meta property=\"og:image:height\" content=\"1250\" \/>\n\t<meta property=\"og:image:type\" content=\"image\/jpeg\" \/>\n<meta name=\"author\" content=\"lionel\" \/>\n<meta name=\"twitter:card\" content=\"summary_large_image\" \/>\n<meta name=\"twitter:label1\" content=\"\u00c9crit par\" \/>\n\t<meta name=\"twitter:data1\" content=\"lionel\" \/>\n\t<meta name=\"twitter:label2\" content=\"Dur\u00e9e de lecture estim\u00e9e\" \/>\n\t<meta name=\"twitter:data2\" content=\"9 minutes\" \/>\n<script type=\"application\/ld+json\" class=\"yoast-schema-graph\">{\"@context\":\"https:\/\/schema.org\",\"@graph\":[{\"@type\":\"Article\",\"@id\":\"https:\/\/enlisantfestival.com\/fr\/clorette-jacinthe-une-comedienne-hors-norme\/#article\",\"isPartOf\":{\"@id\":\"https:\/\/enlisantfestival.com\/fr\/clorette-jacinthe-une-comedienne-hors-norme\/\"},\"author\":{\"name\":\"lionel\",\"@id\":\"https:\/\/enlisantfestival.com\/fr\/#\/schema\/person\/87e9b7267113e8db5ef729658a5440e4\"},\"headline\":\"Clorette Jacinthe : une com\u00e9dienne hors norme\",\"datePublished\":\"2022-10-25T15:48:26+00:00\",\"dateModified\":\"2022-10-25T15:52:22+00:00\",\"mainEntityOfPage\":{\"@id\":\"https:\/\/enlisantfestival.com\/fr\/clorette-jacinthe-une-comedienne-hors-norme\/\"},\"wordCount\":1878,\"commentCount\":0,\"publisher\":{\"@id\":\"https:\/\/enlisantfestival.com\/fr\/#organization\"},\"image\":{\"@id\":\"https:\/\/enlisantfestival.com\/fr\/clorette-jacinthe-une-comedienne-hors-norme\/#primaryimage\"},\"thumbnailUrl\":\"https:\/\/enlisantfestival.com\/fr\/wp-content\/uploads\/2022\/10\/IMG-8372.jpg\",\"articleSection\":[\"Le journal d'En Lisant\"],\"inLanguage\":\"fr-FR\",\"potentialAction\":[{\"@type\":\"CommentAction\",\"name\":\"Comment\",\"target\":[\"https:\/\/enlisantfestival.com\/fr\/clorette-jacinthe-une-comedienne-hors-norme\/#respond\"]}]},{\"@type\":\"WebPage\",\"@id\":\"https:\/\/enlisantfestival.com\/fr\/clorette-jacinthe-une-comedienne-hors-norme\/\",\"url\":\"https:\/\/enlisantfestival.com\/fr\/clorette-jacinthe-une-comedienne-hors-norme\/\",\"name\":\"Clorette Jacinthe : une com\u00e9dienne hors norme - En Lisant festival de th\u00e9\u00e2tre\",\"isPartOf\":{\"@id\":\"https:\/\/enlisantfestival.com\/fr\/#website\"},\"primaryImageOfPage\":{\"@id\":\"https:\/\/enlisantfestival.com\/fr\/clorette-jacinthe-une-comedienne-hors-norme\/#primaryimage\"},\"image\":{\"@id\":\"https:\/\/enlisantfestival.com\/fr\/clorette-jacinthe-une-comedienne-hors-norme\/#primaryimage\"},\"thumbnailUrl\":\"https:\/\/enlisantfestival.com\/fr\/wp-content\/uploads\/2022\/10\/IMG-8372.jpg\",\"datePublished\":\"2022-10-25T15:48:26+00:00\",\"dateModified\":\"2022-10-25T15:52:22+00:00\",\"breadcrumb\":{\"@id\":\"https:\/\/enlisantfestival.com\/fr\/clorette-jacinthe-une-comedienne-hors-norme\/#breadcrumb\"},\"inLanguage\":\"fr-FR\",\"potentialAction\":[{\"@type\":\"ReadAction\",\"target\":[\"https:\/\/enlisantfestival.com\/fr\/clorette-jacinthe-une-comedienne-hors-norme\/\"]}]},{\"@type\":\"ImageObject\",\"inLanguage\":\"fr-FR\",\"@id\":\"https:\/\/enlisantfestival.com\/fr\/clorette-jacinthe-une-comedienne-hors-norme\/#primaryimage\",\"url\":\"https:\/\/enlisantfestival.com\/fr\/wp-content\/uploads\/2022\/10\/IMG-8372.jpg\",\"contentUrl\":\"https:\/\/enlisantfestival.com\/fr\/wp-content\/uploads\/2022\/10\/IMG-8372.jpg\",\"width\":1875,\"height\":1250},{\"@type\":\"BreadcrumbList\",\"@id\":\"https:\/\/enlisantfestival.com\/fr\/clorette-jacinthe-une-comedienne-hors-norme\/#breadcrumb\",\"itemListElement\":[{\"@type\":\"ListItem\",\"position\":1,\"name\":\"Accueil\",\"item\":\"https:\/\/enlisantfestival.com\/fr\/\"},{\"@type\":\"ListItem\",\"position\":2,\"name\":\"Clorette Jacinthe : une com\u00e9dienne hors norme\"}]},{\"@type\":\"WebSite\",\"@id\":\"https:\/\/enlisantfestival.com\/fr\/#website\",\"url\":\"https:\/\/enlisantfestival.com\/fr\/\",\"name\":\"En Lisant festival de th\u00e9\u00e2tre\",\"description\":\"\",\"publisher\":{\"@id\":\"https:\/\/enlisantfestival.com\/fr\/#organization\"},\"potentialAction\":[{\"@type\":\"SearchAction\",\"target\":{\"@type\":\"EntryPoint\",\"urlTemplate\":\"https:\/\/enlisantfestival.com\/fr\/?s={search_term_string}\"},\"query-input\":{\"@type\":\"PropertyValueSpecification\",\"valueRequired\":true,\"valueName\":\"search_term_string\"}}],\"inLanguage\":\"fr-FR\"},{\"@type\":\"Organization\",\"@id\":\"https:\/\/enlisantfestival.com\/fr\/#organization\",\"name\":\"En Lisant festival de th\u00e9\u00e2tre\",\"url\":\"https:\/\/enlisantfestival.com\/fr\/\",\"logo\":{\"@type\":\"ImageObject\",\"inLanguage\":\"fr-FR\",\"@id\":\"https:\/\/enlisantfestival.com\/fr\/#\/schema\/logo\/image\/\",\"url\":\"https:\/\/enlisantfestival.com\/fr\/wp-content\/uploads\/2020\/09\/en-lisant-logo.png\",\"contentUrl\":\"https:\/\/enlisantfestival.com\/fr\/wp-content\/uploads\/2020\/09\/en-lisant-logo.png\",\"width\":600,\"height\":343,\"caption\":\"En Lisant festival de th\u00e9\u00e2tre\"},\"image\":{\"@id\":\"https:\/\/enlisantfestival.com\/fr\/#\/schema\/logo\/image\/\"}},{\"@type\":\"Person\",\"@id\":\"https:\/\/enlisantfestival.com\/fr\/#\/schema\/person\/87e9b7267113e8db5ef729658a5440e4\",\"name\":\"lionel\",\"image\":{\"@type\":\"ImageObject\",\"inLanguage\":\"fr-FR\",\"@id\":\"https:\/\/enlisantfestival.com\/fr\/#\/schema\/person\/image\/\",\"url\":\"https:\/\/secure.gravatar.com\/avatar\/0361bef51de40b6b2e5c0d693a6d8f9c483d0ca194576592d0168a26c347ce45?s=96&d=mm&r=g\",\"contentUrl\":\"https:\/\/secure.gravatar.com\/avatar\/0361bef51de40b6b2e5c0d693a6d8f9c483d0ca194576592d0168a26c347ce45?s=96&d=mm&r=g\",\"caption\":\"lionel\"},\"url\":\"https:\/\/enlisantfestival.com\/fr\/author\/lionel\/\"}]}<\/script>\n<!-- \/ Yoast SEO plugin. -->","yoast_head_json":{"title":"Clorette Jacinthe : une com\u00e9dienne hors norme - En Lisant festival de th\u00e9\u00e2tre","robots":{"index":"index","follow":"follow","max-snippet":"max-snippet:-1","max-image-preview":"max-image-preview:large","max-video-preview":"max-video-preview:-1"},"canonical":"https:\/\/enlisantfestival.com\/fr\/clorette-jacinthe-une-comedienne-hors-norme\/","og_locale":"fr_FR","og_type":"article","og_title":"Clorette Jacinthe : une com\u00e9dienne hors norme - En Lisant festival de th\u00e9\u00e2tre","og_description":"Clorette Jacinthe est com\u00e9dienne, depuis bient\u00f4t deux d\u00e9cennies. \u00a0Son parcours est on ne peut plus impressionnant. \u00c9galement publiciste et actrice de cin\u00e9ma, cette com\u00e9dienne hors norme est pass\u00e9e de sa passion pour\u00a0la musique \u00e0 celle du th\u00e9\u00e2tre. Ce qui en quelque sorte laisse entendre la dimension musicale du th\u00e9\u00e2tre, cet art total qui englobe la musique, la danse, le chant et tant d\u2019autres formes artistiques.","og_url":"https:\/\/enlisantfestival.com\/fr\/clorette-jacinthe-une-comedienne-hors-norme\/","og_site_name":"En Lisant festival de th\u00e9\u00e2tre","article_published_time":"2022-10-25T15:48:26+00:00","article_modified_time":"2022-10-25T15:52:22+00:00","og_image":[{"width":1875,"height":1250,"url":"https:\/\/enlisantfestival.com\/fr\/wp-content\/uploads\/2022\/10\/IMG-8372.jpg","type":"image\/jpeg"}],"author":"lionel","twitter_card":"summary_large_image","twitter_misc":{"\u00c9crit par":"lionel","Dur\u00e9e de lecture estim\u00e9e":"9 minutes"},"schema":{"@context":"https:\/\/schema.org","@graph":[{"@type":"Article","@id":"https:\/\/enlisantfestival.com\/fr\/clorette-jacinthe-une-comedienne-hors-norme\/#article","isPartOf":{"@id":"https:\/\/enlisantfestival.com\/fr\/clorette-jacinthe-une-comedienne-hors-norme\/"},"author":{"name":"lionel","@id":"https:\/\/enlisantfestival.com\/fr\/#\/schema\/person\/87e9b7267113e8db5ef729658a5440e4"},"headline":"Clorette Jacinthe : une com\u00e9dienne hors norme","datePublished":"2022-10-25T15:48:26+00:00","dateModified":"2022-10-25T15:52:22+00:00","mainEntityOfPage":{"@id":"https:\/\/enlisantfestival.com\/fr\/clorette-jacinthe-une-comedienne-hors-norme\/"},"wordCount":1878,"commentCount":0,"publisher":{"@id":"https:\/\/enlisantfestival.com\/fr\/#organization"},"image":{"@id":"https:\/\/enlisantfestival.com\/fr\/clorette-jacinthe-une-comedienne-hors-norme\/#primaryimage"},"thumbnailUrl":"https:\/\/enlisantfestival.com\/fr\/wp-content\/uploads\/2022\/10\/IMG-8372.jpg","articleSection":["Le journal d'En Lisant"],"inLanguage":"fr-FR","potentialAction":[{"@type":"CommentAction","name":"Comment","target":["https:\/\/enlisantfestival.com\/fr\/clorette-jacinthe-une-comedienne-hors-norme\/#respond"]}]},{"@type":"WebPage","@id":"https:\/\/enlisantfestival.com\/fr\/clorette-jacinthe-une-comedienne-hors-norme\/","url":"https:\/\/enlisantfestival.com\/fr\/clorette-jacinthe-une-comedienne-hors-norme\/","name":"Clorette Jacinthe : une com\u00e9dienne hors norme - En Lisant festival de th\u00e9\u00e2tre","isPartOf":{"@id":"https:\/\/enlisantfestival.com\/fr\/#website"},"primaryImageOfPage":{"@id":"https:\/\/enlisantfestival.com\/fr\/clorette-jacinthe-une-comedienne-hors-norme\/#primaryimage"},"image":{"@id":"https:\/\/enlisantfestival.com\/fr\/clorette-jacinthe-une-comedienne-hors-norme\/#primaryimage"},"thumbnailUrl":"https:\/\/enlisantfestival.com\/fr\/wp-content\/uploads\/2022\/10\/IMG-8372.jpg","datePublished":"2022-10-25T15:48:26+00:00","dateModified":"2022-10-25T15:52:22+00:00","breadcrumb":{"@id":"https:\/\/enlisantfestival.com\/fr\/clorette-jacinthe-une-comedienne-hors-norme\/#breadcrumb"},"inLanguage":"fr-FR","potentialAction":[{"@type":"ReadAction","target":["https:\/\/enlisantfestival.com\/fr\/clorette-jacinthe-une-comedienne-hors-norme\/"]}]},{"@type":"ImageObject","inLanguage":"fr-FR","@id":"https:\/\/enlisantfestival.com\/fr\/clorette-jacinthe-une-comedienne-hors-norme\/#primaryimage","url":"https:\/\/enlisantfestival.com\/fr\/wp-content\/uploads\/2022\/10\/IMG-8372.jpg","contentUrl":"https:\/\/enlisantfestival.com\/fr\/wp-content\/uploads\/2022\/10\/IMG-8372.jpg","width":1875,"height":1250},{"@type":"BreadcrumbList","@id":"https:\/\/enlisantfestival.com\/fr\/clorette-jacinthe-une-comedienne-hors-norme\/#breadcrumb","itemListElement":[{"@type":"ListItem","position":1,"name":"Accueil","item":"https:\/\/enlisantfestival.com\/fr\/"},{"@type":"ListItem","position":2,"name":"Clorette Jacinthe : une com\u00e9dienne hors norme"}]},{"@type":"WebSite","@id":"https:\/\/enlisantfestival.com\/fr\/#website","url":"https:\/\/enlisantfestival.com\/fr\/","name":"En Lisant festival de th\u00e9\u00e2tre","description":"","publisher":{"@id":"https:\/\/enlisantfestival.com\/fr\/#organization"},"potentialAction":[{"@type":"SearchAction","target":{"@type":"EntryPoint","urlTemplate":"https:\/\/enlisantfestival.com\/fr\/?s={search_term_string}"},"query-input":{"@type":"PropertyValueSpecification","valueRequired":true,"valueName":"search_term_string"}}],"inLanguage":"fr-FR"},{"@type":"Organization","@id":"https:\/\/enlisantfestival.com\/fr\/#organization","name":"En Lisant festival de th\u00e9\u00e2tre","url":"https:\/\/enlisantfestival.com\/fr\/","logo":{"@type":"ImageObject","inLanguage":"fr-FR","@id":"https:\/\/enlisantfestival.com\/fr\/#\/schema\/logo\/image\/","url":"https:\/\/enlisantfestival.com\/fr\/wp-content\/uploads\/2020\/09\/en-lisant-logo.png","contentUrl":"https:\/\/enlisantfestival.com\/fr\/wp-content\/uploads\/2020\/09\/en-lisant-logo.png","width":600,"height":343,"caption":"En Lisant festival de th\u00e9\u00e2tre"},"image":{"@id":"https:\/\/enlisantfestival.com\/fr\/#\/schema\/logo\/image\/"}},{"@type":"Person","@id":"https:\/\/enlisantfestival.com\/fr\/#\/schema\/person\/87e9b7267113e8db5ef729658a5440e4","name":"lionel","image":{"@type":"ImageObject","inLanguage":"fr-FR","@id":"https:\/\/enlisantfestival.com\/fr\/#\/schema\/person\/image\/","url":"https:\/\/secure.gravatar.com\/avatar\/0361bef51de40b6b2e5c0d693a6d8f9c483d0ca194576592d0168a26c347ce45?s=96&d=mm&r=g","contentUrl":"https:\/\/secure.gravatar.com\/avatar\/0361bef51de40b6b2e5c0d693a6d8f9c483d0ca194576592d0168a26c347ce45?s=96&d=mm&r=g","caption":"lionel"},"url":"https:\/\/enlisantfestival.com\/fr\/author\/lionel\/"}]}},"_links":{"self":[{"href":"https:\/\/enlisantfestival.com\/fr\/wp-json\/wp\/v2\/posts\/4088","targetHints":{"allow":["GET"]}}],"collection":[{"href":"https:\/\/enlisantfestival.com\/fr\/wp-json\/wp\/v2\/posts"}],"about":[{"href":"https:\/\/enlisantfestival.com\/fr\/wp-json\/wp\/v2\/types\/post"}],"author":[{"embeddable":true,"href":"https:\/\/enlisantfestival.com\/fr\/wp-json\/wp\/v2\/users\/1"}],"replies":[{"embeddable":true,"href":"https:\/\/enlisantfestival.com\/fr\/wp-json\/wp\/v2\/comments?post=4088"}],"version-history":[{"count":2,"href":"https:\/\/enlisantfestival.com\/fr\/wp-json\/wp\/v2\/posts\/4088\/revisions"}],"predecessor-version":[{"id":4093,"href":"https:\/\/enlisantfestival.com\/fr\/wp-json\/wp\/v2\/posts\/4088\/revisions\/4093"}],"wp:featuredmedia":[{"embeddable":true,"href":"https:\/\/enlisantfestival.com\/fr\/wp-json\/wp\/v2\/media\/4089"}],"wp:attachment":[{"href":"https:\/\/enlisantfestival.com\/fr\/wp-json\/wp\/v2\/media?parent=4088"}],"wp:term":[{"taxonomy":"category","embeddable":true,"href":"https:\/\/enlisantfestival.com\/fr\/wp-json\/wp\/v2\/categories?post=4088"},{"taxonomy":"post_tag","embeddable":true,"href":"https:\/\/enlisantfestival.com\/fr\/wp-json\/wp\/v2\/tags?post=4088"}],"curies":[{"name":"wp","href":"https:\/\/api.w.org\/{rel}","templated":true}]}}