{"id":4103,"date":"2022-12-01T23:58:47","date_gmt":"2022-12-01T22:58:47","guid":{"rendered":"https:\/\/enlisantfestival.com\/fr\/?p=4103"},"modified":"2022-12-01T23:58:47","modified_gmt":"2022-12-01T22:58:47","slug":"john-vanyan-metteur-en-scene-de-lart-total","status":"publish","type":"post","link":"https:\/\/enlisantfestival.com\/fr\/john-vanyan-metteur-en-scene-de-lart-total\/","title":{"rendered":"John Vanyan: metteur en sc\u00e8ne de l\u2019Art total"},"content":{"rendered":"<p style=\"text-align: justify;\">John Vanyan est com\u00e9dien, metteur en sc\u00e8ne et directeur artistique de la compagnie Palto Vanyan qui a f\u00eat\u00e9, en septembre 2022, ses quinze ans d\u2019existence dans le paysage culturel ha\u00eftien.<\/p>\n<p style=\"text-align: justify;\">Il est n\u00e9 le 3 septembre \u00e0 1973, \u00e0 Port-au-Prince, \u00e0 Bel-Air. L\u2019une de ses particularit\u00e9s comme metteur en sc\u00e8ne dont il peut s\u2019enorgueillir, c\u2019est son go\u00fbt immod\u00e9r\u00e9 pour les textes cr\u00e9oles. M\u00eame s\u2019il a mis en sc\u00e8ne diverses pi\u00e8ces en fran\u00e7ais, mais ses repr\u00e9sentations r\u00e9p\u00e9titives en langue cr\u00e9ole le d\u00e9marque des autres et lui donne, du m\u00eame coup, une marque de fabrique. Une patte, comme on dit.<\/p>\n<p style=\"text-align: justify;\">Avec Palto Vanyan, John a mis en sc\u00e8ne des pi\u00e8ces th\u00e9\u00e2trales, des com\u00e9dies musicales, des feuilletons. Il y a toujours et toujours la pr\u00e9sence du texte, du chant et de la danse dans ses repr\u00e9sentations, ce qu\u2019il appelle lui-m\u00eame un \u00ab art total \u00bb.<\/p>\n<p style=\"text-align: justify;\"><strong>\u00a0<\/strong><\/p>\n<p style=\"text-align: justify;\"><strong>De l\u2019Art, totalement<\/strong><\/p>\n<p style=\"text-align: justify;\">\n<p style=\"text-align: justify;\">La premi\u00e8re curiosit\u00e9, lorsqu\u2019on est en pr\u00e9sence de John Vanyan, consiste \u00e0 lui demander pourquoi met-il en sc\u00e8ne un \u00ab art total \u00bb. Sa r\u00e9ponse est limpide : \u00ab\u00a0Palto Vanyan offre aux amants des arts Vivants une forme de th\u00e9\u00e2tre Total avec la mise en commun des disciplines comme le th\u00e9\u00e2tre comme toile de fond, la danse, la musique et le chant.\u00a0 En plus de la symbiose de ces disciplines, le th\u00e9\u00e2tre de\u00a0Palto est total par l\u2019adoption\u00a0d\u2019une approche Multi Genre. Ainsi, dans les cr\u00e9ations de La Compagnie, les connaisseurs ont l\u2019opportunit\u00e9 d\u2019avoir simultan\u00e9ment des jeux qui expriment l\u2019int\u00e9riorit\u00e9 et la cr\u00e9dibilit\u00e9 des personnages\u00a0Stanislavkiens, l\u2019imaginaire et le choc exhibitionniste, l\u2019engagement social de Berthold Bretch. les jeux du Corps et de l\u2019\u00e2me de Grotowsky , le jeu dynamique et participatif d\u2019Augusto Boal, pour ne citer que ceux-l\u00e0 .\u00a0 Ainsi le th\u00e9\u00e2tre total de Palto est multi genre et pluri disciplinaire\u00bb<\/p>\n<p style=\"text-align: justify;\">John Vanyan est quelques fois un homme laconique. Il ne fait pas de phrases fleuves pour signifier son rapport au th\u00e9\u00e2tre et \u00e0 la chose th\u00e9\u00e2trale. \u00abEn vrai, r\u00e9pond-il, le th\u00e9\u00e2tre m\u2019a permis d\u2019\u00eatre utile \u00e0 la soci\u00e9t\u00e9, de donner une alternative \u00e0 des jeunes talentueux d\u00e9laiss\u00e9s des quartiers Modestes par le biais de ma compagnie Palto Vanyan qui vient de f\u00eater ses 15 ans d\u2019existence\u00bb. \u00ab Aussi, le th\u00e9\u00e2tre, pour moi, est la principale arme de combat pour affirmer ma conviction et mon savoir-faire Artistique face \u00e2 l\u2019arrogance des Nantis qui veulent tout privatiser. Le Th\u00e9\u00e2tre m\u2019offre aussi\u00a0l\u2019opportunit\u00e9 d\u2019aider les citoyens \u00e0 r\u00eaver du paradis commun, \u00e0 prendre conscience et se rebeller contre le statut quo \u00bb.<\/p>\n<p style=\"text-align: justify;\"><img fetchpriority=\"high\" decoding=\"async\" class=\"alignnone wp-image-4105 size-large\" src=\"https:\/\/enlisantfestival.com\/fr\/wp-content\/uploads\/2022\/12\/Jhon-Vanyan-2-1024x683.jpg\" alt=\"\" width=\"1024\" height=\"683\" srcset=\"https:\/\/enlisantfestival.com\/fr\/wp-content\/uploads\/2022\/12\/Jhon-Vanyan-2-1024x683.jpg 1024w, https:\/\/enlisantfestival.com\/fr\/wp-content\/uploads\/2022\/12\/Jhon-Vanyan-2-300x200.jpg 300w, https:\/\/enlisantfestival.com\/fr\/wp-content\/uploads\/2022\/12\/Jhon-Vanyan-2-768x512.jpg 768w, https:\/\/enlisantfestival.com\/fr\/wp-content\/uploads\/2022\/12\/Jhon-Vanyan-2-1536x1024.jpg 1536w, https:\/\/enlisantfestival.com\/fr\/wp-content\/uploads\/2022\/12\/Jhon-Vanyan-2-2048x1365.jpg 2048w\" sizes=\"(max-width: 1024px) 100vw, 1024px\" \/><\/p>\n<p style=\"text-align: justify;\">Il est fort probable que son rapport visc\u00e9ral au th\u00e9\u00e2tre vienne de son p\u00e8re. Il explique avec des mots qui ne font pas dans la demi-mesure : \u00ab\u00a0J\u2019ai pris mes premi\u00e8res notions avec mon p\u00e8re qui \u00e9tait aussi un bon acteur, puis j\u2019ai eu plusieurs s\u00e9minaires avec Daniel Marcelin \u00e0 l\u2019ENARTS, Syto Cav\u00e9, Lobo Djab Avadra, Jean Cajou et une autre formation \u00e0 l&#8217;ENARTS avec l \u2018acteur Ha\u00eftien- Am\u00e9ricain, Patrick Rameau, en gestion sc\u00e9nique et mise en Sc\u00e8ne. Comme support \u00e0 mon m\u00e9tier, j\u2019ai suivi des cours\u00a0d\u2019\u00e9criture et d\u2019expression orale avanc\u00e9e \u00e0 l\u2019institut Fran\u00e7ais d\u2019Ha\u00efti \u00bb. Et ce n\u2019est pas tout, car par le biais de sa troupe MACBA, au Bel air, Vanyan animait\u00a0les r\u00e9p\u00e9titions tous les Week-end avec les\u00a0jeunes com\u00e9diens, danseurs et chanteurs. Puis, il avait d\u00e9j\u00e0 opt\u00e9 pour l\u2019ethno drame, un th\u00e9\u00e2tre riche avec de la danse folklorique et des chants traditionnels inspir\u00e9s du vodou Ha\u00eftien. \u00ab En remarquant l\u2019int\u00e9r\u00eat manifeste que j\u2019avais affich\u00e9 dans les s\u00e9ances de travail, mon p\u00e8re m\u2019a propos\u00e9 un r\u00f4le de figurant dans l\u2019une de ses pi\u00e8ces, Auto Minuit. C\u2019est ainsi que j\u2019ai foul\u00e9 pour la premi\u00e8re fois les planch\u00e9s de l\u2019auditorium de\u00a0St Louis Gonzague et j\u2019avais 13 ans \u00e0 l\u2019\u00e9poque \u00bb.<\/p>\n<p style=\"text-align: justify;\"><strong>\u00a0<\/strong><\/p>\n<p style=\"text-align: justify;\"><strong>Une expression de l\u2019\u00e2me humaine<\/strong><\/p>\n<p style=\"text-align: justify;\">\n<p style=\"text-align: justify;\">Cet homme pour qui \u00ab le th\u00e9\u00e2tre est la meilleure expression de l\u2019\u00e2me humaine sur sc\u00e8ne \u00bb, deux \u00e9l\u00e9ments ont servi de d\u00e9clencheurs dans son parcours th\u00e9\u00e2tral.\u00a0 \u00ab\u00a0Le premier fut ma rencontre avec mes camardes artistes progressistes en 1991\u00a0de la troupe Bourad comptait Wooly St Louis , Olsen Jean Julien , Fritzberg Jeannot et Bedford Valex, pour ne citer que ceux-l\u00e0. Une troupe que le po\u00e8te Georges Castera a beaucoup support\u00e9. Le deuxi\u00e8me \u00e9l\u00e9ment fut ma premi\u00e8re mise an sc\u00e8ne avec Palto Vanyan au Rex th\u00e9\u00e2tre avec la pi\u00e8ce\u00a0\u00ab\u00a0Zonbi reveye m\u00f2 Nan zile a\u00bb,\u00a0 qu\u2019on a jou\u00e9e devant une salle de pr\u00e8s de mille spectateurs en 2008 \u00bb.<\/p>\n<p style=\"text-align: justify;\">Disciple de Bertolt Brecht et de Stanislavski, sur sc\u00e8ne, il balance entre et le r\u00e9el et l\u2019imaginaire pour toucher les c\u0153urs des grands, des petits, des blancs, des noirs, des croyants, des Ath\u00e9es, des homos, heteros\u00a0etc., dit-il.<\/p>\n<p style=\"text-align: justify;\">Cette expression de l\u2019\u00e2me humaine que pr\u00e9sente le th\u00e9\u00e2tre se mat\u00e9rialise en langue cr\u00e9ole, dans beaucoup de ses repr\u00e9sentations : \u00ab Palto Vanyan utilise des textes fran\u00e7ais. Certaines de nos cr\u00e9ations ont plus de contenus en fran\u00e7ais, mais dans le cadre du combat pour la vulgarisation du patrimoine culturel des ha\u00eftiens, je pense que le cr\u00e9ole est un \u00e9l\u00e9ment important pour tous les ha\u00eftiens et surtout pour les artistes ha\u00eftiens \u00bb.<\/p>\n<p style=\"text-align: justify;\"><strong>\u00a0<\/strong><\/p>\n<p style=\"text-align: justify;\"><strong>Et puis, tout le reste est th\u00e9\u00e2tre<\/strong><\/p>\n<p style=\"text-align: justify;\"><strong>\u00a0<\/strong><\/p>\n<p style=\"text-align: justify;\">John Vanyan, qui a fait ses \u00e9tudes secondaires jusqu\u2019au terminal\u00a0au lyc\u00e9e Alexandre P\u00e9tion et qui a pass\u00e9 5 ans \u00e0 l\u2019institut Fran\u00e7ais (delf, dalf, Atelier expression \u00e9crite et Orale Avanc\u00e9e, Histoire de l\u2019art), est hant\u00e9 par quelque chose qui s\u2019appelle la sc\u00e8ne et l\u2019\u00e9criture. \u00ab A part le th\u00e9\u00e2tre et les arts de la sc\u00e8ne, en g\u00e9n\u00e9ral, l\u2019\u00e9criture m\u2019a hant\u00e9 l\u2019esprit depuis mon enfance. Je suis un fou de la po\u00e9sie, car je suis aussi po\u00e8te. Mon premier\u00a0livre de po\u00e9sie\u00a0 \u00a0va sortir sous peu \u00bb, confie-t-il, ajoutant au passage l\u2019id\u00e9e selon laquelle pour se lancer dans le m\u00e9tier de la sc\u00e8ne, il faut avant tout le vivre comme une passion, mais aussi \u00eatre disciplin\u00e9 et travailler \u00e0 fond pour devenir un professionnel.<\/p>\n<p style=\"text-align: justify;\">Avec d\u2019autres formations tr\u00e8s pointues, l\u2019une en politique Culturelle, en France et une l\u2019autre en \u00c9ducation \u00e0 Citoyennet\u00e9, en Suisse, John, (Fritz Evens Mo\u00efse, de son vrai nom), est l\u2019une de nos grandes ressources culturelles. Ses plus grands succ\u00e8s en mise en sc\u00e8ne, s\u2019il faut en croire ses propos, sont \u00ab La d\u00e9rive du Roi \u00bb, \u00ab Antigone \u00bb, \u00ab\u00a0Manno mania \u00bb, \u00ab\u00a04 kout baget \u00bb et \u00ab\u00a0zonbi reveye m\u00f2 nan zile a \u00bb. Il n\u2019a pas mal de grands projets en cours comm un Album de Com\u00e9die musicale avec Palto avec des clips \u00e0 l\u2019appui, des tourn\u00e9es en perspective, deux livres de po\u00e9sies et plusieurs grands spectacles de th\u00e9\u00e2tre total\u00a0\u00e0 venir.<\/p>\n<p style=\"text-align: justify;\">Et comme son pseudonyme l\u2019indique, John Vanyan est une forme de vaillance culturelle et artistique dans un pays o\u00f9 les institutions culturelles souffrent de p\u00e9rennisation et de patrimonialisation\u00a0: chapeau, Monsieur, et merci pour ce palto vaillant qui prot\u00e8ge du vent et de la pluie dans un pays cyclonique comme le n\u00f4tre.<\/p>\n<p style=\"text-align: justify;\">\n<p style=\"text-align: justify;\">Carl-Henry Pierre<\/p>\n<p style=\"text-align: justify;\"><strong>\u00a0<\/strong><\/p>\n<p style=\"text-align: justify;\"><strong>Vue de son parcours de metteur en scene<\/strong>:<\/p>\n<ul style=\"text-align: justify;\">\n<li>2008, \u00a0Zonbi reveye M\u00f2 ,Karako Vanyan<\/li>\n<li>2009, La d\u00e9rive du roi Suisse, Karako Vanyan<\/li>\n<li>2013 , l Balayeur et la rose Suisse, Com\u00e9die Musicale, Palto Vanyan<\/li>\n<li>2013,\u00a0Soley douvanjou, Palto Vanyan<\/li>\n<li>2014, Antigone, PALTO VANYAN<\/li>\n<li>2016, Haiti Chante ses divas, Com\u00e9die musicale, Marriot<\/li>\n<li>2017 , La Famille Transition, Comedie<\/li>\n<li>2017,\u00a0Ann Gade tet Nou, Palto Vanyan<\/li>\n<li>2020,\u00a0Mannomania, Com\u00e9die musicale<\/li>\n<li>2022,\u00a04 KOUT BAGET POU REVEYE JAK SOLEY de SONSON MATHURIN<\/li>\n<li>2022,\u00a0 REL PRIZON<\/li>\n<\/ul>\n<p style=\"text-align: justify;\">\n","protected":false},"excerpt":{"rendered":"<p>John Vanyan est com\u00e9dien, metteur en sc\u00e8ne et directeur artistique de la compagnie Palto Vanyan qui a f\u00eat\u00e9, en septembre 2022, ses quinze ans d\u2019existence dans le paysage culturel ha\u00eftien.<\/p>\n","protected":false},"author":1,"featured_media":4104,"comment_status":"open","ping_status":"open","sticky":false,"template":"","format":"standard","meta":{"_FSMCFIC_featured_image_caption":"","_FSMCFIC_featured_image_nocaption":"","_FSMCFIC_featured_image_hide":"","footnotes":""},"categories":[104],"tags":[],"class_list":["post-4103","post","type-post","status-publish","format-standard","has-post-thumbnail","hentry","category-le-journal-d-en-lisant"],"yoast_head":"<!-- This site is optimized with the Yoast SEO plugin v27.0 - https:\/\/yoast.com\/product\/yoast-seo-wordpress\/ -->\n<title>John Vanyan: metteur en sc\u00e8ne de l\u2019Art total - En Lisant festival de th\u00e9\u00e2tre<\/title>\n<meta name=\"robots\" content=\"index, follow, max-snippet:-1, max-image-preview:large, max-video-preview:-1\" \/>\n<link rel=\"canonical\" href=\"https:\/\/enlisantfestival.com\/fr\/john-vanyan-metteur-en-scene-de-lart-total\/\" \/>\n<meta property=\"og:locale\" content=\"fr_FR\" \/>\n<meta property=\"og:type\" content=\"article\" \/>\n<meta property=\"og:title\" content=\"John Vanyan: metteur en sc\u00e8ne de l\u2019Art total - En Lisant festival de th\u00e9\u00e2tre\" \/>\n<meta property=\"og:description\" content=\"John Vanyan est com\u00e9dien, metteur en sc\u00e8ne et directeur artistique de la compagnie Palto Vanyan qui a f\u00eat\u00e9, en septembre 2022, ses quinze ans d\u2019existence dans le paysage culturel ha\u00eftien.\" \/>\n<meta property=\"og:url\" content=\"https:\/\/enlisantfestival.com\/fr\/john-vanyan-metteur-en-scene-de-lart-total\/\" \/>\n<meta property=\"og:site_name\" content=\"En Lisant festival de th\u00e9\u00e2tre\" \/>\n<meta property=\"article:published_time\" content=\"2022-12-01T22:58:47+00:00\" \/>\n<meta property=\"og:image\" content=\"https:\/\/enlisantfestival.com\/fr\/wp-content\/uploads\/2022\/12\/Jhon-Vanyan-1-scaled.jpg\" \/>\n\t<meta property=\"og:image:width\" content=\"2560\" \/>\n\t<meta property=\"og:image:height\" content=\"1707\" \/>\n\t<meta property=\"og:image:type\" content=\"image\/jpeg\" \/>\n<meta name=\"author\" content=\"lionel\" \/>\n<meta name=\"twitter:card\" content=\"summary_large_image\" \/>\n<meta name=\"twitter:label1\" content=\"\u00c9crit par\" \/>\n\t<meta name=\"twitter:data1\" content=\"lionel\" \/>\n\t<meta name=\"twitter:label2\" content=\"Dur\u00e9e de lecture estim\u00e9e\" \/>\n\t<meta name=\"twitter:data2\" content=\"7 minutes\" \/>\n<script type=\"application\/ld+json\" class=\"yoast-schema-graph\">{\"@context\":\"https:\/\/schema.org\",\"@graph\":[{\"@type\":\"Article\",\"@id\":\"https:\/\/enlisantfestival.com\/fr\/john-vanyan-metteur-en-scene-de-lart-total\/#article\",\"isPartOf\":{\"@id\":\"https:\/\/enlisantfestival.com\/fr\/john-vanyan-metteur-en-scene-de-lart-total\/\"},\"author\":{\"name\":\"lionel\",\"@id\":\"https:\/\/enlisantfestival.com\/fr\/#\/schema\/person\/87e9b7267113e8db5ef729658a5440e4\"},\"headline\":\"John Vanyan: metteur en sc\u00e8ne de l\u2019Art total\",\"datePublished\":\"2022-12-01T22:58:47+00:00\",\"mainEntityOfPage\":{\"@id\":\"https:\/\/enlisantfestival.com\/fr\/john-vanyan-metteur-en-scene-de-lart-total\/\"},\"wordCount\":1364,\"commentCount\":0,\"publisher\":{\"@id\":\"https:\/\/enlisantfestival.com\/fr\/#organization\"},\"image\":{\"@id\":\"https:\/\/enlisantfestival.com\/fr\/john-vanyan-metteur-en-scene-de-lart-total\/#primaryimage\"},\"thumbnailUrl\":\"https:\/\/enlisantfestival.com\/fr\/wp-content\/uploads\/2022\/12\/Jhon-Vanyan-1-scaled.jpg\",\"articleSection\":[\"Le journal d'En Lisant\"],\"inLanguage\":\"fr-FR\",\"potentialAction\":[{\"@type\":\"CommentAction\",\"name\":\"Comment\",\"target\":[\"https:\/\/enlisantfestival.com\/fr\/john-vanyan-metteur-en-scene-de-lart-total\/#respond\"]}]},{\"@type\":\"WebPage\",\"@id\":\"https:\/\/enlisantfestival.com\/fr\/john-vanyan-metteur-en-scene-de-lart-total\/\",\"url\":\"https:\/\/enlisantfestival.com\/fr\/john-vanyan-metteur-en-scene-de-lart-total\/\",\"name\":\"John Vanyan: metteur en sc\u00e8ne de l\u2019Art total - En Lisant festival de th\u00e9\u00e2tre\",\"isPartOf\":{\"@id\":\"https:\/\/enlisantfestival.com\/fr\/#website\"},\"primaryImageOfPage\":{\"@id\":\"https:\/\/enlisantfestival.com\/fr\/john-vanyan-metteur-en-scene-de-lart-total\/#primaryimage\"},\"image\":{\"@id\":\"https:\/\/enlisantfestival.com\/fr\/john-vanyan-metteur-en-scene-de-lart-total\/#primaryimage\"},\"thumbnailUrl\":\"https:\/\/enlisantfestival.com\/fr\/wp-content\/uploads\/2022\/12\/Jhon-Vanyan-1-scaled.jpg\",\"datePublished\":\"2022-12-01T22:58:47+00:00\",\"breadcrumb\":{\"@id\":\"https:\/\/enlisantfestival.com\/fr\/john-vanyan-metteur-en-scene-de-lart-total\/#breadcrumb\"},\"inLanguage\":\"fr-FR\",\"potentialAction\":[{\"@type\":\"ReadAction\",\"target\":[\"https:\/\/enlisantfestival.com\/fr\/john-vanyan-metteur-en-scene-de-lart-total\/\"]}]},{\"@type\":\"ImageObject\",\"inLanguage\":\"fr-FR\",\"@id\":\"https:\/\/enlisantfestival.com\/fr\/john-vanyan-metteur-en-scene-de-lart-total\/#primaryimage\",\"url\":\"https:\/\/enlisantfestival.com\/fr\/wp-content\/uploads\/2022\/12\/Jhon-Vanyan-1-scaled.jpg\",\"contentUrl\":\"https:\/\/enlisantfestival.com\/fr\/wp-content\/uploads\/2022\/12\/Jhon-Vanyan-1-scaled.jpg\",\"width\":2560,\"height\":1707},{\"@type\":\"BreadcrumbList\",\"@id\":\"https:\/\/enlisantfestival.com\/fr\/john-vanyan-metteur-en-scene-de-lart-total\/#breadcrumb\",\"itemListElement\":[{\"@type\":\"ListItem\",\"position\":1,\"name\":\"Accueil\",\"item\":\"https:\/\/enlisantfestival.com\/fr\/\"},{\"@type\":\"ListItem\",\"position\":2,\"name\":\"John Vanyan: metteur en sc\u00e8ne de l\u2019Art total\"}]},{\"@type\":\"WebSite\",\"@id\":\"https:\/\/enlisantfestival.com\/fr\/#website\",\"url\":\"https:\/\/enlisantfestival.com\/fr\/\",\"name\":\"En Lisant festival de th\u00e9\u00e2tre\",\"description\":\"\",\"publisher\":{\"@id\":\"https:\/\/enlisantfestival.com\/fr\/#organization\"},\"potentialAction\":[{\"@type\":\"SearchAction\",\"target\":{\"@type\":\"EntryPoint\",\"urlTemplate\":\"https:\/\/enlisantfestival.com\/fr\/?s={search_term_string}\"},\"query-input\":{\"@type\":\"PropertyValueSpecification\",\"valueRequired\":true,\"valueName\":\"search_term_string\"}}],\"inLanguage\":\"fr-FR\"},{\"@type\":\"Organization\",\"@id\":\"https:\/\/enlisantfestival.com\/fr\/#organization\",\"name\":\"En Lisant festival de th\u00e9\u00e2tre\",\"url\":\"https:\/\/enlisantfestival.com\/fr\/\",\"logo\":{\"@type\":\"ImageObject\",\"inLanguage\":\"fr-FR\",\"@id\":\"https:\/\/enlisantfestival.com\/fr\/#\/schema\/logo\/image\/\",\"url\":\"https:\/\/enlisantfestival.com\/fr\/wp-content\/uploads\/2020\/09\/en-lisant-logo.png\",\"contentUrl\":\"https:\/\/enlisantfestival.com\/fr\/wp-content\/uploads\/2020\/09\/en-lisant-logo.png\",\"width\":600,\"height\":343,\"caption\":\"En Lisant festival de th\u00e9\u00e2tre\"},\"image\":{\"@id\":\"https:\/\/enlisantfestival.com\/fr\/#\/schema\/logo\/image\/\"}},{\"@type\":\"Person\",\"@id\":\"https:\/\/enlisantfestival.com\/fr\/#\/schema\/person\/87e9b7267113e8db5ef729658a5440e4\",\"name\":\"lionel\",\"image\":{\"@type\":\"ImageObject\",\"inLanguage\":\"fr-FR\",\"@id\":\"https:\/\/enlisantfestival.com\/fr\/#\/schema\/person\/image\/\",\"url\":\"https:\/\/secure.gravatar.com\/avatar\/0361bef51de40b6b2e5c0d693a6d8f9c483d0ca194576592d0168a26c347ce45?s=96&d=mm&r=g\",\"contentUrl\":\"https:\/\/secure.gravatar.com\/avatar\/0361bef51de40b6b2e5c0d693a6d8f9c483d0ca194576592d0168a26c347ce45?s=96&d=mm&r=g\",\"caption\":\"lionel\"},\"url\":\"https:\/\/enlisantfestival.com\/fr\/author\/lionel\/\"}]}<\/script>\n<!-- \/ Yoast SEO plugin. -->","yoast_head_json":{"title":"John Vanyan: metteur en sc\u00e8ne de l\u2019Art total - En Lisant festival de th\u00e9\u00e2tre","robots":{"index":"index","follow":"follow","max-snippet":"max-snippet:-1","max-image-preview":"max-image-preview:large","max-video-preview":"max-video-preview:-1"},"canonical":"https:\/\/enlisantfestival.com\/fr\/john-vanyan-metteur-en-scene-de-lart-total\/","og_locale":"fr_FR","og_type":"article","og_title":"John Vanyan: metteur en sc\u00e8ne de l\u2019Art total - En Lisant festival de th\u00e9\u00e2tre","og_description":"John Vanyan est com\u00e9dien, metteur en sc\u00e8ne et directeur artistique de la compagnie Palto Vanyan qui a f\u00eat\u00e9, en septembre 2022, ses quinze ans d\u2019existence dans le paysage culturel ha\u00eftien.","og_url":"https:\/\/enlisantfestival.com\/fr\/john-vanyan-metteur-en-scene-de-lart-total\/","og_site_name":"En Lisant festival de th\u00e9\u00e2tre","article_published_time":"2022-12-01T22:58:47+00:00","og_image":[{"width":2560,"height":1707,"url":"https:\/\/enlisantfestival.com\/fr\/wp-content\/uploads\/2022\/12\/Jhon-Vanyan-1-scaled.jpg","type":"image\/jpeg"}],"author":"lionel","twitter_card":"summary_large_image","twitter_misc":{"\u00c9crit par":"lionel","Dur\u00e9e de lecture estim\u00e9e":"7 minutes"},"schema":{"@context":"https:\/\/schema.org","@graph":[{"@type":"Article","@id":"https:\/\/enlisantfestival.com\/fr\/john-vanyan-metteur-en-scene-de-lart-total\/#article","isPartOf":{"@id":"https:\/\/enlisantfestival.com\/fr\/john-vanyan-metteur-en-scene-de-lart-total\/"},"author":{"name":"lionel","@id":"https:\/\/enlisantfestival.com\/fr\/#\/schema\/person\/87e9b7267113e8db5ef729658a5440e4"},"headline":"John Vanyan: metteur en sc\u00e8ne de l\u2019Art total","datePublished":"2022-12-01T22:58:47+00:00","mainEntityOfPage":{"@id":"https:\/\/enlisantfestival.com\/fr\/john-vanyan-metteur-en-scene-de-lart-total\/"},"wordCount":1364,"commentCount":0,"publisher":{"@id":"https:\/\/enlisantfestival.com\/fr\/#organization"},"image":{"@id":"https:\/\/enlisantfestival.com\/fr\/john-vanyan-metteur-en-scene-de-lart-total\/#primaryimage"},"thumbnailUrl":"https:\/\/enlisantfestival.com\/fr\/wp-content\/uploads\/2022\/12\/Jhon-Vanyan-1-scaled.jpg","articleSection":["Le journal d'En Lisant"],"inLanguage":"fr-FR","potentialAction":[{"@type":"CommentAction","name":"Comment","target":["https:\/\/enlisantfestival.com\/fr\/john-vanyan-metteur-en-scene-de-lart-total\/#respond"]}]},{"@type":"WebPage","@id":"https:\/\/enlisantfestival.com\/fr\/john-vanyan-metteur-en-scene-de-lart-total\/","url":"https:\/\/enlisantfestival.com\/fr\/john-vanyan-metteur-en-scene-de-lart-total\/","name":"John Vanyan: metteur en sc\u00e8ne de l\u2019Art total - En Lisant festival de th\u00e9\u00e2tre","isPartOf":{"@id":"https:\/\/enlisantfestival.com\/fr\/#website"},"primaryImageOfPage":{"@id":"https:\/\/enlisantfestival.com\/fr\/john-vanyan-metteur-en-scene-de-lart-total\/#primaryimage"},"image":{"@id":"https:\/\/enlisantfestival.com\/fr\/john-vanyan-metteur-en-scene-de-lart-total\/#primaryimage"},"thumbnailUrl":"https:\/\/enlisantfestival.com\/fr\/wp-content\/uploads\/2022\/12\/Jhon-Vanyan-1-scaled.jpg","datePublished":"2022-12-01T22:58:47+00:00","breadcrumb":{"@id":"https:\/\/enlisantfestival.com\/fr\/john-vanyan-metteur-en-scene-de-lart-total\/#breadcrumb"},"inLanguage":"fr-FR","potentialAction":[{"@type":"ReadAction","target":["https:\/\/enlisantfestival.com\/fr\/john-vanyan-metteur-en-scene-de-lart-total\/"]}]},{"@type":"ImageObject","inLanguage":"fr-FR","@id":"https:\/\/enlisantfestival.com\/fr\/john-vanyan-metteur-en-scene-de-lart-total\/#primaryimage","url":"https:\/\/enlisantfestival.com\/fr\/wp-content\/uploads\/2022\/12\/Jhon-Vanyan-1-scaled.jpg","contentUrl":"https:\/\/enlisantfestival.com\/fr\/wp-content\/uploads\/2022\/12\/Jhon-Vanyan-1-scaled.jpg","width":2560,"height":1707},{"@type":"BreadcrumbList","@id":"https:\/\/enlisantfestival.com\/fr\/john-vanyan-metteur-en-scene-de-lart-total\/#breadcrumb","itemListElement":[{"@type":"ListItem","position":1,"name":"Accueil","item":"https:\/\/enlisantfestival.com\/fr\/"},{"@type":"ListItem","position":2,"name":"John Vanyan: metteur en sc\u00e8ne de l\u2019Art total"}]},{"@type":"WebSite","@id":"https:\/\/enlisantfestival.com\/fr\/#website","url":"https:\/\/enlisantfestival.com\/fr\/","name":"En Lisant festival de th\u00e9\u00e2tre","description":"","publisher":{"@id":"https:\/\/enlisantfestival.com\/fr\/#organization"},"potentialAction":[{"@type":"SearchAction","target":{"@type":"EntryPoint","urlTemplate":"https:\/\/enlisantfestival.com\/fr\/?s={search_term_string}"},"query-input":{"@type":"PropertyValueSpecification","valueRequired":true,"valueName":"search_term_string"}}],"inLanguage":"fr-FR"},{"@type":"Organization","@id":"https:\/\/enlisantfestival.com\/fr\/#organization","name":"En Lisant festival de th\u00e9\u00e2tre","url":"https:\/\/enlisantfestival.com\/fr\/","logo":{"@type":"ImageObject","inLanguage":"fr-FR","@id":"https:\/\/enlisantfestival.com\/fr\/#\/schema\/logo\/image\/","url":"https:\/\/enlisantfestival.com\/fr\/wp-content\/uploads\/2020\/09\/en-lisant-logo.png","contentUrl":"https:\/\/enlisantfestival.com\/fr\/wp-content\/uploads\/2020\/09\/en-lisant-logo.png","width":600,"height":343,"caption":"En Lisant festival de th\u00e9\u00e2tre"},"image":{"@id":"https:\/\/enlisantfestival.com\/fr\/#\/schema\/logo\/image\/"}},{"@type":"Person","@id":"https:\/\/enlisantfestival.com\/fr\/#\/schema\/person\/87e9b7267113e8db5ef729658a5440e4","name":"lionel","image":{"@type":"ImageObject","inLanguage":"fr-FR","@id":"https:\/\/enlisantfestival.com\/fr\/#\/schema\/person\/image\/","url":"https:\/\/secure.gravatar.com\/avatar\/0361bef51de40b6b2e5c0d693a6d8f9c483d0ca194576592d0168a26c347ce45?s=96&d=mm&r=g","contentUrl":"https:\/\/secure.gravatar.com\/avatar\/0361bef51de40b6b2e5c0d693a6d8f9c483d0ca194576592d0168a26c347ce45?s=96&d=mm&r=g","caption":"lionel"},"url":"https:\/\/enlisantfestival.com\/fr\/author\/lionel\/"}]}},"_links":{"self":[{"href":"https:\/\/enlisantfestival.com\/fr\/wp-json\/wp\/v2\/posts\/4103","targetHints":{"allow":["GET"]}}],"collection":[{"href":"https:\/\/enlisantfestival.com\/fr\/wp-json\/wp\/v2\/posts"}],"about":[{"href":"https:\/\/enlisantfestival.com\/fr\/wp-json\/wp\/v2\/types\/post"}],"author":[{"embeddable":true,"href":"https:\/\/enlisantfestival.com\/fr\/wp-json\/wp\/v2\/users\/1"}],"replies":[{"embeddable":true,"href":"https:\/\/enlisantfestival.com\/fr\/wp-json\/wp\/v2\/comments?post=4103"}],"version-history":[{"count":1,"href":"https:\/\/enlisantfestival.com\/fr\/wp-json\/wp\/v2\/posts\/4103\/revisions"}],"predecessor-version":[{"id":4106,"href":"https:\/\/enlisantfestival.com\/fr\/wp-json\/wp\/v2\/posts\/4103\/revisions\/4106"}],"wp:featuredmedia":[{"embeddable":true,"href":"https:\/\/enlisantfestival.com\/fr\/wp-json\/wp\/v2\/media\/4104"}],"wp:attachment":[{"href":"https:\/\/enlisantfestival.com\/fr\/wp-json\/wp\/v2\/media?parent=4103"}],"wp:term":[{"taxonomy":"category","embeddable":true,"href":"https:\/\/enlisantfestival.com\/fr\/wp-json\/wp\/v2\/categories?post=4103"},{"taxonomy":"post_tag","embeddable":true,"href":"https:\/\/enlisantfestival.com\/fr\/wp-json\/wp\/v2\/tags?post=4103"}],"curies":[{"name":"wp","href":"https:\/\/api.w.org\/{rel}","templated":true}]}}