{"id":4113,"date":"2022-12-10T05:51:26","date_gmt":"2022-12-10T04:51:26","guid":{"rendered":"https:\/\/enlisantfestival.com\/fr\/?p=4113"},"modified":"2022-12-10T05:51:26","modified_gmt":"2022-12-10T04:51:26","slug":"mot-de-la-direction-artistique-2","status":"publish","type":"post","link":"https:\/\/enlisantfestival.com\/fr\/mot-de-la-direction-artistique-2\/","title":{"rendered":"Mot de la direction artistique"},"content":{"rendered":"<p style=\"text-align: justify;\">Choisir d\u2019\u00e9crire du th\u00e9\u00e2tre c\u2019est prendre un risque \u00e9norme. Le th\u00e9\u00e2tre a toujours \u00e9t\u00e9 trait\u00e9 en parent pauvre. Il y a aucun doute l\u00e0-dessus. Mais Andrise a fait ce choix sans aucune h\u00e9sitation. Elle y est all\u00e9e sans d\u00e9tour. En lisant est fier d\u2019elle. Fier de ce chemin qu\u2019elle a d\u00e9cid\u00e9 de prendre. Je vois dans le th\u00e9\u00e2tre d\u2019Andrise de la force, de la clart\u00e9 et de la lucidit\u00e9. Les gens ont souvent tendance \u00e0 penser que les auteurs de th\u00e9\u00e2tre sont invisibles, qu\u2019ils ne comptent pas, qu\u2019ils n\u2019existent pas. Ils pensent que les histoires qui sont fabriqu\u00e9es et jou\u00e9es sur sc\u00e8ne sont n\u00e9es par magie. Pourtant les histoires cr\u00e9\u00e9es et repr\u00e9sent\u00e9es sur sc\u00e8ne sont le fruit de longue p\u00e9riode de travail. Ces auteurs-l\u00e0 se sacrifient pour construire ces r\u00e9cits. Et Andrise en fait partie. Ils sacrifient une part d\u2019eux-m\u00eames pour camper ces r\u00e9cits qui seront par la suite interpr\u00e9t\u00e9s par des com\u00e9dien.nes \u00e0 travers de mises en sc\u00e8ne aux qualit\u00e9s in\u00e9gales. Les auteurs jouent un r\u00f4le capital dans la perp\u00e9tuation du th\u00e9\u00e2tre. Dans l\u2019ombre, ils sont sous pay\u00e9s ou pas pay\u00e9s du tout. Dans le milieu du th\u00e9\u00e2tre ha\u00eftien, il y a cette f\u00e2cheuse tendance \u00e0 ne pas respecter les droits d\u2019auteur. Voil\u00e0 le triste v\u00e9cu des auteurs et autrices de th\u00e9\u00e2tre ha\u00eftien. C\u2019est pour cela que le festival a d\u00e9cid\u00e9 de travailler avec une autrice de la nouvelle g\u00e9n\u00e9ration. Pour envoyer un signal clair. Pour dire que le th\u00e9\u00e2tre doit tenir t\u00eate haute aux c\u00f4t\u00e9s des autres genres litt\u00e9raires.<\/p>\n<p style=\"text-align: justify;\">Ce que j\u2019aime dans l\u2019\u00e9criture d\u2019Andrise c\u2019est sa puissance, la puissance du style, la puissance des mots choisis. On est confront\u00e9 \u00e0 l\u2019histoire personnelle de l\u2019autrice. Elle prend le risque de raconter sa vie intime.\u00a0 Cette \u00e9criture part non seulement du \u00ab\u00a0je\u00a0\u00bb pour aboutir \u00e0 d\u2019autres \u00ab\u00a0je \u00bb \u2026 L\u2019imagination d\u2019Andrise ne s\u2019enferme pas \u00e0 elle mais s\u2019ouvre \u00e0 l\u2019autre. A tous ces autres qui ont connu dans leurs chair et \u00e2me la somme de toutes ces douleurs et souffrances inhumaines. Le th\u00e9\u00e2tre d\u2019Andrise est \u00e0 l\u2019\u00e9coute de toutes les violences que connaissent tous les humains et surtout les femmes. Comment \u00e9crire la violence sans \u00eatre pris dans le pi\u00e8ge de la compassion ? Enfin de compte, c\u2019est cela le th\u00e9\u00e2tre d\u2019Andrise. Le th\u00e9\u00e2tre d\u2019Andrise est une \u00e9criture th\u00e9\u00e2trale contemporaine qui nous parle. J\u2019aime bien les dramaturges qui sont en contradiction avec l\u2019art th\u00e9\u00e2tral. L\u2019art ne doit pas \u00eatre fig\u00e9. J\u2019aime bien l\u2019\u00e9criture th\u00e9\u00e2trale qui s&#8217;inscrit dans la rupture. Qui suit sa propre trajectoire. L\u2019\u00e9criture dramaturgique qui bouleverse le\/la com\u00e9dien.ne, qui secoue le\/la metteur.e en sc\u00e8ne. J\u2019aime bien les auteurs qui proposent une \u0153uvre qui est victime de malentendus. Une \u0153uvre qui est souvent m\u00e9sinterpr\u00e9t\u00e9e. Une \u0153uvre qui bouleverse les metteurs en sc\u00e8ne et les com\u00e9dien.nes mais qui sera finalement mont\u00e9e, jou\u00e9e, rejou\u00e9e des centaines et des milliers de fois. Une \u0153uvre qui ne reste pas indiff\u00e9rente aux appels d\u00e9sesp\u00e9r\u00e9s de la souffrance humaine, pour paraphraser Ren\u00e9 Depestre.<\/p>\n<p style=\"text-align: justify;\">Andrise.<\/p>\n<p style=\"text-align: justify;\">Il y a un \u00c7a, ce petit pronom d\u00e9monstratif pr\u00e9sent dans l\u2019\u00e9criture d\u2019Andrise qui me fait souvent penser au \u00c7a de Stephen King.<\/p>\n<p style=\"text-align: justify;\">Eliezer Guerisme<\/p>\n<p style=\"text-align: justify;\">Port-Au-Prince, 25 novembre 2022<\/p>\n","protected":false},"excerpt":{"rendered":"<p>Choisir d\u2019\u00e9crire du th\u00e9\u00e2tre c\u2019est prendre un risque \u00e9norme. Le th\u00e9\u00e2tre a toujours \u00e9t\u00e9 trait\u00e9 en parent pauvre. Il y a aucun doute l\u00e0-dessus. Mais Andrise a fait ce choix sans aucune h\u00e9sitation. <\/p>\n","protected":false},"author":1,"featured_media":4114,"comment_status":"open","ping_status":"open","sticky":false,"template":"","format":"standard","meta":{"_FSMCFIC_featured_image_caption":"","_FSMCFIC_featured_image_nocaption":"","_FSMCFIC_featured_image_hide":"","footnotes":""},"categories":[104],"tags":[],"class_list":["post-4113","post","type-post","status-publish","format-standard","has-post-thumbnail","hentry","category-le-journal-d-en-lisant"],"yoast_head":"<!-- This site is optimized with the Yoast SEO plugin v27.0 - https:\/\/yoast.com\/product\/yoast-seo-wordpress\/ -->\n<title>Mot de la direction artistique - En Lisant festival de th\u00e9\u00e2tre<\/title>\n<meta name=\"robots\" content=\"index, follow, max-snippet:-1, max-image-preview:large, max-video-preview:-1\" \/>\n<link rel=\"canonical\" href=\"https:\/\/enlisantfestival.com\/fr\/mot-de-la-direction-artistique-2\/\" \/>\n<meta property=\"og:locale\" content=\"fr_FR\" \/>\n<meta property=\"og:type\" content=\"article\" \/>\n<meta property=\"og:title\" content=\"Mot de la direction artistique - En Lisant festival de th\u00e9\u00e2tre\" \/>\n<meta property=\"og:description\" content=\"Choisir d\u2019\u00e9crire du th\u00e9\u00e2tre c\u2019est prendre un risque \u00e9norme. Le th\u00e9\u00e2tre a toujours \u00e9t\u00e9 trait\u00e9 en parent pauvre. Il y a aucun doute l\u00e0-dessus. Mais Andrise a fait ce choix sans aucune h\u00e9sitation.\" \/>\n<meta property=\"og:url\" content=\"https:\/\/enlisantfestival.com\/fr\/mot-de-la-direction-artistique-2\/\" \/>\n<meta property=\"og:site_name\" content=\"En Lisant festival de th\u00e9\u00e2tre\" \/>\n<meta property=\"article:published_time\" content=\"2022-12-10T04:51:26+00:00\" \/>\n<meta property=\"og:image\" content=\"https:\/\/enlisantfestival.com\/fr\/wp-content\/uploads\/2022\/12\/Eliezer-Guerisme.jpg\" \/>\n\t<meta property=\"og:image:width\" content=\"1638\" \/>\n\t<meta property=\"og:image:height\" content=\"2048\" \/>\n\t<meta property=\"og:image:type\" content=\"image\/jpeg\" \/>\n<meta name=\"author\" content=\"lionel\" \/>\n<meta name=\"twitter:card\" content=\"summary_large_image\" \/>\n<meta name=\"twitter:label1\" content=\"\u00c9crit par\" \/>\n\t<meta name=\"twitter:data1\" content=\"lionel\" \/>\n\t<meta name=\"twitter:label2\" content=\"Dur\u00e9e de lecture estim\u00e9e\" \/>\n\t<meta name=\"twitter:data2\" content=\"3 minutes\" \/>\n<script type=\"application\/ld+json\" class=\"yoast-schema-graph\">{\"@context\":\"https:\/\/schema.org\",\"@graph\":[{\"@type\":\"Article\",\"@id\":\"https:\/\/enlisantfestival.com\/fr\/mot-de-la-direction-artistique-2\/#article\",\"isPartOf\":{\"@id\":\"https:\/\/enlisantfestival.com\/fr\/mot-de-la-direction-artistique-2\/\"},\"author\":{\"name\":\"lionel\",\"@id\":\"https:\/\/enlisantfestival.com\/fr\/#\/schema\/person\/87e9b7267113e8db5ef729658a5440e4\"},\"headline\":\"Mot de la direction artistique\",\"datePublished\":\"2022-12-10T04:51:26+00:00\",\"mainEntityOfPage\":{\"@id\":\"https:\/\/enlisantfestival.com\/fr\/mot-de-la-direction-artistique-2\/\"},\"wordCount\":624,\"commentCount\":0,\"publisher\":{\"@id\":\"https:\/\/enlisantfestival.com\/fr\/#organization\"},\"image\":{\"@id\":\"https:\/\/enlisantfestival.com\/fr\/mot-de-la-direction-artistique-2\/#primaryimage\"},\"thumbnailUrl\":\"https:\/\/enlisantfestival.com\/fr\/wp-content\/uploads\/2022\/12\/Eliezer-Guerisme.jpg\",\"articleSection\":[\"Le journal d'En Lisant\"],\"inLanguage\":\"fr-FR\",\"potentialAction\":[{\"@type\":\"CommentAction\",\"name\":\"Comment\",\"target\":[\"https:\/\/enlisantfestival.com\/fr\/mot-de-la-direction-artistique-2\/#respond\"]}]},{\"@type\":\"WebPage\",\"@id\":\"https:\/\/enlisantfestival.com\/fr\/mot-de-la-direction-artistique-2\/\",\"url\":\"https:\/\/enlisantfestival.com\/fr\/mot-de-la-direction-artistique-2\/\",\"name\":\"Mot de la direction artistique - En Lisant festival de th\u00e9\u00e2tre\",\"isPartOf\":{\"@id\":\"https:\/\/enlisantfestival.com\/fr\/#website\"},\"primaryImageOfPage\":{\"@id\":\"https:\/\/enlisantfestival.com\/fr\/mot-de-la-direction-artistique-2\/#primaryimage\"},\"image\":{\"@id\":\"https:\/\/enlisantfestival.com\/fr\/mot-de-la-direction-artistique-2\/#primaryimage\"},\"thumbnailUrl\":\"https:\/\/enlisantfestival.com\/fr\/wp-content\/uploads\/2022\/12\/Eliezer-Guerisme.jpg\",\"datePublished\":\"2022-12-10T04:51:26+00:00\",\"breadcrumb\":{\"@id\":\"https:\/\/enlisantfestival.com\/fr\/mot-de-la-direction-artistique-2\/#breadcrumb\"},\"inLanguage\":\"fr-FR\",\"potentialAction\":[{\"@type\":\"ReadAction\",\"target\":[\"https:\/\/enlisantfestival.com\/fr\/mot-de-la-direction-artistique-2\/\"]}]},{\"@type\":\"ImageObject\",\"inLanguage\":\"fr-FR\",\"@id\":\"https:\/\/enlisantfestival.com\/fr\/mot-de-la-direction-artistique-2\/#primaryimage\",\"url\":\"https:\/\/enlisantfestival.com\/fr\/wp-content\/uploads\/2022\/12\/Eliezer-Guerisme.jpg\",\"contentUrl\":\"https:\/\/enlisantfestival.com\/fr\/wp-content\/uploads\/2022\/12\/Eliezer-Guerisme.jpg\",\"width\":1638,\"height\":2048},{\"@type\":\"BreadcrumbList\",\"@id\":\"https:\/\/enlisantfestival.com\/fr\/mot-de-la-direction-artistique-2\/#breadcrumb\",\"itemListElement\":[{\"@type\":\"ListItem\",\"position\":1,\"name\":\"Accueil\",\"item\":\"https:\/\/enlisantfestival.com\/fr\/\"},{\"@type\":\"ListItem\",\"position\":2,\"name\":\"Mot de la direction artistique\"}]},{\"@type\":\"WebSite\",\"@id\":\"https:\/\/enlisantfestival.com\/fr\/#website\",\"url\":\"https:\/\/enlisantfestival.com\/fr\/\",\"name\":\"En Lisant festival de th\u00e9\u00e2tre\",\"description\":\"\",\"publisher\":{\"@id\":\"https:\/\/enlisantfestival.com\/fr\/#organization\"},\"potentialAction\":[{\"@type\":\"SearchAction\",\"target\":{\"@type\":\"EntryPoint\",\"urlTemplate\":\"https:\/\/enlisantfestival.com\/fr\/?s={search_term_string}\"},\"query-input\":{\"@type\":\"PropertyValueSpecification\",\"valueRequired\":true,\"valueName\":\"search_term_string\"}}],\"inLanguage\":\"fr-FR\"},{\"@type\":\"Organization\",\"@id\":\"https:\/\/enlisantfestival.com\/fr\/#organization\",\"name\":\"En Lisant festival de th\u00e9\u00e2tre\",\"url\":\"https:\/\/enlisantfestival.com\/fr\/\",\"logo\":{\"@type\":\"ImageObject\",\"inLanguage\":\"fr-FR\",\"@id\":\"https:\/\/enlisantfestival.com\/fr\/#\/schema\/logo\/image\/\",\"url\":\"https:\/\/enlisantfestival.com\/fr\/wp-content\/uploads\/2020\/09\/en-lisant-logo.png\",\"contentUrl\":\"https:\/\/enlisantfestival.com\/fr\/wp-content\/uploads\/2020\/09\/en-lisant-logo.png\",\"width\":600,\"height\":343,\"caption\":\"En Lisant festival de th\u00e9\u00e2tre\"},\"image\":{\"@id\":\"https:\/\/enlisantfestival.com\/fr\/#\/schema\/logo\/image\/\"}},{\"@type\":\"Person\",\"@id\":\"https:\/\/enlisantfestival.com\/fr\/#\/schema\/person\/87e9b7267113e8db5ef729658a5440e4\",\"name\":\"lionel\",\"image\":{\"@type\":\"ImageObject\",\"inLanguage\":\"fr-FR\",\"@id\":\"https:\/\/enlisantfestival.com\/fr\/#\/schema\/person\/image\/\",\"url\":\"https:\/\/secure.gravatar.com\/avatar\/0361bef51de40b6b2e5c0d693a6d8f9c483d0ca194576592d0168a26c347ce45?s=96&d=mm&r=g\",\"contentUrl\":\"https:\/\/secure.gravatar.com\/avatar\/0361bef51de40b6b2e5c0d693a6d8f9c483d0ca194576592d0168a26c347ce45?s=96&d=mm&r=g\",\"caption\":\"lionel\"},\"url\":\"https:\/\/enlisantfestival.com\/fr\/author\/lionel\/\"}]}<\/script>\n<!-- \/ Yoast SEO plugin. -->","yoast_head_json":{"title":"Mot de la direction artistique - En Lisant festival de th\u00e9\u00e2tre","robots":{"index":"index","follow":"follow","max-snippet":"max-snippet:-1","max-image-preview":"max-image-preview:large","max-video-preview":"max-video-preview:-1"},"canonical":"https:\/\/enlisantfestival.com\/fr\/mot-de-la-direction-artistique-2\/","og_locale":"fr_FR","og_type":"article","og_title":"Mot de la direction artistique - En Lisant festival de th\u00e9\u00e2tre","og_description":"Choisir d\u2019\u00e9crire du th\u00e9\u00e2tre c\u2019est prendre un risque \u00e9norme. Le th\u00e9\u00e2tre a toujours \u00e9t\u00e9 trait\u00e9 en parent pauvre. Il y a aucun doute l\u00e0-dessus. Mais Andrise a fait ce choix sans aucune h\u00e9sitation.","og_url":"https:\/\/enlisantfestival.com\/fr\/mot-de-la-direction-artistique-2\/","og_site_name":"En Lisant festival de th\u00e9\u00e2tre","article_published_time":"2022-12-10T04:51:26+00:00","og_image":[{"width":1638,"height":2048,"url":"https:\/\/enlisantfestival.com\/fr\/wp-content\/uploads\/2022\/12\/Eliezer-Guerisme.jpg","type":"image\/jpeg"}],"author":"lionel","twitter_card":"summary_large_image","twitter_misc":{"\u00c9crit par":"lionel","Dur\u00e9e de lecture estim\u00e9e":"3 minutes"},"schema":{"@context":"https:\/\/schema.org","@graph":[{"@type":"Article","@id":"https:\/\/enlisantfestival.com\/fr\/mot-de-la-direction-artistique-2\/#article","isPartOf":{"@id":"https:\/\/enlisantfestival.com\/fr\/mot-de-la-direction-artistique-2\/"},"author":{"name":"lionel","@id":"https:\/\/enlisantfestival.com\/fr\/#\/schema\/person\/87e9b7267113e8db5ef729658a5440e4"},"headline":"Mot de la direction artistique","datePublished":"2022-12-10T04:51:26+00:00","mainEntityOfPage":{"@id":"https:\/\/enlisantfestival.com\/fr\/mot-de-la-direction-artistique-2\/"},"wordCount":624,"commentCount":0,"publisher":{"@id":"https:\/\/enlisantfestival.com\/fr\/#organization"},"image":{"@id":"https:\/\/enlisantfestival.com\/fr\/mot-de-la-direction-artistique-2\/#primaryimage"},"thumbnailUrl":"https:\/\/enlisantfestival.com\/fr\/wp-content\/uploads\/2022\/12\/Eliezer-Guerisme.jpg","articleSection":["Le journal d'En Lisant"],"inLanguage":"fr-FR","potentialAction":[{"@type":"CommentAction","name":"Comment","target":["https:\/\/enlisantfestival.com\/fr\/mot-de-la-direction-artistique-2\/#respond"]}]},{"@type":"WebPage","@id":"https:\/\/enlisantfestival.com\/fr\/mot-de-la-direction-artistique-2\/","url":"https:\/\/enlisantfestival.com\/fr\/mot-de-la-direction-artistique-2\/","name":"Mot de la direction artistique - En Lisant festival de th\u00e9\u00e2tre","isPartOf":{"@id":"https:\/\/enlisantfestival.com\/fr\/#website"},"primaryImageOfPage":{"@id":"https:\/\/enlisantfestival.com\/fr\/mot-de-la-direction-artistique-2\/#primaryimage"},"image":{"@id":"https:\/\/enlisantfestival.com\/fr\/mot-de-la-direction-artistique-2\/#primaryimage"},"thumbnailUrl":"https:\/\/enlisantfestival.com\/fr\/wp-content\/uploads\/2022\/12\/Eliezer-Guerisme.jpg","datePublished":"2022-12-10T04:51:26+00:00","breadcrumb":{"@id":"https:\/\/enlisantfestival.com\/fr\/mot-de-la-direction-artistique-2\/#breadcrumb"},"inLanguage":"fr-FR","potentialAction":[{"@type":"ReadAction","target":["https:\/\/enlisantfestival.com\/fr\/mot-de-la-direction-artistique-2\/"]}]},{"@type":"ImageObject","inLanguage":"fr-FR","@id":"https:\/\/enlisantfestival.com\/fr\/mot-de-la-direction-artistique-2\/#primaryimage","url":"https:\/\/enlisantfestival.com\/fr\/wp-content\/uploads\/2022\/12\/Eliezer-Guerisme.jpg","contentUrl":"https:\/\/enlisantfestival.com\/fr\/wp-content\/uploads\/2022\/12\/Eliezer-Guerisme.jpg","width":1638,"height":2048},{"@type":"BreadcrumbList","@id":"https:\/\/enlisantfestival.com\/fr\/mot-de-la-direction-artistique-2\/#breadcrumb","itemListElement":[{"@type":"ListItem","position":1,"name":"Accueil","item":"https:\/\/enlisantfestival.com\/fr\/"},{"@type":"ListItem","position":2,"name":"Mot de la direction artistique"}]},{"@type":"WebSite","@id":"https:\/\/enlisantfestival.com\/fr\/#website","url":"https:\/\/enlisantfestival.com\/fr\/","name":"En Lisant festival de th\u00e9\u00e2tre","description":"","publisher":{"@id":"https:\/\/enlisantfestival.com\/fr\/#organization"},"potentialAction":[{"@type":"SearchAction","target":{"@type":"EntryPoint","urlTemplate":"https:\/\/enlisantfestival.com\/fr\/?s={search_term_string}"},"query-input":{"@type":"PropertyValueSpecification","valueRequired":true,"valueName":"search_term_string"}}],"inLanguage":"fr-FR"},{"@type":"Organization","@id":"https:\/\/enlisantfestival.com\/fr\/#organization","name":"En Lisant festival de th\u00e9\u00e2tre","url":"https:\/\/enlisantfestival.com\/fr\/","logo":{"@type":"ImageObject","inLanguage":"fr-FR","@id":"https:\/\/enlisantfestival.com\/fr\/#\/schema\/logo\/image\/","url":"https:\/\/enlisantfestival.com\/fr\/wp-content\/uploads\/2020\/09\/en-lisant-logo.png","contentUrl":"https:\/\/enlisantfestival.com\/fr\/wp-content\/uploads\/2020\/09\/en-lisant-logo.png","width":600,"height":343,"caption":"En Lisant festival de th\u00e9\u00e2tre"},"image":{"@id":"https:\/\/enlisantfestival.com\/fr\/#\/schema\/logo\/image\/"}},{"@type":"Person","@id":"https:\/\/enlisantfestival.com\/fr\/#\/schema\/person\/87e9b7267113e8db5ef729658a5440e4","name":"lionel","image":{"@type":"ImageObject","inLanguage":"fr-FR","@id":"https:\/\/enlisantfestival.com\/fr\/#\/schema\/person\/image\/","url":"https:\/\/secure.gravatar.com\/avatar\/0361bef51de40b6b2e5c0d693a6d8f9c483d0ca194576592d0168a26c347ce45?s=96&d=mm&r=g","contentUrl":"https:\/\/secure.gravatar.com\/avatar\/0361bef51de40b6b2e5c0d693a6d8f9c483d0ca194576592d0168a26c347ce45?s=96&d=mm&r=g","caption":"lionel"},"url":"https:\/\/enlisantfestival.com\/fr\/author\/lionel\/"}]}},"_links":{"self":[{"href":"https:\/\/enlisantfestival.com\/fr\/wp-json\/wp\/v2\/posts\/4113","targetHints":{"allow":["GET"]}}],"collection":[{"href":"https:\/\/enlisantfestival.com\/fr\/wp-json\/wp\/v2\/posts"}],"about":[{"href":"https:\/\/enlisantfestival.com\/fr\/wp-json\/wp\/v2\/types\/post"}],"author":[{"embeddable":true,"href":"https:\/\/enlisantfestival.com\/fr\/wp-json\/wp\/v2\/users\/1"}],"replies":[{"embeddable":true,"href":"https:\/\/enlisantfestival.com\/fr\/wp-json\/wp\/v2\/comments?post=4113"}],"version-history":[{"count":1,"href":"https:\/\/enlisantfestival.com\/fr\/wp-json\/wp\/v2\/posts\/4113\/revisions"}],"predecessor-version":[{"id":4115,"href":"https:\/\/enlisantfestival.com\/fr\/wp-json\/wp\/v2\/posts\/4113\/revisions\/4115"}],"wp:featuredmedia":[{"embeddable":true,"href":"https:\/\/enlisantfestival.com\/fr\/wp-json\/wp\/v2\/media\/4114"}],"wp:attachment":[{"href":"https:\/\/enlisantfestival.com\/fr\/wp-json\/wp\/v2\/media?parent=4113"}],"wp:term":[{"taxonomy":"category","embeddable":true,"href":"https:\/\/enlisantfestival.com\/fr\/wp-json\/wp\/v2\/categories?post=4113"},{"taxonomy":"post_tag","embeddable":true,"href":"https:\/\/enlisantfestival.com\/fr\/wp-json\/wp\/v2\/tags?post=4113"}],"curies":[{"name":"wp","href":"https:\/\/api.w.org\/{rel}","templated":true}]}}