{"id":4116,"date":"2022-12-10T16:50:30","date_gmt":"2022-12-10T15:50:30","guid":{"rendered":"https:\/\/enlisantfestival.com\/fr\/?p=4116"},"modified":"2022-12-10T16:50:30","modified_gmt":"2022-12-10T15:50:30","slug":"editorial-2","status":"publish","type":"post","link":"https:\/\/enlisantfestival.com\/fr\/editorial-2\/","title":{"rendered":"Editorial"},"content":{"rendered":"<p style=\"text-align: justify;\">\u00c0 l&#8217;ami disparu \/ un non- hommage<\/p>\n<p style=\"text-align: justify;\">Qui confie sa parole au silence par peur de s&#8217;exprimer \u00e0 propos de l&#8217;inacceptable est appel\u00e9, un jour ou l&#8217;autre, \u00e0 d\u00e9noncer sa propre l\u00e2chet\u00e9. Mais, pour cela, il lui faudrait un pr\u00e9texte r\u00e9dempteur servant d&#8217;incantation \u00e0 son expiation. Pour moi, ce pr\u00e9texte est la septi\u00e8me \u00e9dition du festival de th\u00e9\u00e2tre En Lisant&#8230; Sous la th\u00e9matique : Th\u00e9\u00e2tre, contestation et violences, cette nouvelle \u00e9dition se d\u00e9roulera du 12 au 18 d\u00e9cembre 2022, \u00e0 Port-au-Prince. La septi\u00e8me d&#8217;En Lisant a pour invit\u00e9e d&#8217;honneur_ celle qui me ram\u00e8ne la pr\u00e9sence de l&#8217;ami disparu_Andrise Pierre.<\/p>\n<p style=\"text-align: justify;\">Ramener la pr\u00e9sence de l&#8217;ami disparu. Pour cela, dois-je remercier En Lisant de m&#8217;avoir donn\u00e9 cette tribune pour dire \u00e0 l&#8217;ami m\u00eame absent que, en d\u00e9cembre 2015, je n&#8217;avais pas les mots&#8230; En d\u00e9cembre 2022, je me perds \u00e0 trop vouloir chercher les mots qu&#8217;il fallait prononcer 7 ans de cela&#8230;<\/p>\n<p style=\"text-align: justify;\">Dois-je remercier la s\u0153ur de l&#8217;absent, Andrise Pierre, d&#8217;avoir transcrit le deuil avec des mots humains dans son g\u00e9nial monologue, Vid\u00e9 mon ventre du sang de mon fils&#8230;<\/p>\n<p style=\"text-align: justify;\">Ou encore dois-je me remercier moi-m\u00eame pour avoir c\u00f4toy\u00e9 tant d&#8217;\u00eatres m\u00e9t\u00e9ores \u00e0 qui ils ne manquent surtout pas le corps de la m\u00e9moire &#8230;Oui, j&#8217;ai c\u00f4toy\u00e9 des fulgurances qui ont fait de mon silence un haut lieu de m\u00e9moire ! \u00a0Chapeaux \u00e0 vous&#8230; Surtout \u00e0 vous !<\/p>\n<p style=\"text-align: justify;\">Dans l&#8217;embarras, ne sachant qui des 3 remercier, je dis merci \u00e0 qui peut garder jalousement tel Cerb\u00e8re la m\u00e9moire de nos chers disparus !<\/p>\n<p style=\"text-align: justify;\">La septi\u00e8me \u00e9dition du festival de th\u00e9\u00e2tre En Lisant n&#8217;est pas qu&#8217;un simple pr\u00e9texte r\u00e9dempteur, alibi invalide ne pouvant participer \u00e0 la d\u00e9fense de son concepteur. Non, cette nouvelle \u00e9dition est l&#8217;occasion pour d\u00e9couvrir l&#8217;\u0153uvre singuli\u00e8re d&#8217;une auteure de la nouvelle g\u00e9n\u00e9ration. Une nouvelle g\u00e9n\u00e9ration, dit-on, ne s&#8217;exprimant que par rages et violences afin de contester, dans l&#8217;Ha\u00efti d&#8217;aujourd&#8217;hui, la mise en sc\u00e8ne macabre de l&#8217;incompr\u00e9hension humaine.<\/p>\n<p style=\"text-align: justify;\">\n<p style=\"text-align: justify;\">James Pubien,<\/p>\n<p style=\"text-align: justify;\">Port-au-Prince, le 14 novembre 2022<\/p>\n","protected":false},"excerpt":{"rendered":"<p>Qui confie sa parole au silence par peur de s&#8217;exprimer \u00e0 propos de l&#8217;inacceptable est appel\u00e9, un jour ou l&#8217;autre, \u00e0 d\u00e9noncer sa propre l\u00e2chet\u00e9. Mais, pour cela, il lui faudrait un pr\u00e9texte r\u00e9dempteur servant d&#8217;incantation \u00e0 son expiation.<\/p>\n","protected":false},"author":1,"featured_media":4117,"comment_status":"open","ping_status":"open","sticky":false,"template":"","format":"standard","meta":{"_FSMCFIC_featured_image_caption":"","_FSMCFIC_featured_image_nocaption":"","_FSMCFIC_featured_image_hide":"","footnotes":""},"categories":[104],"tags":[],"class_list":["post-4116","post","type-post","status-publish","format-standard","has-post-thumbnail","hentry","category-le-journal-d-en-lisant"],"yoast_head":"<!-- This site is optimized with the Yoast SEO plugin v27.0 - https:\/\/yoast.com\/product\/yoast-seo-wordpress\/ -->\n<title>Editorial - En Lisant festival de th\u00e9\u00e2tre<\/title>\n<meta name=\"robots\" content=\"index, follow, max-snippet:-1, max-image-preview:large, max-video-preview:-1\" \/>\n<link rel=\"canonical\" href=\"https:\/\/enlisantfestival.com\/fr\/editorial-2\/\" \/>\n<meta property=\"og:locale\" content=\"fr_FR\" \/>\n<meta property=\"og:type\" content=\"article\" \/>\n<meta property=\"og:title\" content=\"Editorial - En Lisant festival de th\u00e9\u00e2tre\" \/>\n<meta property=\"og:description\" content=\"Qui confie sa parole au silence par peur de s&#039;exprimer \u00e0 propos de l&#039;inacceptable est appel\u00e9, un jour ou l&#039;autre, \u00e0 d\u00e9noncer sa propre l\u00e2chet\u00e9. Mais, pour cela, il lui faudrait un pr\u00e9texte r\u00e9dempteur servant d&#039;incantation \u00e0 son expiation.\" \/>\n<meta property=\"og:url\" content=\"https:\/\/enlisantfestival.com\/fr\/editorial-2\/\" \/>\n<meta property=\"og:site_name\" content=\"En Lisant festival de th\u00e9\u00e2tre\" \/>\n<meta property=\"article:published_time\" content=\"2022-12-10T15:50:30+00:00\" \/>\n<meta property=\"og:image\" content=\"https:\/\/enlisantfestival.com\/fr\/wp-content\/uploads\/2022\/12\/James-Pubien.jpg\" \/>\n\t<meta property=\"og:image:width\" content=\"800\" \/>\n\t<meta property=\"og:image:height\" content=\"533\" \/>\n\t<meta property=\"og:image:type\" content=\"image\/jpeg\" \/>\n<meta name=\"author\" content=\"lionel\" \/>\n<meta name=\"twitter:card\" content=\"summary_large_image\" \/>\n<meta name=\"twitter:label1\" content=\"\u00c9crit par\" \/>\n\t<meta name=\"twitter:data1\" content=\"lionel\" \/>\n\t<meta name=\"twitter:label2\" content=\"Dur\u00e9e de lecture estim\u00e9e\" \/>\n\t<meta name=\"twitter:data2\" content=\"2 minutes\" \/>\n<script type=\"application\/ld+json\" class=\"yoast-schema-graph\">{\"@context\":\"https:\/\/schema.org\",\"@graph\":[{\"@type\":\"Article\",\"@id\":\"https:\/\/enlisantfestival.com\/fr\/editorial-2\/#article\",\"isPartOf\":{\"@id\":\"https:\/\/enlisantfestival.com\/fr\/editorial-2\/\"},\"author\":{\"name\":\"lionel\",\"@id\":\"https:\/\/enlisantfestival.com\/fr\/#\/schema\/person\/87e9b7267113e8db5ef729658a5440e4\"},\"headline\":\"Editorial\",\"datePublished\":\"2022-12-10T15:50:30+00:00\",\"mainEntityOfPage\":{\"@id\":\"https:\/\/enlisantfestival.com\/fr\/editorial-2\/\"},\"wordCount\":347,\"commentCount\":0,\"publisher\":{\"@id\":\"https:\/\/enlisantfestival.com\/fr\/#organization\"},\"image\":{\"@id\":\"https:\/\/enlisantfestival.com\/fr\/editorial-2\/#primaryimage\"},\"thumbnailUrl\":\"https:\/\/enlisantfestival.com\/fr\/wp-content\/uploads\/2022\/12\/James-Pubien.jpg\",\"articleSection\":[\"Le journal d'En Lisant\"],\"inLanguage\":\"fr-FR\",\"potentialAction\":[{\"@type\":\"CommentAction\",\"name\":\"Comment\",\"target\":[\"https:\/\/enlisantfestival.com\/fr\/editorial-2\/#respond\"]}]},{\"@type\":\"WebPage\",\"@id\":\"https:\/\/enlisantfestival.com\/fr\/editorial-2\/\",\"url\":\"https:\/\/enlisantfestival.com\/fr\/editorial-2\/\",\"name\":\"Editorial - En Lisant festival de th\u00e9\u00e2tre\",\"isPartOf\":{\"@id\":\"https:\/\/enlisantfestival.com\/fr\/#website\"},\"primaryImageOfPage\":{\"@id\":\"https:\/\/enlisantfestival.com\/fr\/editorial-2\/#primaryimage\"},\"image\":{\"@id\":\"https:\/\/enlisantfestival.com\/fr\/editorial-2\/#primaryimage\"},\"thumbnailUrl\":\"https:\/\/enlisantfestival.com\/fr\/wp-content\/uploads\/2022\/12\/James-Pubien.jpg\",\"datePublished\":\"2022-12-10T15:50:30+00:00\",\"breadcrumb\":{\"@id\":\"https:\/\/enlisantfestival.com\/fr\/editorial-2\/#breadcrumb\"},\"inLanguage\":\"fr-FR\",\"potentialAction\":[{\"@type\":\"ReadAction\",\"target\":[\"https:\/\/enlisantfestival.com\/fr\/editorial-2\/\"]}]},{\"@type\":\"ImageObject\",\"inLanguage\":\"fr-FR\",\"@id\":\"https:\/\/enlisantfestival.com\/fr\/editorial-2\/#primaryimage\",\"url\":\"https:\/\/enlisantfestival.com\/fr\/wp-content\/uploads\/2022\/12\/James-Pubien.jpg\",\"contentUrl\":\"https:\/\/enlisantfestival.com\/fr\/wp-content\/uploads\/2022\/12\/James-Pubien.jpg\",\"width\":800,\"height\":533},{\"@type\":\"BreadcrumbList\",\"@id\":\"https:\/\/enlisantfestival.com\/fr\/editorial-2\/#breadcrumb\",\"itemListElement\":[{\"@type\":\"ListItem\",\"position\":1,\"name\":\"Accueil\",\"item\":\"https:\/\/enlisantfestival.com\/fr\/\"},{\"@type\":\"ListItem\",\"position\":2,\"name\":\"Editorial\"}]},{\"@type\":\"WebSite\",\"@id\":\"https:\/\/enlisantfestival.com\/fr\/#website\",\"url\":\"https:\/\/enlisantfestival.com\/fr\/\",\"name\":\"En Lisant festival de th\u00e9\u00e2tre\",\"description\":\"\",\"publisher\":{\"@id\":\"https:\/\/enlisantfestival.com\/fr\/#organization\"},\"potentialAction\":[{\"@type\":\"SearchAction\",\"target\":{\"@type\":\"EntryPoint\",\"urlTemplate\":\"https:\/\/enlisantfestival.com\/fr\/?s={search_term_string}\"},\"query-input\":{\"@type\":\"PropertyValueSpecification\",\"valueRequired\":true,\"valueName\":\"search_term_string\"}}],\"inLanguage\":\"fr-FR\"},{\"@type\":\"Organization\",\"@id\":\"https:\/\/enlisantfestival.com\/fr\/#organization\",\"name\":\"En Lisant festival de th\u00e9\u00e2tre\",\"url\":\"https:\/\/enlisantfestival.com\/fr\/\",\"logo\":{\"@type\":\"ImageObject\",\"inLanguage\":\"fr-FR\",\"@id\":\"https:\/\/enlisantfestival.com\/fr\/#\/schema\/logo\/image\/\",\"url\":\"https:\/\/enlisantfestival.com\/fr\/wp-content\/uploads\/2020\/09\/en-lisant-logo.png\",\"contentUrl\":\"https:\/\/enlisantfestival.com\/fr\/wp-content\/uploads\/2020\/09\/en-lisant-logo.png\",\"width\":600,\"height\":343,\"caption\":\"En Lisant festival de th\u00e9\u00e2tre\"},\"image\":{\"@id\":\"https:\/\/enlisantfestival.com\/fr\/#\/schema\/logo\/image\/\"}},{\"@type\":\"Person\",\"@id\":\"https:\/\/enlisantfestival.com\/fr\/#\/schema\/person\/87e9b7267113e8db5ef729658a5440e4\",\"name\":\"lionel\",\"image\":{\"@type\":\"ImageObject\",\"inLanguage\":\"fr-FR\",\"@id\":\"https:\/\/enlisantfestival.com\/fr\/#\/schema\/person\/image\/\",\"url\":\"https:\/\/secure.gravatar.com\/avatar\/0361bef51de40b6b2e5c0d693a6d8f9c483d0ca194576592d0168a26c347ce45?s=96&d=mm&r=g\",\"contentUrl\":\"https:\/\/secure.gravatar.com\/avatar\/0361bef51de40b6b2e5c0d693a6d8f9c483d0ca194576592d0168a26c347ce45?s=96&d=mm&r=g\",\"caption\":\"lionel\"},\"url\":\"https:\/\/enlisantfestival.com\/fr\/author\/lionel\/\"}]}<\/script>\n<!-- \/ Yoast SEO plugin. -->","yoast_head_json":{"title":"Editorial - En Lisant festival de th\u00e9\u00e2tre","robots":{"index":"index","follow":"follow","max-snippet":"max-snippet:-1","max-image-preview":"max-image-preview:large","max-video-preview":"max-video-preview:-1"},"canonical":"https:\/\/enlisantfestival.com\/fr\/editorial-2\/","og_locale":"fr_FR","og_type":"article","og_title":"Editorial - En Lisant festival de th\u00e9\u00e2tre","og_description":"Qui confie sa parole au silence par peur de s'exprimer \u00e0 propos de l'inacceptable est appel\u00e9, un jour ou l'autre, \u00e0 d\u00e9noncer sa propre l\u00e2chet\u00e9. Mais, pour cela, il lui faudrait un pr\u00e9texte r\u00e9dempteur servant d'incantation \u00e0 son expiation.","og_url":"https:\/\/enlisantfestival.com\/fr\/editorial-2\/","og_site_name":"En Lisant festival de th\u00e9\u00e2tre","article_published_time":"2022-12-10T15:50:30+00:00","og_image":[{"width":800,"height":533,"url":"https:\/\/enlisantfestival.com\/fr\/wp-content\/uploads\/2022\/12\/James-Pubien.jpg","type":"image\/jpeg"}],"author":"lionel","twitter_card":"summary_large_image","twitter_misc":{"\u00c9crit par":"lionel","Dur\u00e9e de lecture estim\u00e9e":"2 minutes"},"schema":{"@context":"https:\/\/schema.org","@graph":[{"@type":"Article","@id":"https:\/\/enlisantfestival.com\/fr\/editorial-2\/#article","isPartOf":{"@id":"https:\/\/enlisantfestival.com\/fr\/editorial-2\/"},"author":{"name":"lionel","@id":"https:\/\/enlisantfestival.com\/fr\/#\/schema\/person\/87e9b7267113e8db5ef729658a5440e4"},"headline":"Editorial","datePublished":"2022-12-10T15:50:30+00:00","mainEntityOfPage":{"@id":"https:\/\/enlisantfestival.com\/fr\/editorial-2\/"},"wordCount":347,"commentCount":0,"publisher":{"@id":"https:\/\/enlisantfestival.com\/fr\/#organization"},"image":{"@id":"https:\/\/enlisantfestival.com\/fr\/editorial-2\/#primaryimage"},"thumbnailUrl":"https:\/\/enlisantfestival.com\/fr\/wp-content\/uploads\/2022\/12\/James-Pubien.jpg","articleSection":["Le journal d'En Lisant"],"inLanguage":"fr-FR","potentialAction":[{"@type":"CommentAction","name":"Comment","target":["https:\/\/enlisantfestival.com\/fr\/editorial-2\/#respond"]}]},{"@type":"WebPage","@id":"https:\/\/enlisantfestival.com\/fr\/editorial-2\/","url":"https:\/\/enlisantfestival.com\/fr\/editorial-2\/","name":"Editorial - En Lisant festival de th\u00e9\u00e2tre","isPartOf":{"@id":"https:\/\/enlisantfestival.com\/fr\/#website"},"primaryImageOfPage":{"@id":"https:\/\/enlisantfestival.com\/fr\/editorial-2\/#primaryimage"},"image":{"@id":"https:\/\/enlisantfestival.com\/fr\/editorial-2\/#primaryimage"},"thumbnailUrl":"https:\/\/enlisantfestival.com\/fr\/wp-content\/uploads\/2022\/12\/James-Pubien.jpg","datePublished":"2022-12-10T15:50:30+00:00","breadcrumb":{"@id":"https:\/\/enlisantfestival.com\/fr\/editorial-2\/#breadcrumb"},"inLanguage":"fr-FR","potentialAction":[{"@type":"ReadAction","target":["https:\/\/enlisantfestival.com\/fr\/editorial-2\/"]}]},{"@type":"ImageObject","inLanguage":"fr-FR","@id":"https:\/\/enlisantfestival.com\/fr\/editorial-2\/#primaryimage","url":"https:\/\/enlisantfestival.com\/fr\/wp-content\/uploads\/2022\/12\/James-Pubien.jpg","contentUrl":"https:\/\/enlisantfestival.com\/fr\/wp-content\/uploads\/2022\/12\/James-Pubien.jpg","width":800,"height":533},{"@type":"BreadcrumbList","@id":"https:\/\/enlisantfestival.com\/fr\/editorial-2\/#breadcrumb","itemListElement":[{"@type":"ListItem","position":1,"name":"Accueil","item":"https:\/\/enlisantfestival.com\/fr\/"},{"@type":"ListItem","position":2,"name":"Editorial"}]},{"@type":"WebSite","@id":"https:\/\/enlisantfestival.com\/fr\/#website","url":"https:\/\/enlisantfestival.com\/fr\/","name":"En Lisant festival de th\u00e9\u00e2tre","description":"","publisher":{"@id":"https:\/\/enlisantfestival.com\/fr\/#organization"},"potentialAction":[{"@type":"SearchAction","target":{"@type":"EntryPoint","urlTemplate":"https:\/\/enlisantfestival.com\/fr\/?s={search_term_string}"},"query-input":{"@type":"PropertyValueSpecification","valueRequired":true,"valueName":"search_term_string"}}],"inLanguage":"fr-FR"},{"@type":"Organization","@id":"https:\/\/enlisantfestival.com\/fr\/#organization","name":"En Lisant festival de th\u00e9\u00e2tre","url":"https:\/\/enlisantfestival.com\/fr\/","logo":{"@type":"ImageObject","inLanguage":"fr-FR","@id":"https:\/\/enlisantfestival.com\/fr\/#\/schema\/logo\/image\/","url":"https:\/\/enlisantfestival.com\/fr\/wp-content\/uploads\/2020\/09\/en-lisant-logo.png","contentUrl":"https:\/\/enlisantfestival.com\/fr\/wp-content\/uploads\/2020\/09\/en-lisant-logo.png","width":600,"height":343,"caption":"En Lisant festival de th\u00e9\u00e2tre"},"image":{"@id":"https:\/\/enlisantfestival.com\/fr\/#\/schema\/logo\/image\/"}},{"@type":"Person","@id":"https:\/\/enlisantfestival.com\/fr\/#\/schema\/person\/87e9b7267113e8db5ef729658a5440e4","name":"lionel","image":{"@type":"ImageObject","inLanguage":"fr-FR","@id":"https:\/\/enlisantfestival.com\/fr\/#\/schema\/person\/image\/","url":"https:\/\/secure.gravatar.com\/avatar\/0361bef51de40b6b2e5c0d693a6d8f9c483d0ca194576592d0168a26c347ce45?s=96&d=mm&r=g","contentUrl":"https:\/\/secure.gravatar.com\/avatar\/0361bef51de40b6b2e5c0d693a6d8f9c483d0ca194576592d0168a26c347ce45?s=96&d=mm&r=g","caption":"lionel"},"url":"https:\/\/enlisantfestival.com\/fr\/author\/lionel\/"}]}},"_links":{"self":[{"href":"https:\/\/enlisantfestival.com\/fr\/wp-json\/wp\/v2\/posts\/4116","targetHints":{"allow":["GET"]}}],"collection":[{"href":"https:\/\/enlisantfestival.com\/fr\/wp-json\/wp\/v2\/posts"}],"about":[{"href":"https:\/\/enlisantfestival.com\/fr\/wp-json\/wp\/v2\/types\/post"}],"author":[{"embeddable":true,"href":"https:\/\/enlisantfestival.com\/fr\/wp-json\/wp\/v2\/users\/1"}],"replies":[{"embeddable":true,"href":"https:\/\/enlisantfestival.com\/fr\/wp-json\/wp\/v2\/comments?post=4116"}],"version-history":[{"count":1,"href":"https:\/\/enlisantfestival.com\/fr\/wp-json\/wp\/v2\/posts\/4116\/revisions"}],"predecessor-version":[{"id":4118,"href":"https:\/\/enlisantfestival.com\/fr\/wp-json\/wp\/v2\/posts\/4116\/revisions\/4118"}],"wp:featuredmedia":[{"embeddable":true,"href":"https:\/\/enlisantfestival.com\/fr\/wp-json\/wp\/v2\/media\/4117"}],"wp:attachment":[{"href":"https:\/\/enlisantfestival.com\/fr\/wp-json\/wp\/v2\/media?parent=4116"}],"wp:term":[{"taxonomy":"category","embeddable":true,"href":"https:\/\/enlisantfestival.com\/fr\/wp-json\/wp\/v2\/categories?post=4116"},{"taxonomy":"post_tag","embeddable":true,"href":"https:\/\/enlisantfestival.com\/fr\/wp-json\/wp\/v2\/tags?post=4116"}],"curies":[{"name":"wp","href":"https:\/\/api.w.org\/{rel}","templated":true}]}}