{"id":4161,"date":"2023-06-23T00:11:22","date_gmt":"2023-06-22T22:11:22","guid":{"rendered":"https:\/\/enlisantfestival.com\/fr\/?p=4161"},"modified":"2023-06-24T19:56:17","modified_gmt":"2023-06-24T17:56:17","slug":"stephanie-francois-le-theatre-comme-echappatoire","status":"publish","type":"post","link":"https:\/\/enlisantfestival.com\/fr\/stephanie-francois-le-theatre-comme-echappatoire\/","title":{"rendered":"St\u00e9phanie Fran\u00e7ois : Le th\u00e9\u00e2tre comme \u00e9chappatoire"},"content":{"rendered":"\t\t<div data-elementor-type=\"wp-post\" data-elementor-id=\"4161\" class=\"elementor elementor-4161\" data-elementor-settings=\"{&quot;ha_cmc_init_switcher&quot;:&quot;no&quot;}\">\n\t\t\t\t<div class=\"elementor-element elementor-element-42eceba e-flex e-con-boxed e-con e-parent\" data-id=\"42eceba\" data-element_type=\"container\" data-e-type=\"container\" data-settings=\"{&quot;_ha_eqh_enable&quot;:false}\">\n\t\t\t\t\t<div class=\"e-con-inner\">\n\t\t\t\t<div class=\"elementor-element elementor-element-dc1f677 elementor-widget elementor-widget-text-editor\" data-id=\"dc1f677\" data-element_type=\"widget\" data-e-type=\"widget\" data-widget_type=\"text-editor.default\">\n\t\t\t\t<div class=\"elementor-widget-container\">\n\t\t\t\t\t\t\t\t\t<p class=\"p1\"><strong>Credit photo Yves Osner Dorvil<\/strong><\/p><p class=\"p1\"><b>\u00a0<\/b><\/p><p class=\"p1\"><b>St\u00e9phanie Fran\u00e7ois : Le th\u00e9\u00e2tre comme \u00e9chappatoire<\/b><\/p><p class=\"p3\">St\u00e9phanie Fran\u00e7ois est com\u00e9dienne.<span class=\"Apple-converted-space\">\u00a0 <\/span>N\u00e9e en 1997 \u00e0 Carrefour, le th\u00e9\u00e2tre est un carrefour important dans la vie de cette femme, et plus pr\u00e9cis\u00e9ment une \u00e9chappatoire.<\/p><p class=\"p3\">\u201cOfficiellement, j\u2019ai commenc\u00e9 \u00e0 faire du th\u00e9\u00e2tre il y a trois ans. J\u2019avais des pens\u00e9es fortes pour le th\u00e9\u00e2tre, surtout au retour des quelques spectacles auxquels j\u2019ai pu assister, particuli\u00e8rement \u00ab on ne badine pas avec l\u2019amour \u00bb, une mise en sc\u00e8ne de Ga\u00eblle Bien-Aim\u00e9 \u00e0 l&#8217;occasion de la graduation des \u00e9tudiants de Acte, en 2019. Mais pour d\u00e9buter mes \u00e9tudes en art dramatique, il a fallu qu\u2019une amie, qui connaissait ce petit r\u00eave, m\u2019encourage vivement \u00e0 m\u2019inscrire \u00e0 ACTE\u201d, a fait remarquer St\u00e9phanie Fran\u00e7ois sur son entr\u00e9e dans cet univers obsessionnel qu&#8217;est le th\u00e9\u00e2tre.<\/p><p class=\"p3\">Et en ce qui concerne ses diff\u00e9rentes formations en art dramatique, elle dit avoir re\u00e7u dans le cursus de &#8220;Acte&#8221; de nombreux cours qui guident son parcours dans l\u2019art th\u00e9\u00e2tral comme l\u2019art oratoire, l\u2019interpr\u00e9tation, la m\u00e9thodologie li\u00e9e \u00e0 la cr\u00e9ation th\u00e9\u00e2trale. \u201cPlus r\u00e9cemment dans un programme de formation continue \u00e0 l\u2019Ecole Nationale Sup\u00e9rieure des Arts et Techniques de Th\u00e9\u00e2tre (ENSATT), en France, j\u2019ai re\u00e7u une formation en mise en sc\u00e8ne et en \u00e9criture dramaturgique\u201d a-t-elle mentionn\u00e9, soulignant au passage que le th\u00e9\u00e2tre aujourd\u2019hui est un \u00e9l\u00e9ment important de son quotidien, mais aussi en confiant que depuis le d\u00e9but de cette ann\u00e9e, il n\u2019y a pas une journ\u00e9e sans qu\u2019elle ne travaille sur un projet th\u00e9\u00e2tral.<\/p><div id=\"attachment_4157\" style=\"width: 603px\" class=\"wp-caption aligncenter\"><img fetchpriority=\"high\" decoding=\"async\" aria-describedby=\"caption-attachment-4157\" class=\"wp-image-4157 size-full\" src=\"https:\/\/enlisantfestival.com\/fr\/wp-content\/uploads\/2023\/06\/Stephanie-Francois-photo-1-Credit-photo-Mascarille.jpg\" alt=\"\" width=\"593\" height=\"594\" srcset=\"https:\/\/enlisantfestival.com\/fr\/wp-content\/uploads\/2023\/06\/Stephanie-Francois-photo-1-Credit-photo-Mascarille.jpg 593w, https:\/\/enlisantfestival.com\/fr\/wp-content\/uploads\/2023\/06\/Stephanie-Francois-photo-1-Credit-photo-Mascarille-300x300.jpg 300w, https:\/\/enlisantfestival.com\/fr\/wp-content\/uploads\/2023\/06\/Stephanie-Francois-photo-1-Credit-photo-Mascarille-150x150.jpg 150w, https:\/\/enlisantfestival.com\/fr\/wp-content\/uploads\/2023\/06\/Stephanie-Francois-photo-1-Credit-photo-Mascarille-370x370.jpg 370w\" sizes=\"(max-width: 593px) 100vw, 593px\" \/><p id=\"caption-attachment-4157\" class=\"wp-caption-text\">Credit photo Mascarille<\/p><\/div><p class=\"p3\"><b>On ne badine pas avec le th\u00e9\u00e2tre<\/b><\/p><p class=\"p3\">Si la pi\u00e8ce qui a pouss\u00e9 St\u00e9phanie Fran\u00e7ois vers le th\u00e9\u00e2tre est \u00ab on ne badine pas avec l\u2019amour \u00bb d&#8217;Alfred de Musset, elle a \u00e9t\u00e9 touch\u00e9e, d\u2019une mani\u00e8re ou d\u2019une autre, par d\u2019autres projets auxquels elle a particip\u00e9s elle-m\u00eame.<\/p><p class=\"p3\">\u201cPour les prestations qui m\u2019ont profond\u00e9ment marqu\u00e9e, je dirais <i>Elle voulait ou croyait vouloir et puis tout \u00e0 coup elle ne veut plus<\/i> d&#8217;Andrise Pierre. C&#8217;\u00e9tait ma premi\u00e8re fois sur une sc\u00e8ne de th\u00e9\u00e2tre face \u00e0 un public, au festival 4 chemins de 2021. Il y a aussi Lit 5 de Phanuella Lincifort. J\u2019ai particip\u00e9 \u00e0 une mise en lecture de ce texte combien poignant qui dit tout haut la banalisation de la vie dans nos h\u00f4pitaux et le mauvais traitement des m\u00e9decins, au Festival feministe N\u00e8g\u00e8s Mawon en 2022. Je pourrais prendre aussi Zombi ou comment refaire surface de Samantha Pardon, aux ouvertures de l\u2019ENSATT, janvier 2023, un texte qui traite de certains v\u00e9cus culturels et cultuels li\u00e9s \u00e0 l\u2019histoire d\u2019Ha\u00efti et du vodou. Je pourrais notamment citer Opera poussi\u00e8re de Jean D&#8217;Am\u00e9rique, une pi\u00e8ce que j\u2019ai mise en sc\u00e8ne en 2023 comme spectacle de sortie \u00e0 Acte\u201d, a expliqu\u00e9 St\u00e9phanie, qui jouera dans Le ch\u00eane endormi d\u2019Andrise Pierre, dans une mise en sc\u00e8ne d\u2019Eli\u00e9zer Gu\u00e9rism\u00e9. Cette com\u00e9dienne se dit interpell\u00e9e, tout de m\u00eame, par les autres travaux auxquels elle a particip\u00e9s.<\/p><p class=\"p3\">Il est n\u00e9cessaire d&#8217;\u00e9voquer qu&#8217;en dehors du th\u00e9\u00e2tre, il y a l\u2019\u00e9criture et la chor\u00e9graphie, deux formes d\u2019art qui passionnent la jeune fille de Carrefour. Elle apprend \u00e0 les exploiter, \u00e0 les int\u00e9grer dans ses d\u00e9marches de cr\u00e9ation th\u00e9\u00e2trale. Et puis, sur sc\u00e8ne, elle estime que chaque \u00e9motion est unique. \u201cUnique, c\u2019est ce mot que je garderai pour toute description puisque chaque nouvelle fois est unique, sans aucune similarit\u00e9 \u00e0 ce qui s\u2019est produit quelques minutes de cela\u201d nous dit cette femme qui a aussi \u00e9tudi\u00e9, de 2014 \u00e0 2020, la psychop\u00e9dagogie \u00e0 l&#8217;Universit\u00e9 Notre-Dame d&#8217;Ha\u00efti.<\/p><div id=\"attachment_4158\" style=\"width: 802px\" class=\"wp-caption aligncenter\"><img decoding=\"async\" aria-describedby=\"caption-attachment-4158\" class=\"wp-image-4158 size-full\" src=\"https:\/\/enlisantfestival.com\/fr\/wp-content\/uploads\/2023\/06\/Stephanie-Francois-photo-2-Credit-photo-Mascarille.jpg\" alt=\"\" width=\"792\" height=\"528\" srcset=\"https:\/\/enlisantfestival.com\/fr\/wp-content\/uploads\/2023\/06\/Stephanie-Francois-photo-2-Credit-photo-Mascarille.jpg 792w, https:\/\/enlisantfestival.com\/fr\/wp-content\/uploads\/2023\/06\/Stephanie-Francois-photo-2-Credit-photo-Mascarille-300x200.jpg 300w, https:\/\/enlisantfestival.com\/fr\/wp-content\/uploads\/2023\/06\/Stephanie-Francois-photo-2-Credit-photo-Mascarille-768x512.jpg 768w\" sizes=\"(max-width: 792px) 100vw, 792px\" \/><p id=\"caption-attachment-4158\" class=\"wp-caption-text\">Credit photo Mascarille<\/p><\/div><p class=\"p3\"><b>\u00a0<\/b><\/p><p class=\"p3\"><b>Vers la mise en sc\u00e8ne <\/b><\/p><p class=\"p3\">St\u00e9phanie Fran\u00e7ois est une femme qui dit voguer entre le th\u00e9\u00e2tre, la mise en sc\u00e8ne, l&#8217;\u00e9criture, ces trois voies qui la m\u00e8nent toujours au th\u00e9\u00e2tre et lui ouvrent des possibilit\u00e9s d\u2019expressions, les unes plus lib\u00e9ratrices que les autres.<\/p><p class=\"p3\">Le constat, c&#8217;est que la com\u00e9dienne se lib\u00e8re aussi pour embrasser d&#8217;autres m\u00e9tiers dans le champ du th\u00e9\u00e2tre.<\/p><p class=\"p3\">&#8220;Devenir metteuse en sc\u00e8ne est un objectif que je me fixe pour pouvoir mieux exp\u00e9rimenter des techniques et structures th\u00e9\u00e2trales qui me paraissent int\u00e9ressantes, mais \u00e9galement pour d\u00e9velopper une forme de th\u00e9\u00e2tre que j\u2019ai du mal \u00e0 d\u00e9finir maintenant, sans oublier que je pourrais rallonger la liste peu abondante des metteuses en sc\u00e8ne en Ha\u00efti&#8221; a conclu St\u00e9phanie, cette com\u00e9dienne qui croit que les gens qui aiment le th\u00e9\u00e2tre doivent foncer et tout faire pour concr\u00e9tiser leurs r\u00eaves.<\/p><p class=\"p3\">Carl-Henry PIERRE<\/p><p class=\"p3\"><b><i><span class=\"Apple-converted-space\">\u00a0 \u00a0 \u00a0 \u00a0 \u00a0 \u00a0 <\/span>Pi\u00e8ces et mises en sc\u00e8ne <\/i><\/b><\/p><ul class=\"ul1\"><li class=\"li3\">Elle voulait ou croyait vouloir et puis tout \u00e0 coup elle ne veut plus : mise en sc\u00e8ne St\u00e9phanie Fran\u00e7ois (festival 4 chemins novembre 2021)<\/li><li class=\"li3\">Ilegal : cr\u00e9ation visuelle de Ga\u00eblle Bien Aim\u00e9 (festival f\u00e9ministe n\u00e8g\u00e8s mawon, juillet 2022)<\/li><li class=\"li3\">Lit 5 : Mise en lecture Daphena Remedor (festival f\u00e9ministe<span class=\"Apple-converted-space\">\u00a0 <\/span>N\u00e8g\u00e8s Mawon, juillet 2022)<\/li><li class=\"li3\">Anthologie de Ida Faubert : mise en lecture St\u00e9phanie Fran\u00e7ois (festival Transe po\u00e9tique septembre 2022)<\/li><li class=\"li3\">Orf\u00e9o : Direction d&#8217;acteurs St\u00e9phanie Fran\u00e7ois (lab&#8217;opera \u00e0 Lyon ENSATT, d\u00e9cembre 2022)<\/li><li class=\"li3\">Zombi ou comment refaire surface : texte de Samantha Pardon, mise en sc\u00e8ne par C\u00e9line Champinot (ouverture dramaturgique de l&#8217;ENSATT, f\u00e9vrier 2023)<\/li><li class=\"li3\">David \u00e0 grande vitesse : texte de Cl\u00e9mence Attar mise en sc\u00e8ne par Maurin Oll\u00e8s (ouverture dramaturgique de l&#8217;ENSATT, f\u00e9vrier 2023)<\/li><li class=\"li3\">Opera poussi\u00e8re de Jean D\u2019Am\u00e9rique: mise en sc\u00e8ne St\u00e9phanie Fran\u00e7ois (Institut francais en Haiti, 2023)<\/li><li class=\"li3\">Le ch\u00eane endormi d\u2019Andrise Pierre : une mise en sc\u00e8ne d\u2019Eli\u00e9zer Gu\u00e9rism\u00e9 (2023).<\/li><\/ul>\t\t\t\t\t\t\t\t<\/div>\n\t\t\t\t<\/div>\n\t\t\t\t\t<\/div>\n\t\t\t\t<\/div>\n\t\t\t\t<\/div>\n\t\t","protected":false},"excerpt":{"rendered":"<p>Credit photo Yves Osner Dorvil \u00a0 St\u00e9phanie Fran\u00e7ois : Le th\u00e9\u00e2tre comme \u00e9chappatoire St\u00e9phanie Fran\u00e7ois est com\u00e9dienne.\u00a0 N\u00e9e en 1997 \u00e0 Carrefour, le th\u00e9\u00e2tre est un carrefour important dans la [&hellip;]<\/p>\n","protected":false},"author":1,"featured_media":4192,"comment_status":"open","ping_status":"open","sticky":false,"template":"","format":"standard","meta":{"_FSMCFIC_featured_image_caption":"","_FSMCFIC_featured_image_nocaption":"","_FSMCFIC_featured_image_hide":"","footnotes":""},"categories":[104],"tags":[],"class_list":["post-4161","post","type-post","status-publish","format-standard","has-post-thumbnail","hentry","category-le-journal-d-en-lisant"],"yoast_head":"<!-- This site is optimized with the Yoast SEO plugin v27.0 - https:\/\/yoast.com\/product\/yoast-seo-wordpress\/ -->\n<title>St\u00e9phanie Fran\u00e7ois : Le th\u00e9\u00e2tre comme \u00e9chappatoire - En Lisant festival de th\u00e9\u00e2tre<\/title>\n<meta name=\"robots\" content=\"index, follow, max-snippet:-1, max-image-preview:large, max-video-preview:-1\" \/>\n<link rel=\"canonical\" href=\"https:\/\/enlisantfestival.com\/fr\/stephanie-francois-le-theatre-comme-echappatoire\/\" \/>\n<meta property=\"og:locale\" content=\"fr_FR\" \/>\n<meta property=\"og:type\" content=\"article\" \/>\n<meta property=\"og:title\" content=\"St\u00e9phanie Fran\u00e7ois : Le th\u00e9\u00e2tre comme \u00e9chappatoire - En Lisant festival de th\u00e9\u00e2tre\" \/>\n<meta property=\"og:description\" content=\"Credit photo Yves Osner Dorvil \u00a0 St\u00e9phanie Fran\u00e7ois : Le th\u00e9\u00e2tre comme \u00e9chappatoire St\u00e9phanie Fran\u00e7ois est com\u00e9dienne.\u00a0 N\u00e9e en 1997 \u00e0 Carrefour, le th\u00e9\u00e2tre est un carrefour important dans la [&hellip;]\" \/>\n<meta property=\"og:url\" content=\"https:\/\/enlisantfestival.com\/fr\/stephanie-francois-le-theatre-comme-echappatoire\/\" \/>\n<meta property=\"og:site_name\" content=\"En Lisant festival de th\u00e9\u00e2tre\" \/>\n<meta property=\"article:published_time\" content=\"2023-06-22T22:11:22+00:00\" \/>\n<meta property=\"article:modified_time\" content=\"2023-06-24T17:56:17+00:00\" \/>\n<meta property=\"og:image\" content=\"https:\/\/enlisantfestival.com\/fr\/wp-content\/uploads\/2023\/06\/CB959C2F-E1AF-417F-A394-77F832FB2156.jpeg\" \/>\n\t<meta property=\"og:image:width\" content=\"2305\" \/>\n\t<meta property=\"og:image:height\" content=\"1537\" \/>\n\t<meta property=\"og:image:type\" content=\"image\/jpeg\" \/>\n<meta name=\"author\" content=\"lionel\" \/>\n<meta name=\"twitter:card\" content=\"summary_large_image\" \/>\n<meta name=\"twitter:label1\" content=\"\u00c9crit par\" \/>\n\t<meta name=\"twitter:data1\" content=\"lionel\" \/>\n\t<meta name=\"twitter:label2\" content=\"Dur\u00e9e de lecture estim\u00e9e\" \/>\n\t<meta name=\"twitter:data2\" content=\"5 minutes\" \/>\n<script type=\"application\/ld+json\" class=\"yoast-schema-graph\">{\"@context\":\"https:\/\/schema.org\",\"@graph\":[{\"@type\":\"Article\",\"@id\":\"https:\/\/enlisantfestival.com\/fr\/stephanie-francois-le-theatre-comme-echappatoire\/#article\",\"isPartOf\":{\"@id\":\"https:\/\/enlisantfestival.com\/fr\/stephanie-francois-le-theatre-comme-echappatoire\/\"},\"author\":{\"name\":\"lionel\",\"@id\":\"https:\/\/enlisantfestival.com\/fr\/#\/schema\/person\/87e9b7267113e8db5ef729658a5440e4\"},\"headline\":\"St\u00e9phanie Fran\u00e7ois : Le th\u00e9\u00e2tre comme \u00e9chappatoire\",\"datePublished\":\"2023-06-22T22:11:22+00:00\",\"dateModified\":\"2023-06-24T17:56:17+00:00\",\"mainEntityOfPage\":{\"@id\":\"https:\/\/enlisantfestival.com\/fr\/stephanie-francois-le-theatre-comme-echappatoire\/\"},\"wordCount\":1032,\"commentCount\":0,\"publisher\":{\"@id\":\"https:\/\/enlisantfestival.com\/fr\/#organization\"},\"image\":{\"@id\":\"https:\/\/enlisantfestival.com\/fr\/stephanie-francois-le-theatre-comme-echappatoire\/#primaryimage\"},\"thumbnailUrl\":\"https:\/\/enlisantfestival.com\/fr\/wp-content\/uploads\/2023\/06\/CB959C2F-E1AF-417F-A394-77F832FB2156.jpeg\",\"articleSection\":[\"Le journal d'En Lisant\"],\"inLanguage\":\"fr-FR\",\"potentialAction\":[{\"@type\":\"CommentAction\",\"name\":\"Comment\",\"target\":[\"https:\/\/enlisantfestival.com\/fr\/stephanie-francois-le-theatre-comme-echappatoire\/#respond\"]}]},{\"@type\":\"WebPage\",\"@id\":\"https:\/\/enlisantfestival.com\/fr\/stephanie-francois-le-theatre-comme-echappatoire\/\",\"url\":\"https:\/\/enlisantfestival.com\/fr\/stephanie-francois-le-theatre-comme-echappatoire\/\",\"name\":\"St\u00e9phanie Fran\u00e7ois : Le th\u00e9\u00e2tre comme \u00e9chappatoire - En Lisant festival de th\u00e9\u00e2tre\",\"isPartOf\":{\"@id\":\"https:\/\/enlisantfestival.com\/fr\/#website\"},\"primaryImageOfPage\":{\"@id\":\"https:\/\/enlisantfestival.com\/fr\/stephanie-francois-le-theatre-comme-echappatoire\/#primaryimage\"},\"image\":{\"@id\":\"https:\/\/enlisantfestival.com\/fr\/stephanie-francois-le-theatre-comme-echappatoire\/#primaryimage\"},\"thumbnailUrl\":\"https:\/\/enlisantfestival.com\/fr\/wp-content\/uploads\/2023\/06\/CB959C2F-E1AF-417F-A394-77F832FB2156.jpeg\",\"datePublished\":\"2023-06-22T22:11:22+00:00\",\"dateModified\":\"2023-06-24T17:56:17+00:00\",\"breadcrumb\":{\"@id\":\"https:\/\/enlisantfestival.com\/fr\/stephanie-francois-le-theatre-comme-echappatoire\/#breadcrumb\"},\"inLanguage\":\"fr-FR\",\"potentialAction\":[{\"@type\":\"ReadAction\",\"target\":[\"https:\/\/enlisantfestival.com\/fr\/stephanie-francois-le-theatre-comme-echappatoire\/\"]}]},{\"@type\":\"ImageObject\",\"inLanguage\":\"fr-FR\",\"@id\":\"https:\/\/enlisantfestival.com\/fr\/stephanie-francois-le-theatre-comme-echappatoire\/#primaryimage\",\"url\":\"https:\/\/enlisantfestival.com\/fr\/wp-content\/uploads\/2023\/06\/CB959C2F-E1AF-417F-A394-77F832FB2156.jpeg\",\"contentUrl\":\"https:\/\/enlisantfestival.com\/fr\/wp-content\/uploads\/2023\/06\/CB959C2F-E1AF-417F-A394-77F832FB2156.jpeg\",\"width\":2305,\"height\":1537,\"caption\":\"Credit photo Yves Osner Dorvil\"},{\"@type\":\"BreadcrumbList\",\"@id\":\"https:\/\/enlisantfestival.com\/fr\/stephanie-francois-le-theatre-comme-echappatoire\/#breadcrumb\",\"itemListElement\":[{\"@type\":\"ListItem\",\"position\":1,\"name\":\"Accueil\",\"item\":\"https:\/\/enlisantfestival.com\/fr\/\"},{\"@type\":\"ListItem\",\"position\":2,\"name\":\"St\u00e9phanie Fran\u00e7ois : Le th\u00e9\u00e2tre comme \u00e9chappatoire\"}]},{\"@type\":\"WebSite\",\"@id\":\"https:\/\/enlisantfestival.com\/fr\/#website\",\"url\":\"https:\/\/enlisantfestival.com\/fr\/\",\"name\":\"En Lisant festival de th\u00e9\u00e2tre\",\"description\":\"\",\"publisher\":{\"@id\":\"https:\/\/enlisantfestival.com\/fr\/#organization\"},\"potentialAction\":[{\"@type\":\"SearchAction\",\"target\":{\"@type\":\"EntryPoint\",\"urlTemplate\":\"https:\/\/enlisantfestival.com\/fr\/?s={search_term_string}\"},\"query-input\":{\"@type\":\"PropertyValueSpecification\",\"valueRequired\":true,\"valueName\":\"search_term_string\"}}],\"inLanguage\":\"fr-FR\"},{\"@type\":\"Organization\",\"@id\":\"https:\/\/enlisantfestival.com\/fr\/#organization\",\"name\":\"En Lisant festival de th\u00e9\u00e2tre\",\"url\":\"https:\/\/enlisantfestival.com\/fr\/\",\"logo\":{\"@type\":\"ImageObject\",\"inLanguage\":\"fr-FR\",\"@id\":\"https:\/\/enlisantfestival.com\/fr\/#\/schema\/logo\/image\/\",\"url\":\"https:\/\/enlisantfestival.com\/fr\/wp-content\/uploads\/2020\/09\/en-lisant-logo.png\",\"contentUrl\":\"https:\/\/enlisantfestival.com\/fr\/wp-content\/uploads\/2020\/09\/en-lisant-logo.png\",\"width\":600,\"height\":343,\"caption\":\"En Lisant festival de th\u00e9\u00e2tre\"},\"image\":{\"@id\":\"https:\/\/enlisantfestival.com\/fr\/#\/schema\/logo\/image\/\"}},{\"@type\":\"Person\",\"@id\":\"https:\/\/enlisantfestival.com\/fr\/#\/schema\/person\/87e9b7267113e8db5ef729658a5440e4\",\"name\":\"lionel\",\"image\":{\"@type\":\"ImageObject\",\"inLanguage\":\"fr-FR\",\"@id\":\"https:\/\/enlisantfestival.com\/fr\/#\/schema\/person\/image\/\",\"url\":\"https:\/\/secure.gravatar.com\/avatar\/0361bef51de40b6b2e5c0d693a6d8f9c483d0ca194576592d0168a26c347ce45?s=96&d=mm&r=g\",\"contentUrl\":\"https:\/\/secure.gravatar.com\/avatar\/0361bef51de40b6b2e5c0d693a6d8f9c483d0ca194576592d0168a26c347ce45?s=96&d=mm&r=g\",\"caption\":\"lionel\"},\"url\":\"https:\/\/enlisantfestival.com\/fr\/author\/lionel\/\"}]}<\/script>\n<!-- \/ Yoast SEO plugin. -->","yoast_head_json":{"title":"St\u00e9phanie Fran\u00e7ois : Le th\u00e9\u00e2tre comme \u00e9chappatoire - En Lisant festival de th\u00e9\u00e2tre","robots":{"index":"index","follow":"follow","max-snippet":"max-snippet:-1","max-image-preview":"max-image-preview:large","max-video-preview":"max-video-preview:-1"},"canonical":"https:\/\/enlisantfestival.com\/fr\/stephanie-francois-le-theatre-comme-echappatoire\/","og_locale":"fr_FR","og_type":"article","og_title":"St\u00e9phanie Fran\u00e7ois : Le th\u00e9\u00e2tre comme \u00e9chappatoire - En Lisant festival de th\u00e9\u00e2tre","og_description":"Credit photo Yves Osner Dorvil \u00a0 St\u00e9phanie Fran\u00e7ois : Le th\u00e9\u00e2tre comme \u00e9chappatoire St\u00e9phanie Fran\u00e7ois est com\u00e9dienne.\u00a0 N\u00e9e en 1997 \u00e0 Carrefour, le th\u00e9\u00e2tre est un carrefour important dans la [&hellip;]","og_url":"https:\/\/enlisantfestival.com\/fr\/stephanie-francois-le-theatre-comme-echappatoire\/","og_site_name":"En Lisant festival de th\u00e9\u00e2tre","article_published_time":"2023-06-22T22:11:22+00:00","article_modified_time":"2023-06-24T17:56:17+00:00","og_image":[{"width":2305,"height":1537,"url":"https:\/\/enlisantfestival.com\/fr\/wp-content\/uploads\/2023\/06\/CB959C2F-E1AF-417F-A394-77F832FB2156.jpeg","type":"image\/jpeg"}],"author":"lionel","twitter_card":"summary_large_image","twitter_misc":{"\u00c9crit par":"lionel","Dur\u00e9e de lecture estim\u00e9e":"5 minutes"},"schema":{"@context":"https:\/\/schema.org","@graph":[{"@type":"Article","@id":"https:\/\/enlisantfestival.com\/fr\/stephanie-francois-le-theatre-comme-echappatoire\/#article","isPartOf":{"@id":"https:\/\/enlisantfestival.com\/fr\/stephanie-francois-le-theatre-comme-echappatoire\/"},"author":{"name":"lionel","@id":"https:\/\/enlisantfestival.com\/fr\/#\/schema\/person\/87e9b7267113e8db5ef729658a5440e4"},"headline":"St\u00e9phanie Fran\u00e7ois : Le th\u00e9\u00e2tre comme \u00e9chappatoire","datePublished":"2023-06-22T22:11:22+00:00","dateModified":"2023-06-24T17:56:17+00:00","mainEntityOfPage":{"@id":"https:\/\/enlisantfestival.com\/fr\/stephanie-francois-le-theatre-comme-echappatoire\/"},"wordCount":1032,"commentCount":0,"publisher":{"@id":"https:\/\/enlisantfestival.com\/fr\/#organization"},"image":{"@id":"https:\/\/enlisantfestival.com\/fr\/stephanie-francois-le-theatre-comme-echappatoire\/#primaryimage"},"thumbnailUrl":"https:\/\/enlisantfestival.com\/fr\/wp-content\/uploads\/2023\/06\/CB959C2F-E1AF-417F-A394-77F832FB2156.jpeg","articleSection":["Le journal d'En Lisant"],"inLanguage":"fr-FR","potentialAction":[{"@type":"CommentAction","name":"Comment","target":["https:\/\/enlisantfestival.com\/fr\/stephanie-francois-le-theatre-comme-echappatoire\/#respond"]}]},{"@type":"WebPage","@id":"https:\/\/enlisantfestival.com\/fr\/stephanie-francois-le-theatre-comme-echappatoire\/","url":"https:\/\/enlisantfestival.com\/fr\/stephanie-francois-le-theatre-comme-echappatoire\/","name":"St\u00e9phanie Fran\u00e7ois : Le th\u00e9\u00e2tre comme \u00e9chappatoire - En Lisant festival de th\u00e9\u00e2tre","isPartOf":{"@id":"https:\/\/enlisantfestival.com\/fr\/#website"},"primaryImageOfPage":{"@id":"https:\/\/enlisantfestival.com\/fr\/stephanie-francois-le-theatre-comme-echappatoire\/#primaryimage"},"image":{"@id":"https:\/\/enlisantfestival.com\/fr\/stephanie-francois-le-theatre-comme-echappatoire\/#primaryimage"},"thumbnailUrl":"https:\/\/enlisantfestival.com\/fr\/wp-content\/uploads\/2023\/06\/CB959C2F-E1AF-417F-A394-77F832FB2156.jpeg","datePublished":"2023-06-22T22:11:22+00:00","dateModified":"2023-06-24T17:56:17+00:00","breadcrumb":{"@id":"https:\/\/enlisantfestival.com\/fr\/stephanie-francois-le-theatre-comme-echappatoire\/#breadcrumb"},"inLanguage":"fr-FR","potentialAction":[{"@type":"ReadAction","target":["https:\/\/enlisantfestival.com\/fr\/stephanie-francois-le-theatre-comme-echappatoire\/"]}]},{"@type":"ImageObject","inLanguage":"fr-FR","@id":"https:\/\/enlisantfestival.com\/fr\/stephanie-francois-le-theatre-comme-echappatoire\/#primaryimage","url":"https:\/\/enlisantfestival.com\/fr\/wp-content\/uploads\/2023\/06\/CB959C2F-E1AF-417F-A394-77F832FB2156.jpeg","contentUrl":"https:\/\/enlisantfestival.com\/fr\/wp-content\/uploads\/2023\/06\/CB959C2F-E1AF-417F-A394-77F832FB2156.jpeg","width":2305,"height":1537,"caption":"Credit photo Yves Osner Dorvil"},{"@type":"BreadcrumbList","@id":"https:\/\/enlisantfestival.com\/fr\/stephanie-francois-le-theatre-comme-echappatoire\/#breadcrumb","itemListElement":[{"@type":"ListItem","position":1,"name":"Accueil","item":"https:\/\/enlisantfestival.com\/fr\/"},{"@type":"ListItem","position":2,"name":"St\u00e9phanie Fran\u00e7ois : Le th\u00e9\u00e2tre comme \u00e9chappatoire"}]},{"@type":"WebSite","@id":"https:\/\/enlisantfestival.com\/fr\/#website","url":"https:\/\/enlisantfestival.com\/fr\/","name":"En Lisant festival de th\u00e9\u00e2tre","description":"","publisher":{"@id":"https:\/\/enlisantfestival.com\/fr\/#organization"},"potentialAction":[{"@type":"SearchAction","target":{"@type":"EntryPoint","urlTemplate":"https:\/\/enlisantfestival.com\/fr\/?s={search_term_string}"},"query-input":{"@type":"PropertyValueSpecification","valueRequired":true,"valueName":"search_term_string"}}],"inLanguage":"fr-FR"},{"@type":"Organization","@id":"https:\/\/enlisantfestival.com\/fr\/#organization","name":"En Lisant festival de th\u00e9\u00e2tre","url":"https:\/\/enlisantfestival.com\/fr\/","logo":{"@type":"ImageObject","inLanguage":"fr-FR","@id":"https:\/\/enlisantfestival.com\/fr\/#\/schema\/logo\/image\/","url":"https:\/\/enlisantfestival.com\/fr\/wp-content\/uploads\/2020\/09\/en-lisant-logo.png","contentUrl":"https:\/\/enlisantfestival.com\/fr\/wp-content\/uploads\/2020\/09\/en-lisant-logo.png","width":600,"height":343,"caption":"En Lisant festival de th\u00e9\u00e2tre"},"image":{"@id":"https:\/\/enlisantfestival.com\/fr\/#\/schema\/logo\/image\/"}},{"@type":"Person","@id":"https:\/\/enlisantfestival.com\/fr\/#\/schema\/person\/87e9b7267113e8db5ef729658a5440e4","name":"lionel","image":{"@type":"ImageObject","inLanguage":"fr-FR","@id":"https:\/\/enlisantfestival.com\/fr\/#\/schema\/person\/image\/","url":"https:\/\/secure.gravatar.com\/avatar\/0361bef51de40b6b2e5c0d693a6d8f9c483d0ca194576592d0168a26c347ce45?s=96&d=mm&r=g","contentUrl":"https:\/\/secure.gravatar.com\/avatar\/0361bef51de40b6b2e5c0d693a6d8f9c483d0ca194576592d0168a26c347ce45?s=96&d=mm&r=g","caption":"lionel"},"url":"https:\/\/enlisantfestival.com\/fr\/author\/lionel\/"}]}},"_links":{"self":[{"href":"https:\/\/enlisantfestival.com\/fr\/wp-json\/wp\/v2\/posts\/4161","targetHints":{"allow":["GET"]}}],"collection":[{"href":"https:\/\/enlisantfestival.com\/fr\/wp-json\/wp\/v2\/posts"}],"about":[{"href":"https:\/\/enlisantfestival.com\/fr\/wp-json\/wp\/v2\/types\/post"}],"author":[{"embeddable":true,"href":"https:\/\/enlisantfestival.com\/fr\/wp-json\/wp\/v2\/users\/1"}],"replies":[{"embeddable":true,"href":"https:\/\/enlisantfestival.com\/fr\/wp-json\/wp\/v2\/comments?post=4161"}],"version-history":[{"count":21,"href":"https:\/\/enlisantfestival.com\/fr\/wp-json\/wp\/v2\/posts\/4161\/revisions"}],"predecessor-version":[{"id":4196,"href":"https:\/\/enlisantfestival.com\/fr\/wp-json\/wp\/v2\/posts\/4161\/revisions\/4196"}],"wp:featuredmedia":[{"embeddable":true,"href":"https:\/\/enlisantfestival.com\/fr\/wp-json\/wp\/v2\/media\/4192"}],"wp:attachment":[{"href":"https:\/\/enlisantfestival.com\/fr\/wp-json\/wp\/v2\/media?parent=4161"}],"wp:term":[{"taxonomy":"category","embeddable":true,"href":"https:\/\/enlisantfestival.com\/fr\/wp-json\/wp\/v2\/categories?post=4161"},{"taxonomy":"post_tag","embeddable":true,"href":"https:\/\/enlisantfestival.com\/fr\/wp-json\/wp\/v2\/tags?post=4161"}],"curies":[{"name":"wp","href":"https:\/\/api.w.org\/{rel}","templated":true}]}}