{"id":4182,"date":"2023-06-23T00:44:39","date_gmt":"2023-06-22T22:44:39","guid":{"rendered":"https:\/\/enlisantfestival.com\/fr\/?p=4182"},"modified":"2023-06-23T00:48:03","modified_gmt":"2023-06-22T22:48:03","slug":"schebna-bazile-le-theatre-une-philosophie-de-vie","status":"publish","type":"post","link":"https:\/\/enlisantfestival.com\/fr\/schebna-bazile-le-theatre-une-philosophie-de-vie\/","title":{"rendered":"Schebna Bazile : \u00ab Le th\u00e9\u00e2tre, une philosophie de vie \u00bb"},"content":{"rendered":"\t\t<div data-elementor-type=\"wp-post\" data-elementor-id=\"4182\" class=\"elementor elementor-4182\" data-elementor-settings=\"{&quot;ha_cmc_init_switcher&quot;:&quot;no&quot;}\">\n\t\t\t\t<div class=\"elementor-element elementor-element-bc870e0 e-flex e-con-boxed e-con e-parent\" data-id=\"bc870e0\" data-element_type=\"container\" data-e-type=\"container\" data-settings=\"{&quot;_ha_eqh_enable&quot;:false}\">\n\t\t\t\t\t<div class=\"e-con-inner\">\n\t\t\t\t<div class=\"elementor-element elementor-element-3797b87 elementor-widget elementor-widget-text-editor\" data-id=\"3797b87\" data-element_type=\"widget\" data-e-type=\"widget\" data-widget_type=\"text-editor.default\">\n\t\t\t\t<div class=\"elementor-widget-container\">\n\t\t\t\t\t\t\t\t\t<p>Credit photo Pyelila<\/p><p>\u00a0<\/p><p class=\"p1\">Schebna Bazile est com\u00e9dienne, metteuse en sc\u00e8ne et dramaturge. N\u00e9e \u00e0 Borgne (Ob\u00f2y), dans le d\u00e9partement du Nord, le 13 juin 1994, Schebna est une femme qui se construit au fil des ann\u00e9es par le th\u00e9\u00e2tre, mais aussi pour le th\u00e9\u00e2tre.<\/p><p class=\"p1\">Mais, comment est-elle arriv\u00e9e \u00e0 cet art aussi monstrueux et tentaculaire qu\u2019est le th\u00e9\u00e2tre ?<span class=\"Apple-converted-space\">\u00a0 <\/span>Sans d\u00e9lier la langue, elle nous raconte ses premi\u00e8res grandes \u00e9motions au milieu d\u2019un th\u00e9\u00e2tre et son immense amour, depuis, pour la chose th\u00e9\u00e2trale.<\/p><p class=\"p1\">\u00ab La premi\u00e8re fois qu\u2019une pi\u00e8ce de th\u00e9\u00e2tre m\u2019a vraiment marqu\u00e9e, j\u2019\u00e9tais au 3\u00e8me cycle fondamental. La troupe de mon \u00e9cole jouait \u00ab d\u00e9rives \u00bb de Frank\u00e9tienne pour la f\u00eate de Saint Joseph, et aujourd\u2019hui encore, je me souviens des milliers d\u2019\u00e9motions que la mise en sc\u00e8ne a fait na\u00eetre en moi. Un vrai coup de foudre. \u00c0 l\u2019\u00e9poque, j\u2019\u00e9crivais des po\u00e8mes et des romans sur mes cahiers de notes et je les partageais avec mes camarades. Je me suis dit \u00ab c\u2019est cela que je veux r\u00e9veiller chez des gens, quand ils tombent sur mes textes. L&#8217;ann\u00e9e d\u2019apr\u00e8s, j\u2019ai int\u00e9gr\u00e9 la troupe et j\u2019ai commenc\u00e9 \u00e0 suivre les cours de formation d&#8217;acteur \u00bb.<\/p><p class=\"p1\">La jeune femme ne s\u2019est pas arr\u00eat\u00e9e l\u00e0 et a donc poursuivi le fleuve dans lequel elle a mis les pieds : \u00ab Je suis mont\u00e9e sur sc\u00e8ne pour la premi\u00e8re fois en 2010. Je jouais, en dehors des pots-pourris en atelier de d\u00e9butant, une mise en sc\u00e8ne de la nouvelle \u00ab Madan marye \u00bb de Paulette Poujol-Oriol. Monsieur Rosny \u2013 qui dirigeait les troupes de Cluny, du Coll\u00e8ge Notre Dame, de Regina et de l\u2019Alliance Fran\u00e7aise du Cap-Haitien \u2013 faisait jouer des auteurs ha\u00eftiens et encourageait la production des com\u00e9diens qu\u2019il formait \u00bb a-t-elle dit. Elle a profit\u00e9 pour mentionner ce qui se jouait \u00e0 l\u2019\u00e9poque. \u00ab Les affiches allaient du \u00ab Gouverneurs de la Ros\u00e9e \u00bb, \u00ab Les dix hommes noirs \u00bb, \u00ab Le Torrent \u00bb, \u00ab L\u2019arriviste \u00bb, \u00ab Monsieur de Vastey \u00bb, vers des adaptations de nouvelles comme \u00ab L\u2019arbre qui saigne \u00bb, \u00ab La fleur rouge \u00bb, etc.<\/p><p class=\"p1\">En ce qui concerne ses formations en art dramatique, elle dit qu\u2019elle les doit toutes \u00e0 Monsieur Rosny Felix, de sa formation d\u2019actrice \u00e0 l&#8217;\u00e9criture sc\u00e9nique ou de mise en sc\u00e8ne \u00e0 la technique d\u2019\u00e9clairage de sc\u00e8ne.<\/p><p class=\"p1\"><b>Le th\u00e9\u00e2tre : une affaire d\u2019essence<\/b><\/p><p class=\"p1\">Par rapport \u00e0 l\u2019impact du th\u00e9\u00e2tre dans sa vie personnelle et ce que cet art repr\u00e9sente pour elle, Schebna parle de ses aventures th\u00e9\u00e2trales avec une certaine aisance.<\/p><p class=\"p1\">\u00ab Je prends plaisir \u00e0 dire \u00ab je suis n\u00e9e du th\u00e9\u00e2tre\/ se teyat ki f\u00e8 m \u00bb et ce ne sont pas des paroles en l\u2019air. Apr\u00e8s ma Terminale, cette p\u00e9riode de la vie o\u00f9 l\u2019on se cherche encore, j\u2019ai int\u00e9gr\u00e9 l\u2019Universit\u00e9 Notre Dame du Cap-Haitien pour les Sciences Administratives mais je t\u00e2tonnais sur les options. Le th\u00e9\u00e2tre s\u2019est litt\u00e9ralement impos\u00e9 \u00e0 moi. Monsieur Rosny, qui \u00e9tait malade \u00e0 l\u2019\u00e9poque, m\u2019a propos\u00e9 de l\u2019assister dans ses travaux de mise en sc\u00e8ne : j\u2019ai saut\u00e9 sur l\u2019occasion. Un peu plus tard, pour les f\u00eates de l\u2019Universit\u00e9, les ain\u00e9s m\u2019ont propos\u00e9e d\u2019\u00e9crire une pi\u00e8ce et de la mettre en sc\u00e8ne. Je me suis lanc\u00e9e. La pi\u00e8ce a \u00e9t\u00e9 si bien re\u00e7ue qu\u2019elle a \u00e9t\u00e9 redemand\u00e9e pour la f\u00eate des Philosophes quelque temps plus tard. Je prends go\u00fbt \u00e0 l\u2019exp\u00e9rience \u00bb.<\/p><p>\u00a0<\/p><div id=\"attachment_4184\" style=\"width: 829px\" class=\"wp-caption aligncenter\"><img fetchpriority=\"high\" decoding=\"async\" aria-describedby=\"caption-attachment-4184\" class=\"wp-image-4184 size-large\" src=\"https:\/\/enlisantfestival.com\/fr\/wp-content\/uploads\/2023\/06\/Schebna-Bazile-photo-2-Credit-photo-Pyelila-819x1024.jpg\" alt=\"\" width=\"819\" height=\"1024\" srcset=\"https:\/\/enlisantfestival.com\/fr\/wp-content\/uploads\/2023\/06\/Schebna-Bazile-photo-2-Credit-photo-Pyelila-819x1024.jpg 819w, https:\/\/enlisantfestival.com\/fr\/wp-content\/uploads\/2023\/06\/Schebna-Bazile-photo-2-Credit-photo-Pyelila-240x300.jpg 240w, https:\/\/enlisantfestival.com\/fr\/wp-content\/uploads\/2023\/06\/Schebna-Bazile-photo-2-Credit-photo-Pyelila-768x960.jpg 768w, https:\/\/enlisantfestival.com\/fr\/wp-content\/uploads\/2023\/06\/Schebna-Bazile-photo-2-Credit-photo-Pyelila-1229x1536.jpg 1229w, https:\/\/enlisantfestival.com\/fr\/wp-content\/uploads\/2023\/06\/Schebna-Bazile-photo-2-Credit-photo-Pyelila-1638x2048.jpg 1638w, https:\/\/enlisantfestival.com\/fr\/wp-content\/uploads\/2023\/06\/Schebna-Bazile-photo-2-Credit-photo-Pyelila-scaled.jpg 2048w\" sizes=\"(max-width: 819px) 100vw, 819px\" \/><p id=\"caption-attachment-4184\" class=\"wp-caption-text\">Credit photo Pyelila<\/p><\/div><p>\u00a0<\/p><p class=\"p1\">Et, ce n\u2019est pas tout : \u00ab L\u2019ann\u00e9e d\u2019apr\u00e8s, je rentre \u00e0 Port-au-Prince, je recroise d\u2019anciens camarades de sc\u00e8ne, on se retrouve tous \u00e0 t\u00e9moigner de combien les spectacles nous manquent et bien vite une proposition de se structurer et monter une pi\u00e8ce pour D\u00e9cembre. On est en 2015, j\u2019\u00e9cris et mets en sc\u00e8ne \u00ab Kanson F\u00e8 \u00bb avec une quinzaine de com\u00e9diens, et voil\u00e0 comment est n\u00e9e la troupe de th\u00e9\u00e2tre de CapArt, qui travaille aujourd\u2019hui encore tant au Cap-Haitien qu\u2019\u00e0 Port-au-Prince. Depuis, les occasions n\u2019ont pas cess\u00e9 et moi je n\u2019ai jamais su dire non \u00e0 la sc\u00e8ne. Aujourd\u2019hui, c\u2019est toute ma vie qui tourne autour d\u2019elle. M\u00eame mes \u00e9tudes en administration au final ne peuvent que converger vers cette aventure d\u2019organisations d&#8217;\u00e9v\u00e9nements culturels. Je me suis retrouv\u00e9e. Je dois beaucoup au th\u00e9\u00e2tre. Il n\u2019est pas qu\u2019un th\u00e8me dans mon parcours, c\u2019en est l\u2019essence m\u00eame. \u00bb<\/p><p class=\"p1\">Avec une dizaine de pi\u00e8ces originales \u00e0 son actif, des prix et des reconnaissances comme Le prix du roi du conseil communal de la ville du Cap-Haitien (2020), Schebna a toujours mis elle-m\u00eame ses pi\u00e8ces en sc\u00e8ne. Par contre, \u00ab S\u00f2lda Twal \u00bb est l\u2019une de ses rares pi\u00e8ces qui, apr\u00e8s elle, a \u00e9t\u00e9 gratifi\u00e9e d\u2019une autre mise en sc\u00e8ne par Staloff Tropfort, dans le cadre de la 19eme \u00e9dition du festival Quatre Chemins.<\/p><p class=\"p1\">\u00ab C\u2019est la premi\u00e8re fois que l\u2019une de mes pi\u00e8ces est mise en sc\u00e8ne par quelqu\u2019un d\u2019autre que moi. Et malheureusement je n&#8217;ai pu assister \u00e0 aucune des repr\u00e9sentations. J\u2019ai toujours eu cette retenue \u00e0 partager mes pi\u00e8ces en dehors du cercle de mes com\u00e9diens. Je pense que c\u2019est ce qui me retient de me faire \u00e9diter. Je pr\u00e9f\u00e8re les faire vivre aux gens. Cette exp\u00e9rience a s\u00e9rieusement secou\u00e9 mes zones de confort \u00bb a t\u00e9moign\u00e9 la coordonnatrice du Prix de po\u00e9sie Jean-Elie Fran\u00e7ois.<\/p><p class=\"p1\"><b>Le th\u00e9\u00e2tre : se transvaser<\/b><\/p><p class=\"p1\">Concernant les mises en sc\u00e8nes qui l&#8217;ont le plus marqu\u00e9e, Schebna Bazile parle avec nuance et met l\u2019accent sur la r\u00e9action du public : \u00ab Chaque repr\u00e9sentation a sa propre histoire, ses propres cordialit\u00e9s et je ne connais pas la technique de notation de ces sentiments-l\u00e0. C\u00f4t\u00e9 public, \u00ab Babouk\u00e8t \u00bb est celle qui a suscit\u00e9 le plus de retours. Le public redemande la pi\u00e8ce \u00e0 chaque fois \u00bb, a-t-elle soulign\u00e9, ajoutant au passage qu\u2019en dehors du th\u00e9\u00e2tre, elle \u00e9prouve une passion pour le cin\u00e9ma : \u00ab J\u2019ai commenc\u00e9 \u00e0 suivre des s\u00e9ances de formation sur la r\u00e9alisation en 2019. En ce moment, je travaille sur une s\u00e9rie-documentaire, \u00ab Vwa \u00bb, qui rel\u00e8ve des t\u00e9moignages sur certaines exp\u00e9riences quasi-taboues de notre soci\u00e9t\u00e9 comme les r\u00e8gles, la grossophobie, la d\u00e9pression, etc. Je r\u00e9alise aussi des courts-m\u00e9trages exp\u00e9rimentaux que je partage sur mon compte instagram. \u00bb<\/p><p class=\"p1\">En fin de compte, pour elle, c\u2019est quoi le th\u00e9\u00e2tre ? Schebna r\u00e9pond : \u00ab Je per\u00e7ois le th\u00e9\u00e2tre comme une philosophie de vie. Il y a des principes de sc\u00e8ne que j\u2019applique \u00e0 la lettre \u00e0 mon existence. Il y a aussi des valeurs, des aptitudes, comme le sens de l\u2019\u00e9coute, de l\u2019observation, la tol\u00e9rance, l\u2019obstination que j\u2019ai pu particuli\u00e8rement cultiver gr\u00e2ce \u00e0 mes exp\u00e9riences autour de la sc\u00e8ne. \u00bb.<span class=\"Apple-converted-space\">\u00a0 <\/span>Sur les planches, elle semble \u00eatre d\u2019une autre \u00e9nergie : \u00ab Comme com\u00e9dienne, j\u2019ai cette impression de me transvaser. De me d\u00e9tacher de moi-m\u00eame et devenir spectatrice de ce que je fais sur les planches et des r\u00e9ponses du public. Comme si, le temps du spectacle, je changeais de dimension \u00bb.<\/p><p class=\"p1\">\u00ab Cependant comme metteure en sc\u00e8ne, dit-elle, je n\u2019ai pas cette n\u00e9cessit\u00e9. Je peux me permettre de \u00ab vivre \u00bb les com\u00e9diens, le public, les techniciens, voire l\u2019auteur sans me multiplier. Je reste moi-m\u00eame et les \u00e9motions trouvent leurs places sans biaiser mon travail. De la pure magie. J\u2019en sors toujours un peu secou\u00e9e. Toujours. Les habitudes ne peuvent en rien alt\u00e9rer l\u2019intensit\u00e9 de ces ressentis \u00bb.<\/p><p class=\"p1\">Il faut souligner que Schebna Bazile s\u2019attache visc\u00e9ralement au festival RASIN, au Cap-Haitien, dont elle est la coordonatrice, mais elle nourrit aussi des v\u0153ux autour des m\u00e9tiers de r\u00e9alisatrice et de sc\u00e9nariste qu\u2019elle aimerait exp\u00e9rimenter en cin\u00e9ma. Quant aux jeunes qui aimeraient se lancer dans le th\u00e9\u00e2tre, elle leur dit sans sourciller : \u00ab Lancez-vous ! Il va vous falloir plus que \u00ab l\u2019envie \u00bb pour tenir longtemps mais c\u2019est une exp\u00e9rience tellement enrichissante ! \u00bb.<\/p><p class=\"p1\">Carl-Henry Pierre<\/p><p class=\"p1\"><b>Quelques pi\u00e8ces \u00e9crites et mises en sc\u00e8ne par Schebna Bazile<\/b><\/p><p class=\"p1\">D\u00e9cembre 2015, Kanson f\u00e8<\/p><p class=\"p1\">D\u00e9cembre 2016, Chefs en jupons<\/p><p class=\"p1\">D\u00e9cembre 2017, Babouk\u00e8t<\/p><p class=\"p1\">Avril 2017, Il y a des cigales dans la fourmili\u00e8re<\/p><p class=\"p1\">Novembre 2017, Samba<\/p><p class=\"p1\">Novembre 2017, Notre p\u00e8re<\/p><p class=\"p1\">Mars 2018, Petits p\u00e9ch\u00e9s\u00a0<\/p><p class=\"p1\">Mars 2018, Sentaniz grandi<\/p><p class=\"p1\">Novembre 2018, M\u00e9moire<\/p><p class=\"p1\">Novembre 2018, Marilin<\/p><p class=\"p1\">Avril 2019, S\u00f2lda twal<\/p><p class=\"p1\">F\u00e9vrier 2020, Ta bouteille ou moi<\/p><p class=\"p1\">D\u00e9cembre 2021, Madan Leya<\/p><p class=\"p1\">Janvier 2022, \u00c0 la folie<\/p><p class=\"p1\">Mars 2022, Dossier D\u00e9class\u00e9\u00a0<\/p>\t\t\t\t\t\t\t\t<\/div>\n\t\t\t\t<\/div>\n\t\t\t\t\t<\/div>\n\t\t\t\t<\/div>\n\t\t\t\t<\/div>\n\t\t","protected":false},"excerpt":{"rendered":"<p>Credit photo Pyelila \u00a0 Schebna Bazile est com\u00e9dienne, metteuse en sc\u00e8ne et dramaturge. N\u00e9e \u00e0 Borgne (Ob\u00f2y), dans le d\u00e9partement du Nord, le 13 juin 1994, Schebna est une femme [&hellip;]<\/p>\n","protected":false},"author":1,"featured_media":4183,"comment_status":"open","ping_status":"open","sticky":false,"template":"","format":"standard","meta":{"_FSMCFIC_featured_image_caption":"","_FSMCFIC_featured_image_nocaption":"","_FSMCFIC_featured_image_hide":"","footnotes":""},"categories":[104],"tags":[],"class_list":["post-4182","post","type-post","status-publish","format-standard","has-post-thumbnail","hentry","category-le-journal-d-en-lisant"],"yoast_head":"<!-- This site is optimized with the Yoast SEO plugin v27.0 - https:\/\/yoast.com\/product\/yoast-seo-wordpress\/ -->\n<title>Schebna Bazile : \u00ab Le th\u00e9\u00e2tre, une philosophie de vie \u00bb - En Lisant festival de th\u00e9\u00e2tre<\/title>\n<meta name=\"robots\" content=\"index, follow, max-snippet:-1, max-image-preview:large, max-video-preview:-1\" \/>\n<link rel=\"canonical\" href=\"https:\/\/enlisantfestival.com\/fr\/schebna-bazile-le-theatre-une-philosophie-de-vie\/\" \/>\n<meta property=\"og:locale\" content=\"fr_FR\" \/>\n<meta property=\"og:type\" content=\"article\" \/>\n<meta property=\"og:title\" content=\"Schebna Bazile : \u00ab Le th\u00e9\u00e2tre, une philosophie de vie \u00bb - En Lisant festival de th\u00e9\u00e2tre\" \/>\n<meta property=\"og:description\" content=\"Credit photo Pyelila \u00a0 Schebna Bazile est com\u00e9dienne, metteuse en sc\u00e8ne et dramaturge. N\u00e9e \u00e0 Borgne (Ob\u00f2y), dans le d\u00e9partement du Nord, le 13 juin 1994, Schebna est une femme [&hellip;]\" \/>\n<meta property=\"og:url\" content=\"https:\/\/enlisantfestival.com\/fr\/schebna-bazile-le-theatre-une-philosophie-de-vie\/\" \/>\n<meta property=\"og:site_name\" content=\"En Lisant festival de th\u00e9\u00e2tre\" \/>\n<meta property=\"article:published_time\" content=\"2023-06-22T22:44:39+00:00\" \/>\n<meta property=\"article:modified_time\" content=\"2023-06-22T22:48:03+00:00\" \/>\n<meta property=\"og:image\" content=\"https:\/\/enlisantfestival.com\/fr\/wp-content\/uploads\/2023\/06\/Schebna-Bazile-Photo-1-Credit-photo-Pyelila.jpg\" \/>\n\t<meta property=\"og:image:width\" content=\"1391\" \/>\n\t<meta property=\"og:image:height\" content=\"1739\" \/>\n\t<meta property=\"og:image:type\" content=\"image\/jpeg\" \/>\n<meta name=\"author\" content=\"lionel\" \/>\n<meta name=\"twitter:card\" content=\"summary_large_image\" \/>\n<meta name=\"twitter:label1\" content=\"\u00c9crit par\" \/>\n\t<meta name=\"twitter:data1\" content=\"lionel\" \/>\n\t<meta name=\"twitter:label2\" content=\"Dur\u00e9e de lecture estim\u00e9e\" \/>\n\t<meta name=\"twitter:data2\" content=\"7 minutes\" \/>\n<script type=\"application\/ld+json\" class=\"yoast-schema-graph\">{\"@context\":\"https:\/\/schema.org\",\"@graph\":[{\"@type\":\"Article\",\"@id\":\"https:\/\/enlisantfestival.com\/fr\/schebna-bazile-le-theatre-une-philosophie-de-vie\/#article\",\"isPartOf\":{\"@id\":\"https:\/\/enlisantfestival.com\/fr\/schebna-bazile-le-theatre-une-philosophie-de-vie\/\"},\"author\":{\"name\":\"lionel\",\"@id\":\"https:\/\/enlisantfestival.com\/fr\/#\/schema\/person\/87e9b7267113e8db5ef729658a5440e4\"},\"headline\":\"Schebna Bazile : \u00ab Le th\u00e9\u00e2tre, une philosophie de vie \u00bb\",\"datePublished\":\"2023-06-22T22:44:39+00:00\",\"dateModified\":\"2023-06-22T22:48:03+00:00\",\"mainEntityOfPage\":{\"@id\":\"https:\/\/enlisantfestival.com\/fr\/schebna-bazile-le-theatre-une-philosophie-de-vie\/\"},\"wordCount\":1517,\"commentCount\":0,\"publisher\":{\"@id\":\"https:\/\/enlisantfestival.com\/fr\/#organization\"},\"image\":{\"@id\":\"https:\/\/enlisantfestival.com\/fr\/schebna-bazile-le-theatre-une-philosophie-de-vie\/#primaryimage\"},\"thumbnailUrl\":\"https:\/\/enlisantfestival.com\/fr\/wp-content\/uploads\/2023\/06\/Schebna-Bazile-Photo-1-Credit-photo-Pyelila.jpg\",\"articleSection\":[\"Le journal d'En Lisant\"],\"inLanguage\":\"fr-FR\",\"potentialAction\":[{\"@type\":\"CommentAction\",\"name\":\"Comment\",\"target\":[\"https:\/\/enlisantfestival.com\/fr\/schebna-bazile-le-theatre-une-philosophie-de-vie\/#respond\"]}]},{\"@type\":\"WebPage\",\"@id\":\"https:\/\/enlisantfestival.com\/fr\/schebna-bazile-le-theatre-une-philosophie-de-vie\/\",\"url\":\"https:\/\/enlisantfestival.com\/fr\/schebna-bazile-le-theatre-une-philosophie-de-vie\/\",\"name\":\"Schebna Bazile : \u00ab Le th\u00e9\u00e2tre, une philosophie de vie \u00bb - En Lisant festival de th\u00e9\u00e2tre\",\"isPartOf\":{\"@id\":\"https:\/\/enlisantfestival.com\/fr\/#website\"},\"primaryImageOfPage\":{\"@id\":\"https:\/\/enlisantfestival.com\/fr\/schebna-bazile-le-theatre-une-philosophie-de-vie\/#primaryimage\"},\"image\":{\"@id\":\"https:\/\/enlisantfestival.com\/fr\/schebna-bazile-le-theatre-une-philosophie-de-vie\/#primaryimage\"},\"thumbnailUrl\":\"https:\/\/enlisantfestival.com\/fr\/wp-content\/uploads\/2023\/06\/Schebna-Bazile-Photo-1-Credit-photo-Pyelila.jpg\",\"datePublished\":\"2023-06-22T22:44:39+00:00\",\"dateModified\":\"2023-06-22T22:48:03+00:00\",\"breadcrumb\":{\"@id\":\"https:\/\/enlisantfestival.com\/fr\/schebna-bazile-le-theatre-une-philosophie-de-vie\/#breadcrumb\"},\"inLanguage\":\"fr-FR\",\"potentialAction\":[{\"@type\":\"ReadAction\",\"target\":[\"https:\/\/enlisantfestival.com\/fr\/schebna-bazile-le-theatre-une-philosophie-de-vie\/\"]}]},{\"@type\":\"ImageObject\",\"inLanguage\":\"fr-FR\",\"@id\":\"https:\/\/enlisantfestival.com\/fr\/schebna-bazile-le-theatre-une-philosophie-de-vie\/#primaryimage\",\"url\":\"https:\/\/enlisantfestival.com\/fr\/wp-content\/uploads\/2023\/06\/Schebna-Bazile-Photo-1-Credit-photo-Pyelila.jpg\",\"contentUrl\":\"https:\/\/enlisantfestival.com\/fr\/wp-content\/uploads\/2023\/06\/Schebna-Bazile-Photo-1-Credit-photo-Pyelila.jpg\",\"width\":1391,\"height\":1739},{\"@type\":\"BreadcrumbList\",\"@id\":\"https:\/\/enlisantfestival.com\/fr\/schebna-bazile-le-theatre-une-philosophie-de-vie\/#breadcrumb\",\"itemListElement\":[{\"@type\":\"ListItem\",\"position\":1,\"name\":\"Accueil\",\"item\":\"https:\/\/enlisantfestival.com\/fr\/\"},{\"@type\":\"ListItem\",\"position\":2,\"name\":\"Schebna Bazile : \u00ab Le th\u00e9\u00e2tre, une philosophie de vie \u00bb\"}]},{\"@type\":\"WebSite\",\"@id\":\"https:\/\/enlisantfestival.com\/fr\/#website\",\"url\":\"https:\/\/enlisantfestival.com\/fr\/\",\"name\":\"En Lisant festival de th\u00e9\u00e2tre\",\"description\":\"\",\"publisher\":{\"@id\":\"https:\/\/enlisantfestival.com\/fr\/#organization\"},\"potentialAction\":[{\"@type\":\"SearchAction\",\"target\":{\"@type\":\"EntryPoint\",\"urlTemplate\":\"https:\/\/enlisantfestival.com\/fr\/?s={search_term_string}\"},\"query-input\":{\"@type\":\"PropertyValueSpecification\",\"valueRequired\":true,\"valueName\":\"search_term_string\"}}],\"inLanguage\":\"fr-FR\"},{\"@type\":\"Organization\",\"@id\":\"https:\/\/enlisantfestival.com\/fr\/#organization\",\"name\":\"En Lisant festival de th\u00e9\u00e2tre\",\"url\":\"https:\/\/enlisantfestival.com\/fr\/\",\"logo\":{\"@type\":\"ImageObject\",\"inLanguage\":\"fr-FR\",\"@id\":\"https:\/\/enlisantfestival.com\/fr\/#\/schema\/logo\/image\/\",\"url\":\"https:\/\/enlisantfestival.com\/fr\/wp-content\/uploads\/2020\/09\/en-lisant-logo.png\",\"contentUrl\":\"https:\/\/enlisantfestival.com\/fr\/wp-content\/uploads\/2020\/09\/en-lisant-logo.png\",\"width\":600,\"height\":343,\"caption\":\"En Lisant festival de th\u00e9\u00e2tre\"},\"image\":{\"@id\":\"https:\/\/enlisantfestival.com\/fr\/#\/schema\/logo\/image\/\"}},{\"@type\":\"Person\",\"@id\":\"https:\/\/enlisantfestival.com\/fr\/#\/schema\/person\/87e9b7267113e8db5ef729658a5440e4\",\"name\":\"lionel\",\"image\":{\"@type\":\"ImageObject\",\"inLanguage\":\"fr-FR\",\"@id\":\"https:\/\/enlisantfestival.com\/fr\/#\/schema\/person\/image\/\",\"url\":\"https:\/\/secure.gravatar.com\/avatar\/0361bef51de40b6b2e5c0d693a6d8f9c483d0ca194576592d0168a26c347ce45?s=96&d=mm&r=g\",\"contentUrl\":\"https:\/\/secure.gravatar.com\/avatar\/0361bef51de40b6b2e5c0d693a6d8f9c483d0ca194576592d0168a26c347ce45?s=96&d=mm&r=g\",\"caption\":\"lionel\"},\"url\":\"https:\/\/enlisantfestival.com\/fr\/author\/lionel\/\"}]}<\/script>\n<!-- \/ Yoast SEO plugin. -->","yoast_head_json":{"title":"Schebna Bazile : \u00ab Le th\u00e9\u00e2tre, une philosophie de vie \u00bb - En Lisant festival de th\u00e9\u00e2tre","robots":{"index":"index","follow":"follow","max-snippet":"max-snippet:-1","max-image-preview":"max-image-preview:large","max-video-preview":"max-video-preview:-1"},"canonical":"https:\/\/enlisantfestival.com\/fr\/schebna-bazile-le-theatre-une-philosophie-de-vie\/","og_locale":"fr_FR","og_type":"article","og_title":"Schebna Bazile : \u00ab Le th\u00e9\u00e2tre, une philosophie de vie \u00bb - En Lisant festival de th\u00e9\u00e2tre","og_description":"Credit photo Pyelila \u00a0 Schebna Bazile est com\u00e9dienne, metteuse en sc\u00e8ne et dramaturge. N\u00e9e \u00e0 Borgne (Ob\u00f2y), dans le d\u00e9partement du Nord, le 13 juin 1994, Schebna est une femme [&hellip;]","og_url":"https:\/\/enlisantfestival.com\/fr\/schebna-bazile-le-theatre-une-philosophie-de-vie\/","og_site_name":"En Lisant festival de th\u00e9\u00e2tre","article_published_time":"2023-06-22T22:44:39+00:00","article_modified_time":"2023-06-22T22:48:03+00:00","og_image":[{"width":1391,"height":1739,"url":"https:\/\/enlisantfestival.com\/fr\/wp-content\/uploads\/2023\/06\/Schebna-Bazile-Photo-1-Credit-photo-Pyelila.jpg","type":"image\/jpeg"}],"author":"lionel","twitter_card":"summary_large_image","twitter_misc":{"\u00c9crit par":"lionel","Dur\u00e9e de lecture estim\u00e9e":"7 minutes"},"schema":{"@context":"https:\/\/schema.org","@graph":[{"@type":"Article","@id":"https:\/\/enlisantfestival.com\/fr\/schebna-bazile-le-theatre-une-philosophie-de-vie\/#article","isPartOf":{"@id":"https:\/\/enlisantfestival.com\/fr\/schebna-bazile-le-theatre-une-philosophie-de-vie\/"},"author":{"name":"lionel","@id":"https:\/\/enlisantfestival.com\/fr\/#\/schema\/person\/87e9b7267113e8db5ef729658a5440e4"},"headline":"Schebna Bazile : \u00ab Le th\u00e9\u00e2tre, une philosophie de vie \u00bb","datePublished":"2023-06-22T22:44:39+00:00","dateModified":"2023-06-22T22:48:03+00:00","mainEntityOfPage":{"@id":"https:\/\/enlisantfestival.com\/fr\/schebna-bazile-le-theatre-une-philosophie-de-vie\/"},"wordCount":1517,"commentCount":0,"publisher":{"@id":"https:\/\/enlisantfestival.com\/fr\/#organization"},"image":{"@id":"https:\/\/enlisantfestival.com\/fr\/schebna-bazile-le-theatre-une-philosophie-de-vie\/#primaryimage"},"thumbnailUrl":"https:\/\/enlisantfestival.com\/fr\/wp-content\/uploads\/2023\/06\/Schebna-Bazile-Photo-1-Credit-photo-Pyelila.jpg","articleSection":["Le journal d'En Lisant"],"inLanguage":"fr-FR","potentialAction":[{"@type":"CommentAction","name":"Comment","target":["https:\/\/enlisantfestival.com\/fr\/schebna-bazile-le-theatre-une-philosophie-de-vie\/#respond"]}]},{"@type":"WebPage","@id":"https:\/\/enlisantfestival.com\/fr\/schebna-bazile-le-theatre-une-philosophie-de-vie\/","url":"https:\/\/enlisantfestival.com\/fr\/schebna-bazile-le-theatre-une-philosophie-de-vie\/","name":"Schebna Bazile : \u00ab Le th\u00e9\u00e2tre, une philosophie de vie \u00bb - En Lisant festival de th\u00e9\u00e2tre","isPartOf":{"@id":"https:\/\/enlisantfestival.com\/fr\/#website"},"primaryImageOfPage":{"@id":"https:\/\/enlisantfestival.com\/fr\/schebna-bazile-le-theatre-une-philosophie-de-vie\/#primaryimage"},"image":{"@id":"https:\/\/enlisantfestival.com\/fr\/schebna-bazile-le-theatre-une-philosophie-de-vie\/#primaryimage"},"thumbnailUrl":"https:\/\/enlisantfestival.com\/fr\/wp-content\/uploads\/2023\/06\/Schebna-Bazile-Photo-1-Credit-photo-Pyelila.jpg","datePublished":"2023-06-22T22:44:39+00:00","dateModified":"2023-06-22T22:48:03+00:00","breadcrumb":{"@id":"https:\/\/enlisantfestival.com\/fr\/schebna-bazile-le-theatre-une-philosophie-de-vie\/#breadcrumb"},"inLanguage":"fr-FR","potentialAction":[{"@type":"ReadAction","target":["https:\/\/enlisantfestival.com\/fr\/schebna-bazile-le-theatre-une-philosophie-de-vie\/"]}]},{"@type":"ImageObject","inLanguage":"fr-FR","@id":"https:\/\/enlisantfestival.com\/fr\/schebna-bazile-le-theatre-une-philosophie-de-vie\/#primaryimage","url":"https:\/\/enlisantfestival.com\/fr\/wp-content\/uploads\/2023\/06\/Schebna-Bazile-Photo-1-Credit-photo-Pyelila.jpg","contentUrl":"https:\/\/enlisantfestival.com\/fr\/wp-content\/uploads\/2023\/06\/Schebna-Bazile-Photo-1-Credit-photo-Pyelila.jpg","width":1391,"height":1739},{"@type":"BreadcrumbList","@id":"https:\/\/enlisantfestival.com\/fr\/schebna-bazile-le-theatre-une-philosophie-de-vie\/#breadcrumb","itemListElement":[{"@type":"ListItem","position":1,"name":"Accueil","item":"https:\/\/enlisantfestival.com\/fr\/"},{"@type":"ListItem","position":2,"name":"Schebna Bazile : \u00ab Le th\u00e9\u00e2tre, une philosophie de vie \u00bb"}]},{"@type":"WebSite","@id":"https:\/\/enlisantfestival.com\/fr\/#website","url":"https:\/\/enlisantfestival.com\/fr\/","name":"En Lisant festival de th\u00e9\u00e2tre","description":"","publisher":{"@id":"https:\/\/enlisantfestival.com\/fr\/#organization"},"potentialAction":[{"@type":"SearchAction","target":{"@type":"EntryPoint","urlTemplate":"https:\/\/enlisantfestival.com\/fr\/?s={search_term_string}"},"query-input":{"@type":"PropertyValueSpecification","valueRequired":true,"valueName":"search_term_string"}}],"inLanguage":"fr-FR"},{"@type":"Organization","@id":"https:\/\/enlisantfestival.com\/fr\/#organization","name":"En Lisant festival de th\u00e9\u00e2tre","url":"https:\/\/enlisantfestival.com\/fr\/","logo":{"@type":"ImageObject","inLanguage":"fr-FR","@id":"https:\/\/enlisantfestival.com\/fr\/#\/schema\/logo\/image\/","url":"https:\/\/enlisantfestival.com\/fr\/wp-content\/uploads\/2020\/09\/en-lisant-logo.png","contentUrl":"https:\/\/enlisantfestival.com\/fr\/wp-content\/uploads\/2020\/09\/en-lisant-logo.png","width":600,"height":343,"caption":"En Lisant festival de th\u00e9\u00e2tre"},"image":{"@id":"https:\/\/enlisantfestival.com\/fr\/#\/schema\/logo\/image\/"}},{"@type":"Person","@id":"https:\/\/enlisantfestival.com\/fr\/#\/schema\/person\/87e9b7267113e8db5ef729658a5440e4","name":"lionel","image":{"@type":"ImageObject","inLanguage":"fr-FR","@id":"https:\/\/enlisantfestival.com\/fr\/#\/schema\/person\/image\/","url":"https:\/\/secure.gravatar.com\/avatar\/0361bef51de40b6b2e5c0d693a6d8f9c483d0ca194576592d0168a26c347ce45?s=96&d=mm&r=g","contentUrl":"https:\/\/secure.gravatar.com\/avatar\/0361bef51de40b6b2e5c0d693a6d8f9c483d0ca194576592d0168a26c347ce45?s=96&d=mm&r=g","caption":"lionel"},"url":"https:\/\/enlisantfestival.com\/fr\/author\/lionel\/"}]}},"_links":{"self":[{"href":"https:\/\/enlisantfestival.com\/fr\/wp-json\/wp\/v2\/posts\/4182","targetHints":{"allow":["GET"]}}],"collection":[{"href":"https:\/\/enlisantfestival.com\/fr\/wp-json\/wp\/v2\/posts"}],"about":[{"href":"https:\/\/enlisantfestival.com\/fr\/wp-json\/wp\/v2\/types\/post"}],"author":[{"embeddable":true,"href":"https:\/\/enlisantfestival.com\/fr\/wp-json\/wp\/v2\/users\/1"}],"replies":[{"embeddable":true,"href":"https:\/\/enlisantfestival.com\/fr\/wp-json\/wp\/v2\/comments?post=4182"}],"version-history":[{"count":4,"href":"https:\/\/enlisantfestival.com\/fr\/wp-json\/wp\/v2\/posts\/4182\/revisions"}],"predecessor-version":[{"id":4188,"href":"https:\/\/enlisantfestival.com\/fr\/wp-json\/wp\/v2\/posts\/4182\/revisions\/4188"}],"wp:featuredmedia":[{"embeddable":true,"href":"https:\/\/enlisantfestival.com\/fr\/wp-json\/wp\/v2\/media\/4183"}],"wp:attachment":[{"href":"https:\/\/enlisantfestival.com\/fr\/wp-json\/wp\/v2\/media?parent=4182"}],"wp:term":[{"taxonomy":"category","embeddable":true,"href":"https:\/\/enlisantfestival.com\/fr\/wp-json\/wp\/v2\/categories?post=4182"},{"taxonomy":"post_tag","embeddable":true,"href":"https:\/\/enlisantfestival.com\/fr\/wp-json\/wp\/v2\/tags?post=4182"}],"curies":[{"name":"wp","href":"https:\/\/api.w.org\/{rel}","templated":true}]}}