{"id":4228,"date":"2023-09-22T21:54:46","date_gmt":"2023-09-22T19:54:46","guid":{"rendered":"https:\/\/enlisantfestival.com\/fr\/?p=4228"},"modified":"2023-09-23T22:34:55","modified_gmt":"2023-09-23T20:34:55","slug":"edito-port-au-prince-capitale-en-proie-aux-flammes","status":"publish","type":"post","link":"https:\/\/enlisantfestival.com\/fr\/edito-port-au-prince-capitale-en-proie-aux-flammes\/","title":{"rendered":"EDITO: Port-au-Prince, capitale en proie aux flammes."},"content":{"rendered":"\t\t<div data-elementor-type=\"wp-post\" data-elementor-id=\"4228\" class=\"elementor elementor-4228\" data-elementor-settings=\"{&quot;ha_cmc_init_switcher&quot;:&quot;no&quot;}\">\n\t\t\t\t<div class=\"elementor-element elementor-element-a738af5 e-flex e-con-boxed e-con e-parent\" data-id=\"a738af5\" data-element_type=\"container\" data-e-type=\"container\" data-settings=\"{&quot;background_background&quot;:&quot;classic&quot;,&quot;_ha_eqh_enable&quot;:false}\">\n\t\t\t\t\t<div class=\"e-con-inner\">\n\t\t<div class=\"elementor-element elementor-element-31903f9 e-con-full e-flex e-con e-child\" data-id=\"31903f9\" data-element_type=\"container\" data-e-type=\"container\" data-settings=\"{&quot;_ha_eqh_enable&quot;:false}\">\n\t\t\t\t<div class=\"elementor-element elementor-element-a958371 elementor-widget elementor-widget-image\" data-id=\"a958371\" data-element_type=\"widget\" data-e-type=\"widget\" data-widget_type=\"image.default\">\n\t\t\t\t<div class=\"elementor-widget-container\">\n\t\t\t\t\t\t\t\t\t\t\t\t\t\t\t<img fetchpriority=\"high\" decoding=\"async\" width=\"532\" height=\"800\" src=\"https:\/\/enlisantfestival.com\/fr\/wp-content\/uploads\/2023\/09\/Credit-photo-Benjamin-Struelens-1.jpg\" class=\"attachment-large size-large wp-image-4238\" alt=\"\" srcset=\"https:\/\/enlisantfestival.com\/fr\/wp-content\/uploads\/2023\/09\/Credit-photo-Benjamin-Struelens-1.jpg 532w, https:\/\/enlisantfestival.com\/fr\/wp-content\/uploads\/2023\/09\/Credit-photo-Benjamin-Struelens-1-200x300.jpg 200w\" sizes=\"(max-width: 532px) 100vw, 532px\" \/>\t\t\t\t\t\t\t\t\t\t\t\t\t\t\t<\/div>\n\t\t\t\t<\/div>\n\t\t\t\t<\/div>\n\t\t<div class=\"elementor-element elementor-element-bad4345 e-con-full e-flex e-con e-child\" data-id=\"bad4345\" data-element_type=\"container\" data-e-type=\"container\" data-settings=\"{&quot;_ha_eqh_enable&quot;:false}\">\n\t\t\t\t<div class=\"elementor-element elementor-element-3527d51 elementor-widget elementor-widget-text-editor\" data-id=\"3527d51\" data-element_type=\"widget\" data-e-type=\"widget\" data-widget_type=\"text-editor.default\">\n\t\t\t\t<div class=\"elementor-widget-container\">\n\t\t\t\t\t\t\t\t\t<p><strong>Port-au-Prince, capitale en proie aux flammes\u00a0!<\/strong><\/p><p>Pour conna\u00eetre une ville, il faut savoir marcher dedans. Mettre un pied devant l\u2019autre et errer dans ses rues. Pour conna\u00eetre Port-au-Prince, il faut savoir avancer, avancer d\u2019un pas bien d\u00e9cid\u00e9 sans conna\u00eetre sa destination. Aller devant soi. La ville devant soi.<\/p><p>Aujourd\u2019hui, c\u2019est \u00e0 peine qu\u2019on peut marcher dans cette ville qui se meurt. On court, tout simplement. On court dans tous les sens. Aucun lieu fixe comme fin de parcours. On court. On vole. Et dispara\u00eet. Puis, la carte Port-au-Princienne perd la trace de nos ombres. Et on recommence \u00e0 courir demain.\u00a0 Puis le lendemain. Puis le surlendemain. Ainsi va notre vie, monotone, monochrome, dans cette ville qui se meurt. Ainsi les marcheurs perdent le rythme authentique de la marche. La beaut\u00e9 de la marche. Le sens de la marche.<\/p><p>Moi, j\u2019ai longtemps march\u00e9 dans cette capitale pour aller voir des spectacles. Spectacles formels avec des com\u00e9diens et com\u00e9diennes form\u00e9s. C\u00f4t\u00e9 cour. C\u00f4t\u00e9 jardin. Spectacles non-formels avec les com\u00e9diens du quotidien. C\u00f4t\u00e9 rue. C\u00f4t\u00e9 trottoir C\u00f4t\u00e9 march\u00e9. C\u00f4t\u00e9 bar. Tout cela m\u2019a donn\u00e9 une id\u00e9e distincte sur la ville de Port-au-Prince. Sur sa personnalit\u00e9. Son caract\u00e8re. Sa philosophie. Sur le th\u00e9\u00e2tre qu\u2019elle nous propose dans ses diff\u00e9rents lieux. \u00c0 travers ces spectacles, je pouvais \u00e9clater de rire face \u00e0 l&#8217;atrocit\u00e9 du quotidien. Je pense \u00e0 Kilom\u00e8tre Z\u00e9ro de Dominique Batraville mis en sc\u00e8ne par Ernst Saint-Rome au festival Quatre chemins, a l\u2019Institut Fran\u00e7ais en Ha\u00efti, en 2006. Dans cette pi\u00e8ce, on y voit marchands, brouettiers, \u00e9coliers, \u00e9tudiants, brasseurs et brasseuses de la ville qui s\u2019affrontent dans une camionnette pour rentrer chez eux apr\u00e8s une journ\u00e9e de dur labeur. Oh cruelle r\u00e9alit\u00e9 du transport en commun \u00e0 Port-au-Prince !<\/p><p>Moi, je n\u2019avais pas toujours l\u2019argent pour prendre le Tap Tap et me rendre dans les salles de spectacle. Alors j\u2019ai d\u00fb marcher. Pour pouvoir r\u00eaver. Marcher sur le trottoir, marcher dans les rues de cette ville matin, midi et soir. Le soir surtout.\u00a0 Je r\u00e9citais des po\u00e8mes appris par c\u0153ur et je r\u00e9p\u00e9tais que \u201cToute ville qui ne me passionne pas la nuit m\u00e9rite d\u2019\u00eatre br\u00fbl\u00e9e\u201d de Jean Claude Charles dans Bamboola Bamboche.<\/p><p>J\u2019habitais \u00e0 Fort-Mercredi, un quartier de Carrefour-Feuilles, l\u00e0 o\u00f9 j\u2019ai pass\u00e9 une bonne partie de ma vie. J\u2019y suis n\u00e9 d\u2019ailleurs. Je quittais mon quartier \u00e0 pied, je marchais pour aller voir des spectacles. Je me souviens de \u00ab\u00a0Vandredi anba lavil\u00a0\u00bb avec Cop\u2019art de Ernst Saint-Rome. Tous les vendredis \u00e0 la rue Pav\u00e9e, des jeunes et des moins jeunes se r\u00e9unissaient pour dire des textes, discuter et chanter. Je me rappelle l\u2019\u00e9poque o\u00f9 j\u2019allais \u00e0 Delmas pour participer aux Vendredis litt\u00e9raires de l\u2019Universit\u00e9 Cara\u00efbe. Et plus r\u00e9cemment, les journ\u00e9es et soir\u00e9es arros\u00e9es, Kay Ronald Ti kwen pa m \u00e0 la rue Cameau, au Vert galant \u00e0 Bois Verna, \u00e0 Distraksyon bar \u00e0 Magloire Ambroise. Le po\u00e8te Makenzy Orcel dans La nuit des terrasses rend hommage aux buveurs de cette rue de Port-au-Prince\u00a0: \u201cMagloire Ambroise, ville enferm\u00e9e dans une bouteille, on y boit des vagues\u201d.<\/p><p>Mais aujourd\u2019hui tout semble dispara\u00eetre. Tout s\u2019efface. S&#8217;\u00e9coule. S&#8217;\u00e9croule. La ville est devenue un enfant fou qui joue avec des allumettes. Comme si nous vivions au temps des Pyromanes adolescents (James Noel). C\u2019est un peu comme le drame comique : Monsieur Bonhomme et les incendiaires, mis en sc\u00e8ne par Guy R\u00e9gis Junior, ce dramaturge qui a longtemps v\u00e9cu \u00e0 la rue Chareron. Et dans cette pi\u00e8ce de Max Frisch qu\u2019il a mont\u00e9e \u00e0 la Fokal, haut lieu culturel de la capitale, ferm\u00e9 au public depuis maintenant 3 ans, l\u2019auteur a d\u00e9cid\u00e9 de tout faire sauter. Il faut dire qu&#8217;\u00e0 Port-au-Prince \u00e9galement, tout le monde souhaite mettre le feu. Br\u00fbler. Tout br\u00fbler ! Les bandits ont br\u00fbl\u00e9 plusieurs maisons \u00e0 Carrefour-Feuilles, \u00e0 Martissant, au Bel-Air. Comme celles de Gary Victor, de Zikiki et de son c\u00e9l\u00e8bre p\u00e8re Lionel St-Eloi. Ils ont toujours v\u00e9cu \u00e0 Carrefour-Feuilles, ce quartier de Port-au-Prince victime de la fureur des gangs arm\u00e9s. Des com\u00e9diennes et com\u00e9diens y vivaient. Je pense \u00e0 Dieuvela Cherestal, Hugues Gelin, Dino, Sabruna Georges, Chelson Ermoza et Johny Z\u00e9phirin. Tellement de jeunes sont oblig\u00e9s \u00e0 chaque fois de fuir leurs domiciles sans savoir o\u00f9 aller. Une sc\u00e8ne de th\u00e9\u00e2tre o\u00f9 des gens meurent avant m\u00eame la fin du premier acte. Qui est le metteur en sc\u00e8ne de cette terreur ? Qui a \u00e9crit cette pi\u00e8ce de th\u00e9\u00e2tre macabre ? L\u2019auteur de ces sc\u00e8nes de terreur revendique-t-il le g\u00e9nie de son \u0153uvre ?<\/p><p>Port-au-Prince voit p\u00e9rir sous les flammes assassines ses \u00e9ternels quartiers : Martissant, Carrefour-Feuilles, Bas Peu de Chose, Saint G\u00e9rard, Bolosse, Morne \u00e0 Tuff&#8230; On dirait des supplici\u00e9s condamn\u00e9s au b\u00fbcher de l&#8217;ins\u00e9curit\u00e9 ! On immole des quartiers par le feu, comme le d\u00e9crit Guy R\u00e9gis Jr dans Le troph\u00e9e des capitaux. Dans son livre rouge, il raconte les souffrances et tumultes des habitants du Bel-Air, ce quartier du Bas de la ville, o\u00f9 a grandi Jean-Pierre Basilic Dantor Franck Etienne D\u2019argent (Franketienne).\u00a0 Les massacres et assauts sur Carrefour-Feuilles surviennent \u00e0 la m\u00eame date que ceux perp\u00e9tr\u00e9s au Bel-Air en 2020. Quelle \u00e9trange co\u00efncidence ?<\/p><p>Port-au-Prince br\u00fble pleinement avec ses biblioth\u00e8ques et ses lieux de culture. Des habitants de Carrefour-Feuilles ont d\u00fb se r\u00e9fugier \u00e0 l\u2019ancienne salle de cin\u00e9ma et de th\u00e9\u00e2tre Eldorado, cette ancienne salle trop longtemps ferm\u00e9e. Ils se sont aussi r\u00e9fugi\u00e9s au Rex Th\u00e9\u00e2tre ! Le th\u00e9\u00e2tre a toujours \u00e9t\u00e9 cet art qui r\u00e9conforte tout en accueillant, en temps de d\u00e9sastres, les \u00eatres vuln\u00e9rables. Port-au-Prince br\u00fble avec ses pi\u00e8ces de th\u00e9\u00e2tre&#8230;Tellement de com\u00e9diennes et com\u00e9diens ont d\u00fb prendre la fuite en laissant derri\u00e8re eux leurs biblioth\u00e8ques remplies d&#8217;\u0153uvres de Beckett, Ionesco, Franca Ram\u00e9, Jean Vilar, Guy R\u00e9gis Junior, Faubert Bolivar, Jean-Ren\u00e9 Lemoine, Bernard-Marie Kolt\u00e8s, Jean D\u2019Am\u00e9rique, Franketienne, Syto Cav\u00e9&#8230; Des \u0153uvres condamn\u00e9es \u00e0 \u00eatre br\u00fbl\u00e9es&#8230; Mais ce que les bourreaux ne savent pas, comme le Phoenix, ces \u0153uvres rena\u00eetront de leurs cendres, sur sc\u00e8ne. Tout comme Port-au-Prince, d\u2019ailleurs !<\/p><p>En attendant que Port-au-Prince nous revienne, plus vivant et renaissant de ses cendres, la marche a bien disparu, et voici que maintenant c\u2019est Port-au-Prince qui marche en nous avec ses bouquins, ses artistes et ses festivals.<\/p><p>21 septembre 2023<\/p><p>Eli\u00e9zer Gu\u00e9rism\u00e9<br \/><em>Metteur en sc\u00e8ne et <\/em><em>Directeur artistique<br \/>du festival de th\u00e9\u00e2tre En Lisant.<\/em><\/p><p>Cr\u00e9dits photos: Odelyn Joseph \/ Benjamin Struelens \/ Josu\u00e9 Azor<\/p>\t\t\t\t\t\t\t\t<\/div>\n\t\t\t\t<\/div>\n\t\t\t\t<\/div>\n\t\t\t\t\t<\/div>\n\t\t\t\t<\/div>\n\t\t<div class=\"elementor-element elementor-element-879a0a0 e-flex e-con-boxed e-con e-parent\" data-id=\"879a0a0\" data-element_type=\"container\" data-e-type=\"container\" data-settings=\"{&quot;_ha_eqh_enable&quot;:false}\">\n\t\t\t\t\t<div class=\"e-con-inner\">\n\t\t<div class=\"elementor-element elementor-element-4a3d15b e-con-full e-flex e-con e-child\" data-id=\"4a3d15b\" data-element_type=\"container\" data-e-type=\"container\" data-settings=\"{&quot;_ha_eqh_enable&quot;:false}\">\n\t\t\t\t<div class=\"elementor-element elementor-element-0f81abb elementor-widget elementor-widget-image\" data-id=\"0f81abb\" data-element_type=\"widget\" data-e-type=\"widget\" data-widget_type=\"image.default\">\n\t\t\t\t<div class=\"elementor-widget-container\">\n\t\t\t\t\t\t\t\t\t\t\t\t\t\t\t<img decoding=\"async\" width=\"800\" height=\"532\" src=\"https:\/\/enlisantfestival.com\/fr\/wp-content\/uploads\/2023\/09\/Photo-003.jpg\" class=\"attachment-large size-large wp-image-4237\" alt=\"\" srcset=\"https:\/\/enlisantfestival.com\/fr\/wp-content\/uploads\/2023\/09\/Photo-003.jpg 800w, https:\/\/enlisantfestival.com\/fr\/wp-content\/uploads\/2023\/09\/Photo-003-300x200.jpg 300w, https:\/\/enlisantfestival.com\/fr\/wp-content\/uploads\/2023\/09\/Photo-003-768x511.jpg 768w\" sizes=\"(max-width: 800px) 100vw, 800px\" \/>\t\t\t\t\t\t\t\t\t\t\t\t\t\t\t<\/div>\n\t\t\t\t<\/div>\n\t\t\t\t<\/div>\n\t\t<div class=\"elementor-element elementor-element-c1ead2a e-con-full e-flex e-con e-child\" data-id=\"c1ead2a\" data-element_type=\"container\" data-e-type=\"container\" data-settings=\"{&quot;_ha_eqh_enable&quot;:false}\">\n\t\t\t\t<div class=\"elementor-element elementor-element-b4ef52c elementor-widget elementor-widget-image\" data-id=\"b4ef52c\" data-element_type=\"widget\" data-e-type=\"widget\" data-widget_type=\"image.default\">\n\t\t\t\t<div class=\"elementor-widget-container\">\n\t\t\t\t\t\t\t\t\t\t\t\t\t\t\t<img decoding=\"async\" width=\"1024\" height=\"683\" src=\"https:\/\/enlisantfestival.com\/fr\/wp-content\/uploads\/2023\/09\/Photo-001-web-1024x683.jpg\" class=\"attachment-large size-large wp-image-4246\" alt=\"\" srcset=\"https:\/\/enlisantfestival.com\/fr\/wp-content\/uploads\/2023\/09\/Photo-001-web-1024x683.jpg 1024w, https:\/\/enlisantfestival.com\/fr\/wp-content\/uploads\/2023\/09\/Photo-001-web-300x200.jpg 300w, https:\/\/enlisantfestival.com\/fr\/wp-content\/uploads\/2023\/09\/Photo-001-web-768x512.jpg 768w, https:\/\/enlisantfestival.com\/fr\/wp-content\/uploads\/2023\/09\/Photo-001-web.jpg 1200w\" sizes=\"(max-width: 1024px) 100vw, 1024px\" \/>\t\t\t\t\t\t\t\t\t\t\t\t\t\t\t<\/div>\n\t\t\t\t<\/div>\n\t\t\t\t<\/div>\n\t\t\t\t\t<\/div>\n\t\t\t\t<\/div>\n\t\t\t\t<\/div>\n\t\t","protected":false},"excerpt":{"rendered":"<p>Port-au-Prince, capitale en proie aux flammes\u00a0! Pour conna\u00eetre une ville, il faut savoir marcher dedans. Mettre un pied devant l\u2019autre et errer dans ses rues. Pour conna\u00eetre Port-au-Prince, il faut [&hellip;]<\/p>\n","protected":false},"author":990002,"featured_media":4236,"comment_status":"open","ping_status":"open","sticky":false,"template":"","format":"standard","meta":{"_FSMCFIC_featured_image_caption":"","_FSMCFIC_featured_image_nocaption":"","_FSMCFIC_featured_image_hide":"","footnotes":""},"categories":[104],"tags":[],"class_list":["post-4228","post","type-post","status-publish","format-standard","has-post-thumbnail","hentry","category-le-journal-d-en-lisant"],"yoast_head":"<!-- This site is optimized with the Yoast SEO plugin v27.0 - https:\/\/yoast.com\/product\/yoast-seo-wordpress\/ -->\n<title>EDITO: Port-au-Prince, capitale en proie aux flammes. - En Lisant festival de th\u00e9\u00e2tre<\/title>\n<meta name=\"robots\" content=\"index, follow, max-snippet:-1, max-image-preview:large, max-video-preview:-1\" \/>\n<link rel=\"canonical\" href=\"https:\/\/enlisantfestival.com\/fr\/edito-port-au-prince-capitale-en-proie-aux-flammes\/\" \/>\n<meta property=\"og:locale\" content=\"fr_FR\" \/>\n<meta property=\"og:type\" content=\"article\" \/>\n<meta property=\"og:title\" content=\"EDITO: Port-au-Prince, capitale en proie aux flammes. - En Lisant festival de th\u00e9\u00e2tre\" \/>\n<meta property=\"og:description\" content=\"Port-au-Prince, capitale en proie aux flammes\u00a0! Pour conna\u00eetre une ville, il faut savoir marcher dedans. Mettre un pied devant l\u2019autre et errer dans ses rues. Pour conna\u00eetre Port-au-Prince, il faut [&hellip;]\" \/>\n<meta property=\"og:url\" content=\"https:\/\/enlisantfestival.com\/fr\/edito-port-au-prince-capitale-en-proie-aux-flammes\/\" \/>\n<meta property=\"og:site_name\" content=\"En Lisant festival de th\u00e9\u00e2tre\" \/>\n<meta property=\"article:published_time\" content=\"2023-09-22T19:54:46+00:00\" \/>\n<meta property=\"article:modified_time\" content=\"2023-09-23T20:34:55+00:00\" \/>\n<meta property=\"og:image\" content=\"https:\/\/enlisantfestival.com\/fr\/wp-content\/uploads\/2023\/09\/PHOTO-004.jpg\" \/>\n\t<meta property=\"og:image:width\" content=\"1200\" \/>\n\t<meta property=\"og:image:height\" content=\"800\" \/>\n\t<meta property=\"og:image:type\" content=\"image\/jpeg\" \/>\n<meta name=\"author\" content=\"ludwy\" \/>\n<meta name=\"twitter:card\" content=\"summary_large_image\" \/>\n<meta name=\"twitter:label1\" content=\"\u00c9crit par\" \/>\n\t<meta name=\"twitter:data1\" content=\"ludwy\" \/>\n\t<meta name=\"twitter:label2\" content=\"Dur\u00e9e de lecture estim\u00e9e\" \/>\n\t<meta name=\"twitter:data2\" content=\"6 minutes\" \/>\n<script type=\"application\/ld+json\" class=\"yoast-schema-graph\">{\"@context\":\"https:\/\/schema.org\",\"@graph\":[{\"@type\":\"Article\",\"@id\":\"https:\/\/enlisantfestival.com\/fr\/edito-port-au-prince-capitale-en-proie-aux-flammes\/#article\",\"isPartOf\":{\"@id\":\"https:\/\/enlisantfestival.com\/fr\/edito-port-au-prince-capitale-en-proie-aux-flammes\/\"},\"author\":{\"name\":\"ludwy\",\"@id\":\"https:\/\/enlisantfestival.com\/fr\/#\/schema\/person\/846f9c27917ef190542b1a106fd9e36e\"},\"headline\":\"EDITO: Port-au-Prince, capitale en proie aux flammes.\",\"datePublished\":\"2023-09-22T19:54:46+00:00\",\"dateModified\":\"2023-09-23T20:34:55+00:00\",\"mainEntityOfPage\":{\"@id\":\"https:\/\/enlisantfestival.com\/fr\/edito-port-au-prince-capitale-en-proie-aux-flammes\/\"},\"wordCount\":1168,\"commentCount\":0,\"publisher\":{\"@id\":\"https:\/\/enlisantfestival.com\/fr\/#organization\"},\"image\":{\"@id\":\"https:\/\/enlisantfestival.com\/fr\/edito-port-au-prince-capitale-en-proie-aux-flammes\/#primaryimage\"},\"thumbnailUrl\":\"https:\/\/enlisantfestival.com\/fr\/wp-content\/uploads\/2023\/09\/PHOTO-004.jpg\",\"articleSection\":[\"Le journal d'En Lisant\"],\"inLanguage\":\"fr-FR\",\"potentialAction\":[{\"@type\":\"CommentAction\",\"name\":\"Comment\",\"target\":[\"https:\/\/enlisantfestival.com\/fr\/edito-port-au-prince-capitale-en-proie-aux-flammes\/#respond\"]}]},{\"@type\":\"WebPage\",\"@id\":\"https:\/\/enlisantfestival.com\/fr\/edito-port-au-prince-capitale-en-proie-aux-flammes\/\",\"url\":\"https:\/\/enlisantfestival.com\/fr\/edito-port-au-prince-capitale-en-proie-aux-flammes\/\",\"name\":\"EDITO: Port-au-Prince, capitale en proie aux flammes. - En Lisant festival de th\u00e9\u00e2tre\",\"isPartOf\":{\"@id\":\"https:\/\/enlisantfestival.com\/fr\/#website\"},\"primaryImageOfPage\":{\"@id\":\"https:\/\/enlisantfestival.com\/fr\/edito-port-au-prince-capitale-en-proie-aux-flammes\/#primaryimage\"},\"image\":{\"@id\":\"https:\/\/enlisantfestival.com\/fr\/edito-port-au-prince-capitale-en-proie-aux-flammes\/#primaryimage\"},\"thumbnailUrl\":\"https:\/\/enlisantfestival.com\/fr\/wp-content\/uploads\/2023\/09\/PHOTO-004.jpg\",\"datePublished\":\"2023-09-22T19:54:46+00:00\",\"dateModified\":\"2023-09-23T20:34:55+00:00\",\"breadcrumb\":{\"@id\":\"https:\/\/enlisantfestival.com\/fr\/edito-port-au-prince-capitale-en-proie-aux-flammes\/#breadcrumb\"},\"inLanguage\":\"fr-FR\",\"potentialAction\":[{\"@type\":\"ReadAction\",\"target\":[\"https:\/\/enlisantfestival.com\/fr\/edito-port-au-prince-capitale-en-proie-aux-flammes\/\"]}]},{\"@type\":\"ImageObject\",\"inLanguage\":\"fr-FR\",\"@id\":\"https:\/\/enlisantfestival.com\/fr\/edito-port-au-prince-capitale-en-proie-aux-flammes\/#primaryimage\",\"url\":\"https:\/\/enlisantfestival.com\/fr\/wp-content\/uploads\/2023\/09\/PHOTO-004.jpg\",\"contentUrl\":\"https:\/\/enlisantfestival.com\/fr\/wp-content\/uploads\/2023\/09\/PHOTO-004.jpg\",\"width\":1200,\"height\":800},{\"@type\":\"BreadcrumbList\",\"@id\":\"https:\/\/enlisantfestival.com\/fr\/edito-port-au-prince-capitale-en-proie-aux-flammes\/#breadcrumb\",\"itemListElement\":[{\"@type\":\"ListItem\",\"position\":1,\"name\":\"Accueil\",\"item\":\"https:\/\/enlisantfestival.com\/fr\/\"},{\"@type\":\"ListItem\",\"position\":2,\"name\":\"EDITO: Port-au-Prince, capitale en proie aux flammes.\"}]},{\"@type\":\"WebSite\",\"@id\":\"https:\/\/enlisantfestival.com\/fr\/#website\",\"url\":\"https:\/\/enlisantfestival.com\/fr\/\",\"name\":\"En Lisant festival de th\u00e9\u00e2tre\",\"description\":\"\",\"publisher\":{\"@id\":\"https:\/\/enlisantfestival.com\/fr\/#organization\"},\"potentialAction\":[{\"@type\":\"SearchAction\",\"target\":{\"@type\":\"EntryPoint\",\"urlTemplate\":\"https:\/\/enlisantfestival.com\/fr\/?s={search_term_string}\"},\"query-input\":{\"@type\":\"PropertyValueSpecification\",\"valueRequired\":true,\"valueName\":\"search_term_string\"}}],\"inLanguage\":\"fr-FR\"},{\"@type\":\"Organization\",\"@id\":\"https:\/\/enlisantfestival.com\/fr\/#organization\",\"name\":\"En Lisant festival de th\u00e9\u00e2tre\",\"url\":\"https:\/\/enlisantfestival.com\/fr\/\",\"logo\":{\"@type\":\"ImageObject\",\"inLanguage\":\"fr-FR\",\"@id\":\"https:\/\/enlisantfestival.com\/fr\/#\/schema\/logo\/image\/\",\"url\":\"https:\/\/enlisantfestival.com\/fr\/wp-content\/uploads\/2020\/09\/en-lisant-logo.png\",\"contentUrl\":\"https:\/\/enlisantfestival.com\/fr\/wp-content\/uploads\/2020\/09\/en-lisant-logo.png\",\"width\":600,\"height\":343,\"caption\":\"En Lisant festival de th\u00e9\u00e2tre\"},\"image\":{\"@id\":\"https:\/\/enlisantfestival.com\/fr\/#\/schema\/logo\/image\/\"}},{\"@type\":\"Person\",\"@id\":\"https:\/\/enlisantfestival.com\/fr\/#\/schema\/person\/846f9c27917ef190542b1a106fd9e36e\",\"name\":\"ludwy\",\"image\":{\"@type\":\"ImageObject\",\"inLanguage\":\"fr-FR\",\"@id\":\"https:\/\/enlisantfestival.com\/fr\/#\/schema\/person\/image\/\",\"url\":\"https:\/\/secure.gravatar.com\/avatar\/b29172caf944fb66969204ce485e5a42554f3bf8c9abe8d1e070ad9e2ac4eb41?s=96&d=mm&r=g\",\"contentUrl\":\"https:\/\/secure.gravatar.com\/avatar\/b29172caf944fb66969204ce485e5a42554f3bf8c9abe8d1e070ad9e2ac4eb41?s=96&d=mm&r=g\",\"caption\":\"ludwy\"},\"url\":\"https:\/\/enlisantfestival.com\/fr\/author\/ludwy\/\"}]}<\/script>\n<!-- \/ Yoast SEO plugin. -->","yoast_head_json":{"title":"EDITO: Port-au-Prince, capitale en proie aux flammes. - En Lisant festival de th\u00e9\u00e2tre","robots":{"index":"index","follow":"follow","max-snippet":"max-snippet:-1","max-image-preview":"max-image-preview:large","max-video-preview":"max-video-preview:-1"},"canonical":"https:\/\/enlisantfestival.com\/fr\/edito-port-au-prince-capitale-en-proie-aux-flammes\/","og_locale":"fr_FR","og_type":"article","og_title":"EDITO: Port-au-Prince, capitale en proie aux flammes. - En Lisant festival de th\u00e9\u00e2tre","og_description":"Port-au-Prince, capitale en proie aux flammes\u00a0! Pour conna\u00eetre une ville, il faut savoir marcher dedans. Mettre un pied devant l\u2019autre et errer dans ses rues. Pour conna\u00eetre Port-au-Prince, il faut [&hellip;]","og_url":"https:\/\/enlisantfestival.com\/fr\/edito-port-au-prince-capitale-en-proie-aux-flammes\/","og_site_name":"En Lisant festival de th\u00e9\u00e2tre","article_published_time":"2023-09-22T19:54:46+00:00","article_modified_time":"2023-09-23T20:34:55+00:00","og_image":[{"width":1200,"height":800,"url":"https:\/\/enlisantfestival.com\/fr\/wp-content\/uploads\/2023\/09\/PHOTO-004.jpg","type":"image\/jpeg"}],"author":"ludwy","twitter_card":"summary_large_image","twitter_misc":{"\u00c9crit par":"ludwy","Dur\u00e9e de lecture estim\u00e9e":"6 minutes"},"schema":{"@context":"https:\/\/schema.org","@graph":[{"@type":"Article","@id":"https:\/\/enlisantfestival.com\/fr\/edito-port-au-prince-capitale-en-proie-aux-flammes\/#article","isPartOf":{"@id":"https:\/\/enlisantfestival.com\/fr\/edito-port-au-prince-capitale-en-proie-aux-flammes\/"},"author":{"name":"ludwy","@id":"https:\/\/enlisantfestival.com\/fr\/#\/schema\/person\/846f9c27917ef190542b1a106fd9e36e"},"headline":"EDITO: Port-au-Prince, capitale en proie aux flammes.","datePublished":"2023-09-22T19:54:46+00:00","dateModified":"2023-09-23T20:34:55+00:00","mainEntityOfPage":{"@id":"https:\/\/enlisantfestival.com\/fr\/edito-port-au-prince-capitale-en-proie-aux-flammes\/"},"wordCount":1168,"commentCount":0,"publisher":{"@id":"https:\/\/enlisantfestival.com\/fr\/#organization"},"image":{"@id":"https:\/\/enlisantfestival.com\/fr\/edito-port-au-prince-capitale-en-proie-aux-flammes\/#primaryimage"},"thumbnailUrl":"https:\/\/enlisantfestival.com\/fr\/wp-content\/uploads\/2023\/09\/PHOTO-004.jpg","articleSection":["Le journal d'En Lisant"],"inLanguage":"fr-FR","potentialAction":[{"@type":"CommentAction","name":"Comment","target":["https:\/\/enlisantfestival.com\/fr\/edito-port-au-prince-capitale-en-proie-aux-flammes\/#respond"]}]},{"@type":"WebPage","@id":"https:\/\/enlisantfestival.com\/fr\/edito-port-au-prince-capitale-en-proie-aux-flammes\/","url":"https:\/\/enlisantfestival.com\/fr\/edito-port-au-prince-capitale-en-proie-aux-flammes\/","name":"EDITO: Port-au-Prince, capitale en proie aux flammes. - En Lisant festival de th\u00e9\u00e2tre","isPartOf":{"@id":"https:\/\/enlisantfestival.com\/fr\/#website"},"primaryImageOfPage":{"@id":"https:\/\/enlisantfestival.com\/fr\/edito-port-au-prince-capitale-en-proie-aux-flammes\/#primaryimage"},"image":{"@id":"https:\/\/enlisantfestival.com\/fr\/edito-port-au-prince-capitale-en-proie-aux-flammes\/#primaryimage"},"thumbnailUrl":"https:\/\/enlisantfestival.com\/fr\/wp-content\/uploads\/2023\/09\/PHOTO-004.jpg","datePublished":"2023-09-22T19:54:46+00:00","dateModified":"2023-09-23T20:34:55+00:00","breadcrumb":{"@id":"https:\/\/enlisantfestival.com\/fr\/edito-port-au-prince-capitale-en-proie-aux-flammes\/#breadcrumb"},"inLanguage":"fr-FR","potentialAction":[{"@type":"ReadAction","target":["https:\/\/enlisantfestival.com\/fr\/edito-port-au-prince-capitale-en-proie-aux-flammes\/"]}]},{"@type":"ImageObject","inLanguage":"fr-FR","@id":"https:\/\/enlisantfestival.com\/fr\/edito-port-au-prince-capitale-en-proie-aux-flammes\/#primaryimage","url":"https:\/\/enlisantfestival.com\/fr\/wp-content\/uploads\/2023\/09\/PHOTO-004.jpg","contentUrl":"https:\/\/enlisantfestival.com\/fr\/wp-content\/uploads\/2023\/09\/PHOTO-004.jpg","width":1200,"height":800},{"@type":"BreadcrumbList","@id":"https:\/\/enlisantfestival.com\/fr\/edito-port-au-prince-capitale-en-proie-aux-flammes\/#breadcrumb","itemListElement":[{"@type":"ListItem","position":1,"name":"Accueil","item":"https:\/\/enlisantfestival.com\/fr\/"},{"@type":"ListItem","position":2,"name":"EDITO: Port-au-Prince, capitale en proie aux flammes."}]},{"@type":"WebSite","@id":"https:\/\/enlisantfestival.com\/fr\/#website","url":"https:\/\/enlisantfestival.com\/fr\/","name":"En Lisant festival de th\u00e9\u00e2tre","description":"","publisher":{"@id":"https:\/\/enlisantfestival.com\/fr\/#organization"},"potentialAction":[{"@type":"SearchAction","target":{"@type":"EntryPoint","urlTemplate":"https:\/\/enlisantfestival.com\/fr\/?s={search_term_string}"},"query-input":{"@type":"PropertyValueSpecification","valueRequired":true,"valueName":"search_term_string"}}],"inLanguage":"fr-FR"},{"@type":"Organization","@id":"https:\/\/enlisantfestival.com\/fr\/#organization","name":"En Lisant festival de th\u00e9\u00e2tre","url":"https:\/\/enlisantfestival.com\/fr\/","logo":{"@type":"ImageObject","inLanguage":"fr-FR","@id":"https:\/\/enlisantfestival.com\/fr\/#\/schema\/logo\/image\/","url":"https:\/\/enlisantfestival.com\/fr\/wp-content\/uploads\/2020\/09\/en-lisant-logo.png","contentUrl":"https:\/\/enlisantfestival.com\/fr\/wp-content\/uploads\/2020\/09\/en-lisant-logo.png","width":600,"height":343,"caption":"En Lisant festival de th\u00e9\u00e2tre"},"image":{"@id":"https:\/\/enlisantfestival.com\/fr\/#\/schema\/logo\/image\/"}},{"@type":"Person","@id":"https:\/\/enlisantfestival.com\/fr\/#\/schema\/person\/846f9c27917ef190542b1a106fd9e36e","name":"ludwy","image":{"@type":"ImageObject","inLanguage":"fr-FR","@id":"https:\/\/enlisantfestival.com\/fr\/#\/schema\/person\/image\/","url":"https:\/\/secure.gravatar.com\/avatar\/b29172caf944fb66969204ce485e5a42554f3bf8c9abe8d1e070ad9e2ac4eb41?s=96&d=mm&r=g","contentUrl":"https:\/\/secure.gravatar.com\/avatar\/b29172caf944fb66969204ce485e5a42554f3bf8c9abe8d1e070ad9e2ac4eb41?s=96&d=mm&r=g","caption":"ludwy"},"url":"https:\/\/enlisantfestival.com\/fr\/author\/ludwy\/"}]}},"_links":{"self":[{"href":"https:\/\/enlisantfestival.com\/fr\/wp-json\/wp\/v2\/posts\/4228","targetHints":{"allow":["GET"]}}],"collection":[{"href":"https:\/\/enlisantfestival.com\/fr\/wp-json\/wp\/v2\/posts"}],"about":[{"href":"https:\/\/enlisantfestival.com\/fr\/wp-json\/wp\/v2\/types\/post"}],"author":[{"embeddable":true,"href":"https:\/\/enlisantfestival.com\/fr\/wp-json\/wp\/v2\/users\/990002"}],"replies":[{"embeddable":true,"href":"https:\/\/enlisantfestival.com\/fr\/wp-json\/wp\/v2\/comments?post=4228"}],"version-history":[{"count":26,"href":"https:\/\/enlisantfestival.com\/fr\/wp-json\/wp\/v2\/posts\/4228\/revisions"}],"predecessor-version":[{"id":4270,"href":"https:\/\/enlisantfestival.com\/fr\/wp-json\/wp\/v2\/posts\/4228\/revisions\/4270"}],"wp:featuredmedia":[{"embeddable":true,"href":"https:\/\/enlisantfestival.com\/fr\/wp-json\/wp\/v2\/media\/4236"}],"wp:attachment":[{"href":"https:\/\/enlisantfestival.com\/fr\/wp-json\/wp\/v2\/media?parent=4228"}],"wp:term":[{"taxonomy":"category","embeddable":true,"href":"https:\/\/enlisantfestival.com\/fr\/wp-json\/wp\/v2\/categories?post=4228"},{"taxonomy":"post_tag","embeddable":true,"href":"https:\/\/enlisantfestival.com\/fr\/wp-json\/wp\/v2\/tags?post=4228"}],"curies":[{"name":"wp","href":"https:\/\/api.w.org\/{rel}","templated":true}]}}