{"id":4312,"date":"2023-10-18T04:16:04","date_gmt":"2023-10-18T02:16:04","guid":{"rendered":"https:\/\/enlisantfestival.com\/fr\/?p=4312"},"modified":"2023-10-18T04:37:33","modified_gmt":"2023-10-18T02:37:33","slug":"in-memoriam-farid-sauvignon","status":"publish","type":"post","link":"https:\/\/enlisantfestival.com\/fr\/in-memoriam-farid-sauvignon\/","title":{"rendered":"In Memoriam Farid Sauvignon"},"content":{"rendered":"\t\t<div data-elementor-type=\"wp-post\" data-elementor-id=\"4312\" class=\"elementor elementor-4312\" data-elementor-settings=\"{&quot;ha_cmc_init_switcher&quot;:&quot;no&quot;}\">\n\t\t\t\t<div class=\"elementor-element elementor-element-222740a e-flex e-con-boxed e-con e-parent\" data-id=\"222740a\" data-element_type=\"container\" data-e-type=\"container\" data-settings=\"{&quot;_ha_eqh_enable&quot;:false}\">\n\t\t\t\t\t<div class=\"e-con-inner\">\n\t\t<div class=\"elementor-element elementor-element-e35e4e1 e-con-full e-flex e-con e-child\" data-id=\"e35e4e1\" data-element_type=\"container\" data-e-type=\"container\" data-settings=\"{&quot;_ha_eqh_enable&quot;:false}\">\n\t\t\t\t<div class=\"elementor-element elementor-element-824547a elementor-widget elementor-widget-image\" data-id=\"824547a\" data-element_type=\"widget\" data-e-type=\"widget\" data-widget_type=\"image.default\">\n\t\t\t\t<div class=\"elementor-widget-container\">\n\t\t\t\t\t\t\t\t\t\t\t\t\t\t\t<img fetchpriority=\"high\" decoding=\"async\" width=\"960\" height=\"640\" src=\"https:\/\/enlisantfestival.com\/fr\/wp-content\/uploads\/2023\/10\/En-troisieme.jpg\" class=\"attachment-large size-large wp-image-4310\" alt=\"\" srcset=\"https:\/\/enlisantfestival.com\/fr\/wp-content\/uploads\/2023\/10\/En-troisieme.jpg 960w, https:\/\/enlisantfestival.com\/fr\/wp-content\/uploads\/2023\/10\/En-troisieme-300x200.jpg 300w, https:\/\/enlisantfestival.com\/fr\/wp-content\/uploads\/2023\/10\/En-troisieme-768x512.jpg 768w\" sizes=\"(max-width: 960px) 100vw, 960px\" \/>\t\t\t\t\t\t\t\t\t\t\t\t\t\t\t<\/div>\n\t\t\t\t<\/div>\n\t\t\t\t<\/div>\n\t\t<div class=\"elementor-element elementor-element-ff53ea7 e-con-full e-flex e-con e-child\" data-id=\"ff53ea7\" data-element_type=\"container\" data-e-type=\"container\" data-settings=\"{&quot;_ha_eqh_enable&quot;:false}\">\n\t\t\t\t<div class=\"elementor-element elementor-element-7e03d4f elementor-widget elementor-widget-text-editor\" data-id=\"7e03d4f\" data-element_type=\"widget\" data-e-type=\"widget\" data-widget_type=\"text-editor.default\">\n\t\t\t\t<div class=\"elementor-widget-container\">\n\t\t\t\t\t\t\t\t\t<h4><em>Tu nous as fait un sale coup, Farid.<\/em><\/h4><p>Farid, tu \u00e9tais un grand silencieux. Comme si tu n\u2019avais bouche que pour donner parole \u00e0 tes personnages. Par ta voix et ton corps, ils disaient leur vie, leur amertume, leur douleur et leur chagrin. Tu ne parlais pas beaucoup, mais ta parole \u00e9tait empreinte de sagesse et de sinc\u00e9rit\u00e9. Cela me fait penser \u00e0 cette r\u00e9plique que tu avais si bien dite dans Victor ou les enfants au pouvoir de Vitrac. Toi, jouant le personnage du G\u00c9N\u00c9RAL Etienne Lons\u00e9gur.<\/p><p><em>VICTOR<\/em><br \/><em>Vous promettez, g\u00e9n\u00e9ral ?<\/em><br \/><em>LE G\u00c9N\u00c9RAL<\/em><br \/><em>C&#8217;est tenu d&#8217;avance. Parole de soldat.<\/em><\/p><p>Ces extraits t\u00e9moignent de la personne que tu fus. Le com\u00e9dien est un soldat, r\u00e9p\u00e9tais-tu souvent.<br \/>Tu \u00e9tais d\u2019un s\u00e9rieux. L\u2019incarnation du respect de la parole donn\u00e9e. Mais pour une fois tu n\u2019as pas tenu parole. Ce vendredi matin, au t\u00e9l\u00e9phone, tu m\u2019as dit que tu serais avec nous pour la reprise de Le ch\u00eane endormi \u00e0 Quatre Chemins, en novembre prochain. Mais tu es parti. Parti trop t\u00f4t.<\/p><p>La mort, cette faucheuse, a eu raison de toi, mon ami. Quel dieu a permis cela ? Quel jeu d\u2019acteur m\u00e9diocre tu nous a fait. Je n\u2019aime pas cette mani\u00e8re d\u2019incarner, d\u2019interpr\u00e9ter, de vivre son personnage, trop cr\u00e9dible \u00e0 mon go\u00fbt. Pourquoi toi, si tendre et si doux ? Comment la mort a fait pour s\u2019attaquer \u00e0 un c\u0153ur aussi bon que le tien ? Je convoquerai tous les anges, Erzuli Dahomey, la d\u00e9esse de l\u2019amour, tous les dieux, Agamemnon s\u2019il le faut, pour leur poser la question. Ils me la doivent cette r\u00e9ponse.<\/p><p>\u00ab\u00a0Dieu supr\u00eame qui lances la foudre terrible et qui chasses les nuages, roi de la terre et du ciel, qui re\u00e7ois des vainqueurs l&#8217;hommage de leurs troph\u00e9es ; toi aussi, Junon d&#8217;Argos, \u00e9pouse et s\u0153ur du plus puissant des dieux, je vais offrir avec joie sur vos autels les victimes, l&#8217;encens et les pri\u00e8res que je vous dois.\u00a0\u00bb<\/p><p>Je te sors ces m\u00eames r\u00e9pliques que tu disais avec tellement de rage dans nos r\u00e9p\u00e9titions. Je te cite cet extrait de texte que je t\u2019avais confi\u00e9 pour le personnage du ch\u00eane dans cette pi\u00e8ce d\u2019Andrise Pierre. Te rendre hommage, rendre un dernier hommage au ch\u00eane. Salut l\u2019artiste ! Merci pour tout mon bon vieux vin de Sauvignon !<\/p><p><em>Eli\u00e9zer Gu\u00e9rism\u00e9<\/em><\/p><h4><em>Dr\u00f4le de toi ou dr\u00f4le d\u2019hommage \u00e0 Farid&#8230;<\/em><\/h4><p>Tu pla\u00e7ais le silence avant les mots. Tu interpr\u00e9tais gravement de tristes personnages impr\u00e9gn\u00e9s d&#8217;impudeur. Tu jouais au Th\u00e9\u00e2tre comme on joue \u00e0 la bille&#8230; Th\u00e9\u00e2tre pour la vie, quand as-tu planifi\u00e9 cette macabre mise en sc\u00e8ne ? Pourquoi la sc\u00e8ne survit-elle \u00e0 la pi\u00e8ce ? Chute le rideau, les lumi\u00e8res une \u00e0 une s\u2019\u00e9teignent, la salle se vide, les spectateurs s\u2019en vont, les applaudissements aussi ! Nous, nous demeurons amis&#8230; Plus tard, nous allons trainer notre blues qui s\u2019apparente au gangsta rap dans la nuit pourpre des zones rouges, zones de non- droit o\u00f9 l\u2019espoir n&#8217;a plus droit de citer&#8230; Vin blanc ou vin rouge pour ce Sauvignon du terroir ? Non pas la peine&#8230; Une bi\u00e8re fra\u00eeche aussi rafraichissante qu\u2019une pr\u00e9sence qui compte fera l\u2019affaire&#8230; Des cigarettes ?&#8230; Oui une, une seule comme l\u2019\u00eatre qui manque et qui d\u00e9peuple l\u2019existence ! Oui une seule, donne- moi une seule raison pour invalider ta pr\u00e9sence ? Farid, tu es mon ami, les amis sont faits pour \u00e7a&#8230; Pas la peine de se sauver par le gong, quand la porte est grande ouverte&#8230; Pas la peine de dire au revoir \u00e0 des gens qui partiront dans un futur proche. Comment dire &#8220;tais- toi&#8221; \u00e0 quelqu&#8217;un qui a le silence comme langage ? Bon continue, oui continue&#8230; Pour la route, ne t\u2019inqui\u00e8te pas, personne ne conna\u00eet le chemin&#8230; Prends ton temps, tu nous feras des excuses d\u00e8s que l\u2019occasion se pr\u00e9sente. Nous te comprenons, nous sommes tes amis, les amis sont faits pour \u00e7a ! Sans rancune, vas, nous t\u2019aimons&#8230; Oui tu peux t\u2019en aller&#8230; Quel type, ce mec-l\u00e0&#8230; Bah ! Dr\u00f4le de toi, mon ami !<\/p><p><em>James Pubien,<\/em><br \/><em>Port-au-Prince, le 15 octobre 2023<\/em><\/p><h4><em>Dernier acte !<\/em><\/h4><p>C&#8217;\u00e9tait attendu au tournant de la route que l&#8217;on devait se s\u00e9parer. Se s\u00e9parer, oui, mais \u00e9l\u00e9gamment, sans \u00e9corcher l&#8217;amiti\u00e9. Ti Towo w ap pran pen kotidyen w! Ben oui zanmitay, l&#8217;eau et le pain symbolisent toujours la nourriture du p\u00e8lerin.<\/p><p>Jamais on n\u2019aurait cru que ta lumi\u00e8re serait \u00e9teinte avant m\u00eame le lever de rideau. As-tu eu le temps de quitter la sc\u00e8ne ? Camarade, ton d\u00e9cor est toujours plant\u00e9 dans la chambre, tes chaussures, tes sandales, ton uniforme de Police, tes chemises et tes pantalons, tes bouteilles de rhum et ta derni\u00e8re cigarette&#8230;<br \/>Farid, viens d\u00e9faire ton d\u00e9cor car nous ne sommes plus au th\u00e9\u00e2tre ! Il suffirait de croire que t&#8217;avais pr\u00e9vu de remonter sur sc\u00e8ne, mais cette fois, c&#8217;est la sc\u00e8ne de ta vie qui se joue sur les planches. Mais, sur quelle planche pourra-t-on interpr\u00e9ter dignement ton personnage avec sa grande moustache et ses instants ponctu\u00e9s de silence ? Oh ! Comme ta vie \u00e9tait faite de silence pour signifier ton grand talent de com\u00e9dien ! L\u00e0 encore on se perd dans les m\u00e9andres d&#8217;une vie aux mille facettes faites d&#8217;explosion de joie, de murmures et de non-dits&#8230;<\/p><p><em>Toussaint T. Jean Fran\u00e7ois<\/em><\/p><h4><em>Cher Farid<\/em><\/h4><p>Je pourrai m&#8217;enorgueillir de t&#8217;avoir connu, d&#8217;avoir eu l&#8217;immense privil\u00e8ge de jouer du th\u00e9\u00e2tre \u00e0 tes c\u00f4t\u00e9s. Du th\u00e9\u00e2tre. Oui tu \u00e9tais fou de cet art. Tu lui allais si bien, tu donnais de tout et de toi. J&#8217;ai toujours eu les \u00e9toiles dans les yeux en te voyant sur le plateau.<\/p><p>Malheureusement la mort est une faucheuse, une vielle taupe, j&#8217;esp\u00e8re pour le coup qu&#8217;elle t&#8217;enveloppera et que tu trouveras la paix.<\/p><p>J&#8217;ai eu la faveur de conna\u00eetre ta g\u00e9n\u00e9rosit\u00e9 et de vivre ton amour du th\u00e9\u00e2tre dans les rues de Port-au-Prince, du moins ce qu&#8217;il restait de cette ville qui nous porte tous malgr\u00e9 elle.<\/p><p>Farid Sauvignon tu es une \u00e9toile, un ange, une perle rare. J\u2019esp\u00e8re que tu reposeras en paix.<br \/>Dans mon c\u0153ur \u00e0 jamais.<\/p><p><em>Na\u00efza Fadianie Saint-Germain<\/em><\/p><h4><em>\u00ab Ah Farid, ou pa ta f\u00e8 nou sa\u2026!<\/em><\/h4><p>On n\u2019aura pas le temps de travailler ensemble, m\u00eame si je t\u2019avais pourtant fait d\u00e9couvrir ce beau texte, pr\u00e9monitoire donc, de Beckett qu\u2019on aurait pu monter : Cap au pire.<\/p><p>Toi qui \u00e9tais d\u2019une grande tendresse, d\u2019un regard doux, qui faisais son m\u00e9tier de com\u00e9dien de th\u00e9\u00e2tre sans heurt ni aigreur, jamais, cette \u00e9l\u00e9gance qui te caract\u00e9risait, par le th\u00e9\u00e2tre la r\u00e9mission, par le th\u00e9\u00e2tre rena\u00eetre, vivre, que la terre te soit douce et l\u00e9g\u00e8re.<\/p><p>Courage, courage \u00e0 ta famille. \u00bb<\/p><p><em>Guy Junior R\u00e9gis<\/em><\/p><h4><em>Camarade Farid<\/em><\/h4><p>Un jour, je prendrais le temps de parler de ton c\u0153ur, je dirais qu\u2019un AVC que deux AVC ni m\u00eame trois ne t\u2019emp\u00eachait de donner ce c\u0153ur \u00e0 partager comme un g\u00e2teau.<\/p><p>Je raconterais comment sans te rencontrer, on m\u2019avait parler de toi, d\u2019une pi\u00e8ce de th\u00e9\u00e2tre qui avait fait scandale \u00e0 cause de la nudit\u00e9 et d\u2019autres v\u00e9tilles. Je dirais le moment o\u00f9 je t\u2019ai crois\u00e9 calme comme tout dans ce bar de la rue Magloire Ambroise. J\u2019ai appris que tu t\u2019appelais Farid Sauvignon, tu avais le visage d\u2019un bon vin et un tic de tendresse. Tu g\u00e9rais une biblioth\u00e8que \u00e0 Jacmel et tu semblais malheureux.<\/p><p>J\u2019aurais d\u00fb te demander ce que tu portais comme tristesse, tu aurais sans doute r\u00e9pondu l\u2019autre. J\u2019avais 20 ans et pas de temps pour les grandes questions.<\/p><p>C\u2019\u00e9tait le moment de hurler dans le bar, \u00e0 qui \u00e9tait le plus brillant, qui avait lu plus de livres, qui criait le plus fort sur la table.<\/p><p>Je parlerais du soir o\u00f9 je t\u2019ai crois\u00e9 en train de pleurer dans la rue perpendiculaire \u00e0 celle que j\u2019habitais \u00e0 l\u2019\u00e9poque. Maladroitement, je t\u2019ai propos\u00e9 de passer avec moi chez la marchande de \u201cfritay\u201d et je t\u2019ai dit qu\u2019il y avait du rhum chez moi. Les maisons o\u00f9 j\u2019ai v\u00e9cu \u00e0 Port-au-Prince ont toujours \u00e9t\u00e9 des QG, quand ce n\u2019\u00e9tait pas Valery ou Jean D\u2019amerique, c\u2019\u00e9tait Any\u00e8s o\u00f9 Kervens ou d\u2019autres qui venaient y habiter o\u00f9 passait une nuit pour la fraternit\u00e9. Ce soir-l\u00e0, tu es rentr\u00e9 au QG. C\u2019\u00e9tait l\u2019\u00e9poque o\u00f9 l\u2019on se donnait du \u201ccamarade\u201d l\u2019\u00e9poque \u00ab\u00a0tu es Marx ou Gramsci\u00a0\u00bb, l\u2019\u00e9poque \u201cfr\u00e8re de plumes\u201d, l\u2019\u00e9poque \u201ctoute ville qui ne me passionne pas la nuit m\u00e9rite d\u2019\u00eatre br\u00fbl\u00e9\u201d.<\/p><p>Je ne dirais sans doute pas qu\u2019\u00e0 cette \u00e9poque, j\u2019\u00e9tais un prince aux yeux de feu avec une rose entre les dents. Il para\u00eet qu\u2019on n\u2019a pas toujours 20 ans de la m\u00eame mani\u00e8re. Je ne parlerais pas du soir o\u00f9 je suis rentr\u00e9 avec cette meuf, une c\u00e9l\u00e9brit\u00e9 et qu\u2019il fallait \u00eatre discret sur sa pr\u00e9sence chez moi et tu n\u2019as jamais cherch\u00e9 \u00e0 savoir plus. Je ne dirais pas qu\u2019un jour W.M. m\u2019avait convaincu de jouer l\u2019argent du loyer au poker et que c\u2019\u00e9tait toi qui m\u2019avais sauv\u00e9 la mise en payant le loyer. Tu ne m\u2019as jamais trait\u00e9 de t\u00eate br\u00fbl\u00e9e, tu regardais mes vingt ans avec ce calme de sage qui avait pass\u00e9 par l\u00e0.<\/p><p>La premi\u00e8re attaque d\u2019AVC, c\u2019\u00e9tait dans cette maison, ma s\u0153ur Sephora qui me rendait visite tu avais trouv\u00e9. Je crois que j\u2019ai grandi en quelques secondes. Les feuilles d\u2019amandiers que je tentais de mettre sous tes pieds, l\u2019arriv\u00e9e de l\u2019infirmi\u00e8re ensuite de James Pubien, Toussaint et Chelson, la salle de l\u2019h\u00f4pital g\u00e9n\u00e9ral, ta paralysie. Mes plus belles journ\u00e9es qui consistaient \u00e0 aller te chercher chez ta m\u00e8re \u00e0 Carradeux et t\u2019emmener dans la clinique de r\u00e9\u00e9ducation \u00e0 Bourdon. Qu\u2019est-ce qu\u2019on rigolait dans la Jeep, la voiture du g\u00e9n\u00e9ral. Et tu remerciais le soir quand je te d\u00e9posais et je disais Farid, va te faire foutre avec tes remerciements. Et ce moment o\u00f9 je t\u2019ai revu sur une sc\u00e8ne de th\u00e9\u00e2tre, j\u2019avoue que j\u2019ai eu peur et je priais doucement pour que rien ne g\u00e2che ce moment. Et puis, la deuxi\u00e8me attaque, tu as repris les planches. Tu \u00e9tais le Cassius Clay des attaques de c\u0153urs, tu \u00e9tais programm\u00e9 pour vivre 100 ans.<\/p><p>Je sais que tu gardais beaucoup de choses dans tes chambres int\u00e9rieures. Tu ne m\u2019as jamais dit pourquoi tu pleurais le soir o\u00f9 tu es venu \u00e0 la maison. Je ne t\u2019ai jamais demand\u00e9 non plus d\u2019ailleurs. Je l\u2019ai su comme cela, comme on sait les choses. J\u2019ai ce d\u00e9nominateur commun de silence avec toi. Mais peut-\u00eatre qu\u2019un c\u0153ur c&#8217;est un peu comme un tapis, tu vois, quand on balance les miettes de la vie pas jolies dessous, bien cach\u00e9es. Peut-\u00eatre qu\u2019un jour \u00e7a d\u00e9borde. Aujourd\u2019hui, tu sais, je veux \u00eatre triste comme une cath\u00e9drale dans une ville sans lune. Aujourd\u2019hui, j\u2019ai envie de pleurer comme un con. J\u2019ai envie de dire que les meilleurs partent toujours avant, j\u2019ai envie de me demander pourquoi c\u2019est toi qui pars, pourquoi moi\u2026 (bof). Aujourd\u2019hui, j\u2019ai envie d\u2019exploser mon c\u0153ur, de laisser tout couler au pied du monde entier. J\u2019ai envie de tout noyer. Aujourd\u2019hui seulement mon fr\u00e8re, parce que demain : j\u2019ai SOURIRE.<\/p><p><em>B\u00e9onard Monteau Kervens<\/em><\/p><p>\u00a0<\/p><p><img decoding=\"async\" class=\"alignnone size-medium wp-image-4308\" src=\"https:\/\/enlisantfestival.com\/fr\/wp-content\/uploads\/2023\/10\/En-deuxieme-300x200.jpg\" alt=\"\" width=\"300\" height=\"200\" srcset=\"https:\/\/enlisantfestival.com\/fr\/wp-content\/uploads\/2023\/10\/En-deuxieme-300x200.jpg 300w, https:\/\/enlisantfestival.com\/fr\/wp-content\/uploads\/2023\/10\/En-deuxieme-1024x683.jpg 1024w, https:\/\/enlisantfestival.com\/fr\/wp-content\/uploads\/2023\/10\/En-deuxieme-768x512.jpg 768w, https:\/\/enlisantfestival.com\/fr\/wp-content\/uploads\/2023\/10\/En-deuxieme-1536x1024.jpg 1536w, https:\/\/enlisantfestival.com\/fr\/wp-content\/uploads\/2023\/10\/En-deuxieme.jpg 2048w\" sizes=\"(max-width: 300px) 100vw, 300px\" \/><\/p>\t\t\t\t\t\t\t\t<\/div>\n\t\t\t\t<\/div>\n\t\t\t\t<div class=\"elementor-element elementor-element-7cb2853 elementor-widget elementor-widget-image\" data-id=\"7cb2853\" data-element_type=\"widget\" data-e-type=\"widget\" data-widget_type=\"image.default\">\n\t\t\t\t<div class=\"elementor-widget-container\">\n\t\t\t\t\t\t\t\t\t\t\t\t\t\t\t<img decoding=\"async\" width=\"750\" height=\"500\" src=\"https:\/\/enlisantfestival.com\/fr\/wp-content\/uploads\/2023\/10\/En-dernier.jpg\" class=\"attachment-large size-large wp-image-4309\" alt=\"\" srcset=\"https:\/\/enlisantfestival.com\/fr\/wp-content\/uploads\/2023\/10\/En-dernier.jpg 750w, https:\/\/enlisantfestival.com\/fr\/wp-content\/uploads\/2023\/10\/En-dernier-300x200.jpg 300w\" sizes=\"(max-width: 750px) 100vw, 750px\" \/>\t\t\t\t\t\t\t\t\t\t\t\t\t\t\t<\/div>\n\t\t\t\t<\/div>\n\t\t\t\t<\/div>\n\t\t\t\t\t<\/div>\n\t\t\t\t<\/div>\n\t\t\t\t<\/div>\n\t\t","protected":false},"excerpt":{"rendered":"<p>Tu nous as fait un sale coup, Farid. Farid, tu \u00e9tais un grand silencieux. Comme si tu n\u2019avais bouche que pour donner parole \u00e0 tes personnages. Par ta voix et [&hellip;]<\/p>\n","protected":false},"author":990002,"featured_media":4307,"comment_status":"open","ping_status":"open","sticky":false,"template":"","format":"standard","meta":{"_FSMCFIC_featured_image_caption":"","_FSMCFIC_featured_image_nocaption":"","_FSMCFIC_featured_image_hide":"","footnotes":""},"categories":[104],"tags":[],"class_list":["post-4312","post","type-post","status-publish","format-standard","has-post-thumbnail","hentry","category-le-journal-d-en-lisant"],"yoast_head":"<!-- This site is optimized with the Yoast SEO plugin v27.0 - https:\/\/yoast.com\/product\/yoast-seo-wordpress\/ -->\n<title>In Memoriam Farid Sauvignon - En Lisant festival de th\u00e9\u00e2tre<\/title>\n<meta name=\"robots\" content=\"index, follow, max-snippet:-1, max-image-preview:large, max-video-preview:-1\" \/>\n<link rel=\"canonical\" href=\"https:\/\/enlisantfestival.com\/fr\/in-memoriam-farid-sauvignon\/\" \/>\n<meta property=\"og:locale\" content=\"fr_FR\" \/>\n<meta property=\"og:type\" content=\"article\" \/>\n<meta property=\"og:title\" content=\"In Memoriam Farid Sauvignon - En Lisant festival de th\u00e9\u00e2tre\" \/>\n<meta property=\"og:description\" content=\"Tu nous as fait un sale coup, Farid. Farid, tu \u00e9tais un grand silencieux. Comme si tu n\u2019avais bouche que pour donner parole \u00e0 tes personnages. Par ta voix et [&hellip;]\" \/>\n<meta property=\"og:url\" content=\"https:\/\/enlisantfestival.com\/fr\/in-memoriam-farid-sauvignon\/\" \/>\n<meta property=\"og:site_name\" content=\"En Lisant festival de th\u00e9\u00e2tre\" \/>\n<meta property=\"article:published_time\" content=\"2023-10-18T02:16:04+00:00\" \/>\n<meta property=\"article:modified_time\" content=\"2023-10-18T02:37:33+00:00\" \/>\n<meta property=\"og:image\" content=\"https:\/\/enlisantfestival.com\/fr\/wp-content\/uploads\/2023\/10\/En-une.jpg\" \/>\n\t<meta property=\"og:image:width\" content=\"960\" \/>\n\t<meta property=\"og:image:height\" content=\"640\" \/>\n\t<meta property=\"og:image:type\" content=\"image\/jpeg\" \/>\n<meta name=\"author\" content=\"ludwy\" \/>\n<meta name=\"twitter:card\" content=\"summary_large_image\" \/>\n<meta name=\"twitter:label1\" content=\"\u00c9crit par\" \/>\n\t<meta name=\"twitter:data1\" content=\"ludwy\" \/>\n\t<meta name=\"twitter:label2\" content=\"Dur\u00e9e de lecture estim\u00e9e\" \/>\n\t<meta name=\"twitter:data2\" content=\"10 minutes\" \/>\n<script type=\"application\/ld+json\" class=\"yoast-schema-graph\">{\"@context\":\"https:\/\/schema.org\",\"@graph\":[{\"@type\":\"Article\",\"@id\":\"https:\/\/enlisantfestival.com\/fr\/in-memoriam-farid-sauvignon\/#article\",\"isPartOf\":{\"@id\":\"https:\/\/enlisantfestival.com\/fr\/in-memoriam-farid-sauvignon\/\"},\"author\":{\"name\":\"ludwy\",\"@id\":\"https:\/\/enlisantfestival.com\/fr\/#\/schema\/person\/846f9c27917ef190542b1a106fd9e36e\"},\"headline\":\"In Memoriam Farid Sauvignon\",\"datePublished\":\"2023-10-18T02:16:04+00:00\",\"dateModified\":\"2023-10-18T02:37:33+00:00\",\"mainEntityOfPage\":{\"@id\":\"https:\/\/enlisantfestival.com\/fr\/in-memoriam-farid-sauvignon\/\"},\"wordCount\":2051,\"commentCount\":0,\"publisher\":{\"@id\":\"https:\/\/enlisantfestival.com\/fr\/#organization\"},\"image\":{\"@id\":\"https:\/\/enlisantfestival.com\/fr\/in-memoriam-farid-sauvignon\/#primaryimage\"},\"thumbnailUrl\":\"https:\/\/enlisantfestival.com\/fr\/wp-content\/uploads\/2023\/10\/En-une.jpg\",\"articleSection\":[\"Le journal d'En Lisant\"],\"inLanguage\":\"fr-FR\",\"potentialAction\":[{\"@type\":\"CommentAction\",\"name\":\"Comment\",\"target\":[\"https:\/\/enlisantfestival.com\/fr\/in-memoriam-farid-sauvignon\/#respond\"]}]},{\"@type\":\"WebPage\",\"@id\":\"https:\/\/enlisantfestival.com\/fr\/in-memoriam-farid-sauvignon\/\",\"url\":\"https:\/\/enlisantfestival.com\/fr\/in-memoriam-farid-sauvignon\/\",\"name\":\"In Memoriam Farid Sauvignon - En Lisant festival de th\u00e9\u00e2tre\",\"isPartOf\":{\"@id\":\"https:\/\/enlisantfestival.com\/fr\/#website\"},\"primaryImageOfPage\":{\"@id\":\"https:\/\/enlisantfestival.com\/fr\/in-memoriam-farid-sauvignon\/#primaryimage\"},\"image\":{\"@id\":\"https:\/\/enlisantfestival.com\/fr\/in-memoriam-farid-sauvignon\/#primaryimage\"},\"thumbnailUrl\":\"https:\/\/enlisantfestival.com\/fr\/wp-content\/uploads\/2023\/10\/En-une.jpg\",\"datePublished\":\"2023-10-18T02:16:04+00:00\",\"dateModified\":\"2023-10-18T02:37:33+00:00\",\"breadcrumb\":{\"@id\":\"https:\/\/enlisantfestival.com\/fr\/in-memoriam-farid-sauvignon\/#breadcrumb\"},\"inLanguage\":\"fr-FR\",\"potentialAction\":[{\"@type\":\"ReadAction\",\"target\":[\"https:\/\/enlisantfestival.com\/fr\/in-memoriam-farid-sauvignon\/\"]}]},{\"@type\":\"ImageObject\",\"inLanguage\":\"fr-FR\",\"@id\":\"https:\/\/enlisantfestival.com\/fr\/in-memoriam-farid-sauvignon\/#primaryimage\",\"url\":\"https:\/\/enlisantfestival.com\/fr\/wp-content\/uploads\/2023\/10\/En-une.jpg\",\"contentUrl\":\"https:\/\/enlisantfestival.com\/fr\/wp-content\/uploads\/2023\/10\/En-une.jpg\",\"width\":960,\"height\":640},{\"@type\":\"BreadcrumbList\",\"@id\":\"https:\/\/enlisantfestival.com\/fr\/in-memoriam-farid-sauvignon\/#breadcrumb\",\"itemListElement\":[{\"@type\":\"ListItem\",\"position\":1,\"name\":\"Accueil\",\"item\":\"https:\/\/enlisantfestival.com\/fr\/\"},{\"@type\":\"ListItem\",\"position\":2,\"name\":\"In Memoriam Farid Sauvignon\"}]},{\"@type\":\"WebSite\",\"@id\":\"https:\/\/enlisantfestival.com\/fr\/#website\",\"url\":\"https:\/\/enlisantfestival.com\/fr\/\",\"name\":\"En Lisant festival de th\u00e9\u00e2tre\",\"description\":\"\",\"publisher\":{\"@id\":\"https:\/\/enlisantfestival.com\/fr\/#organization\"},\"potentialAction\":[{\"@type\":\"SearchAction\",\"target\":{\"@type\":\"EntryPoint\",\"urlTemplate\":\"https:\/\/enlisantfestival.com\/fr\/?s={search_term_string}\"},\"query-input\":{\"@type\":\"PropertyValueSpecification\",\"valueRequired\":true,\"valueName\":\"search_term_string\"}}],\"inLanguage\":\"fr-FR\"},{\"@type\":\"Organization\",\"@id\":\"https:\/\/enlisantfestival.com\/fr\/#organization\",\"name\":\"En Lisant festival de th\u00e9\u00e2tre\",\"url\":\"https:\/\/enlisantfestival.com\/fr\/\",\"logo\":{\"@type\":\"ImageObject\",\"inLanguage\":\"fr-FR\",\"@id\":\"https:\/\/enlisantfestival.com\/fr\/#\/schema\/logo\/image\/\",\"url\":\"https:\/\/enlisantfestival.com\/fr\/wp-content\/uploads\/2020\/09\/en-lisant-logo.png\",\"contentUrl\":\"https:\/\/enlisantfestival.com\/fr\/wp-content\/uploads\/2020\/09\/en-lisant-logo.png\",\"width\":600,\"height\":343,\"caption\":\"En Lisant festival de th\u00e9\u00e2tre\"},\"image\":{\"@id\":\"https:\/\/enlisantfestival.com\/fr\/#\/schema\/logo\/image\/\"}},{\"@type\":\"Person\",\"@id\":\"https:\/\/enlisantfestival.com\/fr\/#\/schema\/person\/846f9c27917ef190542b1a106fd9e36e\",\"name\":\"ludwy\",\"image\":{\"@type\":\"ImageObject\",\"inLanguage\":\"fr-FR\",\"@id\":\"https:\/\/enlisantfestival.com\/fr\/#\/schema\/person\/image\/\",\"url\":\"https:\/\/secure.gravatar.com\/avatar\/b29172caf944fb66969204ce485e5a42554f3bf8c9abe8d1e070ad9e2ac4eb41?s=96&d=mm&r=g\",\"contentUrl\":\"https:\/\/secure.gravatar.com\/avatar\/b29172caf944fb66969204ce485e5a42554f3bf8c9abe8d1e070ad9e2ac4eb41?s=96&d=mm&r=g\",\"caption\":\"ludwy\"},\"url\":\"https:\/\/enlisantfestival.com\/fr\/author\/ludwy\/\"}]}<\/script>\n<!-- \/ Yoast SEO plugin. -->","yoast_head_json":{"title":"In Memoriam Farid Sauvignon - En Lisant festival de th\u00e9\u00e2tre","robots":{"index":"index","follow":"follow","max-snippet":"max-snippet:-1","max-image-preview":"max-image-preview:large","max-video-preview":"max-video-preview:-1"},"canonical":"https:\/\/enlisantfestival.com\/fr\/in-memoriam-farid-sauvignon\/","og_locale":"fr_FR","og_type":"article","og_title":"In Memoriam Farid Sauvignon - En Lisant festival de th\u00e9\u00e2tre","og_description":"Tu nous as fait un sale coup, Farid. Farid, tu \u00e9tais un grand silencieux. Comme si tu n\u2019avais bouche que pour donner parole \u00e0 tes personnages. Par ta voix et [&hellip;]","og_url":"https:\/\/enlisantfestival.com\/fr\/in-memoriam-farid-sauvignon\/","og_site_name":"En Lisant festival de th\u00e9\u00e2tre","article_published_time":"2023-10-18T02:16:04+00:00","article_modified_time":"2023-10-18T02:37:33+00:00","og_image":[{"width":960,"height":640,"url":"https:\/\/enlisantfestival.com\/fr\/wp-content\/uploads\/2023\/10\/En-une.jpg","type":"image\/jpeg"}],"author":"ludwy","twitter_card":"summary_large_image","twitter_misc":{"\u00c9crit par":"ludwy","Dur\u00e9e de lecture estim\u00e9e":"10 minutes"},"schema":{"@context":"https:\/\/schema.org","@graph":[{"@type":"Article","@id":"https:\/\/enlisantfestival.com\/fr\/in-memoriam-farid-sauvignon\/#article","isPartOf":{"@id":"https:\/\/enlisantfestival.com\/fr\/in-memoriam-farid-sauvignon\/"},"author":{"name":"ludwy","@id":"https:\/\/enlisantfestival.com\/fr\/#\/schema\/person\/846f9c27917ef190542b1a106fd9e36e"},"headline":"In Memoriam Farid Sauvignon","datePublished":"2023-10-18T02:16:04+00:00","dateModified":"2023-10-18T02:37:33+00:00","mainEntityOfPage":{"@id":"https:\/\/enlisantfestival.com\/fr\/in-memoriam-farid-sauvignon\/"},"wordCount":2051,"commentCount":0,"publisher":{"@id":"https:\/\/enlisantfestival.com\/fr\/#organization"},"image":{"@id":"https:\/\/enlisantfestival.com\/fr\/in-memoriam-farid-sauvignon\/#primaryimage"},"thumbnailUrl":"https:\/\/enlisantfestival.com\/fr\/wp-content\/uploads\/2023\/10\/En-une.jpg","articleSection":["Le journal d'En Lisant"],"inLanguage":"fr-FR","potentialAction":[{"@type":"CommentAction","name":"Comment","target":["https:\/\/enlisantfestival.com\/fr\/in-memoriam-farid-sauvignon\/#respond"]}]},{"@type":"WebPage","@id":"https:\/\/enlisantfestival.com\/fr\/in-memoriam-farid-sauvignon\/","url":"https:\/\/enlisantfestival.com\/fr\/in-memoriam-farid-sauvignon\/","name":"In Memoriam Farid Sauvignon - En Lisant festival de th\u00e9\u00e2tre","isPartOf":{"@id":"https:\/\/enlisantfestival.com\/fr\/#website"},"primaryImageOfPage":{"@id":"https:\/\/enlisantfestival.com\/fr\/in-memoriam-farid-sauvignon\/#primaryimage"},"image":{"@id":"https:\/\/enlisantfestival.com\/fr\/in-memoriam-farid-sauvignon\/#primaryimage"},"thumbnailUrl":"https:\/\/enlisantfestival.com\/fr\/wp-content\/uploads\/2023\/10\/En-une.jpg","datePublished":"2023-10-18T02:16:04+00:00","dateModified":"2023-10-18T02:37:33+00:00","breadcrumb":{"@id":"https:\/\/enlisantfestival.com\/fr\/in-memoriam-farid-sauvignon\/#breadcrumb"},"inLanguage":"fr-FR","potentialAction":[{"@type":"ReadAction","target":["https:\/\/enlisantfestival.com\/fr\/in-memoriam-farid-sauvignon\/"]}]},{"@type":"ImageObject","inLanguage":"fr-FR","@id":"https:\/\/enlisantfestival.com\/fr\/in-memoriam-farid-sauvignon\/#primaryimage","url":"https:\/\/enlisantfestival.com\/fr\/wp-content\/uploads\/2023\/10\/En-une.jpg","contentUrl":"https:\/\/enlisantfestival.com\/fr\/wp-content\/uploads\/2023\/10\/En-une.jpg","width":960,"height":640},{"@type":"BreadcrumbList","@id":"https:\/\/enlisantfestival.com\/fr\/in-memoriam-farid-sauvignon\/#breadcrumb","itemListElement":[{"@type":"ListItem","position":1,"name":"Accueil","item":"https:\/\/enlisantfestival.com\/fr\/"},{"@type":"ListItem","position":2,"name":"In Memoriam Farid Sauvignon"}]},{"@type":"WebSite","@id":"https:\/\/enlisantfestival.com\/fr\/#website","url":"https:\/\/enlisantfestival.com\/fr\/","name":"En Lisant festival de th\u00e9\u00e2tre","description":"","publisher":{"@id":"https:\/\/enlisantfestival.com\/fr\/#organization"},"potentialAction":[{"@type":"SearchAction","target":{"@type":"EntryPoint","urlTemplate":"https:\/\/enlisantfestival.com\/fr\/?s={search_term_string}"},"query-input":{"@type":"PropertyValueSpecification","valueRequired":true,"valueName":"search_term_string"}}],"inLanguage":"fr-FR"},{"@type":"Organization","@id":"https:\/\/enlisantfestival.com\/fr\/#organization","name":"En Lisant festival de th\u00e9\u00e2tre","url":"https:\/\/enlisantfestival.com\/fr\/","logo":{"@type":"ImageObject","inLanguage":"fr-FR","@id":"https:\/\/enlisantfestival.com\/fr\/#\/schema\/logo\/image\/","url":"https:\/\/enlisantfestival.com\/fr\/wp-content\/uploads\/2020\/09\/en-lisant-logo.png","contentUrl":"https:\/\/enlisantfestival.com\/fr\/wp-content\/uploads\/2020\/09\/en-lisant-logo.png","width":600,"height":343,"caption":"En Lisant festival de th\u00e9\u00e2tre"},"image":{"@id":"https:\/\/enlisantfestival.com\/fr\/#\/schema\/logo\/image\/"}},{"@type":"Person","@id":"https:\/\/enlisantfestival.com\/fr\/#\/schema\/person\/846f9c27917ef190542b1a106fd9e36e","name":"ludwy","image":{"@type":"ImageObject","inLanguage":"fr-FR","@id":"https:\/\/enlisantfestival.com\/fr\/#\/schema\/person\/image\/","url":"https:\/\/secure.gravatar.com\/avatar\/b29172caf944fb66969204ce485e5a42554f3bf8c9abe8d1e070ad9e2ac4eb41?s=96&d=mm&r=g","contentUrl":"https:\/\/secure.gravatar.com\/avatar\/b29172caf944fb66969204ce485e5a42554f3bf8c9abe8d1e070ad9e2ac4eb41?s=96&d=mm&r=g","caption":"ludwy"},"url":"https:\/\/enlisantfestival.com\/fr\/author\/ludwy\/"}]}},"_links":{"self":[{"href":"https:\/\/enlisantfestival.com\/fr\/wp-json\/wp\/v2\/posts\/4312","targetHints":{"allow":["GET"]}}],"collection":[{"href":"https:\/\/enlisantfestival.com\/fr\/wp-json\/wp\/v2\/posts"}],"about":[{"href":"https:\/\/enlisantfestival.com\/fr\/wp-json\/wp\/v2\/types\/post"}],"author":[{"embeddable":true,"href":"https:\/\/enlisantfestival.com\/fr\/wp-json\/wp\/v2\/users\/990002"}],"replies":[{"embeddable":true,"href":"https:\/\/enlisantfestival.com\/fr\/wp-json\/wp\/v2\/comments?post=4312"}],"version-history":[{"count":19,"href":"https:\/\/enlisantfestival.com\/fr\/wp-json\/wp\/v2\/posts\/4312\/revisions"}],"predecessor-version":[{"id":4332,"href":"https:\/\/enlisantfestival.com\/fr\/wp-json\/wp\/v2\/posts\/4312\/revisions\/4332"}],"wp:featuredmedia":[{"embeddable":true,"href":"https:\/\/enlisantfestival.com\/fr\/wp-json\/wp\/v2\/media\/4307"}],"wp:attachment":[{"href":"https:\/\/enlisantfestival.com\/fr\/wp-json\/wp\/v2\/media?parent=4312"}],"wp:term":[{"taxonomy":"category","embeddable":true,"href":"https:\/\/enlisantfestival.com\/fr\/wp-json\/wp\/v2\/categories?post=4312"},{"taxonomy":"post_tag","embeddable":true,"href":"https:\/\/enlisantfestival.com\/fr\/wp-json\/wp\/v2\/tags?post=4312"}],"curies":[{"name":"wp","href":"https:\/\/api.w.org\/{rel}","templated":true}]}}