{"id":4356,"date":"2023-11-27T17:02:29","date_gmt":"2023-11-27T16:02:29","guid":{"rendered":"https:\/\/enlisantfestival.com\/fr\/?p=4356"},"modified":"2023-11-27T18:14:40","modified_gmt":"2023-11-27T17:14:40","slug":"la-chanteuse-sherlee-skai-ou-la-reconquete-de-sa-terre-natale","status":"publish","type":"post","link":"https:\/\/enlisantfestival.com\/fr\/la-chanteuse-sherlee-skai-ou-la-reconquete-de-sa-terre-natale\/","title":{"rendered":"La chanteuse Sherlee skai ou la reconqu\u00eate de sa terre natale."},"content":{"rendered":"\t\t<div data-elementor-type=\"wp-post\" data-elementor-id=\"4356\" class=\"elementor elementor-4356\" data-elementor-settings=\"{&quot;ha_cmc_init_switcher&quot;:&quot;no&quot;}\">\n\t\t\t\t<div class=\"elementor-element elementor-element-7b55bab e-flex e-con-boxed e-con e-parent\" data-id=\"7b55bab\" data-element_type=\"container\" data-e-type=\"container\" data-settings=\"{&quot;background_background&quot;:&quot;classic&quot;,&quot;_ha_eqh_enable&quot;:false}\">\n\t\t\t\t\t<div class=\"e-con-inner\">\n\t\t<div class=\"elementor-element elementor-element-97f1199 e-con-full e-flex e-con e-child\" data-id=\"97f1199\" data-element_type=\"container\" data-e-type=\"container\" data-settings=\"{&quot;_ha_eqh_enable&quot;:false}\">\n\t\t\t\t<div class=\"elementor-element elementor-element-5102c88 elementor-widget elementor-widget-image\" data-id=\"5102c88\" data-element_type=\"widget\" data-e-type=\"widget\" data-widget_type=\"image.default\">\n\t\t\t\t<div class=\"elementor-widget-container\">\n\t\t\t\t\t\t\t\t\t\t\t\t\t\t\t<img fetchpriority=\"high\" decoding=\"async\" width=\"818\" height=\"1024\" src=\"https:\/\/enlisantfestival.com\/fr\/wp-content\/uploads\/2023\/11\/Sherlee-2-818x1024.jpg\" class=\"attachment-large size-large wp-image-4359\" alt=\"\" srcset=\"https:\/\/enlisantfestival.com\/fr\/wp-content\/uploads\/2023\/11\/Sherlee-2-818x1024.jpg 818w, https:\/\/enlisantfestival.com\/fr\/wp-content\/uploads\/2023\/11\/Sherlee-2-240x300.jpg 240w, https:\/\/enlisantfestival.com\/fr\/wp-content\/uploads\/2023\/11\/Sherlee-2-768x961.jpg 768w, https:\/\/enlisantfestival.com\/fr\/wp-content\/uploads\/2023\/11\/Sherlee-2-1227x1536.jpg 1227w, https:\/\/enlisantfestival.com\/fr\/wp-content\/uploads\/2023\/11\/Sherlee-2.jpg 1636w\" sizes=\"(max-width: 818px) 100vw, 818px\" \/>\t\t\t\t\t\t\t\t\t\t\t\t\t\t\t<\/div>\n\t\t\t\t<\/div>\n\t\t\t\t<\/div>\n\t\t<div class=\"elementor-element elementor-element-909e1f0 e-con-full e-flex e-con e-child\" data-id=\"909e1f0\" data-element_type=\"container\" data-e-type=\"container\" data-settings=\"{&quot;_ha_eqh_enable&quot;:false}\">\n\t\t\t\t<div class=\"elementor-element elementor-element-28fa768 elementor-widget elementor-widget-text-editor\" data-id=\"28fa768\" data-element_type=\"widget\" data-e-type=\"widget\" data-widget_type=\"text-editor.default\">\n\t\t\t\t<div class=\"elementor-widget-container\">\n\t\t\t\t\t\t\t\t\t<p>Sherlee Skai.<\/p><p>C\u2019est le nom de cette chanteuse ha\u00eftienne de la diaspora qui veut (re) conqu\u00e9rir son \u00eele natale.<\/p><p>Sherlee Skai &#8211; Sherly D\u00e9brosse, de son vrai nom- est n\u00e9e un 14 avril \u00e0 Port-au-Prince et a immigr\u00e9 aux Etats-Unis en 2006 \u00e0 un moment o\u00f9 Ha\u00efti faisait face \u00e0 une crise multiforme hors-norme.<\/p><p>Au moment de son d\u00e9part, cette femme qui a fait toute sa scolarit\u00e9 \u00e0 Saint-Louis de Bourdon, \u00e9tudiait \u00e0 la Facult\u00e9 des Sciences Humaines (FASCH-UEH). Elle a quitt\u00e9 le pays en pleine tourn\u00e9e de la com\u00e9die musicale Starmania, production \u00e0 laquelle elle collaborait et pour laquelle elle avait d\u00e9j\u00e0 donn\u00e9 plusieurs prestations.<\/p><p>Mais, c\u2019est aux Etats-Unis que sa musique va s\u2019\u00e9clore v\u00e9ritablement. Au cours de sa vie musicale, elle a eu des collaborations avec des artistes connus (Princess Eud, Dener Ceide, BIC, Belo). En 2017, elle a sorti \u201cToutouni\u201d, un premier album de douze musiques et en avril 2023, elle a livr\u00e9 \u201cEgz\u00f2d\u201d, un second album compos\u00e9 de onze musiques et produit par l\u2019immense musicien ha\u00eftien, Dener Ceide.<\/p><p>Avec ce nouvel album et d\u2019autres projets ambitieux \u00e0 venir, Sherlee Skai souhaite se produire sur les plus grandes sc\u00e8nes de world beat et devenir une ambassadrice incontest\u00e9e d\u2019Ha\u00efti et de sa riche culture dans le monde.<\/p><p><strong><span style=\"color: #993300;\">Focus sur son parcours artistique<\/span><\/strong><\/p><p>Comme la majorit\u00e9 des chanteuses et com\u00e9diennes ha\u00eftiennes, Sherlee Skai, \u00e0 ses d\u00e9buts, a gravi la sc\u00e8ne de son \u00e9glise avant de sortir du cadre religieux pour exp\u00e9rimenter d\u2019autres choses : <em>\u201cJ&#8217;ai grandi dans une famille protestante, j&#8217;ai ma m\u00e8re qui m\u2019a mis tr\u00e8s jeune dans la chorale des enfants et, plus tard, le groupe des jeunes. C\u2019est l\u00e0 que mon int\u00e9r\u00eat pour la musique s&#8217;est d\u00e9velopp\u00e9. J&#8217;\u00e9tais \u00e9galement dans une \u00e9cole qui organisait de nombreuses activit\u00e9s culturelles au cours desquelles les enfants chantaient, dansaient ou disaient des po\u00e8mes, et c&#8217;est une autre plateforme qui m&#8217;a permis de faire tr\u00e8s t\u00f4t l&#8217;exp\u00e9rience d&#8217;\u00eatre face \u00e0 un tr\u00e8s large public\u201d. <\/em><\/p><p>\u00c0 l&#8217;\u00e9poque o\u00f9 elle a commenc\u00e9 \u00e0 chanter avec passion, il y avait une grande vari\u00e9t\u00e9 musicale.<em> \u201c\u00c0 la radio, on pouvait \u00e9couter coup sur coup les artistes du compas, du zouk, et de la musique traditionnelle. Je pense \u00e0 Beethova Obas, Belo, Boukman Exp\u00e9rience, mais aussi \u00e0 T-Vice et Djakout Mizik\u201d, <\/em>a-t-elle dit<em>.<\/em><\/p><p>Et en dehors des techniques de voix qu\u2019on apprend \u00e0 l&#8217;\u00e9glise avec les maestros et l\u2019oreille que tout artiste aiguise en \u00e9coutant m\u00e9ticuleusement les autres artistes, Sherlee a fait une mineure en performance sc\u00e9nique \u00e0 Los Angeles City College en Californie (2009), mais sa premi\u00e8re formation formelle en musique a \u00e9t\u00e9 lorsqu\u2019elle a particip\u00e9 \u00e0 la com\u00e9die musicale, version haitienne, \u00a0Starmania, (2006) sous la direction de Bertrand Labarre, et au premier op\u00e9ra ha\u00eftien Maryaj Lenglensou (2006) de Rassoul Labuchin.<\/p><p>Et la musique, pour Sherlee Skai, qu\u2019est-ce que c\u2019est ? \u201c<em>C\u2019est une source d&#8217;inspiration et de catharsis. Elle m&#8217;offre un espace d&#8217;introspection et de d\u00e9couverte de soi, me permettant d&#8217;explorer et de donner un sens \u00e0 mes propres sentiments et exp\u00e9riences. \u00a0C&#8217;est le m\u00e9dium par lequel je me rep\u00e8re et donne un sens aux complexit\u00e9s de la vie, en partageant mon monde int\u00e9rieur avec l&#8217;ext\u00e9rieur. En \u00e9crivant des chansons, je peux transformer des moments de joie, de douleur, d&#8217;amour ou de chagrin d&#8217;amour en quelque chose de tangible et de durable\u201d.<\/em><\/p><p>Concernant ses prestations marquantes, ses succ\u00e8s aupr\u00e8s du public, elle nous dit que ses r\u00e9centes performances sont vraiment sp\u00e9ciales \u00e0 ses yeux : <em>\u201c Je pense que je suis \u00e0 un point de ma carri\u00e8re o\u00f9 je ma\u00eetrise mon art, ce qui me permet d&#8217;\u00eatre en contr\u00f4le sur sc\u00e8ne et je peux voir comment le public r\u00e9agit \u00e0 cette nouvelle \u00e9nergie. Le premier concert que j&#8217;ai donn\u00e9 pour pr\u00e9senter mon deuxi\u00e8me album \u00e0 New York, en mars dernier, est le plus m\u00e9morable puisque j&#8217;ai v\u00e9cu une exp\u00e9rience in\u00e9dite sur sc\u00e8ne. Je l&#8217;appelle mon premier orgasme musical et lorsque j&#8217;ai vu les gens se lever et crier dans le public, j&#8217;ai su qu&#8217;ils le ressentaient aussi\u201d.<\/em><\/p><p>\u00c9videmment, il y a une autre forme d\u2019art qui la passionne \u00e0 part la musique et c\u2019est la mode : \u201c<em>Je suis tr\u00e8s passionn\u00e9e par la mode, ce qui se voit dans mes choix vestimentaires lors de mes spectacles. J&#8217;ai collabor\u00e9 avec de formidables designers ha\u00eftiens pour mes looks de sc\u00e8ne ou mes vid\u00e9os car c&#8217;est un aspect important de ma pr\u00e9sentation. J&#8217;ai un blog sur Instagram et tiktok appel\u00e9 police.chic qui se concentre sur le style et la mode et c&#8217;est ainsi que je partage des inspirations et des conseils sur la mode\u201d.<\/em><\/p><p>Sherlee Skai a-t-elle une mani\u00e8re de d\u00e9finir la musique ? <em>\u201cLa musique est mon v\u00e9hicule d&#8217;expression personnelle, qui me permet de partager mon point de vue unique avec le monde. C&#8217;est mon moyen d&#8217;expression le plus efficace et profond. C&#8217;est ainsi que je marque les moments importants de ma vie. C\u2019est vraiment une partie incontournable de qui je suis et ceci m\u00eame si auparavant je ne la poursuivais pas en tant que carri\u00e8re\u201d. <\/em>Et quand elle est sur sc\u00e8ne, dit-elle, \u201c<em>c&#8217;est une exp\u00e9rience lib\u00e9ratrice et transformatrice. C&#8217;est un m\u00e9lange de sentiments, de vuln\u00e9rabilit\u00e9 et d&#8217;introspection. Dans l&#8217;ensemble, la sc\u00e8ne est un espace dynamique charg\u00e9 d&#8217;\u00e9motions qui me permet d&#8217;entrer en contact avec mon public d&#8217;une mani\u00e8re puissante et personnelle. C&#8217;est une conversation avec le public. C&#8217;est la possibilit\u00e9 de partager mes \u00e9motions et mes sentiments avec eux \u00e0 travers mes paroles et ma musique. Cette connexion est vraiment sp\u00e9ciale\u201d. <\/em><\/p><p><strong><span style=\"color: #993300;\">Focus sur \u201cEgz\u00f2d\u201d : album produit par Dener Ceide<\/span><\/strong><\/p><p>En substance, l\u2019album de Sherlee Skai, comme son titre l\u2019indique, traite de la question de la migration. \u201cEgz\u00f2d\u201d, au-del\u00e0 de l\u2019engagement d\u2019ordre musical, c\u2019est l\u2019histoire d\u2019une chanteuse qui a mis ses mains dans la patte.<\/p><p><em>\u201cCe projet est inspir\u00e9 par mon travail avec les migrants sans papiers par le biais de l&#8217;organisation Haitian Bridge Alliance depuis 2016. Ce travail m&#8217;a permis de voir non seulement les raisons pour lesquelles les Ha\u00eftiens quittent Ha\u00efti, mais aussi les risques mortels qu&#8217;ils prennent dans ce voyage, le racisme \u00e0 leur \u00e9gard dans le processus d&#8217;immigration aux \u00c9tats-Unis, et les obstacles auxquels ils sont confront\u00e9s apr\u00e8s leur entr\u00e9e dans ce pays, qu&#8217;il s&#8217;agisse de soutien financier ou d&#8217;ann\u00e9es de lutte pour obtenir un statut d&#8217;immigrant document\u00e9. Lorsque vous entendez les histoires de la jungle Le Dari\u00e9n, o\u00f9 des m\u00e8res perdent leurs enfants dans les falaises, o\u00f9 des femmes sont viol\u00e9es et des p\u00e8res tu\u00e9s devant leurs enfants ; cela reste ancr\u00e9 dans votre esprit. Ce travail m&#8217;a vraiment r\u00e9v\u00e9l\u00e9 que ma musique avait l\u2019obligation de d\u00e9fendre quelque chose de plus grand que moi, qu&#8217;elle doit \u00eatre une voix pour celles et ceux qui ne peuvent s&#8217;exprimer. C&#8217;est de l\u00e0 qu&#8217;est n\u00e9 EGZ\u00d2D. Ma chanson Del Rio raconte l&#8217;exp\u00e9rience humiliante que les Ha\u00eftiens ont v\u00e9cue au Texas en 2021. Je l&#8217;ai vue de mes propres yeux, car j&#8217;\u00e9tais sur place avec l&#8217;organisation. Et cette chanson, Del rio, et mon album, Egz\u00f2d, sont pour moi une th\u00e9rapie et un hommage \u00e0 toutes ces personnes meurtries par les voyages de fortune\u201d.<\/em><\/p><p>Au-del\u00e0 de cette th\u00e9rapie et cet hommage, Sherlee Skai croit que \u201ccet<em> album est la repr\u00e9sentation de son engagement social pour revendiquer des politiques d&#8217;immigration non racistes aux \u00c9tats-Unis, en particulier envers les migrants noirs, des politiques \u00e9trang\u00e8res moins racistes, et g\u00e9n\u00e9ralement la lib\u00e9ration d&#8217;Ha\u00efti et de son peuple en centrant et en c\u00e9l\u00e9brant la culture ha\u00eftienne et en d\u00e9non\u00e7ant ses antagonistes internes et externes.&#8221;<\/em><\/p><p>Et que pense-t-elle du d\u00e9placement des gens dans les quartiers en Ha\u00efti, ce qu&#8217;on peut appeler une migration interne et qui est tout aussi une forme d\u2019exode ? Sans \u00e0-peu-pr\u00e8s, elle a d\u00e9clar\u00e9 que \u201c<em>leur d\u00e9placement, qui est d\u00fb \u00e0 la violence des gangs, indique que ces communaut\u00e9s sont abandonn\u00e9es par le gouvernement et que les criminels sont ceux qui d\u00e9tiennent le v\u00e9ritable pouvoir en Ha\u00efti. Le nombre de familles d\u00e9plac\u00e9es s&#8217;\u00e9l\u00e8ve \u00e0 plus de 200 000 aujourd&#8217;hui. Nous ne pouvons qu&#8217;imaginer ce que cela repr\u00e9sente en termes de perte de vie, de ressources financi\u00e8res, de liens communautaires. Ma famille poss\u00e8de une maison \u00e0 Martissant depuis mes arri\u00e8re-grands-parents et qu\u2019aujourd&#8217;hui, cette maison est occup\u00e9e par des gangs\u201d.<\/em><\/p><p>Sherlee Skai a poursuivi que<em> \u201cces familles qui fuient la violence des gangs subissent des traumatismes profonds qui, certainement, auront des effets durables sur leur sant\u00e9 mentale, en particulier pour les enfants qui sont aussi t\u00e9moins ou victimes de ces violences\u201d.<\/em><\/p><p>Et comme membre de la diaspora ha\u00eftienne, Sherlee Skai, artiste tr\u00e8s engag\u00e9e dans les causes de son peuple, vit tr\u00e8s mal ce ph\u00e9nom\u00e8ne de migration interne : \u201c <em>Ha\u00efti c\u2019est ma terre. Ces gens sont ma famille. C&#8217;est personnel, et c&#8217;est absolument d\u00e9chirant, surtout quand on se sent impuissant face \u00e0 ce d\u00e9sastre. En terre \u00e9trang\u00e8re, lorsque je vois comment les \u00c9tats-Unis soutiennent l&#8217;Ukraine et non Ha\u00efti, je me sens indign\u00e9e et d\u00e9go\u00fbt\u00e9e. C&#8217;est comme dire que les vies en Ha\u00efti ne comptent pas. C\u2019est carr\u00e9ment \u00e7a. Mon c\u0153ur se brise chaque jour, \u00e0 chaque message, \u00e0 chaque nouvelle, \u00e0 chaque publication sur les r\u00e9seaux sociaux. C\u2019est affreux. Cela p\u00e8se lourdement sur ma sant\u00e9 mentale\u201d<\/em><\/p><p><em>Carl Pierrecq<\/em><\/p>\t\t\t\t\t\t\t\t<\/div>\n\t\t\t\t<\/div>\n\t\t\t\t<\/div>\n\t\t\t\t<div class=\"elementor-element elementor-element-2bf1942 elementor-widget elementor-widget-image\" data-id=\"2bf1942\" data-element_type=\"widget\" data-e-type=\"widget\" data-widget_type=\"image.default\">\n\t\t\t\t<div class=\"elementor-widget-container\">\n\t\t\t\t\t\t\t\t\t\t\t\t\t\t\t<img fetchpriority=\"high\" decoding=\"async\" width=\"818\" height=\"1024\" src=\"https:\/\/enlisantfestival.com\/fr\/wp-content\/uploads\/2023\/11\/Sherlee-2-818x1024.jpg\" class=\"attachment-large size-large wp-image-4359\" alt=\"\" srcset=\"https:\/\/enlisantfestival.com\/fr\/wp-content\/uploads\/2023\/11\/Sherlee-2-818x1024.jpg 818w, https:\/\/enlisantfestival.com\/fr\/wp-content\/uploads\/2023\/11\/Sherlee-2-240x300.jpg 240w, https:\/\/enlisantfestival.com\/fr\/wp-content\/uploads\/2023\/11\/Sherlee-2-768x961.jpg 768w, https:\/\/enlisantfestival.com\/fr\/wp-content\/uploads\/2023\/11\/Sherlee-2-1227x1536.jpg 1227w, https:\/\/enlisantfestival.com\/fr\/wp-content\/uploads\/2023\/11\/Sherlee-2.jpg 1636w\" sizes=\"(max-width: 818px) 100vw, 818px\" \/>\t\t\t\t\t\t\t\t\t\t\t\t\t\t\t<\/div>\n\t\t\t\t<\/div>\n\t\t\t\t\t<\/div>\n\t\t\t\t<\/div>\n\t\t\t\t<\/div>\n\t\t","protected":false},"excerpt":{"rendered":"<p>Sherlee Skai. C\u2019est le nom de cette chanteuse ha\u00eftienne de la diaspora qui veut (re) conqu\u00e9rir son \u00eele natale. Sherlee Skai &#8211; Sherly D\u00e9brosse, de son vrai nom- est n\u00e9e [&hellip;]<\/p>\n","protected":false},"author":990002,"featured_media":4357,"comment_status":"open","ping_status":"open","sticky":false,"template":"","format":"standard","meta":{"_FSMCFIC_featured_image_caption":"","_FSMCFIC_featured_image_nocaption":"","_FSMCFIC_featured_image_hide":"","footnotes":""},"categories":[104],"tags":[],"class_list":["post-4356","post","type-post","status-publish","format-standard","has-post-thumbnail","hentry","category-le-journal-d-en-lisant"],"yoast_head":"<!-- This site is optimized with the Yoast SEO plugin v27.0 - https:\/\/yoast.com\/product\/yoast-seo-wordpress\/ -->\n<title>La chanteuse Sherlee skai ou la reconqu\u00eate de sa terre natale. - En Lisant festival de th\u00e9\u00e2tre<\/title>\n<meta name=\"robots\" content=\"index, follow, max-snippet:-1, max-image-preview:large, max-video-preview:-1\" \/>\n<link rel=\"canonical\" href=\"https:\/\/enlisantfestival.com\/fr\/la-chanteuse-sherlee-skai-ou-la-reconquete-de-sa-terre-natale\/\" \/>\n<meta property=\"og:locale\" content=\"fr_FR\" \/>\n<meta property=\"og:type\" content=\"article\" \/>\n<meta property=\"og:title\" content=\"La chanteuse Sherlee skai ou la reconqu\u00eate de sa terre natale. - En Lisant festival de th\u00e9\u00e2tre\" \/>\n<meta property=\"og:description\" content=\"Sherlee Skai. C\u2019est le nom de cette chanteuse ha\u00eftienne de la diaspora qui veut (re) conqu\u00e9rir son \u00eele natale. Sherlee Skai &#8211; Sherly D\u00e9brosse, de son vrai nom- est n\u00e9e [&hellip;]\" \/>\n<meta property=\"og:url\" content=\"https:\/\/enlisantfestival.com\/fr\/la-chanteuse-sherlee-skai-ou-la-reconquete-de-sa-terre-natale\/\" \/>\n<meta property=\"og:site_name\" content=\"En Lisant festival de th\u00e9\u00e2tre\" \/>\n<meta property=\"article:published_time\" content=\"2023-11-27T16:02:29+00:00\" \/>\n<meta property=\"article:modified_time\" content=\"2023-11-27T17:14:40+00:00\" \/>\n<meta property=\"og:image\" content=\"https:\/\/enlisantfestival.com\/fr\/wp-content\/uploads\/2023\/11\/Front-Cover.jpg\" \/>\n\t<meta property=\"og:image:width\" content=\"1200\" \/>\n\t<meta property=\"og:image:height\" content=\"1065\" \/>\n\t<meta property=\"og:image:type\" content=\"image\/jpeg\" \/>\n<meta name=\"author\" content=\"ludwy\" \/>\n<meta name=\"twitter:card\" content=\"summary_large_image\" \/>\n<meta name=\"twitter:label1\" content=\"\u00c9crit par\" \/>\n\t<meta name=\"twitter:data1\" content=\"ludwy\" \/>\n\t<meta name=\"twitter:label2\" content=\"Dur\u00e9e de lecture estim\u00e9e\" \/>\n\t<meta name=\"twitter:data2\" content=\"9 minutes\" \/>\n<script type=\"application\/ld+json\" class=\"yoast-schema-graph\">{\"@context\":\"https:\/\/schema.org\",\"@graph\":[{\"@type\":\"Article\",\"@id\":\"https:\/\/enlisantfestival.com\/fr\/la-chanteuse-sherlee-skai-ou-la-reconquete-de-sa-terre-natale\/#article\",\"isPartOf\":{\"@id\":\"https:\/\/enlisantfestival.com\/fr\/la-chanteuse-sherlee-skai-ou-la-reconquete-de-sa-terre-natale\/\"},\"author\":{\"name\":\"ludwy\",\"@id\":\"https:\/\/enlisantfestival.com\/fr\/#\/schema\/person\/846f9c27917ef190542b1a106fd9e36e\"},\"headline\":\"La chanteuse Sherlee skai ou la reconqu\u00eate de sa terre natale.\",\"datePublished\":\"2023-11-27T16:02:29+00:00\",\"dateModified\":\"2023-11-27T17:14:40+00:00\",\"mainEntityOfPage\":{\"@id\":\"https:\/\/enlisantfestival.com\/fr\/la-chanteuse-sherlee-skai-ou-la-reconquete-de-sa-terre-natale\/\"},\"wordCount\":1659,\"commentCount\":0,\"publisher\":{\"@id\":\"https:\/\/enlisantfestival.com\/fr\/#organization\"},\"image\":{\"@id\":\"https:\/\/enlisantfestival.com\/fr\/la-chanteuse-sherlee-skai-ou-la-reconquete-de-sa-terre-natale\/#primaryimage\"},\"thumbnailUrl\":\"https:\/\/enlisantfestival.com\/fr\/wp-content\/uploads\/2023\/11\/Front-Cover.jpg\",\"articleSection\":[\"Le journal d'En Lisant\"],\"inLanguage\":\"fr-FR\",\"potentialAction\":[{\"@type\":\"CommentAction\",\"name\":\"Comment\",\"target\":[\"https:\/\/enlisantfestival.com\/fr\/la-chanteuse-sherlee-skai-ou-la-reconquete-de-sa-terre-natale\/#respond\"]}]},{\"@type\":\"WebPage\",\"@id\":\"https:\/\/enlisantfestival.com\/fr\/la-chanteuse-sherlee-skai-ou-la-reconquete-de-sa-terre-natale\/\",\"url\":\"https:\/\/enlisantfestival.com\/fr\/la-chanteuse-sherlee-skai-ou-la-reconquete-de-sa-terre-natale\/\",\"name\":\"La chanteuse Sherlee skai ou la reconqu\u00eate de sa terre natale. - En Lisant festival de th\u00e9\u00e2tre\",\"isPartOf\":{\"@id\":\"https:\/\/enlisantfestival.com\/fr\/#website\"},\"primaryImageOfPage\":{\"@id\":\"https:\/\/enlisantfestival.com\/fr\/la-chanteuse-sherlee-skai-ou-la-reconquete-de-sa-terre-natale\/#primaryimage\"},\"image\":{\"@id\":\"https:\/\/enlisantfestival.com\/fr\/la-chanteuse-sherlee-skai-ou-la-reconquete-de-sa-terre-natale\/#primaryimage\"},\"thumbnailUrl\":\"https:\/\/enlisantfestival.com\/fr\/wp-content\/uploads\/2023\/11\/Front-Cover.jpg\",\"datePublished\":\"2023-11-27T16:02:29+00:00\",\"dateModified\":\"2023-11-27T17:14:40+00:00\",\"breadcrumb\":{\"@id\":\"https:\/\/enlisantfestival.com\/fr\/la-chanteuse-sherlee-skai-ou-la-reconquete-de-sa-terre-natale\/#breadcrumb\"},\"inLanguage\":\"fr-FR\",\"potentialAction\":[{\"@type\":\"ReadAction\",\"target\":[\"https:\/\/enlisantfestival.com\/fr\/la-chanteuse-sherlee-skai-ou-la-reconquete-de-sa-terre-natale\/\"]}]},{\"@type\":\"ImageObject\",\"inLanguage\":\"fr-FR\",\"@id\":\"https:\/\/enlisantfestival.com\/fr\/la-chanteuse-sherlee-skai-ou-la-reconquete-de-sa-terre-natale\/#primaryimage\",\"url\":\"https:\/\/enlisantfestival.com\/fr\/wp-content\/uploads\/2023\/11\/Front-Cover.jpg\",\"contentUrl\":\"https:\/\/enlisantfestival.com\/fr\/wp-content\/uploads\/2023\/11\/Front-Cover.jpg\",\"width\":1200,\"height\":1065},{\"@type\":\"BreadcrumbList\",\"@id\":\"https:\/\/enlisantfestival.com\/fr\/la-chanteuse-sherlee-skai-ou-la-reconquete-de-sa-terre-natale\/#breadcrumb\",\"itemListElement\":[{\"@type\":\"ListItem\",\"position\":1,\"name\":\"Accueil\",\"item\":\"https:\/\/enlisantfestival.com\/fr\/\"},{\"@type\":\"ListItem\",\"position\":2,\"name\":\"La chanteuse Sherlee skai ou la reconqu\u00eate de sa terre natale.\"}]},{\"@type\":\"WebSite\",\"@id\":\"https:\/\/enlisantfestival.com\/fr\/#website\",\"url\":\"https:\/\/enlisantfestival.com\/fr\/\",\"name\":\"En Lisant festival de th\u00e9\u00e2tre\",\"description\":\"\",\"publisher\":{\"@id\":\"https:\/\/enlisantfestival.com\/fr\/#organization\"},\"potentialAction\":[{\"@type\":\"SearchAction\",\"target\":{\"@type\":\"EntryPoint\",\"urlTemplate\":\"https:\/\/enlisantfestival.com\/fr\/?s={search_term_string}\"},\"query-input\":{\"@type\":\"PropertyValueSpecification\",\"valueRequired\":true,\"valueName\":\"search_term_string\"}}],\"inLanguage\":\"fr-FR\"},{\"@type\":\"Organization\",\"@id\":\"https:\/\/enlisantfestival.com\/fr\/#organization\",\"name\":\"En Lisant festival de th\u00e9\u00e2tre\",\"url\":\"https:\/\/enlisantfestival.com\/fr\/\",\"logo\":{\"@type\":\"ImageObject\",\"inLanguage\":\"fr-FR\",\"@id\":\"https:\/\/enlisantfestival.com\/fr\/#\/schema\/logo\/image\/\",\"url\":\"https:\/\/enlisantfestival.com\/fr\/wp-content\/uploads\/2020\/09\/en-lisant-logo.png\",\"contentUrl\":\"https:\/\/enlisantfestival.com\/fr\/wp-content\/uploads\/2020\/09\/en-lisant-logo.png\",\"width\":600,\"height\":343,\"caption\":\"En Lisant festival de th\u00e9\u00e2tre\"},\"image\":{\"@id\":\"https:\/\/enlisantfestival.com\/fr\/#\/schema\/logo\/image\/\"}},{\"@type\":\"Person\",\"@id\":\"https:\/\/enlisantfestival.com\/fr\/#\/schema\/person\/846f9c27917ef190542b1a106fd9e36e\",\"name\":\"ludwy\",\"image\":{\"@type\":\"ImageObject\",\"inLanguage\":\"fr-FR\",\"@id\":\"https:\/\/enlisantfestival.com\/fr\/#\/schema\/person\/image\/\",\"url\":\"https:\/\/secure.gravatar.com\/avatar\/b29172caf944fb66969204ce485e5a42554f3bf8c9abe8d1e070ad9e2ac4eb41?s=96&d=mm&r=g\",\"contentUrl\":\"https:\/\/secure.gravatar.com\/avatar\/b29172caf944fb66969204ce485e5a42554f3bf8c9abe8d1e070ad9e2ac4eb41?s=96&d=mm&r=g\",\"caption\":\"ludwy\"},\"url\":\"https:\/\/enlisantfestival.com\/fr\/author\/ludwy\/\"}]}<\/script>\n<!-- \/ Yoast SEO plugin. -->","yoast_head_json":{"title":"La chanteuse Sherlee skai ou la reconqu\u00eate de sa terre natale. - En Lisant festival de th\u00e9\u00e2tre","robots":{"index":"index","follow":"follow","max-snippet":"max-snippet:-1","max-image-preview":"max-image-preview:large","max-video-preview":"max-video-preview:-1"},"canonical":"https:\/\/enlisantfestival.com\/fr\/la-chanteuse-sherlee-skai-ou-la-reconquete-de-sa-terre-natale\/","og_locale":"fr_FR","og_type":"article","og_title":"La chanteuse Sherlee skai ou la reconqu\u00eate de sa terre natale. - En Lisant festival de th\u00e9\u00e2tre","og_description":"Sherlee Skai. C\u2019est le nom de cette chanteuse ha\u00eftienne de la diaspora qui veut (re) conqu\u00e9rir son \u00eele natale. Sherlee Skai &#8211; Sherly D\u00e9brosse, de son vrai nom- est n\u00e9e [&hellip;]","og_url":"https:\/\/enlisantfestival.com\/fr\/la-chanteuse-sherlee-skai-ou-la-reconquete-de-sa-terre-natale\/","og_site_name":"En Lisant festival de th\u00e9\u00e2tre","article_published_time":"2023-11-27T16:02:29+00:00","article_modified_time":"2023-11-27T17:14:40+00:00","og_image":[{"width":1200,"height":1065,"url":"https:\/\/enlisantfestival.com\/fr\/wp-content\/uploads\/2023\/11\/Front-Cover.jpg","type":"image\/jpeg"}],"author":"ludwy","twitter_card":"summary_large_image","twitter_misc":{"\u00c9crit par":"ludwy","Dur\u00e9e de lecture estim\u00e9e":"9 minutes"},"schema":{"@context":"https:\/\/schema.org","@graph":[{"@type":"Article","@id":"https:\/\/enlisantfestival.com\/fr\/la-chanteuse-sherlee-skai-ou-la-reconquete-de-sa-terre-natale\/#article","isPartOf":{"@id":"https:\/\/enlisantfestival.com\/fr\/la-chanteuse-sherlee-skai-ou-la-reconquete-de-sa-terre-natale\/"},"author":{"name":"ludwy","@id":"https:\/\/enlisantfestival.com\/fr\/#\/schema\/person\/846f9c27917ef190542b1a106fd9e36e"},"headline":"La chanteuse Sherlee skai ou la reconqu\u00eate de sa terre natale.","datePublished":"2023-11-27T16:02:29+00:00","dateModified":"2023-11-27T17:14:40+00:00","mainEntityOfPage":{"@id":"https:\/\/enlisantfestival.com\/fr\/la-chanteuse-sherlee-skai-ou-la-reconquete-de-sa-terre-natale\/"},"wordCount":1659,"commentCount":0,"publisher":{"@id":"https:\/\/enlisantfestival.com\/fr\/#organization"},"image":{"@id":"https:\/\/enlisantfestival.com\/fr\/la-chanteuse-sherlee-skai-ou-la-reconquete-de-sa-terre-natale\/#primaryimage"},"thumbnailUrl":"https:\/\/enlisantfestival.com\/fr\/wp-content\/uploads\/2023\/11\/Front-Cover.jpg","articleSection":["Le journal d'En Lisant"],"inLanguage":"fr-FR","potentialAction":[{"@type":"CommentAction","name":"Comment","target":["https:\/\/enlisantfestival.com\/fr\/la-chanteuse-sherlee-skai-ou-la-reconquete-de-sa-terre-natale\/#respond"]}]},{"@type":"WebPage","@id":"https:\/\/enlisantfestival.com\/fr\/la-chanteuse-sherlee-skai-ou-la-reconquete-de-sa-terre-natale\/","url":"https:\/\/enlisantfestival.com\/fr\/la-chanteuse-sherlee-skai-ou-la-reconquete-de-sa-terre-natale\/","name":"La chanteuse Sherlee skai ou la reconqu\u00eate de sa terre natale. - En Lisant festival de th\u00e9\u00e2tre","isPartOf":{"@id":"https:\/\/enlisantfestival.com\/fr\/#website"},"primaryImageOfPage":{"@id":"https:\/\/enlisantfestival.com\/fr\/la-chanteuse-sherlee-skai-ou-la-reconquete-de-sa-terre-natale\/#primaryimage"},"image":{"@id":"https:\/\/enlisantfestival.com\/fr\/la-chanteuse-sherlee-skai-ou-la-reconquete-de-sa-terre-natale\/#primaryimage"},"thumbnailUrl":"https:\/\/enlisantfestival.com\/fr\/wp-content\/uploads\/2023\/11\/Front-Cover.jpg","datePublished":"2023-11-27T16:02:29+00:00","dateModified":"2023-11-27T17:14:40+00:00","breadcrumb":{"@id":"https:\/\/enlisantfestival.com\/fr\/la-chanteuse-sherlee-skai-ou-la-reconquete-de-sa-terre-natale\/#breadcrumb"},"inLanguage":"fr-FR","potentialAction":[{"@type":"ReadAction","target":["https:\/\/enlisantfestival.com\/fr\/la-chanteuse-sherlee-skai-ou-la-reconquete-de-sa-terre-natale\/"]}]},{"@type":"ImageObject","inLanguage":"fr-FR","@id":"https:\/\/enlisantfestival.com\/fr\/la-chanteuse-sherlee-skai-ou-la-reconquete-de-sa-terre-natale\/#primaryimage","url":"https:\/\/enlisantfestival.com\/fr\/wp-content\/uploads\/2023\/11\/Front-Cover.jpg","contentUrl":"https:\/\/enlisantfestival.com\/fr\/wp-content\/uploads\/2023\/11\/Front-Cover.jpg","width":1200,"height":1065},{"@type":"BreadcrumbList","@id":"https:\/\/enlisantfestival.com\/fr\/la-chanteuse-sherlee-skai-ou-la-reconquete-de-sa-terre-natale\/#breadcrumb","itemListElement":[{"@type":"ListItem","position":1,"name":"Accueil","item":"https:\/\/enlisantfestival.com\/fr\/"},{"@type":"ListItem","position":2,"name":"La chanteuse Sherlee skai ou la reconqu\u00eate de sa terre natale."}]},{"@type":"WebSite","@id":"https:\/\/enlisantfestival.com\/fr\/#website","url":"https:\/\/enlisantfestival.com\/fr\/","name":"En Lisant festival de th\u00e9\u00e2tre","description":"","publisher":{"@id":"https:\/\/enlisantfestival.com\/fr\/#organization"},"potentialAction":[{"@type":"SearchAction","target":{"@type":"EntryPoint","urlTemplate":"https:\/\/enlisantfestival.com\/fr\/?s={search_term_string}"},"query-input":{"@type":"PropertyValueSpecification","valueRequired":true,"valueName":"search_term_string"}}],"inLanguage":"fr-FR"},{"@type":"Organization","@id":"https:\/\/enlisantfestival.com\/fr\/#organization","name":"En Lisant festival de th\u00e9\u00e2tre","url":"https:\/\/enlisantfestival.com\/fr\/","logo":{"@type":"ImageObject","inLanguage":"fr-FR","@id":"https:\/\/enlisantfestival.com\/fr\/#\/schema\/logo\/image\/","url":"https:\/\/enlisantfestival.com\/fr\/wp-content\/uploads\/2020\/09\/en-lisant-logo.png","contentUrl":"https:\/\/enlisantfestival.com\/fr\/wp-content\/uploads\/2020\/09\/en-lisant-logo.png","width":600,"height":343,"caption":"En Lisant festival de th\u00e9\u00e2tre"},"image":{"@id":"https:\/\/enlisantfestival.com\/fr\/#\/schema\/logo\/image\/"}},{"@type":"Person","@id":"https:\/\/enlisantfestival.com\/fr\/#\/schema\/person\/846f9c27917ef190542b1a106fd9e36e","name":"ludwy","image":{"@type":"ImageObject","inLanguage":"fr-FR","@id":"https:\/\/enlisantfestival.com\/fr\/#\/schema\/person\/image\/","url":"https:\/\/secure.gravatar.com\/avatar\/b29172caf944fb66969204ce485e5a42554f3bf8c9abe8d1e070ad9e2ac4eb41?s=96&d=mm&r=g","contentUrl":"https:\/\/secure.gravatar.com\/avatar\/b29172caf944fb66969204ce485e5a42554f3bf8c9abe8d1e070ad9e2ac4eb41?s=96&d=mm&r=g","caption":"ludwy"},"url":"https:\/\/enlisantfestival.com\/fr\/author\/ludwy\/"}]}},"_links":{"self":[{"href":"https:\/\/enlisantfestival.com\/fr\/wp-json\/wp\/v2\/posts\/4356","targetHints":{"allow":["GET"]}}],"collection":[{"href":"https:\/\/enlisantfestival.com\/fr\/wp-json\/wp\/v2\/posts"}],"about":[{"href":"https:\/\/enlisantfestival.com\/fr\/wp-json\/wp\/v2\/types\/post"}],"author":[{"embeddable":true,"href":"https:\/\/enlisantfestival.com\/fr\/wp-json\/wp\/v2\/users\/990002"}],"replies":[{"embeddable":true,"href":"https:\/\/enlisantfestival.com\/fr\/wp-json\/wp\/v2\/comments?post=4356"}],"version-history":[{"count":11,"href":"https:\/\/enlisantfestival.com\/fr\/wp-json\/wp\/v2\/posts\/4356\/revisions"}],"predecessor-version":[{"id":4384,"href":"https:\/\/enlisantfestival.com\/fr\/wp-json\/wp\/v2\/posts\/4356\/revisions\/4384"}],"wp:featuredmedia":[{"embeddable":true,"href":"https:\/\/enlisantfestival.com\/fr\/wp-json\/wp\/v2\/media\/4357"}],"wp:attachment":[{"href":"https:\/\/enlisantfestival.com\/fr\/wp-json\/wp\/v2\/media?parent=4356"}],"wp:term":[{"taxonomy":"category","embeddable":true,"href":"https:\/\/enlisantfestival.com\/fr\/wp-json\/wp\/v2\/categories?post=4356"},{"taxonomy":"post_tag","embeddable":true,"href":"https:\/\/enlisantfestival.com\/fr\/wp-json\/wp\/v2\/tags?post=4356"}],"curies":[{"name":"wp","href":"https:\/\/api.w.org\/{rel}","templated":true}]}}