{"id":4385,"date":"2023-12-01T03:43:35","date_gmt":"2023-12-01T02:43:35","guid":{"rendered":"https:\/\/enlisantfestival.com\/fr\/?p=4385"},"modified":"2023-12-01T03:53:25","modified_gmt":"2023-12-01T02:53:25","slug":"micaelle-charles-le-theatre-est-un-cheminement","status":"publish","type":"post","link":"https:\/\/enlisantfestival.com\/fr\/micaelle-charles-le-theatre-est-un-cheminement\/","title":{"rendered":"Mica\u00eblle Charles : \u00ab le th\u00e9\u00e2tre est un cheminement \u00bb."},"content":{"rendered":"\t\t<div data-elementor-type=\"wp-post\" data-elementor-id=\"4385\" class=\"elementor elementor-4385\" data-elementor-settings=\"{&quot;ha_cmc_init_switcher&quot;:&quot;no&quot;}\">\n\t\t\t\t<div class=\"elementor-element elementor-element-811c015 e-flex e-con-boxed e-con e-parent\" data-id=\"811c015\" data-element_type=\"container\" data-e-type=\"container\" data-settings=\"{&quot;background_background&quot;:&quot;classic&quot;,&quot;_ha_eqh_enable&quot;:false}\">\n\t\t\t\t\t<div class=\"e-con-inner\">\n\t\t<div class=\"elementor-element elementor-element-03817ff e-con-full e-flex e-con e-child\" data-id=\"03817ff\" data-element_type=\"container\" data-e-type=\"container\" data-settings=\"{&quot;_ha_eqh_enable&quot;:false}\">\n\t\t\t\t<div class=\"elementor-element elementor-element-a170015 elementor-widget elementor-widget-image\" data-id=\"a170015\" data-element_type=\"widget\" data-e-type=\"widget\" data-widget_type=\"image.default\">\n\t\t\t\t<div class=\"elementor-widget-container\">\n\t\t\t\t\t\t\t\t\t\t\t\t<figure class=\"wp-caption\">\n\t\t\t\t\t\t\t\t\t\t<img fetchpriority=\"high\" decoding=\"async\" width=\"760\" height=\"1024\" src=\"https:\/\/enlisantfestival.com\/fr\/wp-content\/uploads\/2023\/12\/Micaelle-Charles-2-Credit-photo-David-Duverseau-760x1024.jpg\" class=\"attachment-large size-large wp-image-4387\" alt=\"\" srcset=\"https:\/\/enlisantfestival.com\/fr\/wp-content\/uploads\/2023\/12\/Micaelle-Charles-2-Credit-photo-David-Duverseau-760x1024.jpg 760w, https:\/\/enlisantfestival.com\/fr\/wp-content\/uploads\/2023\/12\/Micaelle-Charles-2-Credit-photo-David-Duverseau-223x300.jpg 223w, https:\/\/enlisantfestival.com\/fr\/wp-content\/uploads\/2023\/12\/Micaelle-Charles-2-Credit-photo-David-Duverseau-768x1035.jpg 768w, https:\/\/enlisantfestival.com\/fr\/wp-content\/uploads\/2023\/12\/Micaelle-Charles-2-Credit-photo-David-Duverseau-1139x1536.jpg 1139w, https:\/\/enlisantfestival.com\/fr\/wp-content\/uploads\/2023\/12\/Micaelle-Charles-2-Credit-photo-David-Duverseau.jpg 1519w\" sizes=\"(max-width: 760px) 100vw, 760px\" \/>\t\t\t\t\t\t\t\t\t\t\t<figcaption class=\"widget-image-caption wp-caption-text\">Credit photo David Duverseau<\/figcaption>\n\t\t\t\t\t\t\t\t\t\t<\/figure>\n\t\t\t\t\t\t\t\t\t<\/div>\n\t\t\t\t<\/div>\n\t\t\t\t<\/div>\n\t\t<div class=\"elementor-element elementor-element-df4fd93 e-con-full e-flex e-con e-child\" data-id=\"df4fd93\" data-element_type=\"container\" data-e-type=\"container\" data-settings=\"{&quot;_ha_eqh_enable&quot;:false}\">\n\t\t\t\t<div class=\"elementor-element elementor-element-7bdb367 elementor-widget elementor-widget-text-editor\" data-id=\"7bdb367\" data-element_type=\"widget\" data-e-type=\"widget\" data-widget_type=\"text-editor.default\">\n\t\t\t\t<div class=\"elementor-widget-container\">\n\t\t\t\t\t\t\t\t\t<p><span style=\"color: #000000;\">En Ha\u00efti, presque tous les professionnels et les amateurs de th\u00e9\u00e2tre connaissent ce nom. Ils connaissent aussi le visage de Mica\u00eblle Charles, cette com\u00e9dienne contemporaine qui fait de la sc\u00e8ne son sacerdoce.<\/span><\/p><p><span style=\"color: #000000;\">N\u00e9e le 3 mai 1998, \u00e0 Port-au-Prince, Mica\u00eblle est l\u2019une des plus actives com\u00e9diennes de sa g\u00e9n\u00e9ration.<\/span><\/p><h4><strong><span style=\"color: #003300;\">Le th\u00e9\u00e2tre et l\u2019\u00e9tincelle<\/span><\/strong><\/h4><p><span style=\"color: #000000;\">Si Mica\u00eblle Charles est com\u00e9dienne, sa rencontre avec cette chose qui s\u2019appelle le th\u00e9\u00e2tre s\u2019est faite de la mani\u00e8re la plus inattendue possible.<\/span><\/p><p><span style=\"color: #000000;\">\u201cJe suis arriv\u00e9e au th\u00e9\u00e2tre par ressenti et curiosit\u00e9. En classe de seconde, j&#8217;ai assist\u00e9 \u00e0 une pi\u00e8ce de th\u00e9\u00e2tre \u00e0 mon \u00e9cole et, depuis ce jour, j&#8217;ai ressenti une sorte d&#8217;\u00e9tincelle. Je voulais faire ce que je venais d&#8217;assister. Puis, en 2017, j&#8217;ai int\u00e9gr\u00e9 les Ateliers Franck Fouch\u00e9, un atelier de th\u00e9\u00e2tre et de formation dirig\u00e9 par Jean Cajou\u201d, a-t-elle dit.<\/span><\/p><p><span style=\"color: #000000;\">\u201cJe venais d&#8217;animer une rubrique \u00e0 l&#8217;\u00e9mission Lecture et compagnie qui se faisait tous les Dimanches \u00e0 radio Espace Fm, tous mes amis-camarades (dont 4J Rolph, Wasly Simon, Snayder Pierre-Louis, Mackender Jean&#8230;) \u00e9taient press\u00e9s de quitter le studio. Ils m&#8217;ont dit qu&#8217;ils ne devaient pas \u00eatre en retard \u00e0 leur rendez-vous de r\u00e9p\u00e9tition avec Jean Cajou. Et ils m&#8217;ont dit que c&#8217;\u00e9tait une r\u00e9p\u00e9tition de th\u00e9\u00e2tre. Je m&#8217;y suis invit\u00e9e, le jour m\u00eame j&#8217;ai \u00e9t\u00e9 auditionn\u00e9e pour faire partie de l&#8217;atelier\u201d, a fait savoir la com\u00e9dienne qui, apr\u00e8s son entr\u00e9e aux Ateliers Franck Fouch\u00e9, a commenc\u00e9 \u00e0 faire une \u00e9tude de droit \u00e0 l&#8217;Universit\u00e9 d\u2019Etat d&#8217;Ha\u00efti.<\/span><\/p><p><span style=\"color: #000000;\">En observant graduellement le parcours de Mica\u00eblle Charles, on a l\u2019impression que le th\u00e9\u00e2tre, c\u2019est comme une porte du non-retour.\u00a0 En tout cas, elle y est entr\u00e9e et n\u2019a jamais regard\u00e9 en arri\u00e8re, car depuis Les ateliers Franck Fouch\u00e9 (2017-2019), avec Jean Cajou, d\u2019autres formations en Art Dramatique ont, par la suite, m\u00fbri son talent de com\u00e9dienne. En 2019-2021, elle a travaill\u00e9 avec Rolando Etienne comme formateur et metteur en sc\u00e8ne et en 2020-2022, elle a eu une formation \u00e0 Acte, une \u00e9cole d&#8217;Art dramatique \u00e0 Port-au-Prince d&#8217;o\u00f9 elle est gradu\u00e9e, tout en pr\u00e9parant son travail de sortie.<\/span><\/p><p><span style=\"color: #000000;\">Alors, qu\u2019est-ce que le th\u00e9\u00e2tre repr\u00e9sente dans sa vie ? Et \u00e0 quel point cet art impacte-t-il son existence personnelle ? Mica\u00eblle croit que cet art de la sc\u00e8ne est un peu complexe : \u201cJe dirais que le th\u00e9\u00e2tre m&#8217;est \u00e0 la fois un exutoire, une \u00e9chappatoire et un reposoir. Parce qu&#8217;en r\u00e9alit\u00e9, le th\u00e9\u00e2tre est une grande pratique (comme tous les arts d&#8217;ailleurs) mais c&#8217;est plus comme une pratique de vie. Et il est aussi un processus, un cheminement\u201d.<\/span><\/p><p><span style=\"color: #000000;\">Quant \u00e0 sa passion d\u00e9vorante pour le th\u00e9\u00e2tre, elle l\u2019explique par divers moments et mobilise plusieurs \u00e9l\u00e9ments : \u201c Disons que j&#8217;ai eu comme une sorte de d\u00e9clic quand j&#8217;ai assist\u00e9 \u00e0 ce spectacle de la compagnie de th\u00e9\u00e2tre Zoflanbo lorsque j&#8217;\u00e9tais au secondaire. Mais, professionnellement, disons que c&#8217;\u00e9tait cette tourn\u00e9e r\u00e9alis\u00e9e dans le grand Nord, fin octobre\/d\u00e9but novembre 2021 alors que j&#8217;entamais un premier deuil, qui m\u2019a ouvert la voie plus amplement. Il existe aussi un autre moment cl\u00e9 : dans le cadre de son mini festival &#8220;Th\u00e9\u00e2tre citoyen&#8221;, l&#8217;association Quatre Chemins a repris le spectacle &#8220;Domitila, et si on me donnait la parole&#8221; en version cr\u00e9ole, &#8220;Domitila&#8221;, toujours avec Rolando Etienne comme metteur en sc\u00e8ne. J\u2019ai consid\u00e9r\u00e9 cette tourn\u00e9e comme un lancement officiel de mon parcours en tant que com\u00e9dienne (professionnelle), a expliqu\u00e9 Mica\u00eblle qui, en mati\u00e8re de ses exp\u00e9riences de sc\u00e8ne, n\u2019entend pas encore parler de glorieuses prestations, puisqu\u2019elle vit le th\u00e9\u00e2tre et l\u2019exp\u00e9rimente encore.<\/span><\/p><h4><strong><span style=\"color: #003300;\">L&#8217;\u00e9criture et la sc\u00e8ne<\/span><\/strong><\/h4><p><span style=\"color: #000000;\">En dehors du th\u00e9\u00e2tre, Mica\u00eblle Charles a un penchant pour l&#8217;\u00e9criture. \u201cJadis j&#8217;\u00e9tais blogueuse et j&#8217;ai aussi des textes non encore publi\u00e9s. Je pratique aussi le chant, un art que je voudrais recommencer \u00e0 pratiquer r\u00e9guli\u00e8rement. J&#8217;aime aussi la photographie mais je ne peux pas tout faire hein\u2026\u201d. Pour cette femme, le th\u00e9\u00e2tre n\u2019est rien d\u2019autre qu\u2019un mode de vie, une conscience de soi et de l&#8217;autre. Et, par rapport aux gens qui veulent se lancer dans le th\u00e9\u00e2tre, elle pense que ces com\u00e9diennes et ces com\u00e9diens du futur se doivent de rester curieux et de ne rater aucune occasion de participer \u00e0 un atelier li\u00e9 au th\u00e9\u00e2tre, mais aussi d\u2019effectuer des recherches, d\u2019assister aux spectacles et d&#8217;\u00eatre attentifs et intelligents.<\/span><\/p><p><span style=\"color: #000000;\">Sur le plan du partage et de l\u2019\u00e9motionnel, elle consid\u00e8re que ce qui la traverse sur sc\u00e8ne, c\u2019est une sorte de don : \u201cUn &#8220;don de moi-m\u00eame&#8221; ou encore une sorte de d\u00e9doublement. Je ne suis plus, il n&#8217;y a que le personnage que j&#8217;interpr\u00e8te qui existe. Ou bien, si je suis, c&#8217;est pour ne pas laisser mourir le personnage. Je suis l\u00e0 mais en retrait. C&#8217;est pour cela que j&#8217;aime \u00e0 dire que les artistes de la sc\u00e8ne, particuli\u00e8rement les com\u00e9dien.nes, n\u00e9cessitent un moment &#8220;M\u00c9TA&#8221;. Tout comme ils.elles ont leur moment z\u00e9ro avant de monter sur sc\u00e8ne, quand ils.elles le quittent je trouve qu&#8217;il leur faut un moment pour se d\u00e9tacher du personnage que j&#8217;appelle \u201cmoment m\u00e9ta\u201d.<\/span><\/p><p><span style=\"color: #000000;\">Et qu\u2019en est-il de la suite de la carri\u00e8re artistique de Mica\u00eblle Charles ?\u00a0 \u201cAvec mes camarades \u00e0 Acte, dit-elle, nous souhaitons mettre sur pied une structure de femmes artistes en g\u00e9n\u00e9ral mais artistes de la sc\u00e8ne en particulier. Personnellement, je souhaite \u00e9crire du th\u00e9\u00e2tre et r\u00e9aliser des mises en sc\u00e8nes\u201d. Sinon cette ann\u00e9e elle anime l\u2019atelier Lire et jouer Ga\u00eblle Bien-Aim\u00e9 dans le cadre de la 8\u00e8me \u00e9dition du festival de th\u00e9\u00e2tre En lisant. Elle dirigera une lecture-spectacle de la pi\u00e8ce Tranzit de Ga\u00eblle Bien-Aim\u00e9 en restitution a cet atelier.<\/span><\/p><p><span style=\"color: #000000;\">Carl Pierrecq<\/span><\/p><h4 style=\"text-align: center;\"><strong><span style=\"color: #000000;\">Mica\u00eblle Charles :<br \/>Vue de son parcours de com\u00e9dienne<\/span><\/strong><\/h4><p><span style=\"color: #000000;\">-2019. &#8220;Domitila, Et si on me donnait la parole&#8221; (Texte original, Domitila Barrios de Chungara\/ Traduction cr\u00e9ole, Jacques Adler Jean Pierre et son \u00e9quipe), une mise en sc\u00e8ne de Rolando Etienne.<\/span><\/p><p><span style=\"color: #000000;\">-.2021 et 2023- Tourn\u00e9e dans le grand Nord avec la pi\u00e8ce &#8220;Domitila&#8221;, une mise en sc\u00e8ne de Rolando Etienne<\/span><\/p><p><span style=\"color: #000000;\">-. 2021- &#8220;Elle voulait ou croyait vouloir et puis tout \u00e0 coup elle ne veut plus&#8221; d\u2019Andrise Pierre (Devoir de cr\u00e9ation en groupe pour l\u2019\u00e9cole Acte, dirig\u00e9 par St\u00e9phanie Fran\u00e7ois)<\/span><\/p><p><span style=\"color: #000000;\">-2022. &#8220;ILL\u00c9GAL&#8221;, une cr\u00e9ation visuelle de Ga\u00eblle Bien-Aim\u00e9, festival feministe N\u00e8g\u00e8s Mawon.<\/span><\/p><p><span style=\"color: #000000;\">-2022.&#8221;Jiji ak zanmi l yo&#8221; de Andrise, mini-s\u00e9rie en ligne, une r\u00e9alisation de Reginald Louissaint, sous la direction artistique de Ga\u00eblle Bien-Aim\u00e9 dans le cadre du Festival de th\u00e9\u00e2tre En lisant<\/span><\/p><p><span style=\"color: #000000;\">-2023.&#8221;La route et l&#8217;Inconnue&#8221; de Luis Bernard Henri, une mise en sc\u00e8ne de Kavalye Pierre<\/span><\/p><p><span style=\"color: #000000;\">-2023. &#8220;XI. Tu n&#8217;existeras point&#8221;, une cr\u00e9ation de la structure ARTISCENA (Un collectif de femmes artistes)<\/span><\/p><p><span style=\"color: #000000;\">-2023. &#8220;D\u00c9SINCARN\u00c9E&#8221;, spectacle de performance suivant un texte et une mise en sc\u00e8ne de Nathania P\u00e9ricl\u00e8s, Festival 4 chemins.<\/span><\/p><p><span style=\"color: #000000;\"><strong>\u00a0<\/strong><\/span><\/p><p><strong><span style=\"color: #000000;\">Comme assistante a la mise en sc\u00e8ne<\/span><\/strong><\/p><p><span style=\"color: #000000;\">-2023. &#8220;Op\u00e9ra Poussi\u00e8re&#8221;, une adaptation du texte de Jean D&#8217;Am\u00e9rique sur une mise en sc\u00e8ne de St\u00e9phanie Fran\u00e7ois a l\u2019Institut Fran\u00e7ais en Ha\u00efti.<\/span><\/p><p><span style=\"color: #000000;\">-2023. &#8220;Do Boule&#8221;, une cr\u00e9ation de Les Ateliers Encriture, mise en sc\u00e8ne par Kav-Alye Pierre<\/span><\/p><div>\u00a0<\/div><div>\u00a0<\/div><div><em><span style=\"color: #003300;\">Credit photo de couverture: David Duverseau<\/span><\/em><\/div>\t\t\t\t\t\t\t\t<\/div>\n\t\t\t\t<\/div>\n\t\t\t\t<\/div>\n\t\t\t\t\t<\/div>\n\t\t\t\t<\/div>\n\t\t<div class=\"elementor-element elementor-element-9ddf645 e-flex e-con-boxed e-con e-parent\" data-id=\"9ddf645\" data-element_type=\"container\" data-e-type=\"container\" data-settings=\"{&quot;_ha_eqh_enable&quot;:false}\">\n\t\t\t\t\t<div class=\"e-con-inner\">\n\t\t<div class=\"elementor-element elementor-element-afe0c3b e-con-full e-flex e-con e-child\" data-id=\"afe0c3b\" data-element_type=\"container\" data-e-type=\"container\" data-settings=\"{&quot;_ha_eqh_enable&quot;:false}\">\n\t\t\t\t<div class=\"elementor-element elementor-element-3393d19 elementor-widget elementor-widget-image\" data-id=\"3393d19\" data-element_type=\"widget\" data-e-type=\"widget\" data-widget_type=\"image.default\">\n\t\t\t\t<div class=\"elementor-widget-container\">\n\t\t\t\t\t\t\t\t\t\t\t\t<figure class=\"wp-caption\">\n\t\t\t\t\t\t\t\t\t\t<img decoding=\"async\" width=\"795\" height=\"1024\" src=\"https:\/\/enlisantfestival.com\/fr\/wp-content\/uploads\/2023\/12\/Micaelle-Charles-3-Credit-Photo-David-Duverseau-795x1024.jpg\" class=\"attachment-large size-large wp-image-4388\" alt=\"\" srcset=\"https:\/\/enlisantfestival.com\/fr\/wp-content\/uploads\/2023\/12\/Micaelle-Charles-3-Credit-Photo-David-Duverseau-795x1024.jpg 795w, https:\/\/enlisantfestival.com\/fr\/wp-content\/uploads\/2023\/12\/Micaelle-Charles-3-Credit-Photo-David-Duverseau-233x300.jpg 233w, https:\/\/enlisantfestival.com\/fr\/wp-content\/uploads\/2023\/12\/Micaelle-Charles-3-Credit-Photo-David-Duverseau-768x989.jpg 768w, https:\/\/enlisantfestival.com\/fr\/wp-content\/uploads\/2023\/12\/Micaelle-Charles-3-Credit-Photo-David-Duverseau.jpg 997w\" sizes=\"(max-width: 795px) 100vw, 795px\" \/>\t\t\t\t\t\t\t\t\t\t\t<figcaption class=\"widget-image-caption wp-caption-text\">Credit Photo: David Duverseau<\/figcaption>\n\t\t\t\t\t\t\t\t\t\t<\/figure>\n\t\t\t\t\t\t\t\t\t<\/div>\n\t\t\t\t<\/div>\n\t\t\t\t<\/div>\n\t\t<div class=\"elementor-element elementor-element-c4f4786 e-con-full e-flex e-con e-child\" data-id=\"c4f4786\" data-element_type=\"container\" data-e-type=\"container\" data-settings=\"{&quot;_ha_eqh_enable&quot;:false}\">\n\t\t\t\t<div class=\"elementor-element elementor-element-7e0c78f elementor-widget elementor-widget-image\" data-id=\"7e0c78f\" data-element_type=\"widget\" data-e-type=\"widget\" data-widget_type=\"image.default\">\n\t\t\t\t<div class=\"elementor-widget-container\">\n\t\t\t\t\t\t\t\t\t\t\t\t<figure class=\"wp-caption\">\n\t\t\t\t\t\t\t\t\t\t<img decoding=\"async\" width=\"726\" height=\"1024\" src=\"https:\/\/enlisantfestival.com\/fr\/wp-content\/uploads\/2023\/12\/Micaelle-Charles-4--726x1024.jpg\" class=\"attachment-large size-large wp-image-4390\" alt=\"\" srcset=\"https:\/\/enlisantfestival.com\/fr\/wp-content\/uploads\/2023\/12\/Micaelle-Charles-4--726x1024.jpg 726w, https:\/\/enlisantfestival.com\/fr\/wp-content\/uploads\/2023\/12\/Micaelle-Charles-4--213x300.jpg 213w, https:\/\/enlisantfestival.com\/fr\/wp-content\/uploads\/2023\/12\/Micaelle-Charles-4--768x1083.jpg 768w, https:\/\/enlisantfestival.com\/fr\/wp-content\/uploads\/2023\/12\/Micaelle-Charles-4--1090x1536.jpg 1090w, https:\/\/enlisantfestival.com\/fr\/wp-content\/uploads\/2023\/12\/Micaelle-Charles-4-.jpg 1135w\" sizes=\"(max-width: 726px) 100vw, 726px\" \/>\t\t\t\t\t\t\t\t\t\t\t<figcaption class=\"widget-image-caption wp-caption-text\">Avec la courtoisie de Couteche\u0300ve Lavoie Aupont<\/figcaption>\n\t\t\t\t\t\t\t\t\t\t<\/figure>\n\t\t\t\t\t\t\t\t\t<\/div>\n\t\t\t\t<\/div>\n\t\t\t\t<\/div>\n\t\t\t\t\t<\/div>\n\t\t\t\t<\/div>\n\t\t\t\t<\/div>\n\t\t","protected":false},"excerpt":{"rendered":"<p>Credit photo David Duverseau En Ha\u00efti, presque tous les professionnels et les amateurs de th\u00e9\u00e2tre connaissent ce nom. Ils connaissent aussi le visage de Mica\u00eblle Charles, cette com\u00e9dienne contemporaine qui [&hellip;]<\/p>\n","protected":false},"author":990002,"featured_media":4386,"comment_status":"open","ping_status":"open","sticky":false,"template":"","format":"standard","meta":{"_FSMCFIC_featured_image_caption":"","_FSMCFIC_featured_image_nocaption":"","_FSMCFIC_featured_image_hide":"","footnotes":""},"categories":[104],"tags":[],"class_list":["post-4385","post","type-post","status-publish","format-standard","has-post-thumbnail","hentry","category-le-journal-d-en-lisant"],"yoast_head":"<!-- This site is optimized with the Yoast SEO plugin v27.0 - https:\/\/yoast.com\/product\/yoast-seo-wordpress\/ -->\n<title>Mica\u00eblle Charles : \u00ab le th\u00e9\u00e2tre est un cheminement \u00bb. - En Lisant festival de th\u00e9\u00e2tre<\/title>\n<meta name=\"robots\" content=\"index, follow, max-snippet:-1, max-image-preview:large, max-video-preview:-1\" \/>\n<link rel=\"canonical\" href=\"https:\/\/enlisantfestival.com\/fr\/micaelle-charles-le-theatre-est-un-cheminement\/\" \/>\n<meta property=\"og:locale\" content=\"fr_FR\" \/>\n<meta property=\"og:type\" content=\"article\" \/>\n<meta property=\"og:title\" content=\"Mica\u00eblle Charles : \u00ab le th\u00e9\u00e2tre est un cheminement \u00bb. - En Lisant festival de th\u00e9\u00e2tre\" \/>\n<meta property=\"og:description\" content=\"Credit photo David Duverseau En Ha\u00efti, presque tous les professionnels et les amateurs de th\u00e9\u00e2tre connaissent ce nom. Ils connaissent aussi le visage de Mica\u00eblle Charles, cette com\u00e9dienne contemporaine qui [&hellip;]\" \/>\n<meta property=\"og:url\" content=\"https:\/\/enlisantfestival.com\/fr\/micaelle-charles-le-theatre-est-un-cheminement\/\" \/>\n<meta property=\"og:site_name\" content=\"En Lisant festival de th\u00e9\u00e2tre\" \/>\n<meta property=\"article:published_time\" content=\"2023-12-01T02:43:35+00:00\" \/>\n<meta property=\"article:modified_time\" content=\"2023-12-01T02:53:25+00:00\" \/>\n<meta property=\"og:image\" content=\"https:\/\/enlisantfestival.com\/fr\/wp-content\/uploads\/2023\/12\/Micaelle-Charles-1-Credit-Photo-Mr-VMK.jpg\" \/>\n\t<meta property=\"og:image:width\" content=\"864\" \/>\n\t<meta property=\"og:image:height\" content=\"1080\" \/>\n\t<meta property=\"og:image:type\" content=\"image\/jpeg\" \/>\n<meta name=\"author\" content=\"ludwy\" \/>\n<meta name=\"twitter:card\" content=\"summary_large_image\" \/>\n<meta name=\"twitter:label1\" content=\"\u00c9crit par\" \/>\n\t<meta name=\"twitter:data1\" content=\"ludwy\" \/>\n\t<meta name=\"twitter:label2\" content=\"Dur\u00e9e de lecture estim\u00e9e\" \/>\n\t<meta name=\"twitter:data2\" content=\"7 minutes\" \/>\n<script type=\"application\/ld+json\" class=\"yoast-schema-graph\">{\"@context\":\"https:\/\/schema.org\",\"@graph\":[{\"@type\":\"Article\",\"@id\":\"https:\/\/enlisantfestival.com\/fr\/micaelle-charles-le-theatre-est-un-cheminement\/#article\",\"isPartOf\":{\"@id\":\"https:\/\/enlisantfestival.com\/fr\/micaelle-charles-le-theatre-est-un-cheminement\/\"},\"author\":{\"name\":\"ludwy\",\"@id\":\"https:\/\/enlisantfestival.com\/fr\/#\/schema\/person\/846f9c27917ef190542b1a106fd9e36e\"},\"headline\":\"Mica\u00eblle Charles : \u00ab le th\u00e9\u00e2tre est un cheminement \u00bb.\",\"datePublished\":\"2023-12-01T02:43:35+00:00\",\"dateModified\":\"2023-12-01T02:53:25+00:00\",\"mainEntityOfPage\":{\"@id\":\"https:\/\/enlisantfestival.com\/fr\/micaelle-charles-le-theatre-est-un-cheminement\/\"},\"wordCount\":1330,\"commentCount\":0,\"publisher\":{\"@id\":\"https:\/\/enlisantfestival.com\/fr\/#organization\"},\"image\":{\"@id\":\"https:\/\/enlisantfestival.com\/fr\/micaelle-charles-le-theatre-est-un-cheminement\/#primaryimage\"},\"thumbnailUrl\":\"https:\/\/enlisantfestival.com\/fr\/wp-content\/uploads\/2023\/12\/Micaelle-Charles-1-Credit-Photo-Mr-VMK.jpg\",\"articleSection\":[\"Le journal d'En Lisant\"],\"inLanguage\":\"fr-FR\",\"potentialAction\":[{\"@type\":\"CommentAction\",\"name\":\"Comment\",\"target\":[\"https:\/\/enlisantfestival.com\/fr\/micaelle-charles-le-theatre-est-un-cheminement\/#respond\"]}]},{\"@type\":\"WebPage\",\"@id\":\"https:\/\/enlisantfestival.com\/fr\/micaelle-charles-le-theatre-est-un-cheminement\/\",\"url\":\"https:\/\/enlisantfestival.com\/fr\/micaelle-charles-le-theatre-est-un-cheminement\/\",\"name\":\"Mica\u00eblle Charles : \u00ab le th\u00e9\u00e2tre est un cheminement \u00bb. - En Lisant festival de th\u00e9\u00e2tre\",\"isPartOf\":{\"@id\":\"https:\/\/enlisantfestival.com\/fr\/#website\"},\"primaryImageOfPage\":{\"@id\":\"https:\/\/enlisantfestival.com\/fr\/micaelle-charles-le-theatre-est-un-cheminement\/#primaryimage\"},\"image\":{\"@id\":\"https:\/\/enlisantfestival.com\/fr\/micaelle-charles-le-theatre-est-un-cheminement\/#primaryimage\"},\"thumbnailUrl\":\"https:\/\/enlisantfestival.com\/fr\/wp-content\/uploads\/2023\/12\/Micaelle-Charles-1-Credit-Photo-Mr-VMK.jpg\",\"datePublished\":\"2023-12-01T02:43:35+00:00\",\"dateModified\":\"2023-12-01T02:53:25+00:00\",\"breadcrumb\":{\"@id\":\"https:\/\/enlisantfestival.com\/fr\/micaelle-charles-le-theatre-est-un-cheminement\/#breadcrumb\"},\"inLanguage\":\"fr-FR\",\"potentialAction\":[{\"@type\":\"ReadAction\",\"target\":[\"https:\/\/enlisantfestival.com\/fr\/micaelle-charles-le-theatre-est-un-cheminement\/\"]}]},{\"@type\":\"ImageObject\",\"inLanguage\":\"fr-FR\",\"@id\":\"https:\/\/enlisantfestival.com\/fr\/micaelle-charles-le-theatre-est-un-cheminement\/#primaryimage\",\"url\":\"https:\/\/enlisantfestival.com\/fr\/wp-content\/uploads\/2023\/12\/Micaelle-Charles-1-Credit-Photo-Mr-VMK.jpg\",\"contentUrl\":\"https:\/\/enlisantfestival.com\/fr\/wp-content\/uploads\/2023\/12\/Micaelle-Charles-1-Credit-Photo-Mr-VMK.jpg\",\"width\":864,\"height\":1080},{\"@type\":\"BreadcrumbList\",\"@id\":\"https:\/\/enlisantfestival.com\/fr\/micaelle-charles-le-theatre-est-un-cheminement\/#breadcrumb\",\"itemListElement\":[{\"@type\":\"ListItem\",\"position\":1,\"name\":\"Accueil\",\"item\":\"https:\/\/enlisantfestival.com\/fr\/\"},{\"@type\":\"ListItem\",\"position\":2,\"name\":\"Mica\u00eblle Charles : \u00ab le th\u00e9\u00e2tre est un cheminement \u00bb.\"}]},{\"@type\":\"WebSite\",\"@id\":\"https:\/\/enlisantfestival.com\/fr\/#website\",\"url\":\"https:\/\/enlisantfestival.com\/fr\/\",\"name\":\"En Lisant festival de th\u00e9\u00e2tre\",\"description\":\"\",\"publisher\":{\"@id\":\"https:\/\/enlisantfestival.com\/fr\/#organization\"},\"potentialAction\":[{\"@type\":\"SearchAction\",\"target\":{\"@type\":\"EntryPoint\",\"urlTemplate\":\"https:\/\/enlisantfestival.com\/fr\/?s={search_term_string}\"},\"query-input\":{\"@type\":\"PropertyValueSpecification\",\"valueRequired\":true,\"valueName\":\"search_term_string\"}}],\"inLanguage\":\"fr-FR\"},{\"@type\":\"Organization\",\"@id\":\"https:\/\/enlisantfestival.com\/fr\/#organization\",\"name\":\"En Lisant festival de th\u00e9\u00e2tre\",\"url\":\"https:\/\/enlisantfestival.com\/fr\/\",\"logo\":{\"@type\":\"ImageObject\",\"inLanguage\":\"fr-FR\",\"@id\":\"https:\/\/enlisantfestival.com\/fr\/#\/schema\/logo\/image\/\",\"url\":\"https:\/\/enlisantfestival.com\/fr\/wp-content\/uploads\/2020\/09\/en-lisant-logo.png\",\"contentUrl\":\"https:\/\/enlisantfestival.com\/fr\/wp-content\/uploads\/2020\/09\/en-lisant-logo.png\",\"width\":600,\"height\":343,\"caption\":\"En Lisant festival de th\u00e9\u00e2tre\"},\"image\":{\"@id\":\"https:\/\/enlisantfestival.com\/fr\/#\/schema\/logo\/image\/\"}},{\"@type\":\"Person\",\"@id\":\"https:\/\/enlisantfestival.com\/fr\/#\/schema\/person\/846f9c27917ef190542b1a106fd9e36e\",\"name\":\"ludwy\",\"image\":{\"@type\":\"ImageObject\",\"inLanguage\":\"fr-FR\",\"@id\":\"https:\/\/enlisantfestival.com\/fr\/#\/schema\/person\/image\/\",\"url\":\"https:\/\/secure.gravatar.com\/avatar\/b29172caf944fb66969204ce485e5a42554f3bf8c9abe8d1e070ad9e2ac4eb41?s=96&d=mm&r=g\",\"contentUrl\":\"https:\/\/secure.gravatar.com\/avatar\/b29172caf944fb66969204ce485e5a42554f3bf8c9abe8d1e070ad9e2ac4eb41?s=96&d=mm&r=g\",\"caption\":\"ludwy\"},\"url\":\"https:\/\/enlisantfestival.com\/fr\/author\/ludwy\/\"}]}<\/script>\n<!-- \/ Yoast SEO plugin. -->","yoast_head_json":{"title":"Mica\u00eblle Charles : \u00ab le th\u00e9\u00e2tre est un cheminement \u00bb. - En Lisant festival de th\u00e9\u00e2tre","robots":{"index":"index","follow":"follow","max-snippet":"max-snippet:-1","max-image-preview":"max-image-preview:large","max-video-preview":"max-video-preview:-1"},"canonical":"https:\/\/enlisantfestival.com\/fr\/micaelle-charles-le-theatre-est-un-cheminement\/","og_locale":"fr_FR","og_type":"article","og_title":"Mica\u00eblle Charles : \u00ab le th\u00e9\u00e2tre est un cheminement \u00bb. - En Lisant festival de th\u00e9\u00e2tre","og_description":"Credit photo David Duverseau En Ha\u00efti, presque tous les professionnels et les amateurs de th\u00e9\u00e2tre connaissent ce nom. Ils connaissent aussi le visage de Mica\u00eblle Charles, cette com\u00e9dienne contemporaine qui [&hellip;]","og_url":"https:\/\/enlisantfestival.com\/fr\/micaelle-charles-le-theatre-est-un-cheminement\/","og_site_name":"En Lisant festival de th\u00e9\u00e2tre","article_published_time":"2023-12-01T02:43:35+00:00","article_modified_time":"2023-12-01T02:53:25+00:00","og_image":[{"width":864,"height":1080,"url":"https:\/\/enlisantfestival.com\/fr\/wp-content\/uploads\/2023\/12\/Micaelle-Charles-1-Credit-Photo-Mr-VMK.jpg","type":"image\/jpeg"}],"author":"ludwy","twitter_card":"summary_large_image","twitter_misc":{"\u00c9crit par":"ludwy","Dur\u00e9e de lecture estim\u00e9e":"7 minutes"},"schema":{"@context":"https:\/\/schema.org","@graph":[{"@type":"Article","@id":"https:\/\/enlisantfestival.com\/fr\/micaelle-charles-le-theatre-est-un-cheminement\/#article","isPartOf":{"@id":"https:\/\/enlisantfestival.com\/fr\/micaelle-charles-le-theatre-est-un-cheminement\/"},"author":{"name":"ludwy","@id":"https:\/\/enlisantfestival.com\/fr\/#\/schema\/person\/846f9c27917ef190542b1a106fd9e36e"},"headline":"Mica\u00eblle Charles : \u00ab le th\u00e9\u00e2tre est un cheminement \u00bb.","datePublished":"2023-12-01T02:43:35+00:00","dateModified":"2023-12-01T02:53:25+00:00","mainEntityOfPage":{"@id":"https:\/\/enlisantfestival.com\/fr\/micaelle-charles-le-theatre-est-un-cheminement\/"},"wordCount":1330,"commentCount":0,"publisher":{"@id":"https:\/\/enlisantfestival.com\/fr\/#organization"},"image":{"@id":"https:\/\/enlisantfestival.com\/fr\/micaelle-charles-le-theatre-est-un-cheminement\/#primaryimage"},"thumbnailUrl":"https:\/\/enlisantfestival.com\/fr\/wp-content\/uploads\/2023\/12\/Micaelle-Charles-1-Credit-Photo-Mr-VMK.jpg","articleSection":["Le journal d'En Lisant"],"inLanguage":"fr-FR","potentialAction":[{"@type":"CommentAction","name":"Comment","target":["https:\/\/enlisantfestival.com\/fr\/micaelle-charles-le-theatre-est-un-cheminement\/#respond"]}]},{"@type":"WebPage","@id":"https:\/\/enlisantfestival.com\/fr\/micaelle-charles-le-theatre-est-un-cheminement\/","url":"https:\/\/enlisantfestival.com\/fr\/micaelle-charles-le-theatre-est-un-cheminement\/","name":"Mica\u00eblle Charles : \u00ab le th\u00e9\u00e2tre est un cheminement \u00bb. - En Lisant festival de th\u00e9\u00e2tre","isPartOf":{"@id":"https:\/\/enlisantfestival.com\/fr\/#website"},"primaryImageOfPage":{"@id":"https:\/\/enlisantfestival.com\/fr\/micaelle-charles-le-theatre-est-un-cheminement\/#primaryimage"},"image":{"@id":"https:\/\/enlisantfestival.com\/fr\/micaelle-charles-le-theatre-est-un-cheminement\/#primaryimage"},"thumbnailUrl":"https:\/\/enlisantfestival.com\/fr\/wp-content\/uploads\/2023\/12\/Micaelle-Charles-1-Credit-Photo-Mr-VMK.jpg","datePublished":"2023-12-01T02:43:35+00:00","dateModified":"2023-12-01T02:53:25+00:00","breadcrumb":{"@id":"https:\/\/enlisantfestival.com\/fr\/micaelle-charles-le-theatre-est-un-cheminement\/#breadcrumb"},"inLanguage":"fr-FR","potentialAction":[{"@type":"ReadAction","target":["https:\/\/enlisantfestival.com\/fr\/micaelle-charles-le-theatre-est-un-cheminement\/"]}]},{"@type":"ImageObject","inLanguage":"fr-FR","@id":"https:\/\/enlisantfestival.com\/fr\/micaelle-charles-le-theatre-est-un-cheminement\/#primaryimage","url":"https:\/\/enlisantfestival.com\/fr\/wp-content\/uploads\/2023\/12\/Micaelle-Charles-1-Credit-Photo-Mr-VMK.jpg","contentUrl":"https:\/\/enlisantfestival.com\/fr\/wp-content\/uploads\/2023\/12\/Micaelle-Charles-1-Credit-Photo-Mr-VMK.jpg","width":864,"height":1080},{"@type":"BreadcrumbList","@id":"https:\/\/enlisantfestival.com\/fr\/micaelle-charles-le-theatre-est-un-cheminement\/#breadcrumb","itemListElement":[{"@type":"ListItem","position":1,"name":"Accueil","item":"https:\/\/enlisantfestival.com\/fr\/"},{"@type":"ListItem","position":2,"name":"Mica\u00eblle Charles : \u00ab le th\u00e9\u00e2tre est un cheminement \u00bb."}]},{"@type":"WebSite","@id":"https:\/\/enlisantfestival.com\/fr\/#website","url":"https:\/\/enlisantfestival.com\/fr\/","name":"En Lisant festival de th\u00e9\u00e2tre","description":"","publisher":{"@id":"https:\/\/enlisantfestival.com\/fr\/#organization"},"potentialAction":[{"@type":"SearchAction","target":{"@type":"EntryPoint","urlTemplate":"https:\/\/enlisantfestival.com\/fr\/?s={search_term_string}"},"query-input":{"@type":"PropertyValueSpecification","valueRequired":true,"valueName":"search_term_string"}}],"inLanguage":"fr-FR"},{"@type":"Organization","@id":"https:\/\/enlisantfestival.com\/fr\/#organization","name":"En Lisant festival de th\u00e9\u00e2tre","url":"https:\/\/enlisantfestival.com\/fr\/","logo":{"@type":"ImageObject","inLanguage":"fr-FR","@id":"https:\/\/enlisantfestival.com\/fr\/#\/schema\/logo\/image\/","url":"https:\/\/enlisantfestival.com\/fr\/wp-content\/uploads\/2020\/09\/en-lisant-logo.png","contentUrl":"https:\/\/enlisantfestival.com\/fr\/wp-content\/uploads\/2020\/09\/en-lisant-logo.png","width":600,"height":343,"caption":"En Lisant festival de th\u00e9\u00e2tre"},"image":{"@id":"https:\/\/enlisantfestival.com\/fr\/#\/schema\/logo\/image\/"}},{"@type":"Person","@id":"https:\/\/enlisantfestival.com\/fr\/#\/schema\/person\/846f9c27917ef190542b1a106fd9e36e","name":"ludwy","image":{"@type":"ImageObject","inLanguage":"fr-FR","@id":"https:\/\/enlisantfestival.com\/fr\/#\/schema\/person\/image\/","url":"https:\/\/secure.gravatar.com\/avatar\/b29172caf944fb66969204ce485e5a42554f3bf8c9abe8d1e070ad9e2ac4eb41?s=96&d=mm&r=g","contentUrl":"https:\/\/secure.gravatar.com\/avatar\/b29172caf944fb66969204ce485e5a42554f3bf8c9abe8d1e070ad9e2ac4eb41?s=96&d=mm&r=g","caption":"ludwy"},"url":"https:\/\/enlisantfestival.com\/fr\/author\/ludwy\/"}]}},"_links":{"self":[{"href":"https:\/\/enlisantfestival.com\/fr\/wp-json\/wp\/v2\/posts\/4385","targetHints":{"allow":["GET"]}}],"collection":[{"href":"https:\/\/enlisantfestival.com\/fr\/wp-json\/wp\/v2\/posts"}],"about":[{"href":"https:\/\/enlisantfestival.com\/fr\/wp-json\/wp\/v2\/types\/post"}],"author":[{"embeddable":true,"href":"https:\/\/enlisantfestival.com\/fr\/wp-json\/wp\/v2\/users\/990002"}],"replies":[{"embeddable":true,"href":"https:\/\/enlisantfestival.com\/fr\/wp-json\/wp\/v2\/comments?post=4385"}],"version-history":[{"count":7,"href":"https:\/\/enlisantfestival.com\/fr\/wp-json\/wp\/v2\/posts\/4385\/revisions"}],"predecessor-version":[{"id":4397,"href":"https:\/\/enlisantfestival.com\/fr\/wp-json\/wp\/v2\/posts\/4385\/revisions\/4397"}],"wp:featuredmedia":[{"embeddable":true,"href":"https:\/\/enlisantfestival.com\/fr\/wp-json\/wp\/v2\/media\/4386"}],"wp:attachment":[{"href":"https:\/\/enlisantfestival.com\/fr\/wp-json\/wp\/v2\/media?parent=4385"}],"wp:term":[{"taxonomy":"category","embeddable":true,"href":"https:\/\/enlisantfestival.com\/fr\/wp-json\/wp\/v2\/categories?post=4385"},{"taxonomy":"post_tag","embeddable":true,"href":"https:\/\/enlisantfestival.com\/fr\/wp-json\/wp\/v2\/tags?post=4385"}],"curies":[{"name":"wp","href":"https:\/\/api.w.org\/{rel}","templated":true}]}}