{"id":4399,"date":"2023-12-09T04:45:47","date_gmt":"2023-12-09T03:45:47","guid":{"rendered":"https:\/\/enlisantfestival.com\/fr\/?p=4399"},"modified":"2023-12-09T04:51:04","modified_gmt":"2023-12-09T03:51:04","slug":"once-upon-a-time-in-port-au-prince-in-memoriam-farid-sauvignon","status":"publish","type":"post","link":"https:\/\/enlisantfestival.com\/fr\/once-upon-a-time-in-port-au-prince-in-memoriam-farid-sauvignon\/","title":{"rendered":"Once upon a time&#8230; in Port- au-Prince! In Memoriam Farid Sauvignon !"},"content":{"rendered":"\t\t<div data-elementor-type=\"wp-post\" data-elementor-id=\"4399\" class=\"elementor elementor-4399\" data-elementor-settings=\"{&quot;ha_cmc_init_switcher&quot;:&quot;no&quot;}\">\n\t\t\t\t<div class=\"elementor-element elementor-element-b73efa5 e-flex e-con-boxed e-con e-parent\" data-id=\"b73efa5\" data-element_type=\"container\" data-e-type=\"container\" data-settings=\"{&quot;background_background&quot;:&quot;classic&quot;,&quot;_ha_eqh_enable&quot;:false}\">\n\t\t\t\t\t<div class=\"e-con-inner\">\n\t\t<div class=\"elementor-element elementor-element-dbc450f e-con-full e-flex e-con e-child\" data-id=\"dbc450f\" data-element_type=\"container\" data-e-type=\"container\" data-settings=\"{&quot;_ha_eqh_enable&quot;:false}\">\n\t\t\t\t<div class=\"elementor-element elementor-element-862b774 elementor-widget elementor-widget-image\" data-id=\"862b774\" data-element_type=\"widget\" data-e-type=\"widget\" data-widget_type=\"image.default\">\n\t\t\t\t<div class=\"elementor-widget-container\">\n\t\t\t\t\t\t\t\t\t\t\t\t\t\t\t<img fetchpriority=\"high\" decoding=\"async\" width=\"800\" height=\"532\" src=\"https:\/\/enlisantfestival.com\/fr\/wp-content\/uploads\/2023\/09\/Credit-photo-Benjamin-Struelens-1-1.jpg\" class=\"attachment-large size-large wp-image-4245\" alt=\"\" srcset=\"https:\/\/enlisantfestival.com\/fr\/wp-content\/uploads\/2023\/09\/Credit-photo-Benjamin-Struelens-1-1.jpg 800w, https:\/\/enlisantfestival.com\/fr\/wp-content\/uploads\/2023\/09\/Credit-photo-Benjamin-Struelens-1-1-300x200.jpg 300w, https:\/\/enlisantfestival.com\/fr\/wp-content\/uploads\/2023\/09\/Credit-photo-Benjamin-Struelens-1-1-768x511.jpg 768w\" sizes=\"(max-width: 800px) 100vw, 800px\" \/>\t\t\t\t\t\t\t\t\t\t\t\t\t\t\t<\/div>\n\t\t\t\t<\/div>\n\t\t\t\t<\/div>\n\t\t<div class=\"elementor-element elementor-element-d327467 e-con-full e-flex e-con e-child\" data-id=\"d327467\" data-element_type=\"container\" data-e-type=\"container\" data-settings=\"{&quot;_ha_eqh_enable&quot;:false}\">\n\t\t\t\t<div class=\"elementor-element elementor-element-9415957 elementor-widget elementor-widget-text-editor\" data-id=\"9415957\" data-element_type=\"widget\" data-e-type=\"widget\" data-widget_type=\"text-editor.default\">\n\t\t\t\t<div class=\"elementor-widget-container\">\n\t\t\t\t\t\t\t\t\t<p>17 mai 1987, une date fictive que j\u2019ai arbitrairement choisie pour me rep\u00e9rer dans ce qui me reste de m\u00e9moire&#8230; C\u2019\u00e9tait l\u2019an de l\u2019apr\u00e8s-dictature, les t\u00e9l\u00e9visions monochromes conqu\u00e9raient \u00e0 grande vitesse les foyers des familles de la middle class. On vivait \u00e0 l\u2019\u00e9poque les balbutiements de la d\u00e9mocratie \u00e0 l\u2019ha\u00eftienne, les langues se d\u00e9liaient maladroitement, la presse libre et ind\u00e9pendante lan\u00e7ait \u00e0 tout va des appels \u00e0 la vigilance ou \u00e0 la violence, la musique populaire s\u2019engageait aux c\u00f4t\u00e9s du bas peuple pour d\u00e9construire l\u2019imaginaire duvalierien, vieux de 29 ans&#8230; Makout pa ladann, disait-on.<\/p><p>Pourtant, contrairement \u00e0 l\u2019euphorie g\u00e9n\u00e9r\u00e9e par la chute du tyran, le Conseil National du Gouvernement (CNG), le gouvernement d\u2019alors, planifiait savamment le maintien du statu quo pour les d\u00e9cennies \u00e0 venir&#8230; Le Roi est mort ! Vive le roi&#8230;<\/p><p>Et moi, avais-je une conscience politique des remous de l\u2019\u00e9poque ? Non, Comme Farid, j\u2019avais 5 ans, je d\u00e9couvrais \u00e0 peine que la rue Capois, l\u00e0 o\u00f9 j\u2019habitais, faisait partie d\u2019un ensemble plus grand, plus complexe, Port-au-Prince.<\/p><p>Le 17 mai 1987, pour la premi\u00e8re fois, mes parents m\u2019ont fait visiter le centre-ville, la famille allait acheter des petits fours \u00e0 la Boulangerie Saint-Marc, puis on devait d\u00eener, en famille, \u00e0 \u00ab Au Bec fin \u00bb, \u00e0 la rue Pav\u00e9e. Depuis cet \u00e9v\u00e8nement, j\u2019ai appris \u00e0 aimer secr\u00e8tement cette ville.<\/p><p>Je suis tomb\u00e9 amoureux de ma ge\u00f4li\u00e8re&#8230; Port-au-Prince ! Vil carcan, prison \u00e0 ciel ouvert, Port-au-Prince- la-maudite chassant volontairement ses filles et fils&#8230;<\/p><p>Comment aimer cette \u00e9tourdie si ce n\u2019est que dans la clandestinit\u00e9 ! \u00c0 d\u00e9faut de l\u2019aimer, on peut parler d\u2019elle comme on \u00e9voque un souvenir heureux&#8230; On veut parler d\u2019elle parce que, pour les gens de ma g\u00e9n\u00e9ration, elle est le t\u00e9moin muet du passage de l\u2019enfance \u00e0 l\u2019\u00e2ge adulte.<\/p><p>Cette ann\u00e9e, le festival de th\u00e9\u00e2tre et des arts de la sc\u00e8ne En Lisant ne peut passer sous silence les liens affectifs qui le rattachent \u00e0 Port-au-Prince. Il faut dire la ville, il y a urgence de le faire. Urgence de th\u00e9\u00e2traliser le tout Port-au-Prince, l\u2019espace d\u2019une \u00e9dition d\u2019En Lisant&#8230; Car, il faut restituer la m\u00e9moire sanguine \u00e0 cette ville an\u00e9mi\u00e9e.<\/p><p>Du 11 au 17 d\u00e9cembre 2023, pour la huiti\u00e8me \u00e9dition d\u2019En Lisant, le public aura \u00e0 d\u00e9couvrir une programmation vintage made in Port-au-Prince&#8230; Parce que, \u00e0 l\u2019unisson, nous devons le dire \u00e0 gorge d\u00e9ploy\u00e9e Port-au-Prince ne mourra pas !<\/p><p>Port-au-Prince,<br \/>Le 16 novembre 2023<br \/>James Pubien<\/p>\t\t\t\t\t\t\t\t<\/div>\n\t\t\t\t<\/div>\n\t\t\t\t<\/div>\n\t\t\t\t\t<\/div>\n\t\t\t\t<\/div>\n\t\t\t\t<\/div>\n\t\t","protected":false},"excerpt":{"rendered":"<p>17 mai 1987, une date fictive que j\u2019ai arbitrairement choisie pour me rep\u00e9rer dans ce qui me reste de m\u00e9moire&#8230; C\u2019\u00e9tait l\u2019an de l\u2019apr\u00e8s-dictature, les t\u00e9l\u00e9visions monochromes conqu\u00e9raient \u00e0 grande [&hellip;]<\/p>\n","protected":false},"author":990002,"featured_media":4245,"comment_status":"open","ping_status":"open","sticky":false,"template":"","format":"standard","meta":{"_FSMCFIC_featured_image_caption":"","_FSMCFIC_featured_image_nocaption":"","_FSMCFIC_featured_image_hide":"","footnotes":""},"categories":[104],"tags":[],"class_list":["post-4399","post","type-post","status-publish","format-standard","has-post-thumbnail","hentry","category-le-journal-d-en-lisant"],"yoast_head":"<!-- This site is optimized with the Yoast SEO plugin v27.0 - https:\/\/yoast.com\/product\/yoast-seo-wordpress\/ -->\n<title>Once upon a time... in Port- au-Prince! In Memoriam Farid Sauvignon ! - En Lisant festival de th\u00e9\u00e2tre<\/title>\n<meta name=\"robots\" content=\"index, follow, max-snippet:-1, max-image-preview:large, max-video-preview:-1\" \/>\n<link rel=\"canonical\" href=\"https:\/\/enlisantfestival.com\/fr\/once-upon-a-time-in-port-au-prince-in-memoriam-farid-sauvignon\/\" \/>\n<meta property=\"og:locale\" content=\"fr_FR\" \/>\n<meta property=\"og:type\" content=\"article\" \/>\n<meta property=\"og:title\" content=\"Once upon a time... in Port- au-Prince! In Memoriam Farid Sauvignon ! - En Lisant festival de th\u00e9\u00e2tre\" \/>\n<meta property=\"og:description\" content=\"17 mai 1987, une date fictive que j\u2019ai arbitrairement choisie pour me rep\u00e9rer dans ce qui me reste de m\u00e9moire&#8230; C\u2019\u00e9tait l\u2019an de l\u2019apr\u00e8s-dictature, les t\u00e9l\u00e9visions monochromes conqu\u00e9raient \u00e0 grande [&hellip;]\" \/>\n<meta property=\"og:url\" content=\"https:\/\/enlisantfestival.com\/fr\/once-upon-a-time-in-port-au-prince-in-memoriam-farid-sauvignon\/\" \/>\n<meta property=\"og:site_name\" content=\"En Lisant festival de th\u00e9\u00e2tre\" \/>\n<meta property=\"article:published_time\" content=\"2023-12-09T03:45:47+00:00\" \/>\n<meta property=\"article:modified_time\" content=\"2023-12-09T03:51:04+00:00\" \/>\n<meta property=\"og:image\" content=\"https:\/\/enlisantfestival.com\/fr\/wp-content\/uploads\/2023\/09\/Credit-photo-Benjamin-Struelens-1-1.jpg\" \/>\n\t<meta property=\"og:image:width\" content=\"800\" \/>\n\t<meta property=\"og:image:height\" content=\"532\" \/>\n\t<meta property=\"og:image:type\" content=\"image\/jpeg\" \/>\n<meta name=\"author\" content=\"ludwy\" \/>\n<meta name=\"twitter:card\" content=\"summary_large_image\" \/>\n<meta name=\"twitter:label1\" content=\"\u00c9crit par\" \/>\n\t<meta name=\"twitter:data1\" content=\"ludwy\" \/>\n\t<meta name=\"twitter:label2\" content=\"Dur\u00e9e de lecture estim\u00e9e\" \/>\n\t<meta name=\"twitter:data2\" content=\"3 minutes\" \/>\n<script type=\"application\/ld+json\" class=\"yoast-schema-graph\">{\"@context\":\"https:\/\/schema.org\",\"@graph\":[{\"@type\":\"Article\",\"@id\":\"https:\/\/enlisantfestival.com\/fr\/once-upon-a-time-in-port-au-prince-in-memoriam-farid-sauvignon\/#article\",\"isPartOf\":{\"@id\":\"https:\/\/enlisantfestival.com\/fr\/once-upon-a-time-in-port-au-prince-in-memoriam-farid-sauvignon\/\"},\"author\":{\"name\":\"ludwy\",\"@id\":\"https:\/\/enlisantfestival.com\/fr\/#\/schema\/person\/846f9c27917ef190542b1a106fd9e36e\"},\"headline\":\"Once upon a time&#8230; in Port- au-Prince! In Memoriam Farid Sauvignon !\",\"datePublished\":\"2023-12-09T03:45:47+00:00\",\"dateModified\":\"2023-12-09T03:51:04+00:00\",\"mainEntityOfPage\":{\"@id\":\"https:\/\/enlisantfestival.com\/fr\/once-upon-a-time-in-port-au-prince-in-memoriam-farid-sauvignon\/\"},\"wordCount\":443,\"commentCount\":0,\"publisher\":{\"@id\":\"https:\/\/enlisantfestival.com\/fr\/#organization\"},\"image\":{\"@id\":\"https:\/\/enlisantfestival.com\/fr\/once-upon-a-time-in-port-au-prince-in-memoriam-farid-sauvignon\/#primaryimage\"},\"thumbnailUrl\":\"https:\/\/enlisantfestival.com\/fr\/wp-content\/uploads\/2023\/09\/Credit-photo-Benjamin-Struelens-1-1.jpg\",\"articleSection\":[\"Le journal d'En Lisant\"],\"inLanguage\":\"fr-FR\",\"potentialAction\":[{\"@type\":\"CommentAction\",\"name\":\"Comment\",\"target\":[\"https:\/\/enlisantfestival.com\/fr\/once-upon-a-time-in-port-au-prince-in-memoriam-farid-sauvignon\/#respond\"]}]},{\"@type\":\"WebPage\",\"@id\":\"https:\/\/enlisantfestival.com\/fr\/once-upon-a-time-in-port-au-prince-in-memoriam-farid-sauvignon\/\",\"url\":\"https:\/\/enlisantfestival.com\/fr\/once-upon-a-time-in-port-au-prince-in-memoriam-farid-sauvignon\/\",\"name\":\"Once upon a time... in Port- au-Prince! In Memoriam Farid Sauvignon ! - En Lisant festival de th\u00e9\u00e2tre\",\"isPartOf\":{\"@id\":\"https:\/\/enlisantfestival.com\/fr\/#website\"},\"primaryImageOfPage\":{\"@id\":\"https:\/\/enlisantfestival.com\/fr\/once-upon-a-time-in-port-au-prince-in-memoriam-farid-sauvignon\/#primaryimage\"},\"image\":{\"@id\":\"https:\/\/enlisantfestival.com\/fr\/once-upon-a-time-in-port-au-prince-in-memoriam-farid-sauvignon\/#primaryimage\"},\"thumbnailUrl\":\"https:\/\/enlisantfestival.com\/fr\/wp-content\/uploads\/2023\/09\/Credit-photo-Benjamin-Struelens-1-1.jpg\",\"datePublished\":\"2023-12-09T03:45:47+00:00\",\"dateModified\":\"2023-12-09T03:51:04+00:00\",\"breadcrumb\":{\"@id\":\"https:\/\/enlisantfestival.com\/fr\/once-upon-a-time-in-port-au-prince-in-memoriam-farid-sauvignon\/#breadcrumb\"},\"inLanguage\":\"fr-FR\",\"potentialAction\":[{\"@type\":\"ReadAction\",\"target\":[\"https:\/\/enlisantfestival.com\/fr\/once-upon-a-time-in-port-au-prince-in-memoriam-farid-sauvignon\/\"]}]},{\"@type\":\"ImageObject\",\"inLanguage\":\"fr-FR\",\"@id\":\"https:\/\/enlisantfestival.com\/fr\/once-upon-a-time-in-port-au-prince-in-memoriam-farid-sauvignon\/#primaryimage\",\"url\":\"https:\/\/enlisantfestival.com\/fr\/wp-content\/uploads\/2023\/09\/Credit-photo-Benjamin-Struelens-1-1.jpg\",\"contentUrl\":\"https:\/\/enlisantfestival.com\/fr\/wp-content\/uploads\/2023\/09\/Credit-photo-Benjamin-Struelens-1-1.jpg\",\"width\":800,\"height\":532},{\"@type\":\"BreadcrumbList\",\"@id\":\"https:\/\/enlisantfestival.com\/fr\/once-upon-a-time-in-port-au-prince-in-memoriam-farid-sauvignon\/#breadcrumb\",\"itemListElement\":[{\"@type\":\"ListItem\",\"position\":1,\"name\":\"Accueil\",\"item\":\"https:\/\/enlisantfestival.com\/fr\/\"},{\"@type\":\"ListItem\",\"position\":2,\"name\":\"Once upon a time&#8230; in Port- au-Prince! In Memoriam Farid Sauvignon !\"}]},{\"@type\":\"WebSite\",\"@id\":\"https:\/\/enlisantfestival.com\/fr\/#website\",\"url\":\"https:\/\/enlisantfestival.com\/fr\/\",\"name\":\"En Lisant festival de th\u00e9\u00e2tre\",\"description\":\"\",\"publisher\":{\"@id\":\"https:\/\/enlisantfestival.com\/fr\/#organization\"},\"potentialAction\":[{\"@type\":\"SearchAction\",\"target\":{\"@type\":\"EntryPoint\",\"urlTemplate\":\"https:\/\/enlisantfestival.com\/fr\/?s={search_term_string}\"},\"query-input\":{\"@type\":\"PropertyValueSpecification\",\"valueRequired\":true,\"valueName\":\"search_term_string\"}}],\"inLanguage\":\"fr-FR\"},{\"@type\":\"Organization\",\"@id\":\"https:\/\/enlisantfestival.com\/fr\/#organization\",\"name\":\"En Lisant festival de th\u00e9\u00e2tre\",\"url\":\"https:\/\/enlisantfestival.com\/fr\/\",\"logo\":{\"@type\":\"ImageObject\",\"inLanguage\":\"fr-FR\",\"@id\":\"https:\/\/enlisantfestival.com\/fr\/#\/schema\/logo\/image\/\",\"url\":\"https:\/\/enlisantfestival.com\/fr\/wp-content\/uploads\/2020\/09\/en-lisant-logo.png\",\"contentUrl\":\"https:\/\/enlisantfestival.com\/fr\/wp-content\/uploads\/2020\/09\/en-lisant-logo.png\",\"width\":600,\"height\":343,\"caption\":\"En Lisant festival de th\u00e9\u00e2tre\"},\"image\":{\"@id\":\"https:\/\/enlisantfestival.com\/fr\/#\/schema\/logo\/image\/\"}},{\"@type\":\"Person\",\"@id\":\"https:\/\/enlisantfestival.com\/fr\/#\/schema\/person\/846f9c27917ef190542b1a106fd9e36e\",\"name\":\"ludwy\",\"image\":{\"@type\":\"ImageObject\",\"inLanguage\":\"fr-FR\",\"@id\":\"https:\/\/enlisantfestival.com\/fr\/#\/schema\/person\/image\/\",\"url\":\"https:\/\/secure.gravatar.com\/avatar\/b29172caf944fb66969204ce485e5a42554f3bf8c9abe8d1e070ad9e2ac4eb41?s=96&d=mm&r=g\",\"contentUrl\":\"https:\/\/secure.gravatar.com\/avatar\/b29172caf944fb66969204ce485e5a42554f3bf8c9abe8d1e070ad9e2ac4eb41?s=96&d=mm&r=g\",\"caption\":\"ludwy\"},\"url\":\"https:\/\/enlisantfestival.com\/fr\/author\/ludwy\/\"}]}<\/script>\n<!-- \/ Yoast SEO plugin. -->","yoast_head_json":{"title":"Once upon a time... in Port- au-Prince! In Memoriam Farid Sauvignon ! - En Lisant festival de th\u00e9\u00e2tre","robots":{"index":"index","follow":"follow","max-snippet":"max-snippet:-1","max-image-preview":"max-image-preview:large","max-video-preview":"max-video-preview:-1"},"canonical":"https:\/\/enlisantfestival.com\/fr\/once-upon-a-time-in-port-au-prince-in-memoriam-farid-sauvignon\/","og_locale":"fr_FR","og_type":"article","og_title":"Once upon a time... in Port- au-Prince! In Memoriam Farid Sauvignon ! - En Lisant festival de th\u00e9\u00e2tre","og_description":"17 mai 1987, une date fictive que j\u2019ai arbitrairement choisie pour me rep\u00e9rer dans ce qui me reste de m\u00e9moire&#8230; C\u2019\u00e9tait l\u2019an de l\u2019apr\u00e8s-dictature, les t\u00e9l\u00e9visions monochromes conqu\u00e9raient \u00e0 grande [&hellip;]","og_url":"https:\/\/enlisantfestival.com\/fr\/once-upon-a-time-in-port-au-prince-in-memoriam-farid-sauvignon\/","og_site_name":"En Lisant festival de th\u00e9\u00e2tre","article_published_time":"2023-12-09T03:45:47+00:00","article_modified_time":"2023-12-09T03:51:04+00:00","og_image":[{"width":800,"height":532,"url":"https:\/\/enlisantfestival.com\/fr\/wp-content\/uploads\/2023\/09\/Credit-photo-Benjamin-Struelens-1-1.jpg","type":"image\/jpeg"}],"author":"ludwy","twitter_card":"summary_large_image","twitter_misc":{"\u00c9crit par":"ludwy","Dur\u00e9e de lecture estim\u00e9e":"3 minutes"},"schema":{"@context":"https:\/\/schema.org","@graph":[{"@type":"Article","@id":"https:\/\/enlisantfestival.com\/fr\/once-upon-a-time-in-port-au-prince-in-memoriam-farid-sauvignon\/#article","isPartOf":{"@id":"https:\/\/enlisantfestival.com\/fr\/once-upon-a-time-in-port-au-prince-in-memoriam-farid-sauvignon\/"},"author":{"name":"ludwy","@id":"https:\/\/enlisantfestival.com\/fr\/#\/schema\/person\/846f9c27917ef190542b1a106fd9e36e"},"headline":"Once upon a time&#8230; in Port- au-Prince! In Memoriam Farid Sauvignon !","datePublished":"2023-12-09T03:45:47+00:00","dateModified":"2023-12-09T03:51:04+00:00","mainEntityOfPage":{"@id":"https:\/\/enlisantfestival.com\/fr\/once-upon-a-time-in-port-au-prince-in-memoriam-farid-sauvignon\/"},"wordCount":443,"commentCount":0,"publisher":{"@id":"https:\/\/enlisantfestival.com\/fr\/#organization"},"image":{"@id":"https:\/\/enlisantfestival.com\/fr\/once-upon-a-time-in-port-au-prince-in-memoriam-farid-sauvignon\/#primaryimage"},"thumbnailUrl":"https:\/\/enlisantfestival.com\/fr\/wp-content\/uploads\/2023\/09\/Credit-photo-Benjamin-Struelens-1-1.jpg","articleSection":["Le journal d'En Lisant"],"inLanguage":"fr-FR","potentialAction":[{"@type":"CommentAction","name":"Comment","target":["https:\/\/enlisantfestival.com\/fr\/once-upon-a-time-in-port-au-prince-in-memoriam-farid-sauvignon\/#respond"]}]},{"@type":"WebPage","@id":"https:\/\/enlisantfestival.com\/fr\/once-upon-a-time-in-port-au-prince-in-memoriam-farid-sauvignon\/","url":"https:\/\/enlisantfestival.com\/fr\/once-upon-a-time-in-port-au-prince-in-memoriam-farid-sauvignon\/","name":"Once upon a time... in Port- au-Prince! In Memoriam Farid Sauvignon ! - En Lisant festival de th\u00e9\u00e2tre","isPartOf":{"@id":"https:\/\/enlisantfestival.com\/fr\/#website"},"primaryImageOfPage":{"@id":"https:\/\/enlisantfestival.com\/fr\/once-upon-a-time-in-port-au-prince-in-memoriam-farid-sauvignon\/#primaryimage"},"image":{"@id":"https:\/\/enlisantfestival.com\/fr\/once-upon-a-time-in-port-au-prince-in-memoriam-farid-sauvignon\/#primaryimage"},"thumbnailUrl":"https:\/\/enlisantfestival.com\/fr\/wp-content\/uploads\/2023\/09\/Credit-photo-Benjamin-Struelens-1-1.jpg","datePublished":"2023-12-09T03:45:47+00:00","dateModified":"2023-12-09T03:51:04+00:00","breadcrumb":{"@id":"https:\/\/enlisantfestival.com\/fr\/once-upon-a-time-in-port-au-prince-in-memoriam-farid-sauvignon\/#breadcrumb"},"inLanguage":"fr-FR","potentialAction":[{"@type":"ReadAction","target":["https:\/\/enlisantfestival.com\/fr\/once-upon-a-time-in-port-au-prince-in-memoriam-farid-sauvignon\/"]}]},{"@type":"ImageObject","inLanguage":"fr-FR","@id":"https:\/\/enlisantfestival.com\/fr\/once-upon-a-time-in-port-au-prince-in-memoriam-farid-sauvignon\/#primaryimage","url":"https:\/\/enlisantfestival.com\/fr\/wp-content\/uploads\/2023\/09\/Credit-photo-Benjamin-Struelens-1-1.jpg","contentUrl":"https:\/\/enlisantfestival.com\/fr\/wp-content\/uploads\/2023\/09\/Credit-photo-Benjamin-Struelens-1-1.jpg","width":800,"height":532},{"@type":"BreadcrumbList","@id":"https:\/\/enlisantfestival.com\/fr\/once-upon-a-time-in-port-au-prince-in-memoriam-farid-sauvignon\/#breadcrumb","itemListElement":[{"@type":"ListItem","position":1,"name":"Accueil","item":"https:\/\/enlisantfestival.com\/fr\/"},{"@type":"ListItem","position":2,"name":"Once upon a time&#8230; in Port- au-Prince! In Memoriam Farid Sauvignon !"}]},{"@type":"WebSite","@id":"https:\/\/enlisantfestival.com\/fr\/#website","url":"https:\/\/enlisantfestival.com\/fr\/","name":"En Lisant festival de th\u00e9\u00e2tre","description":"","publisher":{"@id":"https:\/\/enlisantfestival.com\/fr\/#organization"},"potentialAction":[{"@type":"SearchAction","target":{"@type":"EntryPoint","urlTemplate":"https:\/\/enlisantfestival.com\/fr\/?s={search_term_string}"},"query-input":{"@type":"PropertyValueSpecification","valueRequired":true,"valueName":"search_term_string"}}],"inLanguage":"fr-FR"},{"@type":"Organization","@id":"https:\/\/enlisantfestival.com\/fr\/#organization","name":"En Lisant festival de th\u00e9\u00e2tre","url":"https:\/\/enlisantfestival.com\/fr\/","logo":{"@type":"ImageObject","inLanguage":"fr-FR","@id":"https:\/\/enlisantfestival.com\/fr\/#\/schema\/logo\/image\/","url":"https:\/\/enlisantfestival.com\/fr\/wp-content\/uploads\/2020\/09\/en-lisant-logo.png","contentUrl":"https:\/\/enlisantfestival.com\/fr\/wp-content\/uploads\/2020\/09\/en-lisant-logo.png","width":600,"height":343,"caption":"En Lisant festival de th\u00e9\u00e2tre"},"image":{"@id":"https:\/\/enlisantfestival.com\/fr\/#\/schema\/logo\/image\/"}},{"@type":"Person","@id":"https:\/\/enlisantfestival.com\/fr\/#\/schema\/person\/846f9c27917ef190542b1a106fd9e36e","name":"ludwy","image":{"@type":"ImageObject","inLanguage":"fr-FR","@id":"https:\/\/enlisantfestival.com\/fr\/#\/schema\/person\/image\/","url":"https:\/\/secure.gravatar.com\/avatar\/b29172caf944fb66969204ce485e5a42554f3bf8c9abe8d1e070ad9e2ac4eb41?s=96&d=mm&r=g","contentUrl":"https:\/\/secure.gravatar.com\/avatar\/b29172caf944fb66969204ce485e5a42554f3bf8c9abe8d1e070ad9e2ac4eb41?s=96&d=mm&r=g","caption":"ludwy"},"url":"https:\/\/enlisantfestival.com\/fr\/author\/ludwy\/"}]}},"_links":{"self":[{"href":"https:\/\/enlisantfestival.com\/fr\/wp-json\/wp\/v2\/posts\/4399","targetHints":{"allow":["GET"]}}],"collection":[{"href":"https:\/\/enlisantfestival.com\/fr\/wp-json\/wp\/v2\/posts"}],"about":[{"href":"https:\/\/enlisantfestival.com\/fr\/wp-json\/wp\/v2\/types\/post"}],"author":[{"embeddable":true,"href":"https:\/\/enlisantfestival.com\/fr\/wp-json\/wp\/v2\/users\/990002"}],"replies":[{"embeddable":true,"href":"https:\/\/enlisantfestival.com\/fr\/wp-json\/wp\/v2\/comments?post=4399"}],"version-history":[{"count":4,"href":"https:\/\/enlisantfestival.com\/fr\/wp-json\/wp\/v2\/posts\/4399\/revisions"}],"predecessor-version":[{"id":4403,"href":"https:\/\/enlisantfestival.com\/fr\/wp-json\/wp\/v2\/posts\/4399\/revisions\/4403"}],"wp:featuredmedia":[{"embeddable":true,"href":"https:\/\/enlisantfestival.com\/fr\/wp-json\/wp\/v2\/media\/4245"}],"wp:attachment":[{"href":"https:\/\/enlisantfestival.com\/fr\/wp-json\/wp\/v2\/media?parent=4399"}],"wp:term":[{"taxonomy":"category","embeddable":true,"href":"https:\/\/enlisantfestival.com\/fr\/wp-json\/wp\/v2\/categories?post=4399"},{"taxonomy":"post_tag","embeddable":true,"href":"https:\/\/enlisantfestival.com\/fr\/wp-json\/wp\/v2\/tags?post=4399"}],"curies":[{"name":"wp","href":"https:\/\/api.w.org\/{rel}","templated":true}]}}