{"id":4427,"date":"2024-01-07T00:26:23","date_gmt":"2024-01-06T23:26:23","guid":{"rendered":"https:\/\/enlisantfestival.com\/fr\/?p=4427"},"modified":"2024-01-07T03:11:37","modified_gmt":"2024-01-07T02:11:37","slug":"yvenie-paul-parce-que-le-theatre-est-un-art-qui-eveille","status":"publish","type":"post","link":"https:\/\/enlisantfestival.com\/fr\/yvenie-paul-parce-que-le-theatre-est-un-art-qui-eveille\/","title":{"rendered":"Yvenie Paul parce que \u00able th\u00e9\u00e2tre est un art qui \u00e9veille\u00bb"},"content":{"rendered":"\t\t<div data-elementor-type=\"wp-post\" data-elementor-id=\"4427\" class=\"elementor elementor-4427\" data-elementor-settings=\"{&quot;ha_cmc_init_switcher&quot;:&quot;no&quot;}\">\n\t\t\t\t<div class=\"elementor-element elementor-element-169b2c5 e-flex e-con-boxed e-con e-parent\" data-id=\"169b2c5\" data-element_type=\"container\" data-e-type=\"container\" data-settings=\"{&quot;background_background&quot;:&quot;classic&quot;,&quot;_ha_eqh_enable&quot;:false}\">\n\t\t\t\t\t<div class=\"e-con-inner\">\n\t\t<div class=\"elementor-element elementor-element-9cd1d47 e-con-full e-flex e-con e-child\" data-id=\"9cd1d47\" data-element_type=\"container\" data-e-type=\"container\" data-settings=\"{&quot;_ha_eqh_enable&quot;:false}\">\n\t\t\t\t<div class=\"elementor-element elementor-element-3dbc91a elementor-widget elementor-widget-image\" data-id=\"3dbc91a\" data-element_type=\"widget\" data-e-type=\"widget\" data-widget_type=\"image.default\">\n\t\t\t\t<div class=\"elementor-widget-container\">\n\t\t\t\t\t\t\t\t\t\t\t\t\t\t\t<img fetchpriority=\"high\" decoding=\"async\" width=\"649\" height=\"960\" src=\"https:\/\/enlisantfestival.com\/fr\/wp-content\/uploads\/2024\/01\/Yvenie-Paul-1.jpg\" class=\"attachment-large size-large wp-image-4429\" alt=\"\" srcset=\"https:\/\/enlisantfestival.com\/fr\/wp-content\/uploads\/2024\/01\/Yvenie-Paul-1.jpg 649w, https:\/\/enlisantfestival.com\/fr\/wp-content\/uploads\/2024\/01\/Yvenie-Paul-1-203x300.jpg 203w\" sizes=\"(max-width: 649px) 100vw, 649px\" \/>\t\t\t\t\t\t\t\t\t\t\t\t\t\t\t<\/div>\n\t\t\t\t<\/div>\n\t\t\t\t<\/div>\n\t\t<div class=\"elementor-element elementor-element-99eb397 e-con-full e-flex e-con e-child\" data-id=\"99eb397\" data-element_type=\"container\" data-e-type=\"container\" data-settings=\"{&quot;_ha_eqh_enable&quot;:false}\">\n\t\t\t\t<div class=\"elementor-element elementor-element-04d6e71 elementor-widget elementor-widget-text-editor\" data-id=\"04d6e71\" data-element_type=\"widget\" data-e-type=\"widget\" data-widget_type=\"text-editor.default\">\n\t\t\t\t<div class=\"elementor-widget-container\">\n\t\t\t\t\t\t\t\t\t<p>Yvenie Paul est com\u00e9dienne et actrice de profession. Elle est n\u00e9e le 6 novembre 1988 \u00e0 Port-au-Prince. C\u2019est par un hasard bienheureux qu\u2019elle s\u2019est trouv\u00e9e sur le chemin du th\u00e9\u00e2tre. Et depuis, elle a fait de ce grand art la voie royale qui m\u00e8ne \u00e0 l\u2019\u00e9panouissement de sa personne et c\u2019est aussi un canal par lequel elle dialogue avec le monde qui l\u2019entoure.<\/p><p>Comment vit-elle ses exp\u00e9riences de sc\u00e8ne ?<em>\u00a0 \u201cJe n\u2019ai jamais pu d\u00e9crire ce que je vis quand je suis sur sc\u00e8ne, et je me dis que c\u2019est tant mieux car peut-on vraiment inventer un mot pour d\u00e9crire la transcendance\u00a0?<\/em>\u201d<\/p><p>Evidemment, Yvenie Paul est une personne qui transcende son corps par la danse d\u2019abord, ensuite par le th\u00e9\u00e2tre, et aussi bien par le cin\u00e9ma. Avec toutes ces formes artistiques, ajout\u00e9 \u00e0 cela les feuilletons radiophoniques et les sketchs pour la t\u00e9l\u00e9vision auxquels elle a pris part, on peut dire, de toute \u00e9vidence, que l\u2019existence de cette femme est riche en couleurs.<\/p><p><strong><span style=\"color: #000000;\">Une affaire de r\u00f4le<\/span> <\/strong><\/p><p>Le d\u00e9but de Yvenie Paul au th\u00e9\u00e2tre est une histoire assez curieuse et c\u2019est ainsi qu\u2019elle la raconte en peu de mots : <em>\u201cje me souviens avoir accompagn\u00e9 une amie \u00e0 une r\u00e9union de la Compagnie de th\u00e9\u00e2tre Ami dans le but d\u2019une r\u00e9actualisation de ladite compagnie. Chemin faisant, je me suis retrouv\u00e9e \u00e0 reprendre le r\u00f4le qu\u2019une autre personne devait camper pour une repr\u00e9sentation dirig\u00e9e par Patrice Daniel Fr\u00e9d\u00e9ric en marge du lancement de Raj Magazine. On \u00e9tait en 2008. Et \u00e0 ce moment-l\u00e0, j\u2019\u00e9tais loin de me douter que ce simple fait de remplacer quelqu\u2019un allait faire grandir en moi une v\u00e9ritable passion pour les arts de la sc\u00e8ne\u201d.<\/em><\/p><p>Le th\u00e9\u00e2tre n\u2019est pas la premi\u00e8re discipline artistique qu\u2019Yvenie Paul a pratiqu\u00e9e : \u201c <em>Je suis venue \u00e0 l\u2019art par la danse. C\u2019est l\u2019une de mes plus grandes passions jusqu\u2019ici<\/em>\u201d a-t-elle dit. Mais, apr\u00e8s avoir int\u00e9gr\u00e9 la compagnie de th\u00e9\u00e2tre Ami en 2008 en l\u2019espace d\u2019un cillement, pour reprendre ses propres mots, elle a compris quelque chose d\u2019essentiel : \u201c<em>j\u2019ai vite compris qu\u2019il me fallait franchir le rubicon en d\u00e9couvrant ce nouvel univers auquel d\u00e9sormais j\u2019appartenais. Il y avait en moi ce besoin de cr\u00e9er, de jouer, de participer \u00e0 cette chose qui me d\u00e9passait. Je voulais vivre les joies d\u2019une mise sc\u00e8ne de th\u00e9\u00e2tre, conna\u00eetre les tenants et aboutissants. Comprendre comment \u00e7a marche. \u00c9couter les autres et surtout apprendre d\u2019eux car le th\u00e9\u00e2tre commen\u00e7ait \u00e0 devenir de plus en plus \u00e9pidermique \u00e0 ma condition de jeune artiste d\u00e9butante\u201d<\/em><\/p><p>A ses d\u00e9buts, Yvenie n\u2019a pas \u00e9t\u00e9 trop impliqu\u00e9e dans la vie artistique de Port-au-Prince.\u00a0 Elle dit en revanche qu\u2019elle avait toujours du baume sur le c\u0153ur face \u00e0 l\u2019appr\u00e9ciation et l\u2019engouement du public pour les diff\u00e9rentes repr\u00e9sentations th\u00e9\u00e2trales auxquelles elle prenait part soit comme com\u00e9dienne, soit comme simple spectatrice.\u00a0 Et, de ses premiers pas vers le th\u00e9\u00e2tre \u00e0 aujourd&#8217;hui, elle dit avoir fini par comprendre que \u201cle th\u00e9\u00e2tre est tout. Absolument tout\u201d.<\/p><p>L\u2019un des \u00e9l\u00e9ments d\u00e9terminants dans son parcours de com\u00e9dienne, c\u2019est la construction de son premier personnage : <em>\u201cJe crois que \u00e7a s\u2019est r\u00e9ellement d\u00e9clench\u00e9 \u00e0 la toute fin de l\u2019ann\u00e9e 2010, lors de ce magnifique spectacle, \u00ab\u00a0Les masqu\u00e9s\u00a0\u00bb de mon ami Patrice o\u00f9 je jouais mon premier personnage, enti\u00e8rement cr\u00e9\u00e9 par mes soins. J\u2019ai tellement pris go\u00fbt \u00e0 construire, \u00e0 questionner et \u00e0 jouer ce personnage qui, dans la r\u00e9alit\u00e9, est plus \u00e2g\u00e9 que moi\u00a0; et cela s\u2019est av\u00e9r\u00e9 ma v\u00e9ritable porte d\u2019entr\u00e9e dans cette discipline qui ne me quitte plus depuis\u201d<\/em> a fait comprendre cette com\u00e9dienne talentueuse, elle qui a fait ses \u00e9tudes primaires et secondaires, respectivement \u00e0 Roger Anglade, \u00e0 Marie Reine Immacul\u00e9e et au coll\u00e8ge des Jeunes Filles, avant de poursuivre des \u00e9tudes en sciences administratives \u00e0 l\u2019IHECE.<\/p><p><strong><span style=\"color: #000000;\">Du premier r\u00f4le \u00e0 la vocation<\/span><\/strong><\/p><p>Yvenie Paul est modeste lorsqu\u2019elle aborde son \u00e9volution en tant que com\u00e9dienne, de son premier r\u00f4le \u00e0 sa passion ou sa vocation en ce qui concerne le th\u00e9\u00e2tre. Elle n\u2019utilise pas des adjectifs pompeux pour d\u00e9crire ce qui lui arrive, graduellement, dans le th\u00e9\u00e2tre. Mais, a-t-elle au moins des prestations jug\u00e9es glorieuses ?<\/p><p><em>\u201cJe ne saurais parler de prestations glorieuses. Je ne peux m\u00eame pas citer toutes mes prestations de m\u00e9moire car j\u2019ai une perception un peu biais\u00e9e du sujet (prestations glorieuses) parce que j\u2019ai le sentiment que mon travail de com\u00e9dienne se heurte constamment \u00e0 mon c\u00f4t\u00e9 de perfectionniste qui souhaite toujours en faire plus. Mais pour les besoins de la question, je dirais que le fait d\u2019avoir jou\u00e9 dans \u00ab Les masqu\u00e9s\u00a0\u00bb de Patrice D. Fr\u00e9deric, \u00ab\u00a0Reconstruction (s)\u00a0\u00bb de Guy R\u00e9gis Jr. ou encore dans \u00ab\u00a0Victor ou les enfants au pouvoir\u00a0\u00bb avec Mich\u00e8le Lemoine, a pour moi une valeur plus que symbolique. Ces prestations ont pris une place tr\u00e8s \u00e0 part dans ma chronologie intime et mon amour grandissant pour le th\u00e9\u00e2tre\u201d<\/em><\/p><p>Dans son rapport \u00e0 cette chose assez myst\u00e9rieuse et \u00e9nigmatique qu\u2019est le th\u00e9\u00e2tre, le message que v\u00e9hicule les textes compte beaucoup aux yeux de Yvenie Paul. Elle nous cite quelques-unes des mises en sc\u00e8nes qui l\u2019ont le plus marqu\u00e9e. \u201c<em>\u00c0 ce stade, je dirais qu\u2019il y en a deux. Primo, \u00ab\u00a0Les\u00a0Monologues du vagin\u00a0\u00bb de Eve Ensler, pour son discours lib\u00e9rateur sur la condition f\u00e9minine et tous les aspects qui s\u2019y rapportent. Secundo, \u00ab Reconstruction (s)\u00a0\u00bb de Guy R\u00e9gis Jr. pour son approche poignante des bas-fonds de notre soci\u00e9t\u00e9. Mais, \u00e0 mon humble avis, la mise en sc\u00e8ne qui a eu le plus de succ\u00e8s aupr\u00e8s du public est sans aucun doute \u00ab\u00a0Sara\u00a0\u00bb de Patrice D. Fr\u00e9d\u00e9ric\u201d.<\/em><\/p><p><strong><span style=\"color: #000000;\">Du th\u00e9\u00e2tre au cin\u00e9ma<\/span><\/strong><\/p><p>Yvenie, comme on l\u2019a vu ici, a constamment d\u2019autres passions en dehors du th\u00e9\u00e2tre.\u00a0 Et ces passions qui se renouvellent \u00e0 chaque fois habitent, comme un territoire, son \u00eatre le plus intime.<\/p><p>\u201c<em>Il y a de ces disciplines artistiques qui nous travaillent l\u2019esprit comme un jeu d\u2019\u00e9chec o\u00f9 la n\u00e9cessit\u00e9 d\u2019avancer le bon pion doit \u00eatre une d\u00e9cision r\u00e9fl\u00e9chie. C\u2019est \u00e0 peu de chose pr\u00e8s la m\u00eame it\u00e9ration qui existe entre le cin\u00e9ma avec un grand C et moi. Une discipline dans laquelle j\u2019avance avec beaucoup d\u2019entrain pour pouvoir le comprendre dans sa globalit\u00e9 et aussi en saisir la substantifique moelle\u201d<\/em>, a dit cette femme qui, pendant des ann\u00e9es, prend un immense plaisir \u00e0 animer des ateliers sur le th\u00e9\u00e2tre pour les jeunes g\u00e9n\u00e9rations puisqu\u2019elle croit \u00e9norm\u00e9ment dans la transmission et la construction d\u2019une citoyennet\u00e9 ha\u00eftienne.<\/p><p><em>\u201cQuoique ma stature de com\u00e9dienne aguerrie ne me permet pas encore d\u2019envisager une carri\u00e8re \u00e0 plein temps dans le cin\u00e9ma et, \u00e0 d\u00e9faut, ma cin\u00e9philie vorace quant \u00e0 elle me pousse \u00e0 passer des castings, \u00e0 aller \u00e0 des rencontres cin\u00e9philiques un peu partout, \u00e0 prendre part \u00e0 des productions comme celles de Muska Group, par exemple. Ou encore d\u2019\u00e9crire des \u00e9bauches d\u2019histoires rien que dans l\u2019id\u00e9e de me former davantage sur les m\u00e9tiers de cet art en lisant pas mal de bouquins et en consommant pas mal de contenus disponibles sur le septi\u00e8me art\u201d<\/em> a \u00e9labor\u00e9 Yvenie pour qui le th\u00e9\u00e2tre est cet art qui lui a toujours permis de vivre d\u2019autres vies que la sienne, des vies d\u2019une complexit\u00e9 affolantes pour lesquelles elle dit qu\u2019elle\u00a0 sera toujours reconnaissante tant elles l\u2019apport\u00e9e et ont port\u00e9e vers des lieux dont elle ne soup\u00e7onnait m\u00eame pas l\u2019existence.<\/p><p>Sur sc\u00e8ne, son existence prend des proportions \u00e9normes et elle associe le th\u00e9\u00e2tre au ph\u00e9nom\u00e8ne de la transcendance.<\/p><p>Quant \u00e0 la suite de la carri\u00e8re artistique de Yvenie Paul, com\u00e9dienne aux talents multiples, elle dit envisager d&#8217;exp\u00e9rimenter le cin\u00e9ma et de continuer \u00e0 trouver, au th\u00e9\u00e2tre, d\u2019autres moments forts :\u00a0 \u201c<em>\u00c0 dire vrai. J\u2019ai en t\u00eate de r\u00e9aliser un film.\u00a0 Mais ce ne sera pas pour tout de suite. Pour l\u2019instant, je veux pouvoir me donner la possibilit\u00e9 de continuer de fouler des planchers pour jouer, pour permettre au th\u00e9\u00e2tre d\u2019\u00e9tendre sa voie ind\u00e9l\u00e9bile vers d\u2019autres horizons inaccessibles. Vers d\u2019autres gens. Mais surtout, permettre au th\u00e9\u00e2tre de continuer d\u2019\u00eatre ce pourquoi il existe. J\u2019entends par l\u00e0, un art qui \u00e9veille.\u201d<\/em><\/p><p>Carl Pierrecq<\/p><p><strong><span style=\"color: #000000;\">Yvenie Paul, vue de son parcours<\/span><\/strong><\/p><p><strong><span style=\"color: #000000;\"><em>Comme com\u00e9dienne<\/em><\/span><\/strong><\/p><p>2008-2011 :\u00a0 Cercle infernal (Compagnie de th\u00e9\u00e2tre AMI)<\/p><p>2009 : La vie a vaincu la mort (Compagnie de th\u00e9\u00e2tre AMI)<\/p><p>2010 : Les Masqu\u00e9es (Compagnie de th\u00e9\u00e2tre AMI)<\/p><p>2014 : Jugez-nous. (Compagnie de th\u00e9\u00e2tre AMI)<\/p><p>2014-2016-2017 : SARA (Compagnie de th\u00e9\u00e2tre AMI)<\/p><p>2017 : Celles qui veillent (Festival N\u00e8g\u00e8s Mawon)<\/p><p>2017-2018 : Reconstruction (s) de Guy R\u00e9gis Junior<\/p><p>2014 \u00e0 2019 : \u00d4 Th\u00e9\u00e2tre (Compagnie de th\u00e9\u00e2tre AMI).<\/p><p>2019\u00a0: Victoire ou les enfants aux pouvoirs<\/p><p>2019\u00a0: Monologue du vagin, mise en sc\u00e8ne de Billy Elucien et Chelson Ermoza, Festival de th\u00e9\u00e2tre En lisant.<\/p><p>2023\u00a0: Deux jours pour oublier, extrait de la Nouvelle de Marie C\u00e9line Agnant<\/p><p><strong><em>Comme actrice<\/em><\/strong><\/p><ol start=\"2018\"><li>Kafou de Bruno Moural.<\/li><li>kidnapping inc<\/li><\/ol><p><strong>Feuilletons radiophoniques <\/strong><\/p><p>2015 : Tim Tim<\/p><p>2015-2016 : ZouKouTap<\/p>\t\t\t\t\t\t\t\t<\/div>\n\t\t\t\t<\/div>\n\t\t\t\t<\/div>\n\t\t\t\t\t<\/div>\n\t\t\t\t<\/div>\n\t\t<div class=\"elementor-element elementor-element-715d5ce e-flex e-con-boxed e-con e-parent\" data-id=\"715d5ce\" data-element_type=\"container\" data-e-type=\"container\" data-settings=\"{&quot;_ha_eqh_enable&quot;:false}\">\n\t\t\t\t\t<div class=\"e-con-inner\">\n\t\t<div class=\"elementor-element elementor-element-1b1d93d e-con-full e-flex e-con e-child\" data-id=\"1b1d93d\" data-element_type=\"container\" data-e-type=\"container\" data-settings=\"{&quot;_ha_eqh_enable&quot;:false}\">\n\t\t\t\t<div class=\"elementor-element elementor-element-18b2768 elementor-widget elementor-widget-image\" data-id=\"18b2768\" data-element_type=\"widget\" data-e-type=\"widget\" data-widget_type=\"image.default\">\n\t\t\t\t<div class=\"elementor-widget-container\">\n\t\t\t\t\t\t\t\t\t\t\t\t<figure class=\"wp-caption\">\n\t\t\t\t\t\t\t\t\t\t<img decoding=\"async\" width=\"683\" height=\"1024\" src=\"https:\/\/enlisantfestival.com\/fr\/wp-content\/uploads\/2024\/01\/YveniePaul2-683x1024.jpg\" class=\"attachment-large size-large wp-image-4434\" alt=\"\" srcset=\"https:\/\/enlisantfestival.com\/fr\/wp-content\/uploads\/2024\/01\/YveniePaul2-683x1024.jpg 683w, https:\/\/enlisantfestival.com\/fr\/wp-content\/uploads\/2024\/01\/YveniePaul2-200x300.jpg 200w, https:\/\/enlisantfestival.com\/fr\/wp-content\/uploads\/2024\/01\/YveniePaul2-768x1152.jpg 768w, https:\/\/enlisantfestival.com\/fr\/wp-content\/uploads\/2024\/01\/YveniePaul2-1024x1536.jpg 1024w, https:\/\/enlisantfestival.com\/fr\/wp-content\/uploads\/2024\/01\/YveniePaul2.jpg 1365w\" sizes=\"(max-width: 683px) 100vw, 683px\" \/>\t\t\t\t\t\t\t\t\t\t\t<figcaption class=\"widget-image-caption wp-caption-text\">Fokal<\/figcaption>\n\t\t\t\t\t\t\t\t\t\t<\/figure>\n\t\t\t\t\t\t\t\t\t<\/div>\n\t\t\t\t<\/div>\n\t\t\t\t<\/div>\n\t\t<div class=\"elementor-element elementor-element-2073585 e-con-full e-flex e-con e-child\" data-id=\"2073585\" data-element_type=\"container\" data-e-type=\"container\" data-settings=\"{&quot;_ha_eqh_enable&quot;:false}\">\n\t\t\t\t<div class=\"elementor-element elementor-element-2075a6b elementor-widget elementor-widget-image\" data-id=\"2075a6b\" data-element_type=\"widget\" data-e-type=\"widget\" data-widget_type=\"image.default\">\n\t\t\t\t<div class=\"elementor-widget-container\">\n\t\t\t\t\t\t\t\t\t\t\t\t<figure class=\"wp-caption\">\n\t\t\t\t\t\t\t\t\t\t<img decoding=\"async\" width=\"591\" height=\"591\" src=\"https:\/\/enlisantfestival.com\/fr\/wp-content\/uploads\/2024\/01\/YveniePaul3.jpg\" class=\"attachment-large size-large wp-image-4435\" alt=\"\" srcset=\"https:\/\/enlisantfestival.com\/fr\/wp-content\/uploads\/2024\/01\/YveniePaul3.jpg 591w, https:\/\/enlisantfestival.com\/fr\/wp-content\/uploads\/2024\/01\/YveniePaul3-300x300.jpg 300w, https:\/\/enlisantfestival.com\/fr\/wp-content\/uploads\/2024\/01\/YveniePaul3-150x150.jpg 150w, https:\/\/enlisantfestival.com\/fr\/wp-content\/uploads\/2024\/01\/YveniePaul3-370x370.jpg 370w\" sizes=\"(max-width: 591px) 100vw, 591px\" \/>\t\t\t\t\t\t\t\t\t\t\t<figcaption class=\"widget-image-caption wp-caption-text\">Facebook de Yvenie Paul<\/figcaption>\n\t\t\t\t\t\t\t\t\t\t<\/figure>\n\t\t\t\t\t\t\t\t\t<\/div>\n\t\t\t\t<\/div>\n\t\t\t\t<\/div>\n\t\t\t\t\t<\/div>\n\t\t\t\t<\/div>\n\t\t\t\t<\/div>\n\t\t","protected":false},"excerpt":{"rendered":"<p>Yvenie Paul est com\u00e9dienne et actrice de profession. Elle est n\u00e9e le 6 novembre 1988 \u00e0 Port-au-Prince. C\u2019est par un hasard bienheureux qu\u2019elle s\u2019est trouv\u00e9e sur le chemin du th\u00e9\u00e2tre. [&hellip;]<\/p>\n","protected":false},"author":990002,"featured_media":4429,"comment_status":"open","ping_status":"open","sticky":false,"template":"","format":"standard","meta":{"_FSMCFIC_featured_image_caption":"","_FSMCFIC_featured_image_nocaption":"","_FSMCFIC_featured_image_hide":"","footnotes":""},"categories":[104],"tags":[],"class_list":["post-4427","post","type-post","status-publish","format-standard","has-post-thumbnail","hentry","category-le-journal-d-en-lisant"],"yoast_head":"<!-- This site is optimized with the Yoast SEO plugin v27.0 - https:\/\/yoast.com\/product\/yoast-seo-wordpress\/ -->\n<title>Yvenie Paul parce que \u00able th\u00e9\u00e2tre est un art qui \u00e9veille\u00bb - En Lisant festival de th\u00e9\u00e2tre<\/title>\n<meta name=\"robots\" content=\"index, follow, max-snippet:-1, max-image-preview:large, max-video-preview:-1\" \/>\n<link rel=\"canonical\" href=\"https:\/\/enlisantfestival.com\/fr\/yvenie-paul-parce-que-le-theatre-est-un-art-qui-eveille\/\" \/>\n<meta property=\"og:locale\" content=\"fr_FR\" \/>\n<meta property=\"og:type\" content=\"article\" \/>\n<meta property=\"og:title\" content=\"Yvenie Paul parce que \u00able th\u00e9\u00e2tre est un art qui \u00e9veille\u00bb - En Lisant festival de th\u00e9\u00e2tre\" \/>\n<meta property=\"og:description\" content=\"Yvenie Paul est com\u00e9dienne et actrice de profession. Elle est n\u00e9e le 6 novembre 1988 \u00e0 Port-au-Prince. C\u2019est par un hasard bienheureux qu\u2019elle s\u2019est trouv\u00e9e sur le chemin du th\u00e9\u00e2tre. [&hellip;]\" \/>\n<meta property=\"og:url\" content=\"https:\/\/enlisantfestival.com\/fr\/yvenie-paul-parce-que-le-theatre-est-un-art-qui-eveille\/\" \/>\n<meta property=\"og:site_name\" content=\"En Lisant festival de th\u00e9\u00e2tre\" \/>\n<meta property=\"article:published_time\" content=\"2024-01-06T23:26:23+00:00\" \/>\n<meta property=\"article:modified_time\" content=\"2024-01-07T02:11:37+00:00\" \/>\n<meta property=\"og:image\" content=\"https:\/\/enlisantfestival.com\/fr\/wp-content\/uploads\/2024\/01\/Yvenie-Paul-1.jpg\" \/>\n\t<meta property=\"og:image:width\" content=\"649\" \/>\n\t<meta property=\"og:image:height\" content=\"960\" \/>\n\t<meta property=\"og:image:type\" content=\"image\/jpeg\" \/>\n<meta name=\"author\" content=\"ludwy\" \/>\n<meta name=\"twitter:card\" content=\"summary_large_image\" \/>\n<meta name=\"twitter:label1\" content=\"\u00c9crit par\" \/>\n\t<meta name=\"twitter:data1\" content=\"ludwy\" \/>\n\t<meta name=\"twitter:label2\" content=\"Dur\u00e9e de lecture estim\u00e9e\" \/>\n\t<meta name=\"twitter:data2\" content=\"8 minutes\" \/>\n<script type=\"application\/ld+json\" class=\"yoast-schema-graph\">{\"@context\":\"https:\/\/schema.org\",\"@graph\":[{\"@type\":\"Article\",\"@id\":\"https:\/\/enlisantfestival.com\/fr\/yvenie-paul-parce-que-le-theatre-est-un-art-qui-eveille\/#article\",\"isPartOf\":{\"@id\":\"https:\/\/enlisantfestival.com\/fr\/yvenie-paul-parce-que-le-theatre-est-un-art-qui-eveille\/\"},\"author\":{\"name\":\"ludwy\",\"@id\":\"https:\/\/enlisantfestival.com\/fr\/#\/schema\/person\/846f9c27917ef190542b1a106fd9e36e\"},\"headline\":\"Yvenie Paul parce que \u00able th\u00e9\u00e2tre est un art qui \u00e9veille\u00bb\",\"datePublished\":\"2024-01-06T23:26:23+00:00\",\"dateModified\":\"2024-01-07T02:11:37+00:00\",\"mainEntityOfPage\":{\"@id\":\"https:\/\/enlisantfestival.com\/fr\/yvenie-paul-parce-que-le-theatre-est-un-art-qui-eveille\/\"},\"wordCount\":1639,\"commentCount\":0,\"publisher\":{\"@id\":\"https:\/\/enlisantfestival.com\/fr\/#organization\"},\"image\":{\"@id\":\"https:\/\/enlisantfestival.com\/fr\/yvenie-paul-parce-que-le-theatre-est-un-art-qui-eveille\/#primaryimage\"},\"thumbnailUrl\":\"https:\/\/enlisantfestival.com\/fr\/wp-content\/uploads\/2024\/01\/Yvenie-Paul-1.jpg\",\"articleSection\":[\"Le journal d'En Lisant\"],\"inLanguage\":\"fr-FR\",\"potentialAction\":[{\"@type\":\"CommentAction\",\"name\":\"Comment\",\"target\":[\"https:\/\/enlisantfestival.com\/fr\/yvenie-paul-parce-que-le-theatre-est-un-art-qui-eveille\/#respond\"]}]},{\"@type\":\"WebPage\",\"@id\":\"https:\/\/enlisantfestival.com\/fr\/yvenie-paul-parce-que-le-theatre-est-un-art-qui-eveille\/\",\"url\":\"https:\/\/enlisantfestival.com\/fr\/yvenie-paul-parce-que-le-theatre-est-un-art-qui-eveille\/\",\"name\":\"Yvenie Paul parce que \u00able th\u00e9\u00e2tre est un art qui \u00e9veille\u00bb - En Lisant festival de th\u00e9\u00e2tre\",\"isPartOf\":{\"@id\":\"https:\/\/enlisantfestival.com\/fr\/#website\"},\"primaryImageOfPage\":{\"@id\":\"https:\/\/enlisantfestival.com\/fr\/yvenie-paul-parce-que-le-theatre-est-un-art-qui-eveille\/#primaryimage\"},\"image\":{\"@id\":\"https:\/\/enlisantfestival.com\/fr\/yvenie-paul-parce-que-le-theatre-est-un-art-qui-eveille\/#primaryimage\"},\"thumbnailUrl\":\"https:\/\/enlisantfestival.com\/fr\/wp-content\/uploads\/2024\/01\/Yvenie-Paul-1.jpg\",\"datePublished\":\"2024-01-06T23:26:23+00:00\",\"dateModified\":\"2024-01-07T02:11:37+00:00\",\"breadcrumb\":{\"@id\":\"https:\/\/enlisantfestival.com\/fr\/yvenie-paul-parce-que-le-theatre-est-un-art-qui-eveille\/#breadcrumb\"},\"inLanguage\":\"fr-FR\",\"potentialAction\":[{\"@type\":\"ReadAction\",\"target\":[\"https:\/\/enlisantfestival.com\/fr\/yvenie-paul-parce-que-le-theatre-est-un-art-qui-eveille\/\"]}]},{\"@type\":\"ImageObject\",\"inLanguage\":\"fr-FR\",\"@id\":\"https:\/\/enlisantfestival.com\/fr\/yvenie-paul-parce-que-le-theatre-est-un-art-qui-eveille\/#primaryimage\",\"url\":\"https:\/\/enlisantfestival.com\/fr\/wp-content\/uploads\/2024\/01\/Yvenie-Paul-1.jpg\",\"contentUrl\":\"https:\/\/enlisantfestival.com\/fr\/wp-content\/uploads\/2024\/01\/Yvenie-Paul-1.jpg\",\"width\":649,\"height\":960},{\"@type\":\"BreadcrumbList\",\"@id\":\"https:\/\/enlisantfestival.com\/fr\/yvenie-paul-parce-que-le-theatre-est-un-art-qui-eveille\/#breadcrumb\",\"itemListElement\":[{\"@type\":\"ListItem\",\"position\":1,\"name\":\"Accueil\",\"item\":\"https:\/\/enlisantfestival.com\/fr\/\"},{\"@type\":\"ListItem\",\"position\":2,\"name\":\"Yvenie Paul parce que \u00able th\u00e9\u00e2tre est un art qui \u00e9veille\u00bb\"}]},{\"@type\":\"WebSite\",\"@id\":\"https:\/\/enlisantfestival.com\/fr\/#website\",\"url\":\"https:\/\/enlisantfestival.com\/fr\/\",\"name\":\"En Lisant festival de th\u00e9\u00e2tre\",\"description\":\"\",\"publisher\":{\"@id\":\"https:\/\/enlisantfestival.com\/fr\/#organization\"},\"potentialAction\":[{\"@type\":\"SearchAction\",\"target\":{\"@type\":\"EntryPoint\",\"urlTemplate\":\"https:\/\/enlisantfestival.com\/fr\/?s={search_term_string}\"},\"query-input\":{\"@type\":\"PropertyValueSpecification\",\"valueRequired\":true,\"valueName\":\"search_term_string\"}}],\"inLanguage\":\"fr-FR\"},{\"@type\":\"Organization\",\"@id\":\"https:\/\/enlisantfestival.com\/fr\/#organization\",\"name\":\"En Lisant festival de th\u00e9\u00e2tre\",\"url\":\"https:\/\/enlisantfestival.com\/fr\/\",\"logo\":{\"@type\":\"ImageObject\",\"inLanguage\":\"fr-FR\",\"@id\":\"https:\/\/enlisantfestival.com\/fr\/#\/schema\/logo\/image\/\",\"url\":\"https:\/\/enlisantfestival.com\/fr\/wp-content\/uploads\/2020\/09\/en-lisant-logo.png\",\"contentUrl\":\"https:\/\/enlisantfestival.com\/fr\/wp-content\/uploads\/2020\/09\/en-lisant-logo.png\",\"width\":600,\"height\":343,\"caption\":\"En Lisant festival de th\u00e9\u00e2tre\"},\"image\":{\"@id\":\"https:\/\/enlisantfestival.com\/fr\/#\/schema\/logo\/image\/\"}},{\"@type\":\"Person\",\"@id\":\"https:\/\/enlisantfestival.com\/fr\/#\/schema\/person\/846f9c27917ef190542b1a106fd9e36e\",\"name\":\"ludwy\",\"image\":{\"@type\":\"ImageObject\",\"inLanguage\":\"fr-FR\",\"@id\":\"https:\/\/enlisantfestival.com\/fr\/#\/schema\/person\/image\/\",\"url\":\"https:\/\/secure.gravatar.com\/avatar\/b29172caf944fb66969204ce485e5a42554f3bf8c9abe8d1e070ad9e2ac4eb41?s=96&d=mm&r=g\",\"contentUrl\":\"https:\/\/secure.gravatar.com\/avatar\/b29172caf944fb66969204ce485e5a42554f3bf8c9abe8d1e070ad9e2ac4eb41?s=96&d=mm&r=g\",\"caption\":\"ludwy\"},\"url\":\"https:\/\/enlisantfestival.com\/fr\/author\/ludwy\/\"}]}<\/script>\n<!-- \/ Yoast SEO plugin. -->","yoast_head_json":{"title":"Yvenie Paul parce que \u00able th\u00e9\u00e2tre est un art qui \u00e9veille\u00bb - En Lisant festival de th\u00e9\u00e2tre","robots":{"index":"index","follow":"follow","max-snippet":"max-snippet:-1","max-image-preview":"max-image-preview:large","max-video-preview":"max-video-preview:-1"},"canonical":"https:\/\/enlisantfestival.com\/fr\/yvenie-paul-parce-que-le-theatre-est-un-art-qui-eveille\/","og_locale":"fr_FR","og_type":"article","og_title":"Yvenie Paul parce que \u00able th\u00e9\u00e2tre est un art qui \u00e9veille\u00bb - En Lisant festival de th\u00e9\u00e2tre","og_description":"Yvenie Paul est com\u00e9dienne et actrice de profession. Elle est n\u00e9e le 6 novembre 1988 \u00e0 Port-au-Prince. C\u2019est par un hasard bienheureux qu\u2019elle s\u2019est trouv\u00e9e sur le chemin du th\u00e9\u00e2tre. [&hellip;]","og_url":"https:\/\/enlisantfestival.com\/fr\/yvenie-paul-parce-que-le-theatre-est-un-art-qui-eveille\/","og_site_name":"En Lisant festival de th\u00e9\u00e2tre","article_published_time":"2024-01-06T23:26:23+00:00","article_modified_time":"2024-01-07T02:11:37+00:00","og_image":[{"width":649,"height":960,"url":"https:\/\/enlisantfestival.com\/fr\/wp-content\/uploads\/2024\/01\/Yvenie-Paul-1.jpg","type":"image\/jpeg"}],"author":"ludwy","twitter_card":"summary_large_image","twitter_misc":{"\u00c9crit par":"ludwy","Dur\u00e9e de lecture estim\u00e9e":"8 minutes"},"schema":{"@context":"https:\/\/schema.org","@graph":[{"@type":"Article","@id":"https:\/\/enlisantfestival.com\/fr\/yvenie-paul-parce-que-le-theatre-est-un-art-qui-eveille\/#article","isPartOf":{"@id":"https:\/\/enlisantfestival.com\/fr\/yvenie-paul-parce-que-le-theatre-est-un-art-qui-eveille\/"},"author":{"name":"ludwy","@id":"https:\/\/enlisantfestival.com\/fr\/#\/schema\/person\/846f9c27917ef190542b1a106fd9e36e"},"headline":"Yvenie Paul parce que \u00able th\u00e9\u00e2tre est un art qui \u00e9veille\u00bb","datePublished":"2024-01-06T23:26:23+00:00","dateModified":"2024-01-07T02:11:37+00:00","mainEntityOfPage":{"@id":"https:\/\/enlisantfestival.com\/fr\/yvenie-paul-parce-que-le-theatre-est-un-art-qui-eveille\/"},"wordCount":1639,"commentCount":0,"publisher":{"@id":"https:\/\/enlisantfestival.com\/fr\/#organization"},"image":{"@id":"https:\/\/enlisantfestival.com\/fr\/yvenie-paul-parce-que-le-theatre-est-un-art-qui-eveille\/#primaryimage"},"thumbnailUrl":"https:\/\/enlisantfestival.com\/fr\/wp-content\/uploads\/2024\/01\/Yvenie-Paul-1.jpg","articleSection":["Le journal d'En Lisant"],"inLanguage":"fr-FR","potentialAction":[{"@type":"CommentAction","name":"Comment","target":["https:\/\/enlisantfestival.com\/fr\/yvenie-paul-parce-que-le-theatre-est-un-art-qui-eveille\/#respond"]}]},{"@type":"WebPage","@id":"https:\/\/enlisantfestival.com\/fr\/yvenie-paul-parce-que-le-theatre-est-un-art-qui-eveille\/","url":"https:\/\/enlisantfestival.com\/fr\/yvenie-paul-parce-que-le-theatre-est-un-art-qui-eveille\/","name":"Yvenie Paul parce que \u00able th\u00e9\u00e2tre est un art qui \u00e9veille\u00bb - En Lisant festival de th\u00e9\u00e2tre","isPartOf":{"@id":"https:\/\/enlisantfestival.com\/fr\/#website"},"primaryImageOfPage":{"@id":"https:\/\/enlisantfestival.com\/fr\/yvenie-paul-parce-que-le-theatre-est-un-art-qui-eveille\/#primaryimage"},"image":{"@id":"https:\/\/enlisantfestival.com\/fr\/yvenie-paul-parce-que-le-theatre-est-un-art-qui-eveille\/#primaryimage"},"thumbnailUrl":"https:\/\/enlisantfestival.com\/fr\/wp-content\/uploads\/2024\/01\/Yvenie-Paul-1.jpg","datePublished":"2024-01-06T23:26:23+00:00","dateModified":"2024-01-07T02:11:37+00:00","breadcrumb":{"@id":"https:\/\/enlisantfestival.com\/fr\/yvenie-paul-parce-que-le-theatre-est-un-art-qui-eveille\/#breadcrumb"},"inLanguage":"fr-FR","potentialAction":[{"@type":"ReadAction","target":["https:\/\/enlisantfestival.com\/fr\/yvenie-paul-parce-que-le-theatre-est-un-art-qui-eveille\/"]}]},{"@type":"ImageObject","inLanguage":"fr-FR","@id":"https:\/\/enlisantfestival.com\/fr\/yvenie-paul-parce-que-le-theatre-est-un-art-qui-eveille\/#primaryimage","url":"https:\/\/enlisantfestival.com\/fr\/wp-content\/uploads\/2024\/01\/Yvenie-Paul-1.jpg","contentUrl":"https:\/\/enlisantfestival.com\/fr\/wp-content\/uploads\/2024\/01\/Yvenie-Paul-1.jpg","width":649,"height":960},{"@type":"BreadcrumbList","@id":"https:\/\/enlisantfestival.com\/fr\/yvenie-paul-parce-que-le-theatre-est-un-art-qui-eveille\/#breadcrumb","itemListElement":[{"@type":"ListItem","position":1,"name":"Accueil","item":"https:\/\/enlisantfestival.com\/fr\/"},{"@type":"ListItem","position":2,"name":"Yvenie Paul parce que \u00able th\u00e9\u00e2tre est un art qui \u00e9veille\u00bb"}]},{"@type":"WebSite","@id":"https:\/\/enlisantfestival.com\/fr\/#website","url":"https:\/\/enlisantfestival.com\/fr\/","name":"En Lisant festival de th\u00e9\u00e2tre","description":"","publisher":{"@id":"https:\/\/enlisantfestival.com\/fr\/#organization"},"potentialAction":[{"@type":"SearchAction","target":{"@type":"EntryPoint","urlTemplate":"https:\/\/enlisantfestival.com\/fr\/?s={search_term_string}"},"query-input":{"@type":"PropertyValueSpecification","valueRequired":true,"valueName":"search_term_string"}}],"inLanguage":"fr-FR"},{"@type":"Organization","@id":"https:\/\/enlisantfestival.com\/fr\/#organization","name":"En Lisant festival de th\u00e9\u00e2tre","url":"https:\/\/enlisantfestival.com\/fr\/","logo":{"@type":"ImageObject","inLanguage":"fr-FR","@id":"https:\/\/enlisantfestival.com\/fr\/#\/schema\/logo\/image\/","url":"https:\/\/enlisantfestival.com\/fr\/wp-content\/uploads\/2020\/09\/en-lisant-logo.png","contentUrl":"https:\/\/enlisantfestival.com\/fr\/wp-content\/uploads\/2020\/09\/en-lisant-logo.png","width":600,"height":343,"caption":"En Lisant festival de th\u00e9\u00e2tre"},"image":{"@id":"https:\/\/enlisantfestival.com\/fr\/#\/schema\/logo\/image\/"}},{"@type":"Person","@id":"https:\/\/enlisantfestival.com\/fr\/#\/schema\/person\/846f9c27917ef190542b1a106fd9e36e","name":"ludwy","image":{"@type":"ImageObject","inLanguage":"fr-FR","@id":"https:\/\/enlisantfestival.com\/fr\/#\/schema\/person\/image\/","url":"https:\/\/secure.gravatar.com\/avatar\/b29172caf944fb66969204ce485e5a42554f3bf8c9abe8d1e070ad9e2ac4eb41?s=96&d=mm&r=g","contentUrl":"https:\/\/secure.gravatar.com\/avatar\/b29172caf944fb66969204ce485e5a42554f3bf8c9abe8d1e070ad9e2ac4eb41?s=96&d=mm&r=g","caption":"ludwy"},"url":"https:\/\/enlisantfestival.com\/fr\/author\/ludwy\/"}]}},"_links":{"self":[{"href":"https:\/\/enlisantfestival.com\/fr\/wp-json\/wp\/v2\/posts\/4427","targetHints":{"allow":["GET"]}}],"collection":[{"href":"https:\/\/enlisantfestival.com\/fr\/wp-json\/wp\/v2\/posts"}],"about":[{"href":"https:\/\/enlisantfestival.com\/fr\/wp-json\/wp\/v2\/types\/post"}],"author":[{"embeddable":true,"href":"https:\/\/enlisantfestival.com\/fr\/wp-json\/wp\/v2\/users\/990002"}],"replies":[{"embeddable":true,"href":"https:\/\/enlisantfestival.com\/fr\/wp-json\/wp\/v2\/comments?post=4427"}],"version-history":[{"count":13,"href":"https:\/\/enlisantfestival.com\/fr\/wp-json\/wp\/v2\/posts\/4427\/revisions"}],"predecessor-version":[{"id":4463,"href":"https:\/\/enlisantfestival.com\/fr\/wp-json\/wp\/v2\/posts\/4427\/revisions\/4463"}],"wp:featuredmedia":[{"embeddable":true,"href":"https:\/\/enlisantfestival.com\/fr\/wp-json\/wp\/v2\/media\/4429"}],"wp:attachment":[{"href":"https:\/\/enlisantfestival.com\/fr\/wp-json\/wp\/v2\/media?parent=4427"}],"wp:term":[{"taxonomy":"category","embeddable":true,"href":"https:\/\/enlisantfestival.com\/fr\/wp-json\/wp\/v2\/categories?post=4427"},{"taxonomy":"post_tag","embeddable":true,"href":"https:\/\/enlisantfestival.com\/fr\/wp-json\/wp\/v2\/tags?post=4427"}],"curies":[{"name":"wp","href":"https:\/\/api.w.org\/{rel}","templated":true}]}}