{"id":4516,"date":"2024-12-08T00:46:37","date_gmt":"2024-12-07T23:46:37","guid":{"rendered":"https:\/\/enlisantfestival.com\/fr\/?p=4516"},"modified":"2024-12-08T00:48:19","modified_gmt":"2024-12-07T23:48:19","slug":"et-si-la-fin-etait-une-mise-en-scene-du-renouveau","status":"publish","type":"post","link":"https:\/\/enlisantfestival.com\/fr\/et-si-la-fin-etait-une-mise-en-scene-du-renouveau\/","title":{"rendered":"Et si la fin \u00e9tait une mise en sc\u00e8ne du renouveau ?"},"content":{"rendered":"\t\t<div data-elementor-type=\"wp-post\" data-elementor-id=\"4516\" class=\"elementor elementor-4516\" data-elementor-settings=\"{&quot;ha_cmc_init_switcher&quot;:&quot;no&quot;}\">\n\t\t\t\t<div class=\"elementor-element elementor-element-a87859b e-flex e-con-boxed e-con e-parent\" data-id=\"a87859b\" data-element_type=\"container\" data-e-type=\"container\" data-settings=\"{&quot;_ha_eqh_enable&quot;:false}\">\n\t\t\t\t\t<div class=\"e-con-inner\">\n\t\t\t\t<div class=\"elementor-element elementor-element-4e7b159 elementor-widget elementor-widget-text-editor\" data-id=\"4e7b159\" data-element_type=\"widget\" data-e-type=\"widget\" data-widget_type=\"text-editor.default\">\n\t\t\t\t<div class=\"elementor-widget-container\">\n\t\t\t\t\t\t\t\t\t<p><span style=\"color: #ffffff;\">Je ne sais pas comment la fin peut-elle justifier les moyens? Et \u00e0 quoi \u00e7a sert de justifier quoi que ce soit \u00e0 la fin du parcours, \u00e0 moins que cette justification ne s\u2019apparente \u00e0 de la triche ! L\u00e0, je me prends <span class=\"il\">en<\/span> exemple : quand je lis et que la lecture m\u2019ennuie parce que la trame ne me tient plus <span class=\"il\">en<\/span> haleine, je triche, comme tout le monde, et je vais \u00e0 la fin du livre. Apr\u00e8s, je reste un peu hagard, car je ne sais pas si la fin justifie un tel acte\u2026 Je ne sais pas ce que la fin peut justifier. Je reste hagard, je reste moi-m\u00eame, et je reste lecteur-tricheur, tricheur-lecteur. Je ne sais plus\u2026 Mais, au moins, je connais la fin sans avoir suivi de fil <span class=\"il\">en<\/span> aiguille la trame du roman. D\u00e9sol\u00e9, je suis comme \u00e7a\u2026<\/span><\/p><p><span style=\"color: #ffffff;\">Mais, dans une salle de spectacle, cette astuce ne fonctionne plus : soit on reste \u00e9veill\u00e9 du d\u00e9but \u00e0 la fin, soit on participe pleinement, soit on s\u2019endort pour se r\u00e9veiller plus tard. Mais l\u00e0 encore, les curieux verront votre man\u00e8ge d\u00e9loyal\u2026 Dans une salle, tu es \u00e0 nu. Dans ce lieu, le spectacle est intransigeant : il ne n\u00e9gocie pas. C\u2019est comme avec les nationalistes : tu l\u2019aimes ou tu le quittes. Eux, c\u2019est leur terre \u2014 ou du moins ce qu\u2019ils croient. Le spectacle, lui, c\u2019est son territoire\u2026 Bref, tu n\u2019as pas le choix : tu l\u2019aimes ou tu le quittes. Bon, on peut toujours faire semblant, mais \u00e7a, c\u2019est une autre histoire\u2026<\/span><\/p><p><span style=\"color: #ffffff;\">Revenons au g\u00e9n\u00e9rique de cette ann\u00e9e\u2026 Et si c\u2019\u00e9tait la fin ! Oui, une fin qui n\u2019<span class=\"il\">en<\/span> est pas une <span class=\"il\">en<\/span> soi, car elle ne fait qu\u2019annoncer le renouveau de l\u2019exp\u00e9rience ! Attention spoiler : <span class=\"il\">En<\/span> <span class=\"il\">Lisant<\/span> va survivre \u00e0 cette fin\u2026<\/span><\/p><p><span style=\"color: #ffffff;\">\u00c0 chaque \u00e9dition d\u2019<span class=\"il\">En<\/span> <span class=\"il\">Lisant<\/span>, j\u2019\u00e9cris des \u00e9ditoriaux, parce que je sais que l\u2019aventure ne va pas s\u2019arr\u00eater, peu importe le g\u00e9n\u00e9rique, peu importe la th\u00e9matique. Mais si, un jour, j\u2019avais vraiment l\u2019impression, ne serait-ce qu\u2019un soup\u00e7on, que c\u2019\u00e9tait la fin, je vous jure qu\u2019au fond de moi, cette fin ne saurait \u00eatre triste : elle serait la mise <span class=\"il\">en<\/span> sc\u00e8ne d\u2019un renouveau, la th\u00e9\u00e2tralisation de toutes les esp\u00e9rances possibles.<\/span><\/p><p><span style=\"color: #ffffff;\">Parce que la fin <span class=\"il\">en<\/span> soi est le h\u00e9raut des lendemains menteurs ou meilleurs, mais moi, je mise sur le second : tant qu\u2019il y aura un peu d\u2019humanit\u00e9 <span class=\"il\">en<\/span> nous, on peut aspirer au progr\u00e8s de l\u2019\u00eatre ! Voil\u00e0 pourquoi je vous invite, cher.e.s spectateur.trice.s, \u00e0 vivre <span class=\"il\">en<\/span> compagnie d\u2019<span class=\"il\">En<\/span> <span class=\"il\">Lisant<\/span> cette finitude qui, dans sa complexit\u00e9, fera luire les filigranes dor\u00e9s des jours heureux !<\/span><\/p><p><span style=\"color: #ffffff;\">Cette neuvi\u00e8me \u00e9dition, par sa conception, se r\u00e9v\u00e8le singuli\u00e8re, car \u00e0 un moment donn\u00e9, elle invite le public \u00e0 pactiser avec celles et ceux qui croient que l\u2019art peut changer l\u2019ordre des choses\u2026 Les distances abolies : et si c\u2019\u00e9tait la fin des r\u00eaveries solitaires ?<\/span><\/p><p><span style=\"color: #ffffff;\">James Pubien<\/span><br \/><span style=\"color: #ffffff;\">Port-au-Prince, le 19 octobre 2024<\/span><\/p><p><span style=\"color: #ffffff;\"><em>Cr\u00e9dit photo: Gu\u00e9rinault Louis<\/em><\/span><\/p>\t\t\t\t\t\t\t\t<\/div>\n\t\t\t\t<\/div>\n\t\t\t\t\t<\/div>\n\t\t\t\t<\/div>\n\t\t\t\t<\/div>\n\t\t","protected":false},"excerpt":{"rendered":"<p>Je ne sais pas comment la fin peut-elle justifier les moyens? Et \u00e0 quoi \u00e7a sert de justifier quoi que ce soit \u00e0 la fin du parcours, \u00e0 moins que [&hellip;]<\/p>\n","protected":false},"author":990002,"featured_media":4492,"comment_status":"open","ping_status":"open","sticky":false,"template":"","format":"standard","meta":{"_FSMCFIC_featured_image_caption":"","_FSMCFIC_featured_image_nocaption":"","_FSMCFIC_featured_image_hide":"","footnotes":""},"categories":[104],"tags":[],"class_list":["post-4516","post","type-post","status-publish","format-standard","has-post-thumbnail","hentry","category-le-journal-d-en-lisant"],"yoast_head":"<!-- This site is optimized with the Yoast SEO plugin v27.0 - https:\/\/yoast.com\/product\/yoast-seo-wordpress\/ -->\n<title>Et si la fin \u00e9tait une mise en sc\u00e8ne du renouveau ? - En Lisant festival de th\u00e9\u00e2tre<\/title>\n<meta name=\"robots\" content=\"index, follow, max-snippet:-1, max-image-preview:large, max-video-preview:-1\" \/>\n<link rel=\"canonical\" href=\"https:\/\/enlisantfestival.com\/fr\/et-si-la-fin-etait-une-mise-en-scene-du-renouveau\/\" \/>\n<meta property=\"og:locale\" content=\"fr_FR\" \/>\n<meta property=\"og:type\" content=\"article\" \/>\n<meta property=\"og:title\" content=\"Et si la fin \u00e9tait une mise en sc\u00e8ne du renouveau ? - En Lisant festival de th\u00e9\u00e2tre\" \/>\n<meta property=\"og:description\" content=\"Je ne sais pas comment la fin peut-elle justifier les moyens? Et \u00e0 quoi \u00e7a sert de justifier quoi que ce soit \u00e0 la fin du parcours, \u00e0 moins que [&hellip;]\" \/>\n<meta property=\"og:url\" content=\"https:\/\/enlisantfestival.com\/fr\/et-si-la-fin-etait-une-mise-en-scene-du-renouveau\/\" \/>\n<meta property=\"og:site_name\" content=\"En Lisant festival de th\u00e9\u00e2tre\" \/>\n<meta property=\"article:published_time\" content=\"2024-12-07T23:46:37+00:00\" \/>\n<meta property=\"article:modified_time\" content=\"2024-12-07T23:48:19+00:00\" \/>\n<meta property=\"og:image\" content=\"https:\/\/enlisantfestival.com\/fr\/wp-content\/uploads\/2024\/12\/IMG_7112.jpeg\" \/>\n\t<meta property=\"og:image:width\" content=\"800\" \/>\n\t<meta property=\"og:image:height\" content=\"533\" \/>\n\t<meta property=\"og:image:type\" content=\"image\/jpeg\" \/>\n<meta name=\"author\" content=\"ludwy\" \/>\n<meta name=\"twitter:card\" content=\"summary_large_image\" \/>\n<meta name=\"twitter:label1\" content=\"\u00c9crit par\" \/>\n\t<meta name=\"twitter:data1\" content=\"ludwy\" \/>\n\t<meta name=\"twitter:label2\" content=\"Dur\u00e9e de lecture estim\u00e9e\" \/>\n\t<meta name=\"twitter:data2\" content=\"3 minutes\" \/>\n<script type=\"application\/ld+json\" class=\"yoast-schema-graph\">{\"@context\":\"https:\/\/schema.org\",\"@graph\":[{\"@type\":\"Article\",\"@id\":\"https:\/\/enlisantfestival.com\/fr\/et-si-la-fin-etait-une-mise-en-scene-du-renouveau\/#article\",\"isPartOf\":{\"@id\":\"https:\/\/enlisantfestival.com\/fr\/et-si-la-fin-etait-une-mise-en-scene-du-renouveau\/\"},\"author\":{\"name\":\"ludwy\",\"@id\":\"https:\/\/enlisantfestival.com\/fr\/#\/schema\/person\/846f9c27917ef190542b1a106fd9e36e\"},\"headline\":\"Et si la fin \u00e9tait une mise en sc\u00e8ne du renouveau ?\",\"datePublished\":\"2024-12-07T23:46:37+00:00\",\"dateModified\":\"2024-12-07T23:48:19+00:00\",\"mainEntityOfPage\":{\"@id\":\"https:\/\/enlisantfestival.com\/fr\/et-si-la-fin-etait-une-mise-en-scene-du-renouveau\/\"},\"wordCount\":543,\"commentCount\":0,\"publisher\":{\"@id\":\"https:\/\/enlisantfestival.com\/fr\/#organization\"},\"image\":{\"@id\":\"https:\/\/enlisantfestival.com\/fr\/et-si-la-fin-etait-une-mise-en-scene-du-renouveau\/#primaryimage\"},\"thumbnailUrl\":\"https:\/\/enlisantfestival.com\/fr\/wp-content\/uploads\/2024\/12\/IMG_7112.jpeg\",\"articleSection\":[\"Le journal d'En Lisant\"],\"inLanguage\":\"fr-FR\",\"potentialAction\":[{\"@type\":\"CommentAction\",\"name\":\"Comment\",\"target\":[\"https:\/\/enlisantfestival.com\/fr\/et-si-la-fin-etait-une-mise-en-scene-du-renouveau\/#respond\"]}]},{\"@type\":\"WebPage\",\"@id\":\"https:\/\/enlisantfestival.com\/fr\/et-si-la-fin-etait-une-mise-en-scene-du-renouveau\/\",\"url\":\"https:\/\/enlisantfestival.com\/fr\/et-si-la-fin-etait-une-mise-en-scene-du-renouveau\/\",\"name\":\"Et si la fin \u00e9tait une mise en sc\u00e8ne du renouveau ? - En Lisant festival de th\u00e9\u00e2tre\",\"isPartOf\":{\"@id\":\"https:\/\/enlisantfestival.com\/fr\/#website\"},\"primaryImageOfPage\":{\"@id\":\"https:\/\/enlisantfestival.com\/fr\/et-si-la-fin-etait-une-mise-en-scene-du-renouveau\/#primaryimage\"},\"image\":{\"@id\":\"https:\/\/enlisantfestival.com\/fr\/et-si-la-fin-etait-une-mise-en-scene-du-renouveau\/#primaryimage\"},\"thumbnailUrl\":\"https:\/\/enlisantfestival.com\/fr\/wp-content\/uploads\/2024\/12\/IMG_7112.jpeg\",\"datePublished\":\"2024-12-07T23:46:37+00:00\",\"dateModified\":\"2024-12-07T23:48:19+00:00\",\"breadcrumb\":{\"@id\":\"https:\/\/enlisantfestival.com\/fr\/et-si-la-fin-etait-une-mise-en-scene-du-renouveau\/#breadcrumb\"},\"inLanguage\":\"fr-FR\",\"potentialAction\":[{\"@type\":\"ReadAction\",\"target\":[\"https:\/\/enlisantfestival.com\/fr\/et-si-la-fin-etait-une-mise-en-scene-du-renouveau\/\"]}]},{\"@type\":\"ImageObject\",\"inLanguage\":\"fr-FR\",\"@id\":\"https:\/\/enlisantfestival.com\/fr\/et-si-la-fin-etait-une-mise-en-scene-du-renouveau\/#primaryimage\",\"url\":\"https:\/\/enlisantfestival.com\/fr\/wp-content\/uploads\/2024\/12\/IMG_7112.jpeg\",\"contentUrl\":\"https:\/\/enlisantfestival.com\/fr\/wp-content\/uploads\/2024\/12\/IMG_7112.jpeg\",\"width\":800,\"height\":533},{\"@type\":\"BreadcrumbList\",\"@id\":\"https:\/\/enlisantfestival.com\/fr\/et-si-la-fin-etait-une-mise-en-scene-du-renouveau\/#breadcrumb\",\"itemListElement\":[{\"@type\":\"ListItem\",\"position\":1,\"name\":\"Accueil\",\"item\":\"https:\/\/enlisantfestival.com\/fr\/\"},{\"@type\":\"ListItem\",\"position\":2,\"name\":\"Et si la fin \u00e9tait une mise en sc\u00e8ne du renouveau ?\"}]},{\"@type\":\"WebSite\",\"@id\":\"https:\/\/enlisantfestival.com\/fr\/#website\",\"url\":\"https:\/\/enlisantfestival.com\/fr\/\",\"name\":\"En Lisant festival de th\u00e9\u00e2tre\",\"description\":\"\",\"publisher\":{\"@id\":\"https:\/\/enlisantfestival.com\/fr\/#organization\"},\"potentialAction\":[{\"@type\":\"SearchAction\",\"target\":{\"@type\":\"EntryPoint\",\"urlTemplate\":\"https:\/\/enlisantfestival.com\/fr\/?s={search_term_string}\"},\"query-input\":{\"@type\":\"PropertyValueSpecification\",\"valueRequired\":true,\"valueName\":\"search_term_string\"}}],\"inLanguage\":\"fr-FR\"},{\"@type\":\"Organization\",\"@id\":\"https:\/\/enlisantfestival.com\/fr\/#organization\",\"name\":\"En Lisant festival de th\u00e9\u00e2tre\",\"url\":\"https:\/\/enlisantfestival.com\/fr\/\",\"logo\":{\"@type\":\"ImageObject\",\"inLanguage\":\"fr-FR\",\"@id\":\"https:\/\/enlisantfestival.com\/fr\/#\/schema\/logo\/image\/\",\"url\":\"https:\/\/enlisantfestival.com\/fr\/wp-content\/uploads\/2020\/09\/en-lisant-logo.png\",\"contentUrl\":\"https:\/\/enlisantfestival.com\/fr\/wp-content\/uploads\/2020\/09\/en-lisant-logo.png\",\"width\":600,\"height\":343,\"caption\":\"En Lisant festival de th\u00e9\u00e2tre\"},\"image\":{\"@id\":\"https:\/\/enlisantfestival.com\/fr\/#\/schema\/logo\/image\/\"}},{\"@type\":\"Person\",\"@id\":\"https:\/\/enlisantfestival.com\/fr\/#\/schema\/person\/846f9c27917ef190542b1a106fd9e36e\",\"name\":\"ludwy\",\"image\":{\"@type\":\"ImageObject\",\"inLanguage\":\"fr-FR\",\"@id\":\"https:\/\/enlisantfestival.com\/fr\/#\/schema\/person\/image\/\",\"url\":\"https:\/\/secure.gravatar.com\/avatar\/b29172caf944fb66969204ce485e5a42554f3bf8c9abe8d1e070ad9e2ac4eb41?s=96&d=mm&r=g\",\"contentUrl\":\"https:\/\/secure.gravatar.com\/avatar\/b29172caf944fb66969204ce485e5a42554f3bf8c9abe8d1e070ad9e2ac4eb41?s=96&d=mm&r=g\",\"caption\":\"ludwy\"},\"url\":\"https:\/\/enlisantfestival.com\/fr\/author\/ludwy\/\"}]}<\/script>\n<!-- \/ Yoast SEO plugin. -->","yoast_head_json":{"title":"Et si la fin \u00e9tait une mise en sc\u00e8ne du renouveau ? - En Lisant festival de th\u00e9\u00e2tre","robots":{"index":"index","follow":"follow","max-snippet":"max-snippet:-1","max-image-preview":"max-image-preview:large","max-video-preview":"max-video-preview:-1"},"canonical":"https:\/\/enlisantfestival.com\/fr\/et-si-la-fin-etait-une-mise-en-scene-du-renouveau\/","og_locale":"fr_FR","og_type":"article","og_title":"Et si la fin \u00e9tait une mise en sc\u00e8ne du renouveau ? - En Lisant festival de th\u00e9\u00e2tre","og_description":"Je ne sais pas comment la fin peut-elle justifier les moyens? Et \u00e0 quoi \u00e7a sert de justifier quoi que ce soit \u00e0 la fin du parcours, \u00e0 moins que [&hellip;]","og_url":"https:\/\/enlisantfestival.com\/fr\/et-si-la-fin-etait-une-mise-en-scene-du-renouveau\/","og_site_name":"En Lisant festival de th\u00e9\u00e2tre","article_published_time":"2024-12-07T23:46:37+00:00","article_modified_time":"2024-12-07T23:48:19+00:00","og_image":[{"width":800,"height":533,"url":"https:\/\/enlisantfestival.com\/fr\/wp-content\/uploads\/2024\/12\/IMG_7112.jpeg","type":"image\/jpeg"}],"author":"ludwy","twitter_card":"summary_large_image","twitter_misc":{"\u00c9crit par":"ludwy","Dur\u00e9e de lecture estim\u00e9e":"3 minutes"},"schema":{"@context":"https:\/\/schema.org","@graph":[{"@type":"Article","@id":"https:\/\/enlisantfestival.com\/fr\/et-si-la-fin-etait-une-mise-en-scene-du-renouveau\/#article","isPartOf":{"@id":"https:\/\/enlisantfestival.com\/fr\/et-si-la-fin-etait-une-mise-en-scene-du-renouveau\/"},"author":{"name":"ludwy","@id":"https:\/\/enlisantfestival.com\/fr\/#\/schema\/person\/846f9c27917ef190542b1a106fd9e36e"},"headline":"Et si la fin \u00e9tait une mise en sc\u00e8ne du renouveau ?","datePublished":"2024-12-07T23:46:37+00:00","dateModified":"2024-12-07T23:48:19+00:00","mainEntityOfPage":{"@id":"https:\/\/enlisantfestival.com\/fr\/et-si-la-fin-etait-une-mise-en-scene-du-renouveau\/"},"wordCount":543,"commentCount":0,"publisher":{"@id":"https:\/\/enlisantfestival.com\/fr\/#organization"},"image":{"@id":"https:\/\/enlisantfestival.com\/fr\/et-si-la-fin-etait-une-mise-en-scene-du-renouveau\/#primaryimage"},"thumbnailUrl":"https:\/\/enlisantfestival.com\/fr\/wp-content\/uploads\/2024\/12\/IMG_7112.jpeg","articleSection":["Le journal d'En Lisant"],"inLanguage":"fr-FR","potentialAction":[{"@type":"CommentAction","name":"Comment","target":["https:\/\/enlisantfestival.com\/fr\/et-si-la-fin-etait-une-mise-en-scene-du-renouveau\/#respond"]}]},{"@type":"WebPage","@id":"https:\/\/enlisantfestival.com\/fr\/et-si-la-fin-etait-une-mise-en-scene-du-renouveau\/","url":"https:\/\/enlisantfestival.com\/fr\/et-si-la-fin-etait-une-mise-en-scene-du-renouveau\/","name":"Et si la fin \u00e9tait une mise en sc\u00e8ne du renouveau ? - En Lisant festival de th\u00e9\u00e2tre","isPartOf":{"@id":"https:\/\/enlisantfestival.com\/fr\/#website"},"primaryImageOfPage":{"@id":"https:\/\/enlisantfestival.com\/fr\/et-si-la-fin-etait-une-mise-en-scene-du-renouveau\/#primaryimage"},"image":{"@id":"https:\/\/enlisantfestival.com\/fr\/et-si-la-fin-etait-une-mise-en-scene-du-renouveau\/#primaryimage"},"thumbnailUrl":"https:\/\/enlisantfestival.com\/fr\/wp-content\/uploads\/2024\/12\/IMG_7112.jpeg","datePublished":"2024-12-07T23:46:37+00:00","dateModified":"2024-12-07T23:48:19+00:00","breadcrumb":{"@id":"https:\/\/enlisantfestival.com\/fr\/et-si-la-fin-etait-une-mise-en-scene-du-renouveau\/#breadcrumb"},"inLanguage":"fr-FR","potentialAction":[{"@type":"ReadAction","target":["https:\/\/enlisantfestival.com\/fr\/et-si-la-fin-etait-une-mise-en-scene-du-renouveau\/"]}]},{"@type":"ImageObject","inLanguage":"fr-FR","@id":"https:\/\/enlisantfestival.com\/fr\/et-si-la-fin-etait-une-mise-en-scene-du-renouveau\/#primaryimage","url":"https:\/\/enlisantfestival.com\/fr\/wp-content\/uploads\/2024\/12\/IMG_7112.jpeg","contentUrl":"https:\/\/enlisantfestival.com\/fr\/wp-content\/uploads\/2024\/12\/IMG_7112.jpeg","width":800,"height":533},{"@type":"BreadcrumbList","@id":"https:\/\/enlisantfestival.com\/fr\/et-si-la-fin-etait-une-mise-en-scene-du-renouveau\/#breadcrumb","itemListElement":[{"@type":"ListItem","position":1,"name":"Accueil","item":"https:\/\/enlisantfestival.com\/fr\/"},{"@type":"ListItem","position":2,"name":"Et si la fin \u00e9tait une mise en sc\u00e8ne du renouveau ?"}]},{"@type":"WebSite","@id":"https:\/\/enlisantfestival.com\/fr\/#website","url":"https:\/\/enlisantfestival.com\/fr\/","name":"En Lisant festival de th\u00e9\u00e2tre","description":"","publisher":{"@id":"https:\/\/enlisantfestival.com\/fr\/#organization"},"potentialAction":[{"@type":"SearchAction","target":{"@type":"EntryPoint","urlTemplate":"https:\/\/enlisantfestival.com\/fr\/?s={search_term_string}"},"query-input":{"@type":"PropertyValueSpecification","valueRequired":true,"valueName":"search_term_string"}}],"inLanguage":"fr-FR"},{"@type":"Organization","@id":"https:\/\/enlisantfestival.com\/fr\/#organization","name":"En Lisant festival de th\u00e9\u00e2tre","url":"https:\/\/enlisantfestival.com\/fr\/","logo":{"@type":"ImageObject","inLanguage":"fr-FR","@id":"https:\/\/enlisantfestival.com\/fr\/#\/schema\/logo\/image\/","url":"https:\/\/enlisantfestival.com\/fr\/wp-content\/uploads\/2020\/09\/en-lisant-logo.png","contentUrl":"https:\/\/enlisantfestival.com\/fr\/wp-content\/uploads\/2020\/09\/en-lisant-logo.png","width":600,"height":343,"caption":"En Lisant festival de th\u00e9\u00e2tre"},"image":{"@id":"https:\/\/enlisantfestival.com\/fr\/#\/schema\/logo\/image\/"}},{"@type":"Person","@id":"https:\/\/enlisantfestival.com\/fr\/#\/schema\/person\/846f9c27917ef190542b1a106fd9e36e","name":"ludwy","image":{"@type":"ImageObject","inLanguage":"fr-FR","@id":"https:\/\/enlisantfestival.com\/fr\/#\/schema\/person\/image\/","url":"https:\/\/secure.gravatar.com\/avatar\/b29172caf944fb66969204ce485e5a42554f3bf8c9abe8d1e070ad9e2ac4eb41?s=96&d=mm&r=g","contentUrl":"https:\/\/secure.gravatar.com\/avatar\/b29172caf944fb66969204ce485e5a42554f3bf8c9abe8d1e070ad9e2ac4eb41?s=96&d=mm&r=g","caption":"ludwy"},"url":"https:\/\/enlisantfestival.com\/fr\/author\/ludwy\/"}]}},"_links":{"self":[{"href":"https:\/\/enlisantfestival.com\/fr\/wp-json\/wp\/v2\/posts\/4516","targetHints":{"allow":["GET"]}}],"collection":[{"href":"https:\/\/enlisantfestival.com\/fr\/wp-json\/wp\/v2\/posts"}],"about":[{"href":"https:\/\/enlisantfestival.com\/fr\/wp-json\/wp\/v2\/types\/post"}],"author":[{"embeddable":true,"href":"https:\/\/enlisantfestival.com\/fr\/wp-json\/wp\/v2\/users\/990002"}],"replies":[{"embeddable":true,"href":"https:\/\/enlisantfestival.com\/fr\/wp-json\/wp\/v2\/comments?post=4516"}],"version-history":[{"count":5,"href":"https:\/\/enlisantfestival.com\/fr\/wp-json\/wp\/v2\/posts\/4516\/revisions"}],"predecessor-version":[{"id":4521,"href":"https:\/\/enlisantfestival.com\/fr\/wp-json\/wp\/v2\/posts\/4516\/revisions\/4521"}],"wp:featuredmedia":[{"embeddable":true,"href":"https:\/\/enlisantfestival.com\/fr\/wp-json\/wp\/v2\/media\/4492"}],"wp:attachment":[{"href":"https:\/\/enlisantfestival.com\/fr\/wp-json\/wp\/v2\/media?parent=4516"}],"wp:term":[{"taxonomy":"category","embeddable":true,"href":"https:\/\/enlisantfestival.com\/fr\/wp-json\/wp\/v2\/categories?post=4516"},{"taxonomy":"post_tag","embeddable":true,"href":"https:\/\/enlisantfestival.com\/fr\/wp-json\/wp\/v2\/tags?post=4516"}],"curies":[{"name":"wp","href":"https:\/\/api.w.org\/{rel}","templated":true}]}}