{"id":4526,"date":"2025-01-11T22:58:17","date_gmt":"2025-01-11T21:58:17","guid":{"rendered":"https:\/\/enlisantfestival.com\/fr\/?p=4526"},"modified":"2025-01-11T23:20:01","modified_gmt":"2025-01-11T22:20:01","slug":"et-si-cetait-la-fin-de-la-guerre-quen-pense-le-theatre","status":"publish","type":"post","link":"https:\/\/enlisantfestival.com\/fr\/et-si-cetait-la-fin-de-la-guerre-quen-pense-le-theatre\/","title":{"rendered":"ET SI C\u2019\u00c9TAIT LA FIN DE LA GUERRE\u2026 QU\u2019EN PENSE LE TH\u00c9\u00c2TRE\u00a0?"},"content":{"rendered":"\t\t<div data-elementor-type=\"wp-post\" data-elementor-id=\"4526\" class=\"elementor elementor-4526\" data-elementor-settings=\"{&quot;ha_cmc_init_switcher&quot;:&quot;no&quot;}\">\n\t\t\t\t<div class=\"elementor-element elementor-element-d9b49b0 e-flex e-con-boxed e-con e-parent\" data-id=\"d9b49b0\" data-element_type=\"container\" data-e-type=\"container\" data-settings=\"{&quot;_ha_eqh_enable&quot;:false}\">\n\t\t\t\t\t<div class=\"e-con-inner\">\n\t\t\t\t<div class=\"elementor-element elementor-element-46b123d elementor-widget elementor-widget-ha-pdf-view happy-addon ha-pdf-view\" data-id=\"46b123d\" data-element_type=\"widget\" data-e-type=\"widget\" data-widget_type=\"ha-pdf-view.default\">\n\t\t\t\t<div class=\"elementor-widget-container\">\n\t\t\t\t\t        <div class=\"pdf_viewer_container\">\n            <div class=\"pdf_viewer_options viewer-46b123d\" data-pdf-settings=\"{&quot;unique_id&quot;:&quot;viewer-46b123d&quot;,&quot;pdf_url&quot;:&quot;https:\\\/\\\/enlisantfestival.com\\\/fr\\\/wp-content\\\/uploads\\\/2025\\\/01\\\/EtSiCetaitLaFin.pdf&quot;,&quot;file_type&quot;:&quot;upload_file&quot;,&quot;page_number&quot;:&quot;1&quot;,&quot;width&quot;:&quot;100%&quot;,&quot;height&quot;:&quot;600px&quot;}\">\n\t\t\t\t<span class=\"ha-title-flex\">\n\t\t\t\t\t<span class=\"pdf-icon\">\n\t\t\t\t\t\t<i aria-hidden=\"true\" class=\"fas fa-file-pdf\"><\/i>\t\t\t\t\t<\/span>\n\t\t\t\t\t<h2 class=\"ha-pdf-title\">PDF Title<\/h2>\t\t\t\t<\/span>\n\t\t\t\t                <div class=\"pdf-button\">\n                <a href=\"https:\/\/enlisantfestival.com\/fr\/wp-content\/uploads\/2025\/01\/EtSiCetaitLaFin.pdf\" class=\"ha-btn\" download title=\"PDF Title\">Download<\/a>                <\/div>\n            <\/div>\n\n\t\t\t<div>\n\t\t\t\t<div id=\"viewer-46b123d\"><\/div>\n\t\t\t<\/div>\n\n        <\/div>\n        \t\t\t\t<\/div>\n\t\t\t\t<\/div>\n\t\t\t\t\t<\/div>\n\t\t\t\t<\/div>\n\t\t\t\t<\/div>\n\t\t","protected":false},"excerpt":{"rendered":"<p>PDF Title Download<\/p>\n","protected":false},"author":990002,"featured_media":4534,"comment_status":"open","ping_status":"open","sticky":false,"template":"","format":"standard","meta":{"_FSMCFIC_featured_image_caption":"","_FSMCFIC_featured_image_nocaption":"","_FSMCFIC_featured_image_hide":"","footnotes":""},"categories":[104],"tags":[],"class_list":["post-4526","post","type-post","status-publish","format-standard","has-post-thumbnail","hentry","category-le-journal-d-en-lisant"],"yoast_head":"<!-- This site is optimized with the Yoast SEO plugin v27.0 - https:\/\/yoast.com\/product\/yoast-seo-wordpress\/ -->\n<title>ET SI C\u2019\u00c9TAIT LA FIN DE LA GUERRE\u2026 QU\u2019EN PENSE LE TH\u00c9\u00c2TRE\u00a0? - En Lisant festival de th\u00e9\u00e2tre<\/title>\n<meta name=\"robots\" content=\"index, follow, max-snippet:-1, max-image-preview:large, max-video-preview:-1\" \/>\n<link rel=\"canonical\" href=\"https:\/\/enlisantfestival.com\/fr\/et-si-cetait-la-fin-de-la-guerre-quen-pense-le-theatre\/\" \/>\n<meta property=\"og:locale\" content=\"fr_FR\" \/>\n<meta property=\"og:type\" content=\"article\" \/>\n<meta property=\"og:title\" content=\"ET SI C\u2019\u00c9TAIT LA FIN DE LA GUERRE\u2026 QU\u2019EN PENSE LE TH\u00c9\u00c2TRE\u00a0? - En Lisant festival de th\u00e9\u00e2tre\" \/>\n<meta property=\"og:description\" content=\"PDF Title Download\" \/>\n<meta property=\"og:url\" content=\"https:\/\/enlisantfestival.com\/fr\/et-si-cetait-la-fin-de-la-guerre-quen-pense-le-theatre\/\" \/>\n<meta property=\"og:site_name\" content=\"En Lisant festival de th\u00e9\u00e2tre\" \/>\n<meta property=\"article:published_time\" content=\"2025-01-11T21:58:17+00:00\" \/>\n<meta property=\"article:modified_time\" content=\"2025-01-11T22:20:01+00:00\" \/>\n<meta property=\"og:image\" content=\"https:\/\/enlisantfestival.com\/fr\/wp-content\/uploads\/2025\/01\/PhilippeViolanti.jpg\" \/>\n\t<meta property=\"og:image:width\" content=\"600\" \/>\n\t<meta property=\"og:image:height\" content=\"900\" \/>\n\t<meta property=\"og:image:type\" content=\"image\/jpeg\" \/>\n<meta name=\"author\" content=\"ludwy\" \/>\n<meta name=\"twitter:card\" content=\"summary_large_image\" \/>\n<meta name=\"twitter:label1\" content=\"\u00c9crit par\" \/>\n\t<meta name=\"twitter:data1\" content=\"ludwy\" \/>\n\t<meta name=\"twitter:label2\" content=\"Dur\u00e9e de lecture estim\u00e9e\" \/>\n\t<meta name=\"twitter:data2\" content=\"1 minute\" \/>\n<script type=\"application\/ld+json\" class=\"yoast-schema-graph\">{\"@context\":\"https:\/\/schema.org\",\"@graph\":[{\"@type\":\"Article\",\"@id\":\"https:\/\/enlisantfestival.com\/fr\/et-si-cetait-la-fin-de-la-guerre-quen-pense-le-theatre\/#article\",\"isPartOf\":{\"@id\":\"https:\/\/enlisantfestival.com\/fr\/et-si-cetait-la-fin-de-la-guerre-quen-pense-le-theatre\/\"},\"author\":{\"name\":\"ludwy\",\"@id\":\"https:\/\/enlisantfestival.com\/fr\/#\/schema\/person\/846f9c27917ef190542b1a106fd9e36e\"},\"headline\":\"ET SI C\u2019\u00c9TAIT LA FIN DE LA GUERRE\u2026 QU\u2019EN PENSE LE TH\u00c9\u00c2TRE\u00a0?\",\"datePublished\":\"2025-01-11T21:58:17+00:00\",\"dateModified\":\"2025-01-11T22:20:01+00:00\",\"mainEntityOfPage\":{\"@id\":\"https:\/\/enlisantfestival.com\/fr\/et-si-cetait-la-fin-de-la-guerre-quen-pense-le-theatre\/\"},\"wordCount\":18,\"commentCount\":0,\"publisher\":{\"@id\":\"https:\/\/enlisantfestival.com\/fr\/#organization\"},\"image\":{\"@id\":\"https:\/\/enlisantfestival.com\/fr\/et-si-cetait-la-fin-de-la-guerre-quen-pense-le-theatre\/#primaryimage\"},\"thumbnailUrl\":\"https:\/\/enlisantfestival.com\/fr\/wp-content\/uploads\/2025\/01\/PhilippeViolanti.jpg\",\"articleSection\":[\"Le journal d'En Lisant\"],\"inLanguage\":\"fr-FR\",\"potentialAction\":[{\"@type\":\"CommentAction\",\"name\":\"Comment\",\"target\":[\"https:\/\/enlisantfestival.com\/fr\/et-si-cetait-la-fin-de-la-guerre-quen-pense-le-theatre\/#respond\"]}]},{\"@type\":\"WebPage\",\"@id\":\"https:\/\/enlisantfestival.com\/fr\/et-si-cetait-la-fin-de-la-guerre-quen-pense-le-theatre\/\",\"url\":\"https:\/\/enlisantfestival.com\/fr\/et-si-cetait-la-fin-de-la-guerre-quen-pense-le-theatre\/\",\"name\":\"ET SI C\u2019\u00c9TAIT LA FIN DE LA GUERRE\u2026 QU\u2019EN PENSE LE TH\u00c9\u00c2TRE\u00a0? - En Lisant festival de th\u00e9\u00e2tre\",\"isPartOf\":{\"@id\":\"https:\/\/enlisantfestival.com\/fr\/#website\"},\"primaryImageOfPage\":{\"@id\":\"https:\/\/enlisantfestival.com\/fr\/et-si-cetait-la-fin-de-la-guerre-quen-pense-le-theatre\/#primaryimage\"},\"image\":{\"@id\":\"https:\/\/enlisantfestival.com\/fr\/et-si-cetait-la-fin-de-la-guerre-quen-pense-le-theatre\/#primaryimage\"},\"thumbnailUrl\":\"https:\/\/enlisantfestival.com\/fr\/wp-content\/uploads\/2025\/01\/PhilippeViolanti.jpg\",\"datePublished\":\"2025-01-11T21:58:17+00:00\",\"dateModified\":\"2025-01-11T22:20:01+00:00\",\"breadcrumb\":{\"@id\":\"https:\/\/enlisantfestival.com\/fr\/et-si-cetait-la-fin-de-la-guerre-quen-pense-le-theatre\/#breadcrumb\"},\"inLanguage\":\"fr-FR\",\"potentialAction\":[{\"@type\":\"ReadAction\",\"target\":[\"https:\/\/enlisantfestival.com\/fr\/et-si-cetait-la-fin-de-la-guerre-quen-pense-le-theatre\/\"]}]},{\"@type\":\"ImageObject\",\"inLanguage\":\"fr-FR\",\"@id\":\"https:\/\/enlisantfestival.com\/fr\/et-si-cetait-la-fin-de-la-guerre-quen-pense-le-theatre\/#primaryimage\",\"url\":\"https:\/\/enlisantfestival.com\/fr\/wp-content\/uploads\/2025\/01\/PhilippeViolanti.jpg\",\"contentUrl\":\"https:\/\/enlisantfestival.com\/fr\/wp-content\/uploads\/2025\/01\/PhilippeViolanti.jpg\",\"width\":600,\"height\":900},{\"@type\":\"BreadcrumbList\",\"@id\":\"https:\/\/enlisantfestival.com\/fr\/et-si-cetait-la-fin-de-la-guerre-quen-pense-le-theatre\/#breadcrumb\",\"itemListElement\":[{\"@type\":\"ListItem\",\"position\":1,\"name\":\"Accueil\",\"item\":\"https:\/\/enlisantfestival.com\/fr\/\"},{\"@type\":\"ListItem\",\"position\":2,\"name\":\"ET SI C\u2019\u00c9TAIT LA FIN DE LA GUERRE\u2026 QU\u2019EN PENSE LE TH\u00c9\u00c2TRE\u00a0?\"}]},{\"@type\":\"WebSite\",\"@id\":\"https:\/\/enlisantfestival.com\/fr\/#website\",\"url\":\"https:\/\/enlisantfestival.com\/fr\/\",\"name\":\"En Lisant festival de th\u00e9\u00e2tre\",\"description\":\"\",\"publisher\":{\"@id\":\"https:\/\/enlisantfestival.com\/fr\/#organization\"},\"potentialAction\":[{\"@type\":\"SearchAction\",\"target\":{\"@type\":\"EntryPoint\",\"urlTemplate\":\"https:\/\/enlisantfestival.com\/fr\/?s={search_term_string}\"},\"query-input\":{\"@type\":\"PropertyValueSpecification\",\"valueRequired\":true,\"valueName\":\"search_term_string\"}}],\"inLanguage\":\"fr-FR\"},{\"@type\":\"Organization\",\"@id\":\"https:\/\/enlisantfestival.com\/fr\/#organization\",\"name\":\"En Lisant festival de th\u00e9\u00e2tre\",\"url\":\"https:\/\/enlisantfestival.com\/fr\/\",\"logo\":{\"@type\":\"ImageObject\",\"inLanguage\":\"fr-FR\",\"@id\":\"https:\/\/enlisantfestival.com\/fr\/#\/schema\/logo\/image\/\",\"url\":\"https:\/\/enlisantfestival.com\/fr\/wp-content\/uploads\/2020\/09\/en-lisant-logo.png\",\"contentUrl\":\"https:\/\/enlisantfestival.com\/fr\/wp-content\/uploads\/2020\/09\/en-lisant-logo.png\",\"width\":600,\"height\":343,\"caption\":\"En Lisant festival de th\u00e9\u00e2tre\"},\"image\":{\"@id\":\"https:\/\/enlisantfestival.com\/fr\/#\/schema\/logo\/image\/\"}},{\"@type\":\"Person\",\"@id\":\"https:\/\/enlisantfestival.com\/fr\/#\/schema\/person\/846f9c27917ef190542b1a106fd9e36e\",\"name\":\"ludwy\",\"image\":{\"@type\":\"ImageObject\",\"inLanguage\":\"fr-FR\",\"@id\":\"https:\/\/enlisantfestival.com\/fr\/#\/schema\/person\/image\/\",\"url\":\"https:\/\/secure.gravatar.com\/avatar\/b29172caf944fb66969204ce485e5a42554f3bf8c9abe8d1e070ad9e2ac4eb41?s=96&d=mm&r=g\",\"contentUrl\":\"https:\/\/secure.gravatar.com\/avatar\/b29172caf944fb66969204ce485e5a42554f3bf8c9abe8d1e070ad9e2ac4eb41?s=96&d=mm&r=g\",\"caption\":\"ludwy\"},\"url\":\"https:\/\/enlisantfestival.com\/fr\/author\/ludwy\/\"}]}<\/script>\n<!-- \/ Yoast SEO plugin. -->","yoast_head_json":{"title":"ET SI C\u2019\u00c9TAIT LA FIN DE LA GUERRE\u2026 QU\u2019EN PENSE LE TH\u00c9\u00c2TRE\u00a0? - En Lisant festival de th\u00e9\u00e2tre","robots":{"index":"index","follow":"follow","max-snippet":"max-snippet:-1","max-image-preview":"max-image-preview:large","max-video-preview":"max-video-preview:-1"},"canonical":"https:\/\/enlisantfestival.com\/fr\/et-si-cetait-la-fin-de-la-guerre-quen-pense-le-theatre\/","og_locale":"fr_FR","og_type":"article","og_title":"ET SI C\u2019\u00c9TAIT LA FIN DE LA GUERRE\u2026 QU\u2019EN PENSE LE TH\u00c9\u00c2TRE\u00a0? - En Lisant festival de th\u00e9\u00e2tre","og_description":"PDF Title Download","og_url":"https:\/\/enlisantfestival.com\/fr\/et-si-cetait-la-fin-de-la-guerre-quen-pense-le-theatre\/","og_site_name":"En Lisant festival de th\u00e9\u00e2tre","article_published_time":"2025-01-11T21:58:17+00:00","article_modified_time":"2025-01-11T22:20:01+00:00","og_image":[{"width":600,"height":900,"url":"https:\/\/enlisantfestival.com\/fr\/wp-content\/uploads\/2025\/01\/PhilippeViolanti.jpg","type":"image\/jpeg"}],"author":"ludwy","twitter_card":"summary_large_image","twitter_misc":{"\u00c9crit par":"ludwy","Dur\u00e9e de lecture estim\u00e9e":"1 minute"},"schema":{"@context":"https:\/\/schema.org","@graph":[{"@type":"Article","@id":"https:\/\/enlisantfestival.com\/fr\/et-si-cetait-la-fin-de-la-guerre-quen-pense-le-theatre\/#article","isPartOf":{"@id":"https:\/\/enlisantfestival.com\/fr\/et-si-cetait-la-fin-de-la-guerre-quen-pense-le-theatre\/"},"author":{"name":"ludwy","@id":"https:\/\/enlisantfestival.com\/fr\/#\/schema\/person\/846f9c27917ef190542b1a106fd9e36e"},"headline":"ET SI C\u2019\u00c9TAIT LA FIN DE LA GUERRE\u2026 QU\u2019EN PENSE LE TH\u00c9\u00c2TRE\u00a0?","datePublished":"2025-01-11T21:58:17+00:00","dateModified":"2025-01-11T22:20:01+00:00","mainEntityOfPage":{"@id":"https:\/\/enlisantfestival.com\/fr\/et-si-cetait-la-fin-de-la-guerre-quen-pense-le-theatre\/"},"wordCount":18,"commentCount":0,"publisher":{"@id":"https:\/\/enlisantfestival.com\/fr\/#organization"},"image":{"@id":"https:\/\/enlisantfestival.com\/fr\/et-si-cetait-la-fin-de-la-guerre-quen-pense-le-theatre\/#primaryimage"},"thumbnailUrl":"https:\/\/enlisantfestival.com\/fr\/wp-content\/uploads\/2025\/01\/PhilippeViolanti.jpg","articleSection":["Le journal d'En Lisant"],"inLanguage":"fr-FR","potentialAction":[{"@type":"CommentAction","name":"Comment","target":["https:\/\/enlisantfestival.com\/fr\/et-si-cetait-la-fin-de-la-guerre-quen-pense-le-theatre\/#respond"]}]},{"@type":"WebPage","@id":"https:\/\/enlisantfestival.com\/fr\/et-si-cetait-la-fin-de-la-guerre-quen-pense-le-theatre\/","url":"https:\/\/enlisantfestival.com\/fr\/et-si-cetait-la-fin-de-la-guerre-quen-pense-le-theatre\/","name":"ET SI C\u2019\u00c9TAIT LA FIN DE LA GUERRE\u2026 QU\u2019EN PENSE LE TH\u00c9\u00c2TRE\u00a0? - En Lisant festival de th\u00e9\u00e2tre","isPartOf":{"@id":"https:\/\/enlisantfestival.com\/fr\/#website"},"primaryImageOfPage":{"@id":"https:\/\/enlisantfestival.com\/fr\/et-si-cetait-la-fin-de-la-guerre-quen-pense-le-theatre\/#primaryimage"},"image":{"@id":"https:\/\/enlisantfestival.com\/fr\/et-si-cetait-la-fin-de-la-guerre-quen-pense-le-theatre\/#primaryimage"},"thumbnailUrl":"https:\/\/enlisantfestival.com\/fr\/wp-content\/uploads\/2025\/01\/PhilippeViolanti.jpg","datePublished":"2025-01-11T21:58:17+00:00","dateModified":"2025-01-11T22:20:01+00:00","breadcrumb":{"@id":"https:\/\/enlisantfestival.com\/fr\/et-si-cetait-la-fin-de-la-guerre-quen-pense-le-theatre\/#breadcrumb"},"inLanguage":"fr-FR","potentialAction":[{"@type":"ReadAction","target":["https:\/\/enlisantfestival.com\/fr\/et-si-cetait-la-fin-de-la-guerre-quen-pense-le-theatre\/"]}]},{"@type":"ImageObject","inLanguage":"fr-FR","@id":"https:\/\/enlisantfestival.com\/fr\/et-si-cetait-la-fin-de-la-guerre-quen-pense-le-theatre\/#primaryimage","url":"https:\/\/enlisantfestival.com\/fr\/wp-content\/uploads\/2025\/01\/PhilippeViolanti.jpg","contentUrl":"https:\/\/enlisantfestival.com\/fr\/wp-content\/uploads\/2025\/01\/PhilippeViolanti.jpg","width":600,"height":900},{"@type":"BreadcrumbList","@id":"https:\/\/enlisantfestival.com\/fr\/et-si-cetait-la-fin-de-la-guerre-quen-pense-le-theatre\/#breadcrumb","itemListElement":[{"@type":"ListItem","position":1,"name":"Accueil","item":"https:\/\/enlisantfestival.com\/fr\/"},{"@type":"ListItem","position":2,"name":"ET SI C\u2019\u00c9TAIT LA FIN DE LA GUERRE\u2026 QU\u2019EN PENSE LE TH\u00c9\u00c2TRE\u00a0?"}]},{"@type":"WebSite","@id":"https:\/\/enlisantfestival.com\/fr\/#website","url":"https:\/\/enlisantfestival.com\/fr\/","name":"En Lisant festival de th\u00e9\u00e2tre","description":"","publisher":{"@id":"https:\/\/enlisantfestival.com\/fr\/#organization"},"potentialAction":[{"@type":"SearchAction","target":{"@type":"EntryPoint","urlTemplate":"https:\/\/enlisantfestival.com\/fr\/?s={search_term_string}"},"query-input":{"@type":"PropertyValueSpecification","valueRequired":true,"valueName":"search_term_string"}}],"inLanguage":"fr-FR"},{"@type":"Organization","@id":"https:\/\/enlisantfestival.com\/fr\/#organization","name":"En Lisant festival de th\u00e9\u00e2tre","url":"https:\/\/enlisantfestival.com\/fr\/","logo":{"@type":"ImageObject","inLanguage":"fr-FR","@id":"https:\/\/enlisantfestival.com\/fr\/#\/schema\/logo\/image\/","url":"https:\/\/enlisantfestival.com\/fr\/wp-content\/uploads\/2020\/09\/en-lisant-logo.png","contentUrl":"https:\/\/enlisantfestival.com\/fr\/wp-content\/uploads\/2020\/09\/en-lisant-logo.png","width":600,"height":343,"caption":"En Lisant festival de th\u00e9\u00e2tre"},"image":{"@id":"https:\/\/enlisantfestival.com\/fr\/#\/schema\/logo\/image\/"}},{"@type":"Person","@id":"https:\/\/enlisantfestival.com\/fr\/#\/schema\/person\/846f9c27917ef190542b1a106fd9e36e","name":"ludwy","image":{"@type":"ImageObject","inLanguage":"fr-FR","@id":"https:\/\/enlisantfestival.com\/fr\/#\/schema\/person\/image\/","url":"https:\/\/secure.gravatar.com\/avatar\/b29172caf944fb66969204ce485e5a42554f3bf8c9abe8d1e070ad9e2ac4eb41?s=96&d=mm&r=g","contentUrl":"https:\/\/secure.gravatar.com\/avatar\/b29172caf944fb66969204ce485e5a42554f3bf8c9abe8d1e070ad9e2ac4eb41?s=96&d=mm&r=g","caption":"ludwy"},"url":"https:\/\/enlisantfestival.com\/fr\/author\/ludwy\/"}]}},"_links":{"self":[{"href":"https:\/\/enlisantfestival.com\/fr\/wp-json\/wp\/v2\/posts\/4526","targetHints":{"allow":["GET"]}}],"collection":[{"href":"https:\/\/enlisantfestival.com\/fr\/wp-json\/wp\/v2\/posts"}],"about":[{"href":"https:\/\/enlisantfestival.com\/fr\/wp-json\/wp\/v2\/types\/post"}],"author":[{"embeddable":true,"href":"https:\/\/enlisantfestival.com\/fr\/wp-json\/wp\/v2\/users\/990002"}],"replies":[{"embeddable":true,"href":"https:\/\/enlisantfestival.com\/fr\/wp-json\/wp\/v2\/comments?post=4526"}],"version-history":[{"count":5,"href":"https:\/\/enlisantfestival.com\/fr\/wp-json\/wp\/v2\/posts\/4526\/revisions"}],"predecessor-version":[{"id":4535,"href":"https:\/\/enlisantfestival.com\/fr\/wp-json\/wp\/v2\/posts\/4526\/revisions\/4535"}],"wp:featuredmedia":[{"embeddable":true,"href":"https:\/\/enlisantfestival.com\/fr\/wp-json\/wp\/v2\/media\/4534"}],"wp:attachment":[{"href":"https:\/\/enlisantfestival.com\/fr\/wp-json\/wp\/v2\/media?parent=4526"}],"wp:term":[{"taxonomy":"category","embeddable":true,"href":"https:\/\/enlisantfestival.com\/fr\/wp-json\/wp\/v2\/categories?post=4526"},{"taxonomy":"post_tag","embeddable":true,"href":"https:\/\/enlisantfestival.com\/fr\/wp-json\/wp\/v2\/tags?post=4526"}],"curies":[{"name":"wp","href":"https:\/\/api.w.org\/{rel}","templated":true}]}}