{"id":4653,"date":"2025-12-04T20:07:13","date_gmt":"2025-12-04T19:07:13","guid":{"rendered":"https:\/\/enlisantfestival.com\/fr\/?p=4653"},"modified":"2025-12-04T20:11:16","modified_gmt":"2025-12-04T19:11:16","slug":"frantz-providence-larchitecte-discret-de-la-scene","status":"publish","type":"post","link":"https:\/\/enlisantfestival.com\/fr\/frantz-providence-larchitecte-discret-de-la-scene\/","title":{"rendered":"Frantz Providence, l\u2019architecte discret de la sc\u00e8ne."},"content":{"rendered":"\t\t<div data-elementor-type=\"wp-post\" data-elementor-id=\"4653\" class=\"elementor elementor-4653\" data-elementor-settings=\"{&quot;ha_cmc_init_switcher&quot;:&quot;no&quot;}\">\n\t\t\t\t\t\t<section class=\"elementor-section elementor-top-section elementor-element elementor-element-19b748d elementor-section-boxed elementor-section-height-default elementor-section-height-default\" data-id=\"19b748d\" data-element_type=\"section\" data-e-type=\"section\" data-settings=\"{&quot;_ha_eqh_enable&quot;:false}\">\n\t\t\t\t\t\t<div class=\"elementor-container elementor-column-gap-default\">\n\t\t\t\t\t<div class=\"elementor-column elementor-col-100 elementor-top-column elementor-element elementor-element-a5dca76\" data-id=\"a5dca76\" data-element_type=\"column\" data-e-type=\"column\">\n\t\t\t<div class=\"elementor-widget-wrap elementor-element-populated\">\n\t\t\t\t\t\t<div class=\"elementor-element elementor-element-d40bbc0 ha-has-bg-overlay elementor-widget elementor-widget-text-editor\" data-id=\"d40bbc0\" data-element_type=\"widget\" data-e-type=\"widget\" data-widget_type=\"text-editor.default\">\n\t\t\t\t<div class=\"elementor-widget-container\">\n\t\t\t\t\t\t\t\t\t<section class=\"post_content\"><div class=\"elementor elementor-4640\" data-elementor-type=\"wp-post\" data-elementor-id=\"4640\" data-elementor-settings=\"[]\"><div class=\"elementor-inner\"><div class=\"elementor-section-wrap\"><section class=\"elementor-section elementor-top-section elementor-element elementor-element-82a3a99 elementor-section-boxed elementor-section-height-default elementor-section-height-default\" data-id=\"82a3a99\" data-element_type=\"section\"><div class=\"elementor-container elementor-column-gap-default\"><div class=\"elementor-row\"><div class=\"elementor-column elementor-col-100 elementor-top-column elementor-element elementor-element-0dee6e1\" data-id=\"0dee6e1\" data-element_type=\"column\"><div class=\"elementor-column-wrap elementor-element-populated\"><div class=\"elementor-widget-wrap\"><div class=\"elementor-element elementor-element-a0298b6 elementor-widget elementor-widget-text-editor\" data-id=\"a0298b6\" data-element_type=\"widget\" data-widget_type=\"text-editor.default\"><div class=\"elementor-widget-container\"><div class=\"elementor-text-editor elementor-clearfix\"><p><span style=\"color: #000000;\">Il y a des artistes que l\u2019on remarque sur sc\u00e8ne, sous la lumi\u00e8re br\u00fblante des projecteurs, et il y a ceux dont leur travail se glisse dans l\u2019ombre. Frantz Providence appartient \u00e0 cette seconde famille : celle des cr\u00e9ateurs invisibles et pourtant indispensables, ceux qui sculptent la sc\u00e8ne avant m\u00eame que les com\u00e9diens n\u2019y posent un pas. Sc\u00e9nographe par conviction autant que par instinct, il avance dans son m\u00e9tier avec un amour singulier, une attention port\u00e9e aux d\u00e9tails que d\u2019autres ne verraient pas probablement aussi facile.<\/span><\/p><p><span style=\"color: #000000;\">Dans l\u2019univers de Frantz Providence, l\u2019espace sc\u00e9nique n\u2019est ni d\u00e9coratif ni secondaire. Il est essentiel, presque vivant. Il respire, il \u00e9coute, il attend. On comprend vite, en discutant avec lui, que la sc\u00e9nographie n\u2019est pas seulement un m\u00e9tier, mais une expression de la vie sous forme artistique.<\/span><\/p><p><strong><span style=\"color: #000000;\">Des d\u00e9buts non prometteurs <\/span><\/strong><\/p><p><span style=\"color: #000000;\">Cet amant de la sc\u00e9nographie a d\u00e9couvert le th\u00e9\u00e2tre \u00e0 la vingtaine gr\u00e2ce \u00e0 deux amis qui l\u2019ont int\u00e9gr\u00e9 dans une troupe. Au d\u00e9but, il \u00e9voluait dans cette troupe en tant que com\u00e9dien et participait en m\u00eame temps \u00e0 des ateliers de cr\u00e9ation d\u2019\u0153uvres d\u2019art.<\/span><\/p><p><span style=\"color: #000000;\">Frantz explique : \u00ab Mon premier contact avec le th\u00e9\u00e2tre a \u00e9t\u00e9 assur\u00e9 par deux amis : Billy Midi et Schneider Laurent. Ils \u00e9taient des diseurs et com\u00e9diens qui offraient des spectacles un peu partout. Ils m\u2019ont int\u00e9gr\u00e9 dans une troupe qu\u2019ils avaient qui portait le nom de Dram\u2019art. J\u2019ai int\u00e9gr\u00e9 ce groupe comme com\u00e9dien. \u00bb<\/span><\/p><p><span style=\"color: #000000;\">Frantz est quelqu\u2019un qui a une grande dext\u00e9rit\u00e9 dans les t\u00e2ches manuelles. Il n\u2019investit pas trop d\u2019efforts pour saisir et concevoir un objet fait avec la main. Tr\u00e8s vite, ses talents se sont d\u00e9voil\u00e9s.<\/span><\/p><p><span style=\"color: #000000;\">Il confie que : \u00ab Depuis tout jeune je nourrissais un amour pour les travaux manuels. J\u2019ai une grande habilit\u00e9 \u00e0 travailler avec la main. J\u2019ai particip\u00e9 \u00e0 plusieurs ateliers de cr\u00e9ation d\u2019\u0153uvres d\u2019art avec Dram\u2019art. Au d\u00e9but, je ne connaissais pas trop bien le domaine. Mais, je suivais encore avec attention tous les ateliers. Ainsi, gr\u00e2ce \u00e0 ces ateliers, j\u2019ai pu d\u00e9velopper mes comp\u00e9tences pour ce m\u00e9tier. \u00bb<\/span><\/p><p><span style=\"color: #000000;\">Il se souvient encore de l\u2019une de ses premi\u00e8res exp\u00e9riences au cours de laquelle le responsable principal du projet sur lequel il travaillait, Fr\u00e9deric Vial, l\u2019a f\u00e9licit\u00e9 pour sa mani\u00e8re de faire.<\/span><\/p><p><span style=\"color: #000000;\">\u00ab Lors d\u2019une exp\u00e9rience comme stagiaire sur un projet de film de Raoul Peck, le responsable a beaucoup appr\u00e9ci\u00e9 mes comp\u00e9tences au point de me d\u00e9signer comme son assistant pour la suite du projet \u00bb, relate-t-il en affichant une certaine fiert\u00e9.<\/span><\/p><p><span style=\"color: #000000;\">Frantz a v\u00e9ritablement commenc\u00e9 sa carri\u00e8re en 2009, notamment apr\u00e8s avoir achev\u00e9 plusieurs s\u00e9ries d\u2019ateliers de formation avec Dram\u2019art. Dot\u00e9 d\u2019une grande aisance dans l\u2019accomplissement des t\u00e2ches manuelles, Frantz a vite suscit\u00e9 l\u2019attention dans ce m\u00e9tier peu connu du grand public.<\/span><\/p><p><span style=\"color: #000000;\">\u00ab J\u2019ai vraiment commenc\u00e9 \u00e0 travailler comme artisan et sc\u00e9nographe en 2009. \u00c0 partir de cette ann\u00e9e, plusieurs personnes ont commenc\u00e9 \u00e0 me contacter pour solliciter mes services \u00bb, affirme-t-il avec un air de satisfaction.<\/span><\/p><p><span style=\"color: #000000;\">Curieux de tout ce qui concerne les m\u00e9tiers du spectacle, Frantz ne reste jamais inactif. Il surveille tout. Il continue \u00e0 suivre constamment des cours et \u00e0 faire des recherches sur la sc\u00e9nographie.<\/span><\/p><p><span style=\"color: #000000;\">\u00ab Apr\u00e8s avoir r\u00e9alis\u00e9 mes premiers travaux pour des clients, je ne restais pas l\u00e0. J\u2019ai continu\u00e9 \u00e0 suivre des formations et \u00e0 faire des recherches sur le domaine afin de mieux le comprendre \u00bb, souligne-t-il.<\/span><\/p><p><span style=\"color: #000000;\">En 2012, il a laiss\u00e9 le devant de la sc\u00e8ne pour passer derri\u00e8re la sc\u00e8ne. C\u2019est un abandon d\u00e9finitif, car depuis plus de 10 ans, il reste derri\u00e8re la sc\u00e8ne. C\u2019est pour cela qu\u2019on le connait mieux comme sc\u00e9nographe que com\u00e9dien.<\/span><\/p><p><span style=\"color: #000000;\">\u00ab Depuis 2012, j\u2019ai cess\u00e9 de travailler comme com\u00e9dien pour me consacrer \u00e0 la sc\u00e9nographie. Depuis lors, je ne fais que cela : travailler comme artisan, sc\u00e9nographe et d\u00e9corateur. Sinc\u00e8rement, je me sens mieux derri\u00e8re la sc\u00e8ne \u00bb, explique-t-il.<\/span><\/p><p><span style=\"color: #000000;\">L\u2019ann\u00e9e 2013 fut importante pour lui, il a rejoint le festival Quatre Chemins et, deux ans apr\u00e8s, il s\u2019est engag\u00e9 avec le festival En Lisant. Depuis, son chemin s\u2019est trac\u00e9 lentement, par des rencontres, des collaborations, des projets qui demandent plus de c\u0153ur que de moyens. C\u2019est dans ce nouveau r\u00f4le que s\u2019est fa\u00e7onn\u00e9 son style : un m\u00e9lange de sobri\u00e9t\u00e9 m\u00e9ditative et d\u2019audace subtile.<\/span><\/p><p><strong><span style=\"color: #000000;\">La sc\u00e9nographie, l\u2019\u00e2me du spectacle <\/span><\/strong><\/p><p><span style=\"color: #000000;\">La sc\u00e9nographie est pour Frantz l\u2019\u00e2me du spectacle. Car elle rend le spectacle vivant. Sa vision de la sc\u00e9nographie transcende le simple fait d\u2019organiser un espace pour l\u2019ex\u00e9cution d\u2019un spectacle. Elle est l\u2019incarnation de la vie en terme d\u2019organisation.<\/span><\/p><p><span style=\"color: #000000;\">\u00ab Ma vision de la sc\u00e9nographie s\u2019ins\u00e8re dans celle que j\u2019ai pour la vie. La sc\u00e9nographie, c\u2019est l\u2019art qui permet d\u2019organiser un espace pour un spectacle ou tout autre \u00e9v\u00e9nement. Elle est li\u00e9e \u00e0 la vie sur ce point. Car tout comme nous organisons notre vie de mani\u00e8re quotidienne pour atteindre des objectifs, la sc\u00e9nographie suit une d\u00e9marche similaire. Elle nous permet d\u2019organiser un espace physique pour mettre en sc\u00e8ne un moment. Peu importe le moment. Il permet de cr\u00e9er un environnement au public afin de faciliter sa lecture de l\u2019\u0153uvre qui est en sc\u00e8ne \u00bb, explique-t-il.<\/span><\/p><p><span style=\"color: #000000;\">Et, il ajoute : \u00ab Dans le cin\u00e9ma, la sc\u00e9nographie, c\u2019est organiser la sc\u00e8ne. Assurer le d\u00e9cor, y compris en ajoutant de la lumi\u00e8re et du son. Dans le th\u00e9\u00e2tre, le sc\u00e9nographe travaille directement avec le metteur en sc\u00e8ne. Ils doivent travailler ensemble pour trouver une compr\u00e9hension commune du texte afin d\u2019organiser l\u2019espace th\u00e9\u00e2tral. \u00bb<\/span><\/p><p><span style=\"color: #000000;\">Le spectacle d\u00e9pend de tous les m\u00e9tiers y aff\u00e9rents. Donc pour Frantz, sans les m\u00e9tiers du spectacle, il y a pas de spectacle. Sur ce point, il avance ce qui suit : \u00ab J\u2019aime souvent le dire avec d\u2019autres amis, les m\u00e9tiers du spectacle sont aussi importants que le spectacle. Il faut avoir certes des com\u00e9diens pour le spectacle, mais il faut avoir \u00e9galement des professionnels pour concevoir la sc\u00e8ne, pour ajouter de la lumi\u00e8re et pour g\u00e9rer le son. \u00bb<\/span><\/p><p><span style=\"color: #000000;\">Frantz porte une grande attention aux objets. Pour lui, ils constituent un pilier essentiel dans la mise en sc\u00e8ne du spectacle. Il explique que les objets de fond en sc\u00e9nographie sont fabriqu\u00e9s \u00e0 partir du texte. C\u2019est la compr\u00e9hension du texte qui permet d\u2019avoir une id\u00e9e de la mani\u00e8re de les concevoir.<\/span><\/p><p><span style=\"color: #000000;\">Concernant la sc\u00e9nographie ha\u00eftienne, Frantz admet qu\u2019elle est unique. Pour lui, c\u2019est une vitrine qui expose la culture ha\u00eftienne sous divers angles.<\/span><\/p><p><span style=\"color: #000000;\">\u00ab La sc\u00e9nographie ha\u00eftienne est une vitrine qui expose la culture. La plastique ha\u00eftienne est quelque chose unique, tout comme la musique ha\u00eftienne, la peinture ha\u00eftienne ou la gastronomie ha\u00eftienne. La mani\u00e8re m\u00eame de faire les d\u00e9corations est typiquement li\u00e9e \u00e0 la culture ha\u00eftienne \u00bb, explique-t-il.<\/span><\/p><p><span style=\"color: #000000;\">Au fond, ce qui distingue vraiment Frantz Providence est cette fa\u00e7on singuli\u00e8re de penser l\u2019espace non comme un cadre, mais comme un partenaire du r\u00e9cit. Un espace qui porte, amplifie, r\u00e9v\u00e8le et qui donne du sens au spectacle.<\/span><\/p><p><strong><span style=\"color: #000000;\">La sc\u00e9nographie au quotidien <\/span><\/strong><\/p><p><span style=\"color: #000000;\">Rien ne le destinait officiellement \u00e0 devenir sc\u00e9nographe. Il n\u2019avait pas d\u2019artistes c\u00e9l\u00e8bres dans sa famille, pas de mod\u00e8les flamboyants \u00e0 imiter. Il avait seulement cette sensibilit\u00e9 particuli\u00e8re pour les formes, les volumes, les ombres, les silences qu\u2019il contemple \u00e0 longueur de journ\u00e9e dans son quartier.<\/span><\/p><p><span style=\"color: #000000;\">\u00ab Dans ma famille, il n\u2019y avait pas d\u2019artistes. J\u2019ai eu comme seul rep\u00e8re les artisans de mon quartier \u00e0 la rue du Centre, \u00e0 Port-au-Prince, qui confectionnaient des objets d\u2019art. C\u2019\u00e9tait amusant pour moi de les regarder transformer de simples d\u00e9chets m\u00e9talliques ou plastiques en v\u00e9ritable \u0153uvre d\u2019art \u00bb, affirme celui qui est maintenant responsable technique du festival Quatre Chemins.<\/span><\/p><p><span style=\"color: #000000;\">Des formations en arts visuels qu\u2019il a suivies par ci et par l\u00e0 lui offrirent un premier langage, une premi\u00e8re grammaire pour exprimer ce qu\u2019il ressentait. Maintenant, Frantz pratique que cela. La sc\u00e9nographie devient son quotidien.<\/span><\/p><p><span style=\"color: #000000;\">Depuis 2022, Frantz a mis sur pied une entreprise qui loue et confectionne des accessoires de spectacle. Frantz Providence, p\u00e8re de deux enfants, une fille et un gar\u00e7on, reste un professionnel actif du secteur artistique. Il raconte :<\/span><\/p><p><span style=\"color: #000000;\">\u00ab Cela fait trois ans depuis que j\u2019ai cr\u00e9\u00e9 une boutique qui vend, loue et cr\u00e9e des accessoires pour des spectacles. Je suis aussi artiste. Je cr\u00e9e des \u0153uvres \u00e0 partir de mat\u00e9riaux recycl\u00e9s. En fait, je travaille exclusivement dans le domaine artistique. \u00bb<\/span><\/p><p><strong><span style=\"color: #000000;\">Les obstacles d\u2019un m\u00e9tier m\u00e9connu <\/span><\/strong><\/p><p><span style=\"color: #000000;\">En Ha\u00efti, il est un fait courant que les professionnels rencontrent des obstacles dans la pratique de leur m\u00e9tier. Les sc\u00e9nographes ne sont pas exempts. Ils rencontrent d\u2019importantes difficult\u00e9s dans la pratique de ce m\u00e9tier qui est encore peu connu du grand public.<\/span><\/p><p><span style=\"color: #000000;\">Les obstacles dans ce milieu sont mat\u00e9riels, \u00e9conomiques, logistiques. Pour Frantz, le manque de budget et l\u2019absence d\u2019espace d\u00e9di\u00e9 au th\u00e9\u00e2tre sont les deux plus grands obstacles qu\u2019il rencontre depuis qu\u2019il a commenc\u00e9 \u00e0 pratiquer ce m\u00e9tier dans le pays.<\/span><\/p><p><span style=\"color: #000000;\">\u00ab Le premier obstacle dans ce m\u00e9tier est d\u2019ordre budg\u00e9taire. Il n\u2019y a pas toujours assez d\u2019argent pour investir dans le th\u00e9\u00e2tre. Le deuxi\u00e8me obstacle est li\u00e9 aux espaces. Dans le pays, les espaces de th\u00e9\u00e2tre sont rares. Ce n\u2019est pas toujours facile de trouver des espaces ad\u00e9quats pour mettre en sc\u00e8ne un spectacle. Ainsi, quand une personne vous pr\u00eate un espace, vous ne pouvez pas vraiment cr\u00e9er \u00e0 l\u2019int\u00e9rieur. Vous pouvez que vous accommodez, \u00bb confie le sc\u00e9nographe quadrag\u00e9naire.<\/span><\/p><p><span style=\"color: #000000;\">Dans un milieu o\u00f9 la crise \u00e9conomique est omnipr\u00e9sente, o\u00f9 la culture doit souvent se battre pour exister, la sc\u00e9nographie devient un exercice de patience et d\u2019ing\u00e9niosit\u00e9. Faire beaucoup avec peu, imaginer grand dans un espace exigu, improviser avec les moyens du bord : voil\u00e0 son quotidien.<\/span><\/p><p><span style=\"color: #000000;\">Il est \u00e0 noter que Frantz Providence n\u2019est pas seulement sc\u00e9nographe. Il est d\u00e9corateur, directeur son et lumi\u00e8re, metteur en sc\u00e8ne. Il travaille dans le th\u00e9\u00e2tre tout comme au cin\u00e9ma. Il a d\u00e9j\u00e0 collabor\u00e9 avec plusieurs metteurs en sc\u00e8ne et producteurs de renom du pays comme Mich\u00e8le Lemoine, Jean-Ren\u00e9 Lemoine, Rolando \u00c9tienne, Guy R\u00e9gis Junior, \u00c9li\u00e9zer Gu\u00e9rism\u00e9, Chelson Ermoza, Miracson Saint-Val, Bruno Moural, Raoul Peck, Nicolas Viell\u00e2t, pour ne citer que ceux-l\u00e0.<\/span><\/p><p><span style=\"color: #000000;\">Il reste tr\u00e8s attach\u00e9 \u00e0 la sc\u00e8ne sans pour autant \u00eatre au-devant. La sc\u00e9nographie est pour lui un moyen de toucher le public de fa\u00e7on intime et particuli\u00e8re. Un d\u00e9cor peut rappeler un souvenir, \u00e9voquer une peur, sugg\u00e9rer un espoir. C\u2019est cette interaction subtile entre espace et sensibilit\u00e9 humaine qui le passionne.<\/span><\/p><p><span style=\"color: #000000;\">Terry Vebert BELFLEUR<\/span><\/p><p><span style=\"color: #000000;\">Foto: Valencia Joseph Casimir<\/span><\/p><\/div><\/div><\/div><\/div><\/div><\/div><\/div><\/div><\/section><\/div><\/div><\/div><\/section>\t\t\t\t\t\t\t\t<\/div>\n\t\t\t\t<\/div>\n\t\t\t\t\t<\/div>\n\t\t<\/div>\n\t\t\t\t\t<\/div>\n\t\t<\/section>\n\t\t\t\t<\/div>\n\t\t","protected":false},"excerpt":{"rendered":"<p>Il y a des artistes que l\u2019on remarque sur sc\u00e8ne, sous la lumi\u00e8re br\u00fblante des projecteurs, et il y a ceux dont leur travail se glisse dans l\u2019ombre. Frantz Providence [&hellip;]<\/p>\n","protected":false},"author":990002,"featured_media":4645,"comment_status":"open","ping_status":"open","sticky":false,"template":"","format":"standard","meta":{"_FSMCFIC_featured_image_caption":"","_FSMCFIC_featured_image_nocaption":"","_FSMCFIC_featured_image_hide":"","footnotes":""},"categories":[104],"tags":[],"class_list":["post-4653","post","type-post","status-publish","format-standard","has-post-thumbnail","hentry","category-le-journal-d-en-lisant"],"yoast_head":"<!-- This site is optimized with the Yoast SEO plugin v27.0 - https:\/\/yoast.com\/product\/yoast-seo-wordpress\/ -->\n<title>Frantz Providence, l\u2019architecte discret de la sc\u00e8ne. - En Lisant festival de th\u00e9\u00e2tre<\/title>\n<meta name=\"robots\" content=\"index, follow, max-snippet:-1, max-image-preview:large, max-video-preview:-1\" \/>\n<link rel=\"canonical\" href=\"https:\/\/enlisantfestival.com\/fr\/frantz-providence-larchitecte-discret-de-la-scene\/\" \/>\n<meta property=\"og:locale\" content=\"fr_FR\" \/>\n<meta property=\"og:type\" content=\"article\" \/>\n<meta property=\"og:title\" content=\"Frantz Providence, l\u2019architecte discret de la sc\u00e8ne. - En Lisant festival de th\u00e9\u00e2tre\" \/>\n<meta property=\"og:description\" content=\"Il y a des artistes que l\u2019on remarque sur sc\u00e8ne, sous la lumi\u00e8re br\u00fblante des projecteurs, et il y a ceux dont leur travail se glisse dans l\u2019ombre. Frantz Providence [&hellip;]\" \/>\n<meta property=\"og:url\" content=\"https:\/\/enlisantfestival.com\/fr\/frantz-providence-larchitecte-discret-de-la-scene\/\" \/>\n<meta property=\"og:site_name\" content=\"En Lisant festival de th\u00e9\u00e2tre\" \/>\n<meta property=\"article:published_time\" content=\"2025-12-04T19:07:13+00:00\" \/>\n<meta property=\"article:modified_time\" content=\"2025-12-04T19:11:16+00:00\" \/>\n<meta property=\"og:image\" content=\"https:\/\/enlisantfestival.com\/fr\/wp-content\/uploads\/2025\/12\/Frantz_Providence_.jpg\" \/>\n\t<meta property=\"og:image:width\" content=\"675\" \/>\n\t<meta property=\"og:image:height\" content=\"900\" \/>\n\t<meta property=\"og:image:type\" content=\"image\/jpeg\" \/>\n<meta name=\"author\" content=\"ludwy\" \/>\n<meta name=\"twitter:card\" content=\"summary_large_image\" \/>\n<meta name=\"twitter:label1\" content=\"\u00c9crit par\" \/>\n\t<meta name=\"twitter:data1\" content=\"ludwy\" \/>\n\t<meta name=\"twitter:label2\" content=\"Dur\u00e9e de lecture estim\u00e9e\" \/>\n\t<meta name=\"twitter:data2\" content=\"18 minutes\" \/>\n<script type=\"application\/ld+json\" class=\"yoast-schema-graph\">{\"@context\":\"https:\/\/schema.org\",\"@graph\":[{\"@type\":\"Article\",\"@id\":\"https:\/\/enlisantfestival.com\/fr\/frantz-providence-larchitecte-discret-de-la-scene\/#article\",\"isPartOf\":{\"@id\":\"https:\/\/enlisantfestival.com\/fr\/frantz-providence-larchitecte-discret-de-la-scene\/\"},\"author\":{\"name\":\"ludwy\",\"@id\":\"https:\/\/enlisantfestival.com\/fr\/#\/schema\/person\/846f9c27917ef190542b1a106fd9e36e\"},\"headline\":\"Frantz Providence, l\u2019architecte discret de la sc\u00e8ne.\",\"datePublished\":\"2025-12-04T19:07:13+00:00\",\"dateModified\":\"2025-12-04T19:11:16+00:00\",\"mainEntityOfPage\":{\"@id\":\"https:\/\/enlisantfestival.com\/fr\/frantz-providence-larchitecte-discret-de-la-scene\/\"},\"wordCount\":1955,\"commentCount\":1,\"publisher\":{\"@id\":\"https:\/\/enlisantfestival.com\/fr\/#organization\"},\"image\":{\"@id\":\"https:\/\/enlisantfestival.com\/fr\/frantz-providence-larchitecte-discret-de-la-scene\/#primaryimage\"},\"thumbnailUrl\":\"https:\/\/enlisantfestival.com\/fr\/wp-content\/uploads\/2025\/12\/Frantz_Providence_.jpg\",\"articleSection\":[\"Le journal d'En Lisant\"],\"inLanguage\":\"fr-FR\",\"potentialAction\":[{\"@type\":\"CommentAction\",\"name\":\"Comment\",\"target\":[\"https:\/\/enlisantfestival.com\/fr\/frantz-providence-larchitecte-discret-de-la-scene\/#respond\"]}]},{\"@type\":\"WebPage\",\"@id\":\"https:\/\/enlisantfestival.com\/fr\/frantz-providence-larchitecte-discret-de-la-scene\/\",\"url\":\"https:\/\/enlisantfestival.com\/fr\/frantz-providence-larchitecte-discret-de-la-scene\/\",\"name\":\"Frantz Providence, l\u2019architecte discret de la sc\u00e8ne. - En Lisant festival de th\u00e9\u00e2tre\",\"isPartOf\":{\"@id\":\"https:\/\/enlisantfestival.com\/fr\/#website\"},\"primaryImageOfPage\":{\"@id\":\"https:\/\/enlisantfestival.com\/fr\/frantz-providence-larchitecte-discret-de-la-scene\/#primaryimage\"},\"image\":{\"@id\":\"https:\/\/enlisantfestival.com\/fr\/frantz-providence-larchitecte-discret-de-la-scene\/#primaryimage\"},\"thumbnailUrl\":\"https:\/\/enlisantfestival.com\/fr\/wp-content\/uploads\/2025\/12\/Frantz_Providence_.jpg\",\"datePublished\":\"2025-12-04T19:07:13+00:00\",\"dateModified\":\"2025-12-04T19:11:16+00:00\",\"breadcrumb\":{\"@id\":\"https:\/\/enlisantfestival.com\/fr\/frantz-providence-larchitecte-discret-de-la-scene\/#breadcrumb\"},\"inLanguage\":\"fr-FR\",\"potentialAction\":[{\"@type\":\"ReadAction\",\"target\":[\"https:\/\/enlisantfestival.com\/fr\/frantz-providence-larchitecte-discret-de-la-scene\/\"]}]},{\"@type\":\"ImageObject\",\"inLanguage\":\"fr-FR\",\"@id\":\"https:\/\/enlisantfestival.com\/fr\/frantz-providence-larchitecte-discret-de-la-scene\/#primaryimage\",\"url\":\"https:\/\/enlisantfestival.com\/fr\/wp-content\/uploads\/2025\/12\/Frantz_Providence_.jpg\",\"contentUrl\":\"https:\/\/enlisantfestival.com\/fr\/wp-content\/uploads\/2025\/12\/Frantz_Providence_.jpg\",\"width\":675,\"height\":900},{\"@type\":\"BreadcrumbList\",\"@id\":\"https:\/\/enlisantfestival.com\/fr\/frantz-providence-larchitecte-discret-de-la-scene\/#breadcrumb\",\"itemListElement\":[{\"@type\":\"ListItem\",\"position\":1,\"name\":\"Accueil\",\"item\":\"https:\/\/enlisantfestival.com\/fr\/\"},{\"@type\":\"ListItem\",\"position\":2,\"name\":\"Frantz Providence, l\u2019architecte discret de la sc\u00e8ne.\"}]},{\"@type\":\"WebSite\",\"@id\":\"https:\/\/enlisantfestival.com\/fr\/#website\",\"url\":\"https:\/\/enlisantfestival.com\/fr\/\",\"name\":\"En Lisant festival de th\u00e9\u00e2tre\",\"description\":\"\",\"publisher\":{\"@id\":\"https:\/\/enlisantfestival.com\/fr\/#organization\"},\"potentialAction\":[{\"@type\":\"SearchAction\",\"target\":{\"@type\":\"EntryPoint\",\"urlTemplate\":\"https:\/\/enlisantfestival.com\/fr\/?s={search_term_string}\"},\"query-input\":{\"@type\":\"PropertyValueSpecification\",\"valueRequired\":true,\"valueName\":\"search_term_string\"}}],\"inLanguage\":\"fr-FR\"},{\"@type\":\"Organization\",\"@id\":\"https:\/\/enlisantfestival.com\/fr\/#organization\",\"name\":\"En Lisant festival de th\u00e9\u00e2tre\",\"url\":\"https:\/\/enlisantfestival.com\/fr\/\",\"logo\":{\"@type\":\"ImageObject\",\"inLanguage\":\"fr-FR\",\"@id\":\"https:\/\/enlisantfestival.com\/fr\/#\/schema\/logo\/image\/\",\"url\":\"https:\/\/enlisantfestival.com\/fr\/wp-content\/uploads\/2020\/09\/en-lisant-logo.png\",\"contentUrl\":\"https:\/\/enlisantfestival.com\/fr\/wp-content\/uploads\/2020\/09\/en-lisant-logo.png\",\"width\":600,\"height\":343,\"caption\":\"En Lisant festival de th\u00e9\u00e2tre\"},\"image\":{\"@id\":\"https:\/\/enlisantfestival.com\/fr\/#\/schema\/logo\/image\/\"}},{\"@type\":\"Person\",\"@id\":\"https:\/\/enlisantfestival.com\/fr\/#\/schema\/person\/846f9c27917ef190542b1a106fd9e36e\",\"name\":\"ludwy\",\"image\":{\"@type\":\"ImageObject\",\"inLanguage\":\"fr-FR\",\"@id\":\"https:\/\/enlisantfestival.com\/fr\/#\/schema\/person\/image\/\",\"url\":\"https:\/\/secure.gravatar.com\/avatar\/b29172caf944fb66969204ce485e5a42554f3bf8c9abe8d1e070ad9e2ac4eb41?s=96&d=mm&r=g\",\"contentUrl\":\"https:\/\/secure.gravatar.com\/avatar\/b29172caf944fb66969204ce485e5a42554f3bf8c9abe8d1e070ad9e2ac4eb41?s=96&d=mm&r=g\",\"caption\":\"ludwy\"},\"url\":\"https:\/\/enlisantfestival.com\/fr\/author\/ludwy\/\"}]}<\/script>\n<!-- \/ Yoast SEO plugin. -->","yoast_head_json":{"title":"Frantz Providence, l\u2019architecte discret de la sc\u00e8ne. - En Lisant festival de th\u00e9\u00e2tre","robots":{"index":"index","follow":"follow","max-snippet":"max-snippet:-1","max-image-preview":"max-image-preview:large","max-video-preview":"max-video-preview:-1"},"canonical":"https:\/\/enlisantfestival.com\/fr\/frantz-providence-larchitecte-discret-de-la-scene\/","og_locale":"fr_FR","og_type":"article","og_title":"Frantz Providence, l\u2019architecte discret de la sc\u00e8ne. - En Lisant festival de th\u00e9\u00e2tre","og_description":"Il y a des artistes que l\u2019on remarque sur sc\u00e8ne, sous la lumi\u00e8re br\u00fblante des projecteurs, et il y a ceux dont leur travail se glisse dans l\u2019ombre. Frantz Providence [&hellip;]","og_url":"https:\/\/enlisantfestival.com\/fr\/frantz-providence-larchitecte-discret-de-la-scene\/","og_site_name":"En Lisant festival de th\u00e9\u00e2tre","article_published_time":"2025-12-04T19:07:13+00:00","article_modified_time":"2025-12-04T19:11:16+00:00","og_image":[{"width":675,"height":900,"url":"https:\/\/enlisantfestival.com\/fr\/wp-content\/uploads\/2025\/12\/Frantz_Providence_.jpg","type":"image\/jpeg"}],"author":"ludwy","twitter_card":"summary_large_image","twitter_misc":{"\u00c9crit par":"ludwy","Dur\u00e9e de lecture estim\u00e9e":"18 minutes"},"schema":{"@context":"https:\/\/schema.org","@graph":[{"@type":"Article","@id":"https:\/\/enlisantfestival.com\/fr\/frantz-providence-larchitecte-discret-de-la-scene\/#article","isPartOf":{"@id":"https:\/\/enlisantfestival.com\/fr\/frantz-providence-larchitecte-discret-de-la-scene\/"},"author":{"name":"ludwy","@id":"https:\/\/enlisantfestival.com\/fr\/#\/schema\/person\/846f9c27917ef190542b1a106fd9e36e"},"headline":"Frantz Providence, l\u2019architecte discret de la sc\u00e8ne.","datePublished":"2025-12-04T19:07:13+00:00","dateModified":"2025-12-04T19:11:16+00:00","mainEntityOfPage":{"@id":"https:\/\/enlisantfestival.com\/fr\/frantz-providence-larchitecte-discret-de-la-scene\/"},"wordCount":1955,"commentCount":1,"publisher":{"@id":"https:\/\/enlisantfestival.com\/fr\/#organization"},"image":{"@id":"https:\/\/enlisantfestival.com\/fr\/frantz-providence-larchitecte-discret-de-la-scene\/#primaryimage"},"thumbnailUrl":"https:\/\/enlisantfestival.com\/fr\/wp-content\/uploads\/2025\/12\/Frantz_Providence_.jpg","articleSection":["Le journal d'En Lisant"],"inLanguage":"fr-FR","potentialAction":[{"@type":"CommentAction","name":"Comment","target":["https:\/\/enlisantfestival.com\/fr\/frantz-providence-larchitecte-discret-de-la-scene\/#respond"]}]},{"@type":"WebPage","@id":"https:\/\/enlisantfestival.com\/fr\/frantz-providence-larchitecte-discret-de-la-scene\/","url":"https:\/\/enlisantfestival.com\/fr\/frantz-providence-larchitecte-discret-de-la-scene\/","name":"Frantz Providence, l\u2019architecte discret de la sc\u00e8ne. - En Lisant festival de th\u00e9\u00e2tre","isPartOf":{"@id":"https:\/\/enlisantfestival.com\/fr\/#website"},"primaryImageOfPage":{"@id":"https:\/\/enlisantfestival.com\/fr\/frantz-providence-larchitecte-discret-de-la-scene\/#primaryimage"},"image":{"@id":"https:\/\/enlisantfestival.com\/fr\/frantz-providence-larchitecte-discret-de-la-scene\/#primaryimage"},"thumbnailUrl":"https:\/\/enlisantfestival.com\/fr\/wp-content\/uploads\/2025\/12\/Frantz_Providence_.jpg","datePublished":"2025-12-04T19:07:13+00:00","dateModified":"2025-12-04T19:11:16+00:00","breadcrumb":{"@id":"https:\/\/enlisantfestival.com\/fr\/frantz-providence-larchitecte-discret-de-la-scene\/#breadcrumb"},"inLanguage":"fr-FR","potentialAction":[{"@type":"ReadAction","target":["https:\/\/enlisantfestival.com\/fr\/frantz-providence-larchitecte-discret-de-la-scene\/"]}]},{"@type":"ImageObject","inLanguage":"fr-FR","@id":"https:\/\/enlisantfestival.com\/fr\/frantz-providence-larchitecte-discret-de-la-scene\/#primaryimage","url":"https:\/\/enlisantfestival.com\/fr\/wp-content\/uploads\/2025\/12\/Frantz_Providence_.jpg","contentUrl":"https:\/\/enlisantfestival.com\/fr\/wp-content\/uploads\/2025\/12\/Frantz_Providence_.jpg","width":675,"height":900},{"@type":"BreadcrumbList","@id":"https:\/\/enlisantfestival.com\/fr\/frantz-providence-larchitecte-discret-de-la-scene\/#breadcrumb","itemListElement":[{"@type":"ListItem","position":1,"name":"Accueil","item":"https:\/\/enlisantfestival.com\/fr\/"},{"@type":"ListItem","position":2,"name":"Frantz Providence, l\u2019architecte discret de la sc\u00e8ne."}]},{"@type":"WebSite","@id":"https:\/\/enlisantfestival.com\/fr\/#website","url":"https:\/\/enlisantfestival.com\/fr\/","name":"En Lisant festival de th\u00e9\u00e2tre","description":"","publisher":{"@id":"https:\/\/enlisantfestival.com\/fr\/#organization"},"potentialAction":[{"@type":"SearchAction","target":{"@type":"EntryPoint","urlTemplate":"https:\/\/enlisantfestival.com\/fr\/?s={search_term_string}"},"query-input":{"@type":"PropertyValueSpecification","valueRequired":true,"valueName":"search_term_string"}}],"inLanguage":"fr-FR"},{"@type":"Organization","@id":"https:\/\/enlisantfestival.com\/fr\/#organization","name":"En Lisant festival de th\u00e9\u00e2tre","url":"https:\/\/enlisantfestival.com\/fr\/","logo":{"@type":"ImageObject","inLanguage":"fr-FR","@id":"https:\/\/enlisantfestival.com\/fr\/#\/schema\/logo\/image\/","url":"https:\/\/enlisantfestival.com\/fr\/wp-content\/uploads\/2020\/09\/en-lisant-logo.png","contentUrl":"https:\/\/enlisantfestival.com\/fr\/wp-content\/uploads\/2020\/09\/en-lisant-logo.png","width":600,"height":343,"caption":"En Lisant festival de th\u00e9\u00e2tre"},"image":{"@id":"https:\/\/enlisantfestival.com\/fr\/#\/schema\/logo\/image\/"}},{"@type":"Person","@id":"https:\/\/enlisantfestival.com\/fr\/#\/schema\/person\/846f9c27917ef190542b1a106fd9e36e","name":"ludwy","image":{"@type":"ImageObject","inLanguage":"fr-FR","@id":"https:\/\/enlisantfestival.com\/fr\/#\/schema\/person\/image\/","url":"https:\/\/secure.gravatar.com\/avatar\/b29172caf944fb66969204ce485e5a42554f3bf8c9abe8d1e070ad9e2ac4eb41?s=96&d=mm&r=g","contentUrl":"https:\/\/secure.gravatar.com\/avatar\/b29172caf944fb66969204ce485e5a42554f3bf8c9abe8d1e070ad9e2ac4eb41?s=96&d=mm&r=g","caption":"ludwy"},"url":"https:\/\/enlisantfestival.com\/fr\/author\/ludwy\/"}]}},"_links":{"self":[{"href":"https:\/\/enlisantfestival.com\/fr\/wp-json\/wp\/v2\/posts\/4653","targetHints":{"allow":["GET"]}}],"collection":[{"href":"https:\/\/enlisantfestival.com\/fr\/wp-json\/wp\/v2\/posts"}],"about":[{"href":"https:\/\/enlisantfestival.com\/fr\/wp-json\/wp\/v2\/types\/post"}],"author":[{"embeddable":true,"href":"https:\/\/enlisantfestival.com\/fr\/wp-json\/wp\/v2\/users\/990002"}],"replies":[{"embeddable":true,"href":"https:\/\/enlisantfestival.com\/fr\/wp-json\/wp\/v2\/comments?post=4653"}],"version-history":[{"count":2,"href":"https:\/\/enlisantfestival.com\/fr\/wp-json\/wp\/v2\/posts\/4653\/revisions"}],"predecessor-version":[{"id":4655,"href":"https:\/\/enlisantfestival.com\/fr\/wp-json\/wp\/v2\/posts\/4653\/revisions\/4655"}],"wp:featuredmedia":[{"embeddable":true,"href":"https:\/\/enlisantfestival.com\/fr\/wp-json\/wp\/v2\/media\/4645"}],"wp:attachment":[{"href":"https:\/\/enlisantfestival.com\/fr\/wp-json\/wp\/v2\/media?parent=4653"}],"wp:term":[{"taxonomy":"category","embeddable":true,"href":"https:\/\/enlisantfestival.com\/fr\/wp-json\/wp\/v2\/categories?post=4653"},{"taxonomy":"post_tag","embeddable":true,"href":"https:\/\/enlisantfestival.com\/fr\/wp-json\/wp\/v2\/tags?post=4653"}],"curies":[{"name":"wp","href":"https:\/\/api.w.org\/{rel}","templated":true}]}}