{"id":4668,"date":"2025-12-10T03:09:34","date_gmt":"2025-12-10T02:09:34","guid":{"rendered":"https:\/\/enlisantfestival.com\/fr\/?p=4668"},"modified":"2025-12-10T03:11:35","modified_gmt":"2025-12-10T02:11:35","slug":"edito-franketienne-la-dette-et-moi","status":"publish","type":"post","link":"https:\/\/enlisantfestival.com\/fr\/edito-franketienne-la-dette-et-moi\/","title":{"rendered":"edito: Frank\u00e9tienne, la dette et moi&#8230;"},"content":{"rendered":"\t\t<div data-elementor-type=\"wp-post\" data-elementor-id=\"4668\" class=\"elementor elementor-4668\" data-elementor-settings=\"{&quot;ha_cmc_init_switcher&quot;:&quot;no&quot;}\">\n\t\t\t\t\t\t<section class=\"elementor-section elementor-top-section elementor-element elementor-element-bf89221 elementor-section-boxed elementor-section-height-default elementor-section-height-default\" data-id=\"bf89221\" data-element_type=\"section\" data-e-type=\"section\" data-settings=\"{&quot;background_background&quot;:&quot;classic&quot;,&quot;_ha_eqh_enable&quot;:false}\">\n\t\t\t\t\t\t<div class=\"elementor-container elementor-column-gap-default\">\n\t\t\t\t\t<div class=\"elementor-column elementor-col-100 elementor-top-column elementor-element elementor-element-687d59e\" data-id=\"687d59e\" data-element_type=\"column\" data-e-type=\"column\">\n\t\t\t<div class=\"elementor-widget-wrap elementor-element-populated\">\n\t\t\t\t\t\t<div class=\"elementor-element elementor-element-3ab5223 elementor-widget elementor-widget-text-editor\" data-id=\"3ab5223\" data-element_type=\"widget\" data-e-type=\"widget\" data-widget_type=\"text-editor.default\">\n\t\t\t\t<div class=\"elementor-widget-container\">\n\t\t\t\t\t\t\t\t\t<p><span style=\"color: #000000;\">Quelles sinistres co\u00efncidences ont fait mourir Frank\u00e9tienne l&#8217;ann\u00e9e de la comm\u00e9moration du bicentenaire de la dette de l&#8217;ind\u00e9pendance ?<\/span><br \/><span style=\"color: #000000;\">Cette disparition, ne serait-ce pas un t\u00e9lescopage brutal entre le Mapou abattu et le rappel amer de cette ran\u00e7on qui a hypoth\u00e9qu\u00e9 l&#8217;avenir d&#8217;une nation d\u00e8s le berceau ? Lui, le simid\u00f2 du &#8220;Chaos-monde&#8221;, s&#8217;\u00e9clipse au moment pr\u00e9cis o\u00f9 l&#8217;Histoire nous force \u00e0 regarder en face la racine chiffr\u00e9e de notre effondrement.<\/span><\/p><p><span style=\"color: #000000;\">Pour cette 10e \u00e9dition d&#8217;En Lisant, le &#8220;Moi&#8221; de cet \u00e9ditorial se dissout forc\u00e9ment dans un &#8220;Nous&#8221; douloureux, mais debout. Car, en d\u00e9non\u00e7ant la zombification des fossoyeurs de l&#8217;ab\u00eeme, Frank\u00e9tienne n&#8217;a jamais cess\u00e9 de d\u00e9cortiquer la folie n\u00e9e de cette dette originelle, cette &#8220;M\u00e8re des mis\u00e8res&#8221; qui a transform\u00e9 notre \u00e9pop\u00e9e de 1804 en une libert\u00e9 surveill\u00e9e, une libert\u00e9 affam\u00e9e. Il a su, mieux que quiconque, mettre en spirale nos ventres creux et nos t\u00eates pleines de bruits et de fureurs.<\/span><br \/><span style=\"color: #000000;\">Il est parti sans avoir vu la fin du remboursement moral de cette iniquit\u00e9, mais il nous laisse les outils pour ne jamais cesser de la contester.<\/span><br \/><span style=\"color: #000000;\">Alors, comment lire aujourd&#8217;hui sans sa voix vivante pour rythmer notre d\u00e9lire ? Cette \u00e9dition ne sera pas un simple hommage. Elle sera un Dezafi renouvel\u00e9. Honorer Frank\u00e9tienne en 2025, ann\u00e9e du bicentenaire de l&#8217;infamie, c&#8217;est refuser que la honte soit notre seule d\u00e9finition. C&#8217;est empoigner son \u0153uvre comme une arme miraculeuse pour trancher, enfin, les derniers liens de cette servitude \u00e9conomique et mentale.<\/span><\/p><p><span style=\"color: #000000;\">Certes, le Mapou est tomb\u00e9 dans la graisse obscure des comm\u00e9morations douteuses, mais ses racines ont d\u00e9j\u00e0 l\u00e9zard\u00e9 le b\u00e9ton de nos renoncements. \u00c0 nous, maintenant, de vous proposer une programmation \u00e0 hauteur de sa l\u00e9gende. \u00c0 vous de la d\u00e9couvrir. Vous et nous avons le devoir de perp\u00e9tuer sa m\u00e9moire. Plus forte que jamais.<\/span><\/p><p><strong><span style=\"color: #000000;\">James Pubien<\/span><\/strong><br \/><strong><span style=\"color: #000000;\"><em>5 novembre 2025<\/em><\/span><\/strong><br \/><strong><span style=\"color: #000000;\"><em>Port-au-Prince<\/em><\/span><\/strong><\/p><p><span style=\"color: #000000;\">CP: En Lisant<\/span><\/p>\t\t\t\t\t\t\t\t<\/div>\n\t\t\t\t<\/div>\n\t\t\t\t\t<\/div>\n\t\t<\/div>\n\t\t\t\t\t<\/div>\n\t\t<\/section>\n\t\t\t\t<\/div>\n\t\t","protected":false},"excerpt":{"rendered":"<p>Quelles sinistres co\u00efncidences ont fait mourir Frank\u00e9tienne l&#8217;ann\u00e9e de la comm\u00e9moration du bicentenaire de la dette de l&#8217;ind\u00e9pendance ?Cette disparition, ne serait-ce pas un t\u00e9lescopage brutal entre le Mapou abattu [&hellip;]<\/p>\n","protected":false},"author":990002,"featured_media":4661,"comment_status":"open","ping_status":"open","sticky":false,"template":"","format":"standard","meta":{"_FSMCFIC_featured_image_caption":"","_FSMCFIC_featured_image_nocaption":"","_FSMCFIC_featured_image_hide":"","footnotes":""},"categories":[104],"tags":[],"class_list":["post-4668","post","type-post","status-publish","format-standard","has-post-thumbnail","hentry","category-le-journal-d-en-lisant"],"yoast_head":"<!-- This site is optimized with the Yoast SEO plugin v27.0 - https:\/\/yoast.com\/product\/yoast-seo-wordpress\/ -->\n<title>edito: Frank\u00e9tienne, la dette et moi... - En Lisant festival de th\u00e9\u00e2tre<\/title>\n<meta name=\"robots\" content=\"index, follow, max-snippet:-1, max-image-preview:large, max-video-preview:-1\" \/>\n<link rel=\"canonical\" href=\"https:\/\/enlisantfestival.com\/fr\/edito-franketienne-la-dette-et-moi\/\" \/>\n<meta property=\"og:locale\" content=\"fr_FR\" \/>\n<meta property=\"og:type\" content=\"article\" \/>\n<meta property=\"og:title\" content=\"edito: Frank\u00e9tienne, la dette et moi... - En Lisant festival de th\u00e9\u00e2tre\" \/>\n<meta property=\"og:description\" content=\"Quelles sinistres co\u00efncidences ont fait mourir Frank\u00e9tienne l&#8217;ann\u00e9e de la comm\u00e9moration du bicentenaire de la dette de l&#8217;ind\u00e9pendance ?Cette disparition, ne serait-ce pas un t\u00e9lescopage brutal entre le Mapou abattu [&hellip;]\" \/>\n<meta property=\"og:url\" content=\"https:\/\/enlisantfestival.com\/fr\/edito-franketienne-la-dette-et-moi\/\" \/>\n<meta property=\"og:site_name\" content=\"En Lisant festival de th\u00e9\u00e2tre\" \/>\n<meta property=\"article:published_time\" content=\"2025-12-10T02:09:34+00:00\" \/>\n<meta property=\"article:modified_time\" content=\"2025-12-10T02:11:35+00:00\" \/>\n<meta property=\"og:image\" content=\"https:\/\/enlisantfestival.com\/fr\/wp-content\/uploads\/2025\/12\/JamesPubien.jpg\" \/>\n\t<meta property=\"og:image:width\" content=\"1875\" \/>\n\t<meta property=\"og:image:height\" content=\"1250\" \/>\n\t<meta property=\"og:image:type\" content=\"image\/jpeg\" \/>\n<meta name=\"author\" content=\"ludwy\" \/>\n<meta name=\"twitter:card\" content=\"summary_large_image\" \/>\n<meta name=\"twitter:label1\" content=\"\u00c9crit par\" \/>\n\t<meta name=\"twitter:data1\" content=\"ludwy\" \/>\n\t<meta name=\"twitter:label2\" content=\"Dur\u00e9e de lecture estim\u00e9e\" \/>\n\t<meta name=\"twitter:data2\" content=\"2 minutes\" \/>\n<script type=\"application\/ld+json\" class=\"yoast-schema-graph\">{\"@context\":\"https:\/\/schema.org\",\"@graph\":[{\"@type\":\"Article\",\"@id\":\"https:\/\/enlisantfestival.com\/fr\/edito-franketienne-la-dette-et-moi\/#article\",\"isPartOf\":{\"@id\":\"https:\/\/enlisantfestival.com\/fr\/edito-franketienne-la-dette-et-moi\/\"},\"author\":{\"name\":\"ludwy\",\"@id\":\"https:\/\/enlisantfestival.com\/fr\/#\/schema\/person\/846f9c27917ef190542b1a106fd9e36e\"},\"headline\":\"edito: Frank\u00e9tienne, la dette et moi&#8230;\",\"datePublished\":\"2025-12-10T02:09:34+00:00\",\"dateModified\":\"2025-12-10T02:11:35+00:00\",\"mainEntityOfPage\":{\"@id\":\"https:\/\/enlisantfestival.com\/fr\/edito-franketienne-la-dette-et-moi\/\"},\"wordCount\":340,\"commentCount\":0,\"publisher\":{\"@id\":\"https:\/\/enlisantfestival.com\/fr\/#organization\"},\"image\":{\"@id\":\"https:\/\/enlisantfestival.com\/fr\/edito-franketienne-la-dette-et-moi\/#primaryimage\"},\"thumbnailUrl\":\"https:\/\/enlisantfestival.com\/fr\/wp-content\/uploads\/2025\/12\/JamesPubien.jpg\",\"articleSection\":[\"Le journal d'En Lisant\"],\"inLanguage\":\"fr-FR\",\"potentialAction\":[{\"@type\":\"CommentAction\",\"name\":\"Comment\",\"target\":[\"https:\/\/enlisantfestival.com\/fr\/edito-franketienne-la-dette-et-moi\/#respond\"]}]},{\"@type\":\"WebPage\",\"@id\":\"https:\/\/enlisantfestival.com\/fr\/edito-franketienne-la-dette-et-moi\/\",\"url\":\"https:\/\/enlisantfestival.com\/fr\/edito-franketienne-la-dette-et-moi\/\",\"name\":\"edito: Frank\u00e9tienne, la dette et moi... - En Lisant festival de th\u00e9\u00e2tre\",\"isPartOf\":{\"@id\":\"https:\/\/enlisantfestival.com\/fr\/#website\"},\"primaryImageOfPage\":{\"@id\":\"https:\/\/enlisantfestival.com\/fr\/edito-franketienne-la-dette-et-moi\/#primaryimage\"},\"image\":{\"@id\":\"https:\/\/enlisantfestival.com\/fr\/edito-franketienne-la-dette-et-moi\/#primaryimage\"},\"thumbnailUrl\":\"https:\/\/enlisantfestival.com\/fr\/wp-content\/uploads\/2025\/12\/JamesPubien.jpg\",\"datePublished\":\"2025-12-10T02:09:34+00:00\",\"dateModified\":\"2025-12-10T02:11:35+00:00\",\"breadcrumb\":{\"@id\":\"https:\/\/enlisantfestival.com\/fr\/edito-franketienne-la-dette-et-moi\/#breadcrumb\"},\"inLanguage\":\"fr-FR\",\"potentialAction\":[{\"@type\":\"ReadAction\",\"target\":[\"https:\/\/enlisantfestival.com\/fr\/edito-franketienne-la-dette-et-moi\/\"]}]},{\"@type\":\"ImageObject\",\"inLanguage\":\"fr-FR\",\"@id\":\"https:\/\/enlisantfestival.com\/fr\/edito-franketienne-la-dette-et-moi\/#primaryimage\",\"url\":\"https:\/\/enlisantfestival.com\/fr\/wp-content\/uploads\/2025\/12\/JamesPubien.jpg\",\"contentUrl\":\"https:\/\/enlisantfestival.com\/fr\/wp-content\/uploads\/2025\/12\/JamesPubien.jpg\",\"width\":1875,\"height\":1250},{\"@type\":\"BreadcrumbList\",\"@id\":\"https:\/\/enlisantfestival.com\/fr\/edito-franketienne-la-dette-et-moi\/#breadcrumb\",\"itemListElement\":[{\"@type\":\"ListItem\",\"position\":1,\"name\":\"Accueil\",\"item\":\"https:\/\/enlisantfestival.com\/fr\/\"},{\"@type\":\"ListItem\",\"position\":2,\"name\":\"edito: Frank\u00e9tienne, la dette et moi&#8230;\"}]},{\"@type\":\"WebSite\",\"@id\":\"https:\/\/enlisantfestival.com\/fr\/#website\",\"url\":\"https:\/\/enlisantfestival.com\/fr\/\",\"name\":\"En Lisant festival de th\u00e9\u00e2tre\",\"description\":\"\",\"publisher\":{\"@id\":\"https:\/\/enlisantfestival.com\/fr\/#organization\"},\"potentialAction\":[{\"@type\":\"SearchAction\",\"target\":{\"@type\":\"EntryPoint\",\"urlTemplate\":\"https:\/\/enlisantfestival.com\/fr\/?s={search_term_string}\"},\"query-input\":{\"@type\":\"PropertyValueSpecification\",\"valueRequired\":true,\"valueName\":\"search_term_string\"}}],\"inLanguage\":\"fr-FR\"},{\"@type\":\"Organization\",\"@id\":\"https:\/\/enlisantfestival.com\/fr\/#organization\",\"name\":\"En Lisant festival de th\u00e9\u00e2tre\",\"url\":\"https:\/\/enlisantfestival.com\/fr\/\",\"logo\":{\"@type\":\"ImageObject\",\"inLanguage\":\"fr-FR\",\"@id\":\"https:\/\/enlisantfestival.com\/fr\/#\/schema\/logo\/image\/\",\"url\":\"https:\/\/enlisantfestival.com\/fr\/wp-content\/uploads\/2020\/09\/en-lisant-logo.png\",\"contentUrl\":\"https:\/\/enlisantfestival.com\/fr\/wp-content\/uploads\/2020\/09\/en-lisant-logo.png\",\"width\":600,\"height\":343,\"caption\":\"En Lisant festival de th\u00e9\u00e2tre\"},\"image\":{\"@id\":\"https:\/\/enlisantfestival.com\/fr\/#\/schema\/logo\/image\/\"}},{\"@type\":\"Person\",\"@id\":\"https:\/\/enlisantfestival.com\/fr\/#\/schema\/person\/846f9c27917ef190542b1a106fd9e36e\",\"name\":\"ludwy\",\"image\":{\"@type\":\"ImageObject\",\"inLanguage\":\"fr-FR\",\"@id\":\"https:\/\/enlisantfestival.com\/fr\/#\/schema\/person\/image\/\",\"url\":\"https:\/\/secure.gravatar.com\/avatar\/b29172caf944fb66969204ce485e5a42554f3bf8c9abe8d1e070ad9e2ac4eb41?s=96&d=mm&r=g\",\"contentUrl\":\"https:\/\/secure.gravatar.com\/avatar\/b29172caf944fb66969204ce485e5a42554f3bf8c9abe8d1e070ad9e2ac4eb41?s=96&d=mm&r=g\",\"caption\":\"ludwy\"},\"url\":\"https:\/\/enlisantfestival.com\/fr\/author\/ludwy\/\"}]}<\/script>\n<!-- \/ Yoast SEO plugin. -->","yoast_head_json":{"title":"edito: Frank\u00e9tienne, la dette et moi... - En Lisant festival de th\u00e9\u00e2tre","robots":{"index":"index","follow":"follow","max-snippet":"max-snippet:-1","max-image-preview":"max-image-preview:large","max-video-preview":"max-video-preview:-1"},"canonical":"https:\/\/enlisantfestival.com\/fr\/edito-franketienne-la-dette-et-moi\/","og_locale":"fr_FR","og_type":"article","og_title":"edito: Frank\u00e9tienne, la dette et moi... - En Lisant festival de th\u00e9\u00e2tre","og_description":"Quelles sinistres co\u00efncidences ont fait mourir Frank\u00e9tienne l&#8217;ann\u00e9e de la comm\u00e9moration du bicentenaire de la dette de l&#8217;ind\u00e9pendance ?Cette disparition, ne serait-ce pas un t\u00e9lescopage brutal entre le Mapou abattu [&hellip;]","og_url":"https:\/\/enlisantfestival.com\/fr\/edito-franketienne-la-dette-et-moi\/","og_site_name":"En Lisant festival de th\u00e9\u00e2tre","article_published_time":"2025-12-10T02:09:34+00:00","article_modified_time":"2025-12-10T02:11:35+00:00","og_image":[{"width":1875,"height":1250,"url":"https:\/\/enlisantfestival.com\/fr\/wp-content\/uploads\/2025\/12\/JamesPubien.jpg","type":"image\/jpeg"}],"author":"ludwy","twitter_card":"summary_large_image","twitter_misc":{"\u00c9crit par":"ludwy","Dur\u00e9e de lecture estim\u00e9e":"2 minutes"},"schema":{"@context":"https:\/\/schema.org","@graph":[{"@type":"Article","@id":"https:\/\/enlisantfestival.com\/fr\/edito-franketienne-la-dette-et-moi\/#article","isPartOf":{"@id":"https:\/\/enlisantfestival.com\/fr\/edito-franketienne-la-dette-et-moi\/"},"author":{"name":"ludwy","@id":"https:\/\/enlisantfestival.com\/fr\/#\/schema\/person\/846f9c27917ef190542b1a106fd9e36e"},"headline":"edito: Frank\u00e9tienne, la dette et moi&#8230;","datePublished":"2025-12-10T02:09:34+00:00","dateModified":"2025-12-10T02:11:35+00:00","mainEntityOfPage":{"@id":"https:\/\/enlisantfestival.com\/fr\/edito-franketienne-la-dette-et-moi\/"},"wordCount":340,"commentCount":0,"publisher":{"@id":"https:\/\/enlisantfestival.com\/fr\/#organization"},"image":{"@id":"https:\/\/enlisantfestival.com\/fr\/edito-franketienne-la-dette-et-moi\/#primaryimage"},"thumbnailUrl":"https:\/\/enlisantfestival.com\/fr\/wp-content\/uploads\/2025\/12\/JamesPubien.jpg","articleSection":["Le journal d'En Lisant"],"inLanguage":"fr-FR","potentialAction":[{"@type":"CommentAction","name":"Comment","target":["https:\/\/enlisantfestival.com\/fr\/edito-franketienne-la-dette-et-moi\/#respond"]}]},{"@type":"WebPage","@id":"https:\/\/enlisantfestival.com\/fr\/edito-franketienne-la-dette-et-moi\/","url":"https:\/\/enlisantfestival.com\/fr\/edito-franketienne-la-dette-et-moi\/","name":"edito: Frank\u00e9tienne, la dette et moi... - En Lisant festival de th\u00e9\u00e2tre","isPartOf":{"@id":"https:\/\/enlisantfestival.com\/fr\/#website"},"primaryImageOfPage":{"@id":"https:\/\/enlisantfestival.com\/fr\/edito-franketienne-la-dette-et-moi\/#primaryimage"},"image":{"@id":"https:\/\/enlisantfestival.com\/fr\/edito-franketienne-la-dette-et-moi\/#primaryimage"},"thumbnailUrl":"https:\/\/enlisantfestival.com\/fr\/wp-content\/uploads\/2025\/12\/JamesPubien.jpg","datePublished":"2025-12-10T02:09:34+00:00","dateModified":"2025-12-10T02:11:35+00:00","breadcrumb":{"@id":"https:\/\/enlisantfestival.com\/fr\/edito-franketienne-la-dette-et-moi\/#breadcrumb"},"inLanguage":"fr-FR","potentialAction":[{"@type":"ReadAction","target":["https:\/\/enlisantfestival.com\/fr\/edito-franketienne-la-dette-et-moi\/"]}]},{"@type":"ImageObject","inLanguage":"fr-FR","@id":"https:\/\/enlisantfestival.com\/fr\/edito-franketienne-la-dette-et-moi\/#primaryimage","url":"https:\/\/enlisantfestival.com\/fr\/wp-content\/uploads\/2025\/12\/JamesPubien.jpg","contentUrl":"https:\/\/enlisantfestival.com\/fr\/wp-content\/uploads\/2025\/12\/JamesPubien.jpg","width":1875,"height":1250},{"@type":"BreadcrumbList","@id":"https:\/\/enlisantfestival.com\/fr\/edito-franketienne-la-dette-et-moi\/#breadcrumb","itemListElement":[{"@type":"ListItem","position":1,"name":"Accueil","item":"https:\/\/enlisantfestival.com\/fr\/"},{"@type":"ListItem","position":2,"name":"edito: Frank\u00e9tienne, la dette et moi&#8230;"}]},{"@type":"WebSite","@id":"https:\/\/enlisantfestival.com\/fr\/#website","url":"https:\/\/enlisantfestival.com\/fr\/","name":"En Lisant festival de th\u00e9\u00e2tre","description":"","publisher":{"@id":"https:\/\/enlisantfestival.com\/fr\/#organization"},"potentialAction":[{"@type":"SearchAction","target":{"@type":"EntryPoint","urlTemplate":"https:\/\/enlisantfestival.com\/fr\/?s={search_term_string}"},"query-input":{"@type":"PropertyValueSpecification","valueRequired":true,"valueName":"search_term_string"}}],"inLanguage":"fr-FR"},{"@type":"Organization","@id":"https:\/\/enlisantfestival.com\/fr\/#organization","name":"En Lisant festival de th\u00e9\u00e2tre","url":"https:\/\/enlisantfestival.com\/fr\/","logo":{"@type":"ImageObject","inLanguage":"fr-FR","@id":"https:\/\/enlisantfestival.com\/fr\/#\/schema\/logo\/image\/","url":"https:\/\/enlisantfestival.com\/fr\/wp-content\/uploads\/2020\/09\/en-lisant-logo.png","contentUrl":"https:\/\/enlisantfestival.com\/fr\/wp-content\/uploads\/2020\/09\/en-lisant-logo.png","width":600,"height":343,"caption":"En Lisant festival de th\u00e9\u00e2tre"},"image":{"@id":"https:\/\/enlisantfestival.com\/fr\/#\/schema\/logo\/image\/"}},{"@type":"Person","@id":"https:\/\/enlisantfestival.com\/fr\/#\/schema\/person\/846f9c27917ef190542b1a106fd9e36e","name":"ludwy","image":{"@type":"ImageObject","inLanguage":"fr-FR","@id":"https:\/\/enlisantfestival.com\/fr\/#\/schema\/person\/image\/","url":"https:\/\/secure.gravatar.com\/avatar\/b29172caf944fb66969204ce485e5a42554f3bf8c9abe8d1e070ad9e2ac4eb41?s=96&d=mm&r=g","contentUrl":"https:\/\/secure.gravatar.com\/avatar\/b29172caf944fb66969204ce485e5a42554f3bf8c9abe8d1e070ad9e2ac4eb41?s=96&d=mm&r=g","caption":"ludwy"},"url":"https:\/\/enlisantfestival.com\/fr\/author\/ludwy\/"}]}},"_links":{"self":[{"href":"https:\/\/enlisantfestival.com\/fr\/wp-json\/wp\/v2\/posts\/4668","targetHints":{"allow":["GET"]}}],"collection":[{"href":"https:\/\/enlisantfestival.com\/fr\/wp-json\/wp\/v2\/posts"}],"about":[{"href":"https:\/\/enlisantfestival.com\/fr\/wp-json\/wp\/v2\/types\/post"}],"author":[{"embeddable":true,"href":"https:\/\/enlisantfestival.com\/fr\/wp-json\/wp\/v2\/users\/990002"}],"replies":[{"embeddable":true,"href":"https:\/\/enlisantfestival.com\/fr\/wp-json\/wp\/v2\/comments?post=4668"}],"version-history":[{"count":2,"href":"https:\/\/enlisantfestival.com\/fr\/wp-json\/wp\/v2\/posts\/4668\/revisions"}],"predecessor-version":[{"id":4670,"href":"https:\/\/enlisantfestival.com\/fr\/wp-json\/wp\/v2\/posts\/4668\/revisions\/4670"}],"wp:featuredmedia":[{"embeddable":true,"href":"https:\/\/enlisantfestival.com\/fr\/wp-json\/wp\/v2\/media\/4661"}],"wp:attachment":[{"href":"https:\/\/enlisantfestival.com\/fr\/wp-json\/wp\/v2\/media?parent=4668"}],"wp:term":[{"taxonomy":"category","embeddable":true,"href":"https:\/\/enlisantfestival.com\/fr\/wp-json\/wp\/v2\/categories?post=4668"},{"taxonomy":"post_tag","embeddable":true,"href":"https:\/\/enlisantfestival.com\/fr\/wp-json\/wp\/v2\/tags?post=4668"}],"curies":[{"name":"wp","href":"https:\/\/api.w.org\/{rel}","templated":true}]}}