{"id":4701,"date":"2026-04-01T20:27:34","date_gmt":"2026-04-01T18:27:34","guid":{"rendered":"https:\/\/enlisantfestival.com\/fr\/?p=4701"},"modified":"2026-04-01T20:51:22","modified_gmt":"2026-04-01T18:51:22","slug":"dans-les-camps-des-enfants-transforment-la-violence-en-scene","status":"publish","type":"post","link":"https:\/\/enlisantfestival.com\/fr\/dans-les-camps-des-enfants-transforment-la-violence-en-scene\/","title":{"rendered":"Dans les camps, des enfants transforment la violence en sc\u00e8ne"},"content":{"rendered":"\t\t<div data-elementor-type=\"wp-post\" data-elementor-id=\"4701\" class=\"elementor elementor-4701\" data-elementor-settings=\"{&quot;ha_cmc_init_switcher&quot;:&quot;no&quot;}\">\n\t\t\t\t\t\t<section class=\"elementor-section elementor-top-section elementor-element elementor-element-d6990b0 elementor-section-boxed elementor-section-height-default elementor-section-height-default\" data-id=\"d6990b0\" data-element_type=\"section\" data-e-type=\"section\" data-settings=\"{&quot;background_background&quot;:&quot;classic&quot;,&quot;_ha_eqh_enable&quot;:false}\">\n\t\t\t\t\t\t<div class=\"elementor-container elementor-column-gap-default\">\n\t\t\t\t\t<div class=\"elementor-column elementor-col-100 elementor-top-column elementor-element elementor-element-c991fc0\" data-id=\"c991fc0\" data-element_type=\"column\" data-e-type=\"column\">\n\t\t\t<div class=\"elementor-widget-wrap elementor-element-populated\">\n\t\t\t\t\t\t<div class=\"elementor-element elementor-element-7ca6f0a elementor-widget elementor-widget-text-editor\" data-id=\"7ca6f0a\" data-element_type=\"widget\" data-e-type=\"widget\" data-widget_type=\"text-editor.default\">\n\t\t\t\t<div class=\"elementor-widget-container\">\n\t\t\t\t\t\t\t\t\t<p><span style=\"color: #000000;\">La violence acharn\u00e9e des groupes arm\u00e9s en Ha\u00efti pousse toutes les cat\u00e9gories sociales \u00e0 fuir, m\u00eame les enfants ne sont pas \u00e9pargn\u00e9s. Au milieu de ce chaos, les enfants d\u00e9cident de faire du th\u00e9\u00e2tre. Un moyen pour se lib\u00e9rer et s\u2019exprimer. \u00a0En atelier de r\u00e9p\u00e9tition, leurs gestes sont h\u00e9sitants, leurs voix tremblent encore, mais quelque chose d\u2019essentiel est en train de na\u00eetre : une parole lib\u00e9r\u00e9e.<\/span><\/p><p><span style=\"color: #000000;\">Ces enfants ont en commun une histoire lourde. Ils ont fui la violence des gangs qui ravage plusieurs quartiers de Port-au-Prince. Certains ont vu leur maison incendi\u00e9e, d\u2019autres ont perdu des proches. Tous vivent aujourd\u2019hui dans des conditions pr\u00e9caires, entass\u00e9s dans des camps o\u00f9 l\u2019acc\u00e8s \u00e0 l\u2019eau, \u00e0 la nourriture et \u00e0 l\u2019\u00e9ducation reste limit\u00e9. Pourtant, au milieu de cette d\u00e9tresse, la Brigade d\u2019Intervention Th\u00e9\u00e2trale-Ha\u00efti (BIT-Ha\u00efti) leur offre un espace de reconstruction : des ateliers de th\u00e9\u00e2tre.<\/span><\/p><h4><strong><span style=\"color: #000000;\">Le th\u00e9\u00e2tre comme refuge<\/span><\/strong><\/h4><p><span style=\"color: #000000;\">Pendant deux semaines, des animateurs et animatrices de la Brigade d\u2019Intervention Th\u00e9\u00e2trale-Ha\u00efti (BIT-Ha\u00efti) offrent des sessions de formation en th\u00e9\u00e2tre \u00e0 10 enfants, dans le cadre du projet \u00ab Th\u00e9\u00e2tre contre la violence \u00bb. L\u2019objectif n\u2019est pas seulement artistique. Il s\u2019agit avant tout d\u2019un travail th\u00e9rapeutique, permettant aux enfants de mettre des mots sur leurs traumatismes.<\/span><\/p><p><span style=\"color: #000000;\">\u00ab\u00a0Quand je joue au th\u00e9\u00e2tre, je me sens bien. Le th\u00e9\u00e2tre me permet de faire de grandes d\u00e9couvertes\u00a0\u00bb, confie Nicson, 12 ans, les yeux fix\u00e9s sur le sol.<\/span><\/p><p><span style=\"color: #000000;\">Les exercices commencent souvent par des jeux simples : respiration, expression corporelle, improvisation. Puis, peu \u00e0 peu, les enfants sont invit\u00e9s \u00e0 raconter leurs histoires. Ces r\u00e9cits deviennent la mati\u00e8re premi\u00e8re des pi\u00e8ces qu\u2019ils construisent ensemble sous le leadership des moniteurs et monitrices.<\/span><\/p><p><span style=\"color: #000000;\">\u00ab Nous commen\u00e7ons toujours par une s\u00e9rie d&#8217;exercices corporels et vocaux. Cela leur permet non seulement de se concentrer, ce qui est toujours difficile, mais aussi de comprendre l&#8217;importance du corps et de la voix dans la pratique th\u00e9\u00e2trale \u00bb, explique Daphena Remedor, coanimatrice des ateliers aux c\u00f4t\u00e9s de Jenny Cadet dans le projet.<\/span><\/p><p><span style=\"color: #000000;\"><img fetchpriority=\"high\" decoding=\"async\" class=\"alignnone size-medium wp-image-4702 aligncenter\" src=\"https:\/\/enlisantfestival.com\/fr\/wp-content\/uploads\/2026\/04\/Camp_enfance_violence_Scene_04-300x240.jpg\" alt=\"\" width=\"300\" height=\"240\" srcset=\"https:\/\/enlisantfestival.com\/fr\/wp-content\/uploads\/2026\/04\/Camp_enfance_violence_Scene_04-300x240.jpg 300w, https:\/\/enlisantfestival.com\/fr\/wp-content\/uploads\/2026\/04\/Camp_enfance_violence_Scene_04-1024x819.jpg 1024w, https:\/\/enlisantfestival.com\/fr\/wp-content\/uploads\/2026\/04\/Camp_enfance_violence_Scene_04-768x614.jpg 768w, https:\/\/enlisantfestival.com\/fr\/wp-content\/uploads\/2026\/04\/Camp_enfance_violence_Scene_04.jpg 1200w\" sizes=\"(max-width: 300px) 100vw, 300px\" \/><\/span><\/p><h4><strong><span style=\"color: #000000;\">Des quotidiens difficiles<\/span><\/strong><\/h4><p><span style=\"color: #000000;\">Lors des r\u00e9p\u00e9titions, les enfants racontent leurs exp\u00e9riences quotidiennes. Un jour, une fille du groupe partage son histoire : des hommes consomment des produits toxiques ouvertement, sous les yeux de tous. Ils laissent \u00e9chapper des fum\u00e9es qu\u2019ils imposent aux personnes autour d\u2019eux. Sa voix se brise, mais elle continue.<\/span><\/p><p><span style=\"color: #000000;\">\u00ab\u00a0Ils nous obligent \u00e0 respirer l\u2019odeur de leurs produits d\u00e9lib\u00e9r\u00e9ment\u00a0\u00bb, raconte Stella avec d\u00e9go\u00fbt.<\/span><\/p><p><span style=\"color: #000000;\">\u00ab\u00a0Je n\u2019ai aucun bon souvenir du camp jusque-l\u00e0. Pour moi, on ne peut pas \u00e9voquer des choses positives quand vous vivez dans un espace pareil. Ici, il n\u2019y a rien d&#8217;agr\u00e9able\u00a0\u00bb, ajoute-t-elle.<\/span><\/p><p><span style=\"color: #000000;\">\u00ab \u00c0 la maison, quand il pleuvait, je n&#8217;avais aucun souci. Maintenant ce n&#8217;est plus le cas, quand il pleut je n&#8217;arrive pas \u00e0 dormir \u00bb, rench\u00e9rit-elle.<\/span><\/p><p><span style=\"color: #000000;\">Jennifer, de son c\u00f4t\u00e9, raconte toutes ses difficult\u00e9s dans le camp du Lyc\u00e9e Marie-Jeanne o\u00f9 elle r\u00e9side avec sa famille depuis qu&#8217;elle a laiss\u00e9 sa maison \u00e0 Carrefour-Feuilles, sous la menace des hommes arm\u00e9s.<\/span><\/p><p><span style=\"color: #000000;\">\u00ab\u00a0C\u2019est difficile pour nous de vivre dans les camps. C\u2019\u00e9tait mieux quand j\u2019\u00e9tais \u00e0 la maison\u00a0\u00bb, explique Jennifer, l\u2019\u00e9l\u00e8ve en 6\u00e8me Ann\u00e9e Fondamentale.<\/span><\/p><p><span style=\"color: #000000;\">Elle se souvient encore d&#8217;une horrible soir\u00e9e qu&#8217;elle a v\u00e9cue dans un site de d\u00e9plac\u00e9s.<\/span><\/p><p><span style=\"color: #000000;\">\u00ab Un soir, on \u00e9tait sur le site et on a d\u00fb partir parce qu\u2019ils ont lance du gaz lacrymog\u00e8ne \u00bb, explique-t-elle avec douleur.<\/span><\/p><p><span style=\"color: #000000;\">Les v\u00e9cus quotidiens de ces enfants sont plus tragiques les uns que les autres. Mais, malgr\u00e9 tout cela, les enfants ont de grands r\u00eaves.<\/span><\/p><p><span style=\"color: #000000;\">\u00ab\u00a0Moi, je veux devenir com\u00e9dien \u00e0 l&#8217;avenir car j&#8217;aime le th\u00e9\u00e2tre \u00bb, lance fi\u00e8rement Nicson. \u00ab Je veux avoir \u00e9galement beaucoup de moyens pour aider les enfants \u00bb, poursuit-il.<\/span><\/p><p><span style=\"color: #000000;\"><img decoding=\"async\" class=\"alignnone size-medium wp-image-4703 aligncenter\" src=\"https:\/\/enlisantfestival.com\/fr\/wp-content\/uploads\/2026\/04\/Camp_enfance_violence_Scene_03-300x240.jpg\" alt=\"\" width=\"300\" height=\"240\" srcset=\"https:\/\/enlisantfestival.com\/fr\/wp-content\/uploads\/2026\/04\/Camp_enfance_violence_Scene_03-300x240.jpg 300w, https:\/\/enlisantfestival.com\/fr\/wp-content\/uploads\/2026\/04\/Camp_enfance_violence_Scene_03-1024x819.jpg 1024w, https:\/\/enlisantfestival.com\/fr\/wp-content\/uploads\/2026\/04\/Camp_enfance_violence_Scene_03-768x614.jpg 768w, https:\/\/enlisantfestival.com\/fr\/wp-content\/uploads\/2026\/04\/Camp_enfance_violence_Scene_03.jpg 1200w\" sizes=\"(max-width: 300px) 100vw, 300px\" \/><\/span><\/p><h4><strong><span style=\"color: #000000;\">Un amour passionn\u00e9 pour le th\u00e9\u00e2tre <\/span><\/strong><\/h4><p><span style=\"color: #000000;\">Au-del\u00e0 de leurs difficult\u00e9s quotidiennes, les enfants restent attach\u00e9s au th\u00e9\u00e2tre, particuli\u00e8rement aux ateliers que r\u00e9alisent BIT-HA\u00cfTI. Chaque jour, apr\u00e8s l&#8217;\u00e9cole, ils se pr\u00e9sentent aux s\u00e9ances de r\u00e9p\u00e9tition qui se d\u00e9roulent au studio d&#8217;En Lisant \u00e0 la rue des Marguerites, \u00e0 Bois-Verna. Ils r\u00e9alisent les exercices avec passion et d\u00e9termination.<\/span><\/p><p><span style=\"color: #000000;\">\u00ab J&#8217;ai aim\u00e9 la premi\u00e8re exp\u00e9rience que j&#8217;avais faite en th\u00e9\u00e2tre. J&#8217;aime le th\u00e9\u00e2tre. \u00c0 travers le th\u00e9\u00e2tre, j&#8217;apprends beaucoup de choses. Par exemple, auparavant j&#8217;\u00e9tais beaucoup plus timide et ce n&#8217;est plus le cas aujourd\u2019hui \u00bb, avance Stella.<\/span><\/p><p><span style=\"color: #000000;\">C&#8217;est l\u2019histoire de ces passionn\u00e9s de th\u00e9\u00e2tre qui servent de point d&#8217;ancrage pour le montage des diff\u00e9rentes pi\u00e8ces.<\/span><\/p><p><span style=\"color: #000000;\">\u00ab Les histoires nous permettent d&#8217;imaginer ce qu&#8217;ils vivent et de leur donner une forme artistique. Ces r\u00e9cits nous permettent \u00e9galement de rep\u00e9rer des th\u00e8mes transversaux dans la vie de chacun et de trouver un fil conducteur o\u00f9 la finalit\u00e9 de la vie n&#8217;est pas v\u00e9ritablement diff\u00e9rente, ce qui conduit \u00e0 une d\u00e9nonciation et \u00e0 une revendication centrale \u00bb, souligne Daphena Remedor, celle qui est l&#8217;assistante \u00e0 la programmation.<\/span><\/p><p><span style=\"color: #000000;\">\u00c0 chaque s\u00e9ance de r\u00e9p\u00e9tition, les enfants gagnent en confiance, en capacit\u00e9 d\u2019expression, et m\u00eame en concentration. Certains commencent \u00e0 s\u2019int\u00e9resser \u00e0 la lecture et \u00e0 l\u2019\u00e9criture, motiv\u00e9s par l\u2019envie de cr\u00e9er leurs propres histoires.<\/span><\/p><p><span style=\"color: #000000;\">\u00ab Je veux \u00e9crire une pi\u00e8ce sur ma vie \u00bb, affirme Nicson. \u00ab Pas seulement ce qui est triste, mais aussi ce que je veux devenir. \u00bb<\/span><\/p><p><span style=\"color: #000000;\"><img decoding=\"async\" class=\"alignnone size-medium wp-image-4704 aligncenter\" src=\"https:\/\/enlisantfestival.com\/fr\/wp-content\/uploads\/2026\/04\/Camp_enfance_violence_Scene_02-300x240.jpg\" alt=\"\" width=\"300\" height=\"240\" srcset=\"https:\/\/enlisantfestival.com\/fr\/wp-content\/uploads\/2026\/04\/Camp_enfance_violence_Scene_02-300x240.jpg 300w, https:\/\/enlisantfestival.com\/fr\/wp-content\/uploads\/2026\/04\/Camp_enfance_violence_Scene_02-1024x819.jpg 1024w, https:\/\/enlisantfestival.com\/fr\/wp-content\/uploads\/2026\/04\/Camp_enfance_violence_Scene_02-768x614.jpg 768w, https:\/\/enlisantfestival.com\/fr\/wp-content\/uploads\/2026\/04\/Camp_enfance_violence_Scene_02.jpg 1200w\" sizes=\"(max-width: 300px) 100vw, 300px\" \/><\/span><\/p><h4><strong><span style=\"color: #000000;\">Un espoir au c\u0153ur de la tourmente<\/span><\/strong><\/h4><p><span style=\"color: #000000;\">Dans un pays marqu\u00e9 par des crises r\u00e9p\u00e9t\u00e9es, ces initiatives rappellent la capacit\u00e9 de r\u00e9silience des communaut\u00e9s. Le th\u00e9\u00e2tre, ici, n\u2019est pas un luxe. Il devient un outil de survie psychologique, un moyen de reconstruire ce que la violence a d\u00e9truit.<\/span><\/p><p><span style=\"color: #000000;\">\u00ab\u00a0Malgr\u00e9 les difficult\u00e9s qu&#8217;ils rencontrent au quotidien, ils n&#8217;ont aucun mal \u00e0 se souvenir des exercices et de tout ce qui a d\u00e9j\u00e0 \u00e9t\u00e9 partag\u00e9. Cela facilite \u00e9galement l&#8217;int\u00e9gration des nouveaux participants \u00bb, conclut Daphena avec un air satisfait.<\/span><\/p><p><span style=\"color: #000000;\">Sous le toit du studio d&#8217;En Lisant, les enfants continuent de r\u00e9p\u00e9ter. Leurs voix s\u2019\u00e9l\u00e8vent, encore fragiles mais d\u00e9termin\u00e9es. Dans cet espace pr\u00e9caire, une certitude s\u2019impose : m\u00eame au c\u0153ur de la violence, l\u2019art peut ouvrir un chemin vers la gu\u00e9rison.<\/span><\/p><p><span style=\"color: #000000;\">\u00c0 noter qu\u2019\u00e0 la fin de ce cycle de formation, une prestation sera offerte au public par les enfants. Pour cette occasion, l\u2019\u00e9motion sera palpable. Cette repr\u00e9sentation sera bien plus qu\u2019un spectacle pour les enfants, ce sera une affirmation d\u2019existence.<\/span><\/p><p><span style=\"color: #000000;\">Terry Vebert Belfleur<br \/>1<\/span><span style=\"color: #000000;\">er avril 2026<strong><br \/><\/strong><em>Les noms des enfants que nous utilisons dans cet article sont tous des noms d\u2019emprunt.<\/em><\/span><\/p>\t\t\t\t\t\t\t\t<\/div>\n\t\t\t\t<\/div>\n\t\t\t\t\t<\/div>\n\t\t<\/div>\n\t\t\t\t\t<\/div>\n\t\t<\/section>\n\t\t\t\t<\/div>\n\t\t","protected":false},"excerpt":{"rendered":"<p>La violence acharn\u00e9e des groupes arm\u00e9s en Ha\u00efti pousse toutes les cat\u00e9gories sociales \u00e0 fuir, m\u00eame les enfants ne sont pas \u00e9pargn\u00e9s. Au milieu de ce chaos, les enfants d\u00e9cident [&hellip;]<\/p>\n","protected":false},"author":990002,"featured_media":4699,"comment_status":"open","ping_status":"open","sticky":false,"template":"","format":"standard","meta":{"_FSMCFIC_featured_image_caption":"","_FSMCFIC_featured_image_nocaption":"","_FSMCFIC_featured_image_hide":"","footnotes":""},"categories":[104,1],"tags":[],"class_list":["post-4701","post","type-post","status-publish","format-standard","has-post-thumbnail","hentry","category-le-journal-d-en-lisant","category-uncategorized"],"yoast_head":"<!-- This site is optimized with the Yoast SEO plugin v27.0 - https:\/\/yoast.com\/product\/yoast-seo-wordpress\/ -->\n<title>Dans les camps, des enfants transforment la violence en sc\u00e8ne - En Lisant festival de th\u00e9\u00e2tre<\/title>\n<meta name=\"robots\" content=\"index, follow, max-snippet:-1, max-image-preview:large, max-video-preview:-1\" \/>\n<link rel=\"canonical\" href=\"https:\/\/enlisantfestival.com\/fr\/dans-les-camps-des-enfants-transforment-la-violence-en-scene\/\" \/>\n<meta property=\"og:locale\" content=\"fr_FR\" \/>\n<meta property=\"og:type\" content=\"article\" \/>\n<meta property=\"og:title\" content=\"Dans les camps, des enfants transforment la violence en sc\u00e8ne - En Lisant festival de th\u00e9\u00e2tre\" \/>\n<meta property=\"og:description\" content=\"La violence acharn\u00e9e des groupes arm\u00e9s en Ha\u00efti pousse toutes les cat\u00e9gories sociales \u00e0 fuir, m\u00eame les enfants ne sont pas \u00e9pargn\u00e9s. Au milieu de ce chaos, les enfants d\u00e9cident [&hellip;]\" \/>\n<meta property=\"og:url\" content=\"https:\/\/enlisantfestival.com\/fr\/dans-les-camps-des-enfants-transforment-la-violence-en-scene\/\" \/>\n<meta property=\"og:site_name\" content=\"En Lisant festival de th\u00e9\u00e2tre\" \/>\n<meta property=\"article:published_time\" content=\"2026-04-01T18:27:34+00:00\" \/>\n<meta property=\"article:modified_time\" content=\"2026-04-01T18:51:22+00:00\" \/>\n<meta property=\"og:image\" content=\"https:\/\/enlisantfestival.com\/fr\/wp-content\/uploads\/2026\/04\/Camp_enfance_violence_Scene.jpg\" \/>\n\t<meta property=\"og:image:width\" content=\"1200\" \/>\n\t<meta property=\"og:image:height\" content=\"800\" \/>\n\t<meta property=\"og:image:type\" content=\"image\/jpeg\" \/>\n<meta name=\"author\" content=\"ludwy\" \/>\n<meta name=\"twitter:card\" content=\"summary_large_image\" \/>\n<meta name=\"twitter:label1\" content=\"\u00c9crit par\" \/>\n\t<meta name=\"twitter:data1\" content=\"ludwy\" \/>\n\t<meta name=\"twitter:label2\" content=\"Dur\u00e9e de lecture estim\u00e9e\" \/>\n\t<meta name=\"twitter:data2\" content=\"6 minutes\" \/>\n<script type=\"application\/ld+json\" class=\"yoast-schema-graph\">{\"@context\":\"https:\/\/schema.org\",\"@graph\":[{\"@type\":\"Article\",\"@id\":\"https:\/\/enlisantfestival.com\/fr\/dans-les-camps-des-enfants-transforment-la-violence-en-scene\/#article\",\"isPartOf\":{\"@id\":\"https:\/\/enlisantfestival.com\/fr\/dans-les-camps-des-enfants-transforment-la-violence-en-scene\/\"},\"author\":{\"name\":\"ludwy\",\"@id\":\"https:\/\/enlisantfestival.com\/fr\/#\/schema\/person\/846f9c27917ef190542b1a106fd9e36e\"},\"headline\":\"Dans les camps, des enfants transforment la violence en sc\u00e8ne\",\"datePublished\":\"2026-04-01T18:27:34+00:00\",\"dateModified\":\"2026-04-01T18:51:22+00:00\",\"mainEntityOfPage\":{\"@id\":\"https:\/\/enlisantfestival.com\/fr\/dans-les-camps-des-enfants-transforment-la-violence-en-scene\/\"},\"wordCount\":1165,\"commentCount\":0,\"publisher\":{\"@id\":\"https:\/\/enlisantfestival.com\/fr\/#organization\"},\"image\":{\"@id\":\"https:\/\/enlisantfestival.com\/fr\/dans-les-camps-des-enfants-transforment-la-violence-en-scene\/#primaryimage\"},\"thumbnailUrl\":\"https:\/\/enlisantfestival.com\/fr\/wp-content\/uploads\/2026\/04\/Camp_enfance_violence_Scene.jpg\",\"articleSection\":[\"Le journal d'En Lisant\",\"Uncategorized\"],\"inLanguage\":\"fr-FR\",\"potentialAction\":[{\"@type\":\"CommentAction\",\"name\":\"Comment\",\"target\":[\"https:\/\/enlisantfestival.com\/fr\/dans-les-camps-des-enfants-transforment-la-violence-en-scene\/#respond\"]}]},{\"@type\":\"WebPage\",\"@id\":\"https:\/\/enlisantfestival.com\/fr\/dans-les-camps-des-enfants-transforment-la-violence-en-scene\/\",\"url\":\"https:\/\/enlisantfestival.com\/fr\/dans-les-camps-des-enfants-transforment-la-violence-en-scene\/\",\"name\":\"Dans les camps, des enfants transforment la violence en sc\u00e8ne - En Lisant festival de th\u00e9\u00e2tre\",\"isPartOf\":{\"@id\":\"https:\/\/enlisantfestival.com\/fr\/#website\"},\"primaryImageOfPage\":{\"@id\":\"https:\/\/enlisantfestival.com\/fr\/dans-les-camps-des-enfants-transforment-la-violence-en-scene\/#primaryimage\"},\"image\":{\"@id\":\"https:\/\/enlisantfestival.com\/fr\/dans-les-camps-des-enfants-transforment-la-violence-en-scene\/#primaryimage\"},\"thumbnailUrl\":\"https:\/\/enlisantfestival.com\/fr\/wp-content\/uploads\/2026\/04\/Camp_enfance_violence_Scene.jpg\",\"datePublished\":\"2026-04-01T18:27:34+00:00\",\"dateModified\":\"2026-04-01T18:51:22+00:00\",\"breadcrumb\":{\"@id\":\"https:\/\/enlisantfestival.com\/fr\/dans-les-camps-des-enfants-transforment-la-violence-en-scene\/#breadcrumb\"},\"inLanguage\":\"fr-FR\",\"potentialAction\":[{\"@type\":\"ReadAction\",\"target\":[\"https:\/\/enlisantfestival.com\/fr\/dans-les-camps-des-enfants-transforment-la-violence-en-scene\/\"]}]},{\"@type\":\"ImageObject\",\"inLanguage\":\"fr-FR\",\"@id\":\"https:\/\/enlisantfestival.com\/fr\/dans-les-camps-des-enfants-transforment-la-violence-en-scene\/#primaryimage\",\"url\":\"https:\/\/enlisantfestival.com\/fr\/wp-content\/uploads\/2026\/04\/Camp_enfance_violence_Scene.jpg\",\"contentUrl\":\"https:\/\/enlisantfestival.com\/fr\/wp-content\/uploads\/2026\/04\/Camp_enfance_violence_Scene.jpg\",\"width\":1200,\"height\":800},{\"@type\":\"BreadcrumbList\",\"@id\":\"https:\/\/enlisantfestival.com\/fr\/dans-les-camps-des-enfants-transforment-la-violence-en-scene\/#breadcrumb\",\"itemListElement\":[{\"@type\":\"ListItem\",\"position\":1,\"name\":\"Accueil\",\"item\":\"https:\/\/enlisantfestival.com\/fr\/\"},{\"@type\":\"ListItem\",\"position\":2,\"name\":\"Dans les camps, des enfants transforment la violence en sc\u00e8ne\"}]},{\"@type\":\"WebSite\",\"@id\":\"https:\/\/enlisantfestival.com\/fr\/#website\",\"url\":\"https:\/\/enlisantfestival.com\/fr\/\",\"name\":\"En Lisant festival de th\u00e9\u00e2tre\",\"description\":\"\",\"publisher\":{\"@id\":\"https:\/\/enlisantfestival.com\/fr\/#organization\"},\"potentialAction\":[{\"@type\":\"SearchAction\",\"target\":{\"@type\":\"EntryPoint\",\"urlTemplate\":\"https:\/\/enlisantfestival.com\/fr\/?s={search_term_string}\"},\"query-input\":{\"@type\":\"PropertyValueSpecification\",\"valueRequired\":true,\"valueName\":\"search_term_string\"}}],\"inLanguage\":\"fr-FR\"},{\"@type\":\"Organization\",\"@id\":\"https:\/\/enlisantfestival.com\/fr\/#organization\",\"name\":\"En Lisant festival de th\u00e9\u00e2tre\",\"url\":\"https:\/\/enlisantfestival.com\/fr\/\",\"logo\":{\"@type\":\"ImageObject\",\"inLanguage\":\"fr-FR\",\"@id\":\"https:\/\/enlisantfestival.com\/fr\/#\/schema\/logo\/image\/\",\"url\":\"https:\/\/enlisantfestival.com\/fr\/wp-content\/uploads\/2020\/09\/en-lisant-logo.png\",\"contentUrl\":\"https:\/\/enlisantfestival.com\/fr\/wp-content\/uploads\/2020\/09\/en-lisant-logo.png\",\"width\":600,\"height\":343,\"caption\":\"En Lisant festival de th\u00e9\u00e2tre\"},\"image\":{\"@id\":\"https:\/\/enlisantfestival.com\/fr\/#\/schema\/logo\/image\/\"}},{\"@type\":\"Person\",\"@id\":\"https:\/\/enlisantfestival.com\/fr\/#\/schema\/person\/846f9c27917ef190542b1a106fd9e36e\",\"name\":\"ludwy\",\"image\":{\"@type\":\"ImageObject\",\"inLanguage\":\"fr-FR\",\"@id\":\"https:\/\/enlisantfestival.com\/fr\/#\/schema\/person\/image\/\",\"url\":\"https:\/\/secure.gravatar.com\/avatar\/b29172caf944fb66969204ce485e5a42554f3bf8c9abe8d1e070ad9e2ac4eb41?s=96&d=mm&r=g\",\"contentUrl\":\"https:\/\/secure.gravatar.com\/avatar\/b29172caf944fb66969204ce485e5a42554f3bf8c9abe8d1e070ad9e2ac4eb41?s=96&d=mm&r=g\",\"caption\":\"ludwy\"},\"url\":\"https:\/\/enlisantfestival.com\/fr\/author\/ludwy\/\"}]}<\/script>\n<!-- \/ Yoast SEO plugin. -->","yoast_head_json":{"title":"Dans les camps, des enfants transforment la violence en sc\u00e8ne - En Lisant festival de th\u00e9\u00e2tre","robots":{"index":"index","follow":"follow","max-snippet":"max-snippet:-1","max-image-preview":"max-image-preview:large","max-video-preview":"max-video-preview:-1"},"canonical":"https:\/\/enlisantfestival.com\/fr\/dans-les-camps-des-enfants-transforment-la-violence-en-scene\/","og_locale":"fr_FR","og_type":"article","og_title":"Dans les camps, des enfants transforment la violence en sc\u00e8ne - En Lisant festival de th\u00e9\u00e2tre","og_description":"La violence acharn\u00e9e des groupes arm\u00e9s en Ha\u00efti pousse toutes les cat\u00e9gories sociales \u00e0 fuir, m\u00eame les enfants ne sont pas \u00e9pargn\u00e9s. Au milieu de ce chaos, les enfants d\u00e9cident [&hellip;]","og_url":"https:\/\/enlisantfestival.com\/fr\/dans-les-camps-des-enfants-transforment-la-violence-en-scene\/","og_site_name":"En Lisant festival de th\u00e9\u00e2tre","article_published_time":"2026-04-01T18:27:34+00:00","article_modified_time":"2026-04-01T18:51:22+00:00","og_image":[{"width":1200,"height":800,"url":"https:\/\/enlisantfestival.com\/fr\/wp-content\/uploads\/2026\/04\/Camp_enfance_violence_Scene.jpg","type":"image\/jpeg"}],"author":"ludwy","twitter_card":"summary_large_image","twitter_misc":{"\u00c9crit par":"ludwy","Dur\u00e9e de lecture estim\u00e9e":"6 minutes"},"schema":{"@context":"https:\/\/schema.org","@graph":[{"@type":"Article","@id":"https:\/\/enlisantfestival.com\/fr\/dans-les-camps-des-enfants-transforment-la-violence-en-scene\/#article","isPartOf":{"@id":"https:\/\/enlisantfestival.com\/fr\/dans-les-camps-des-enfants-transforment-la-violence-en-scene\/"},"author":{"name":"ludwy","@id":"https:\/\/enlisantfestival.com\/fr\/#\/schema\/person\/846f9c27917ef190542b1a106fd9e36e"},"headline":"Dans les camps, des enfants transforment la violence en sc\u00e8ne","datePublished":"2026-04-01T18:27:34+00:00","dateModified":"2026-04-01T18:51:22+00:00","mainEntityOfPage":{"@id":"https:\/\/enlisantfestival.com\/fr\/dans-les-camps-des-enfants-transforment-la-violence-en-scene\/"},"wordCount":1165,"commentCount":0,"publisher":{"@id":"https:\/\/enlisantfestival.com\/fr\/#organization"},"image":{"@id":"https:\/\/enlisantfestival.com\/fr\/dans-les-camps-des-enfants-transforment-la-violence-en-scene\/#primaryimage"},"thumbnailUrl":"https:\/\/enlisantfestival.com\/fr\/wp-content\/uploads\/2026\/04\/Camp_enfance_violence_Scene.jpg","articleSection":["Le journal d'En Lisant","Uncategorized"],"inLanguage":"fr-FR","potentialAction":[{"@type":"CommentAction","name":"Comment","target":["https:\/\/enlisantfestival.com\/fr\/dans-les-camps-des-enfants-transforment-la-violence-en-scene\/#respond"]}]},{"@type":"WebPage","@id":"https:\/\/enlisantfestival.com\/fr\/dans-les-camps-des-enfants-transforment-la-violence-en-scene\/","url":"https:\/\/enlisantfestival.com\/fr\/dans-les-camps-des-enfants-transforment-la-violence-en-scene\/","name":"Dans les camps, des enfants transforment la violence en sc\u00e8ne - En Lisant festival de th\u00e9\u00e2tre","isPartOf":{"@id":"https:\/\/enlisantfestival.com\/fr\/#website"},"primaryImageOfPage":{"@id":"https:\/\/enlisantfestival.com\/fr\/dans-les-camps-des-enfants-transforment-la-violence-en-scene\/#primaryimage"},"image":{"@id":"https:\/\/enlisantfestival.com\/fr\/dans-les-camps-des-enfants-transforment-la-violence-en-scene\/#primaryimage"},"thumbnailUrl":"https:\/\/enlisantfestival.com\/fr\/wp-content\/uploads\/2026\/04\/Camp_enfance_violence_Scene.jpg","datePublished":"2026-04-01T18:27:34+00:00","dateModified":"2026-04-01T18:51:22+00:00","breadcrumb":{"@id":"https:\/\/enlisantfestival.com\/fr\/dans-les-camps-des-enfants-transforment-la-violence-en-scene\/#breadcrumb"},"inLanguage":"fr-FR","potentialAction":[{"@type":"ReadAction","target":["https:\/\/enlisantfestival.com\/fr\/dans-les-camps-des-enfants-transforment-la-violence-en-scene\/"]}]},{"@type":"ImageObject","inLanguage":"fr-FR","@id":"https:\/\/enlisantfestival.com\/fr\/dans-les-camps-des-enfants-transforment-la-violence-en-scene\/#primaryimage","url":"https:\/\/enlisantfestival.com\/fr\/wp-content\/uploads\/2026\/04\/Camp_enfance_violence_Scene.jpg","contentUrl":"https:\/\/enlisantfestival.com\/fr\/wp-content\/uploads\/2026\/04\/Camp_enfance_violence_Scene.jpg","width":1200,"height":800},{"@type":"BreadcrumbList","@id":"https:\/\/enlisantfestival.com\/fr\/dans-les-camps-des-enfants-transforment-la-violence-en-scene\/#breadcrumb","itemListElement":[{"@type":"ListItem","position":1,"name":"Accueil","item":"https:\/\/enlisantfestival.com\/fr\/"},{"@type":"ListItem","position":2,"name":"Dans les camps, des enfants transforment la violence en sc\u00e8ne"}]},{"@type":"WebSite","@id":"https:\/\/enlisantfestival.com\/fr\/#website","url":"https:\/\/enlisantfestival.com\/fr\/","name":"En Lisant festival de th\u00e9\u00e2tre","description":"","publisher":{"@id":"https:\/\/enlisantfestival.com\/fr\/#organization"},"potentialAction":[{"@type":"SearchAction","target":{"@type":"EntryPoint","urlTemplate":"https:\/\/enlisantfestival.com\/fr\/?s={search_term_string}"},"query-input":{"@type":"PropertyValueSpecification","valueRequired":true,"valueName":"search_term_string"}}],"inLanguage":"fr-FR"},{"@type":"Organization","@id":"https:\/\/enlisantfestival.com\/fr\/#organization","name":"En Lisant festival de th\u00e9\u00e2tre","url":"https:\/\/enlisantfestival.com\/fr\/","logo":{"@type":"ImageObject","inLanguage":"fr-FR","@id":"https:\/\/enlisantfestival.com\/fr\/#\/schema\/logo\/image\/","url":"https:\/\/enlisantfestival.com\/fr\/wp-content\/uploads\/2020\/09\/en-lisant-logo.png","contentUrl":"https:\/\/enlisantfestival.com\/fr\/wp-content\/uploads\/2020\/09\/en-lisant-logo.png","width":600,"height":343,"caption":"En Lisant festival de th\u00e9\u00e2tre"},"image":{"@id":"https:\/\/enlisantfestival.com\/fr\/#\/schema\/logo\/image\/"}},{"@type":"Person","@id":"https:\/\/enlisantfestival.com\/fr\/#\/schema\/person\/846f9c27917ef190542b1a106fd9e36e","name":"ludwy","image":{"@type":"ImageObject","inLanguage":"fr-FR","@id":"https:\/\/enlisantfestival.com\/fr\/#\/schema\/person\/image\/","url":"https:\/\/secure.gravatar.com\/avatar\/b29172caf944fb66969204ce485e5a42554f3bf8c9abe8d1e070ad9e2ac4eb41?s=96&d=mm&r=g","contentUrl":"https:\/\/secure.gravatar.com\/avatar\/b29172caf944fb66969204ce485e5a42554f3bf8c9abe8d1e070ad9e2ac4eb41?s=96&d=mm&r=g","caption":"ludwy"},"url":"https:\/\/enlisantfestival.com\/fr\/author\/ludwy\/"}]}},"_links":{"self":[{"href":"https:\/\/enlisantfestival.com\/fr\/wp-json\/wp\/v2\/posts\/4701","targetHints":{"allow":["GET"]}}],"collection":[{"href":"https:\/\/enlisantfestival.com\/fr\/wp-json\/wp\/v2\/posts"}],"about":[{"href":"https:\/\/enlisantfestival.com\/fr\/wp-json\/wp\/v2\/types\/post"}],"author":[{"embeddable":true,"href":"https:\/\/enlisantfestival.com\/fr\/wp-json\/wp\/v2\/users\/990002"}],"replies":[{"embeddable":true,"href":"https:\/\/enlisantfestival.com\/fr\/wp-json\/wp\/v2\/comments?post=4701"}],"version-history":[{"count":10,"href":"https:\/\/enlisantfestival.com\/fr\/wp-json\/wp\/v2\/posts\/4701\/revisions"}],"predecessor-version":[{"id":4714,"href":"https:\/\/enlisantfestival.com\/fr\/wp-json\/wp\/v2\/posts\/4701\/revisions\/4714"}],"wp:featuredmedia":[{"embeddable":true,"href":"https:\/\/enlisantfestival.com\/fr\/wp-json\/wp\/v2\/media\/4699"}],"wp:attachment":[{"href":"https:\/\/enlisantfestival.com\/fr\/wp-json\/wp\/v2\/media?parent=4701"}],"wp:term":[{"taxonomy":"category","embeddable":true,"href":"https:\/\/enlisantfestival.com\/fr\/wp-json\/wp\/v2\/categories?post=4701"},{"taxonomy":"post_tag","embeddable":true,"href":"https:\/\/enlisantfestival.com\/fr\/wp-json\/wp\/v2\/tags?post=4701"}],"curies":[{"name":"wp","href":"https:\/\/api.w.org\/{rel}","templated":true}]}}