{"id":4716,"date":"2026-04-19T18:15:01","date_gmt":"2026-04-19T16:15:01","guid":{"rendered":"https:\/\/enlisantfestival.com\/fr\/?p=4716"},"modified":"2026-04-19T18:22:17","modified_gmt":"2026-04-19T16:22:17","slug":"bit-haiti-scene-abri-enfants-deplaces","status":"publish","type":"post","link":"https:\/\/enlisantfestival.com\/fr\/bit-haiti-scene-abri-enfants-deplaces\/","title":{"rendered":"La BIT Ha\u00efti fait de la sc\u00e8ne un abri pour les enfants d\u00e9plac\u00e9s"},"content":{"rendered":"\t\t<div data-elementor-type=\"wp-post\" data-elementor-id=\"4716\" class=\"elementor elementor-4716\" data-elementor-settings=\"{&quot;ha_cmc_init_switcher&quot;:&quot;no&quot;}\">\n\t\t\t\t\t\t<section class=\"elementor-section elementor-top-section elementor-element elementor-element-d6990b0 elementor-section-boxed elementor-section-height-default elementor-section-height-default\" data-id=\"d6990b0\" data-element_type=\"section\" data-e-type=\"section\" data-settings=\"{&quot;background_background&quot;:&quot;classic&quot;,&quot;_ha_eqh_enable&quot;:false}\">\n\t\t\t\t\t\t<div class=\"elementor-container elementor-column-gap-default\">\n\t\t\t\t\t<div class=\"elementor-column elementor-col-100 elementor-top-column elementor-element elementor-element-c991fc0\" data-id=\"c991fc0\" data-element_type=\"column\" data-e-type=\"column\">\n\t\t\t<div class=\"elementor-widget-wrap elementor-element-populated\">\n\t\t\t\t\t\t<div class=\"elementor-element elementor-element-7ca6f0a elementor-widget elementor-widget-text-editor\" data-id=\"7ca6f0a\" data-element_type=\"widget\" data-e-type=\"widget\" data-widget_type=\"text-editor.default\">\n\t\t\t\t<div class=\"elementor-widget-container\">\n\t\t\t\t\t\t\t\t\t<p style=\"text-align: left;\">Le Centre Culturel Pyepoudre, sis \u00e0 Bourdon, a accueilli les 30 et 31 mars 2026 une restitution d&#8217;atelier de th\u00e9\u00e2tre. Ce spectacle a \u00e9t\u00e9 r\u00e9alis\u00e9 par 10 enfants venus des camps de d\u00e9plac\u00e9s dans le cadre du projet \u00ab Th\u00e9\u00e2tre contre la violence \u00bb men\u00e9 par la Brigade d\u2019Intervention Th\u00e9\u00e2trale-Ha\u00efti (BIT-Ha\u00efti).<\/p><p>Pendant ces deux jours, en lieu et place des tentes de fortune et des abris de b\u00e2ches us\u00e9es par le soleil et la pluie, un autre espace s\u2019est offert \u00e0 eux, avec un tout autre d\u00e9cor. Ce spectacle, port\u00e9 par des enfants vivant dans ces camps, n\u2019\u00e9tait pas seulement une repr\u00e9sentation artistique : c\u2019\u00e9tait une d\u00e9nonciation de leurs conditions de vie, laiss\u00e9es \u00e0 l\u2019abandon par l\u2019\u00c9tat ha\u00eftien et les autorit\u00e9s politiques. Un acte de r\u00e9silience. Une tentative, fragile mais puissante, de reprendre possession d\u2019une histoire souvent marqu\u00e9e par la violence et le d\u00e9racinement.<\/p><p><img fetchpriority=\"high\" decoding=\"async\" class=\"alignnone size-medium wp-image-4717 aligncenter\" src=\"https:\/\/enlisantfestival.com\/fr\/wp-content\/uploads\/2026\/04\/Art2_05-300x200.jpg\" alt=\"\" width=\"300\" height=\"200\" srcset=\"https:\/\/enlisantfestival.com\/fr\/wp-content\/uploads\/2026\/04\/Art2_05-300x200.jpg 300w, https:\/\/enlisantfestival.com\/fr\/wp-content\/uploads\/2026\/04\/Art2_05-1024x683.jpg 1024w, https:\/\/enlisantfestival.com\/fr\/wp-content\/uploads\/2026\/04\/Art2_05-768x512.jpg 768w, https:\/\/enlisantfestival.com\/fr\/wp-content\/uploads\/2026\/04\/Art2_05.jpg 1200w\" sizes=\"(max-width: 300px) 100vw, 300px\" \/><\/p><p><strong><span style=\"color: #000000;\">Un accueil chaleureux<\/span><\/strong><\/p><p>Durant ces deux jours, d\u00e8s 1 h 30 PM, les gens commencent \u00e0 franchir la barri\u00e8re du Centre Culturel Pyepoudre pour l&#8217;ultime spectacle qui commencera \u00e0 2 h 00 PM. Le public, compos\u00e9 majoritairement de personnes d\u00e9plac\u00e9es, se montre tr\u00e8s int\u00e9ress\u00e9 pour suivre le spectacle.<\/p><p>Entre-temps, \u00e0 l&#8217;int\u00e9rieur, les techniciens ajoutent les derni\u00e8res touches. Les deux animatrices (Jenny et Daphena) font les derni\u00e8res mises en place. Rien ne laisse au hasard.<\/p><p>\u00c0 2 h 00 PM, un membre de l&#8217;\u00e9quipe de la BIT HAITI invite le public \u00e0 prendre place pour suivre le spectacle o\u00f9 l&#8217;\u00e9motion sera forte. Dans le couloir du Centre Culturel Pyepoudre, les pas se suivent, mais sans bousculade. Des dizaines de personnes, pour la plupart venues des camps de d\u00e9plac\u00e9s s&#8217;empressent pour trouver une place.<\/p><p>D\u00e8s les premi\u00e8res minutes, l\u2019\u00e9motion est palpable. Une musique m\u00e9lancolique commence le spectacle, suivie de la rentr\u00e9e des 10 acteurs.<\/p><p style=\"text-align: center;\"><img decoding=\"async\" class=\"alignnone size-medium wp-image-4718\" src=\"https:\/\/enlisantfestival.com\/fr\/wp-content\/uploads\/2026\/04\/Art2_04-300x200.jpg\" alt=\"\" width=\"300\" height=\"200\" srcset=\"https:\/\/enlisantfestival.com\/fr\/wp-content\/uploads\/2026\/04\/Art2_04-300x200.jpg 300w, https:\/\/enlisantfestival.com\/fr\/wp-content\/uploads\/2026\/04\/Art2_04-1024x683.jpg 1024w, https:\/\/enlisantfestival.com\/fr\/wp-content\/uploads\/2026\/04\/Art2_04-768x512.jpg 768w, https:\/\/enlisantfestival.com\/fr\/wp-content\/uploads\/2026\/04\/Art2_04.jpg 1200w\" sizes=\"(max-width: 300px) 100vw, 300px\" \/><\/p><p><strong><span style=\"color: #000000;\">Une sc\u00e8ne qui touche la sensibilit\u00e9<\/span><\/strong><\/p><p>Apr\u00e8s deux semaines de formation, les jeunes com\u00e9diens sont pr\u00eats \u00e0 offrir au public leur prestation. Bien que la timidit\u00e9 et le stress soient pr\u00e9sents, mais les uns rassurent les autres. Dans le premier acte, une fille avance, et dit : \u00ab Mes amis, voici le camion de nourriture. \u00bb<\/p><p>Dans un vacarme, de multiples voix s\u2019\u00e9l\u00e8vent : \u00ab Ne va-t-on pas nous bousculer ? \u00bb, \u00ab Est-ce qu\u2019on va vraiment trouver aujourd\u2019hui ? \u00bb Toutes ces interrogations trahissent une profonde inqui\u00e9tude.<\/p><p>Tout de suite apr\u00e8s, vient le second acte. Une jeune fille avance devant le public et raconte une exp\u00e9rience qu&#8217;elle a v\u00e9cue au camp. \u00ab Un mardi, je dormais au camp apr\u00e8s l&#8217;\u00e9cole. Le lendemain, une jeune fille me disait qu&#8217;un homme m&#8217;a touch\u00e9 dans mon lit. Je lui demandais qui c&#8217;\u00e9tait, mais elle se taisait. Quelque temps apr\u00e8s, quand ma m\u00e8re est revenue, elle a tout avou\u00e9 \u00e0 ma m\u00e8re. Cela me d\u00e9rangeait \u00e9norm\u00e9ment. Quelle mis\u00e8re, pour ceux qui vivent dans les camps ! \u00bb<\/p><p>Apr\u00e8s son t\u00e9moignage, un autre enfant avance pour raconter son exp\u00e9rience. \u00ab Une fois, on distribuait des kits au site. Pendant la s\u00e9paration, une bagarre \u00e0 eu lieu. Il y a eu des bless\u00e9s et m\u00eame des morts. Quelle mis\u00e8re, pour ceux qui vivent dans les camps ! \u00bb, lance une fillette d\u2019une dizaine d\u2019ann\u00e9es, sous les regards attentifs du public.<\/p><p>Puis, un autre. Et, encore, un autre avec des t\u00e9moignages de plus en plus d\u00e9chirants. Tous les t\u00e9moignages s&#8217;ach\u00e8vent avec cette expression remplie de soupirs : \u00ab Quelle mis\u00e8re, pour ceux qui vivent dans les camps !\u00a0\u00bb<\/p><p>Dans l\u2019assembl\u00e9e, certains essuient discr\u00e8tement leurs larmes.<\/p><p>Peu de temps apr\u00e8s, l&#8217;atmosph\u00e8re change. L\u2019un des jeunes acteurs monte sur la sc\u00e8ne pour chanter le calvaire des enfants qui r\u00e9sident dans les camps. Avec aisance, il prononce les mots de cette chanson qu&#8217;il a lui-m\u00eame compos\u00e9e d&#8217;une telle mani\u00e8re que le public entre en r\u00e9flexion. L&#8217;assistance fut dans une totale consternation. Certaines personnes inclinent la t\u00eate vers le bas, d&#8217;autres mettent la main sur la joue. Les paroles de la chanson transpercent chaque spectateur d\u2019une fa\u00e7on unique.<\/p><p>Apr\u00e8s la chanson magistralement bien pr\u00e9sent\u00e9e au public, les dix acteurs sont \u00e0 nouveau sur la sc\u00e8ne. Dans ce nouvel acte de la pi\u00e8ce, ils sont en classe et pendant les heures de cours, une rafale de tirs discontinue la s\u00e9ance de cours. Tous, dans un v\u00e9ritable vacarme, cherchent un endroit pour se mettre \u00e0 l&#8217;abri des tirs.<\/p><p>Impressionnant ! La sc\u00e8ne s&#8217;anime. L&#8217;ambiance devient de plus en plus dense dans la salle du Centre Culturel Pyepoudre.<\/p><p>Ce spectacle ne se limite pas \u00e0 une simple performance. Il cr\u00e9e une interaction forte avec le public. \u00c0 plusieurs reprises, les enfants interpellent les spectateurs et les autorit\u00e9s, posent des questions, les invitent \u00e0 r\u00e9fl\u00e9chir.<\/p><p>Une enfant lance : \u00ab Quand je quitte l\u2019atelier de th\u00e9\u00e2tre pour retourner sur le site, j\u2019ai l\u2019impression d\u2019entrer en enfer. \u00bb Un autre enfant ajoute : \u00ab Je me sens bien uniquement \u00e0 l&#8217;atelier de th\u00e9\u00e2tre. \u00bb<\/p><p>Apr\u00e8s quelques secondes de silence, un enfant du groupe crie : \u00ab L&#8217;\u00c9tat, l&#8217;\u00c9tat, l&#8217;\u00c9tat. \u00bb<\/p><p>Une voix r\u00e9plique : \u00ab Pourquoi cherchez-vous l&#8217;\u00c9tat ?<\/p><p>L&#8217;ensemble des enfants r\u00e9pondent : \u00ab Pour pouvoir aller \u00e0 l&#8217;\u00e9cole. Pour pouvoir trouver un toit d\u00e9cent pour se loger. Pour avoir de la nourriture. \u00bb<\/p><p>\u00c0 l&#8217;issue de ces derni\u00e8res r\u00e9ponses lanc\u00e9es avec fureur, le spectacle se termine sous les applaudissements du public.<\/p><p style=\"text-align: center;\"><img decoding=\"async\" class=\"alignnone size-medium wp-image-4719\" src=\"https:\/\/enlisantfestival.com\/fr\/wp-content\/uploads\/2026\/04\/Art2_03-300x200.jpg\" alt=\"\" width=\"300\" height=\"200\" srcset=\"https:\/\/enlisantfestival.com\/fr\/wp-content\/uploads\/2026\/04\/Art2_03-300x200.jpg 300w, https:\/\/enlisantfestival.com\/fr\/wp-content\/uploads\/2026\/04\/Art2_03-1024x683.jpg 1024w, https:\/\/enlisantfestival.com\/fr\/wp-content\/uploads\/2026\/04\/Art2_03-768x512.jpg 768w, https:\/\/enlisantfestival.com\/fr\/wp-content\/uploads\/2026\/04\/Art2_03.jpg 1200w\" sizes=\"(max-width: 300px) 100vw, 300px\" \/><\/p><p><strong><span style=\"color: #000000;\">Un spectacle qui interpelle<\/span><\/strong><\/p><p>Apr\u00e8s le spectacle, vient le moment des \u00e9changes entre les artistes et le public. D&#8217;abord, Jenny Cadet, l&#8217;une des artistes qui a accompagn\u00e9 les enfants, a pris le temps de pr\u00e9senter successivement les jeunes com\u00e9diens en donnant leur nom et le r\u00f4le que chacun d&#8217;entre eux a jou\u00e9, sous les acclamations surchauff\u00e9es du public. Par la suite, Daphena Remedor a expliqu\u00e9 au public le processus de cr\u00e9ation du spectacle.<\/p><p>\u00ab Ce spectacle est une repr\u00e9sentation r\u00e9elle de ce qu&#8217;il y a dans les camps. Nous avons pris le temps d&#8217;\u00e9couter l&#8217;histoire de chaque enfant afin de leur donner une forme artistique \u00bb, explique-t-elle devant les regards curieux du public.<\/p><p>Elle rench\u00e9rit : \u00ab Par exemple, la sc\u00e8ne o\u00f9 ils pr\u00e9sentent la classe est un cas typique. D\u2019apr\u00e8s ce qu\u2019ils nous racontent, dans l\u2019\u00e9cole qu\u2019ils fr\u00e9quentent, plusieurs \u00e9coles coexistent en une seule, et plusieurs classes se retrouvent dans une m\u00eame salle. Autrement dit, un m\u00eame professeur travaille simultan\u00e9ment avec des \u00e9l\u00e8ves de 6e ann\u00e9e fondamentale, de 4e ann\u00e9e fondamentale et de 2e ann\u00e9e fondamentale. C\u2019est une situation particuli\u00e8rement complexe. \u00bb<\/p><p>Les enfants \u00e0 leur tour ont \u00e9chang\u00e9 avec le public. Des parents, des jeunes ont exprim\u00e9 leur opinion sur la situation des personnes qui vivent dans les camps.<\/p><p>\u00ab Ce que les enfants racontent dans ce spectacle est notre v\u00e9cu au camp. Ce n&#8217;est pas de la fiction, c&#8217;est la v\u00e9rit\u00e9. Dans les camps, il y a de la violence et la de pr\u00e9carit\u00e9. C&#8217;est difficile pour nous de vivre dans un endroit pareil \u00bb, \u00e9voque une dame dans la quarantaine, avec presque des larmes aux yeux.<\/p><p>Puis, une jeune dame demande le micro pour placer un mot. V\u00eatue d&#8217;un t-shirt noir et blanc et les cheveux au vent, \u00c9lisabeth Cajoux, \u00e9tudiante en travail social, exprime son amertume face aux r\u00e9cits interpr\u00e9t\u00e9s par les enfants dans le spectacle.<\/p><p>\u00ab Au d\u00e9but, je pensais que c&#8217;\u00e9tait une sc\u00e8ne imaginaire, mais en sachant que cela est tir\u00e9 de la r\u00e9alit\u00e9, je me sens profond\u00e9ment attrist\u00e9e. \u00c0 travers ce spectacle, je vois qu&#8217;il y a une forme de banalisation de l&#8217;attouchement et m\u00eame de possibles cas de viol dans ces histoires. Pour moi, c&#8217;est vraiment douloureux pour ceux qui vivent dans ces milieux. Je suis d\u00e9sol\u00e9e \u00bb, exprime Elisabeth Cajoux avec un c\u0153ur contrit et des l\u00e8vres remplies d&#8217;amertume.<\/p><p style=\"text-align: center;\"><img loading=\"lazy\" decoding=\"async\" class=\"alignnone size-medium wp-image-4720\" src=\"https:\/\/enlisantfestival.com\/fr\/wp-content\/uploads\/2026\/04\/Art2_02-300x200.jpg\" alt=\"\" width=\"300\" height=\"200\" srcset=\"https:\/\/enlisantfestival.com\/fr\/wp-content\/uploads\/2026\/04\/Art2_02-300x200.jpg 300w, https:\/\/enlisantfestival.com\/fr\/wp-content\/uploads\/2026\/04\/Art2_02-1024x683.jpg 1024w, https:\/\/enlisantfestival.com\/fr\/wp-content\/uploads\/2026\/04\/Art2_02-768x512.jpg 768w, https:\/\/enlisantfestival.com\/fr\/wp-content\/uploads\/2026\/04\/Art2_02.jpg 1200w\" sizes=\"(max-width: 300px) 100vw, 300px\" \/><\/p><p><strong><span style=\"color: #000000;\">Une parenth\u00e8se dans un quotidien difficile<\/span><\/strong><\/p><p>Pour les gens qui vivent dans les camps, ce moment de spectacle r\u00e9alis\u00e9 pendant deux jours hors du camp a repr\u00e9sent\u00e9 une v\u00e9ritable bouff\u00e9e d\u2019air.<\/p><p>\u00ab On oublie un peu nos probl\u00e8mes \u00bb, confie une m\u00e8re qui \u00e9tait venue assister au spectacle. \u00ab Voir nos enfants sourire comme \u00e7a, \u00e7a nous donne de la force \u00bb, conclut-elle.<\/p><p>Dans un environnement o\u00f9 les conditions de vie restent pr\u00e9caires \u2014 acc\u00e8s limit\u00e9 \u00e0 l\u2019eau potable, \u00e0 l\u2019\u00e9ducation et \u00e0 la s\u00e9curit\u00e9 \u2014, ces moments de joie sont pr\u00e9cieux.<\/p><p>\u00c0 travers ce spectacle, les enfants rappellent que, malgr\u00e9 tout, la vie continue. Et que l\u2019enfance, m\u00eame fragilis\u00e9e, demeure.<\/p><p>Sous une autre acclamation du public, les jeunes acteurs laissent la sc\u00e8ne avec un sentiment du devoir accompli. Accompagn\u00e9s de leurs monitrices, ils saluent, souriants, parfois surpris par l\u2019ampleur de la r\u00e9action du public.<\/p><p>Ce spectacle rappelle que les enfants, m\u00eame confront\u00e9s \u00e0 des r\u00e9alit\u00e9s dures, gardent une capacit\u00e9 incroyable \u00e0 r\u00eaver, \u00e0 cr\u00e9er, \u00e0 esp\u00e9rer.<\/p><p>Car derri\u00e8re chaque sc\u00e8ne, chaque mot, chaque geste, il y a une v\u00e9rit\u00e9 simple mais essentielle : ces enfants ne sont pas seulement des victimes, ils sont aussi des acteurs de leur propre histoire. Pendant deux jours, ils l\u2019ont rappel\u00e9 avec force.<\/p><p>\u00a0<\/p><p>Terry Vebert Belfleur<\/p>\t\t\t\t\t\t\t\t<\/div>\n\t\t\t\t<\/div>\n\t\t\t\t\t<\/div>\n\t\t<\/div>\n\t\t\t\t\t<\/div>\n\t\t<\/section>\n\t\t\t\t<\/div>\n\t\t","protected":false},"excerpt":{"rendered":"<p>Le Centre Culturel Pyepoudre, sis \u00e0 Bourdon, a accueilli les 30 et 31 mars 2026 une restitution d&#8217;atelier de th\u00e9\u00e2tre. Ce spectacle a \u00e9t\u00e9 r\u00e9alis\u00e9 par 10 enfants venus des [&hellip;]<\/p>\n","protected":false},"author":990002,"featured_media":4724,"comment_status":"open","ping_status":"open","sticky":false,"template":"","format":"standard","meta":{"_FSMCFIC_featured_image_caption":"","_FSMCFIC_featured_image_nocaption":"","_FSMCFIC_featured_image_hide":"","footnotes":""},"categories":[104,1],"tags":[],"class_list":["post-4716","post","type-post","status-publish","format-standard","has-post-thumbnail","hentry","category-le-journal-d-en-lisant","category-uncategorized"],"yoast_head":"<!-- This site is optimized with the Yoast SEO plugin v27.0 - https:\/\/yoast.com\/product\/yoast-seo-wordpress\/ -->\n<title>La BIT Ha\u00efti fait de la sc\u00e8ne un abri pour les enfants d\u00e9plac\u00e9s - En Lisant festival de th\u00e9\u00e2tre<\/title>\n<meta name=\"robots\" content=\"index, follow, max-snippet:-1, max-image-preview:large, max-video-preview:-1\" \/>\n<link rel=\"canonical\" href=\"https:\/\/enlisantfestival.com\/fr\/bit-haiti-scene-abri-enfants-deplaces\/\" \/>\n<meta property=\"og:locale\" content=\"fr_FR\" \/>\n<meta property=\"og:type\" content=\"article\" \/>\n<meta property=\"og:title\" content=\"La BIT Ha\u00efti fait de la sc\u00e8ne un abri pour les enfants d\u00e9plac\u00e9s - En Lisant festival de th\u00e9\u00e2tre\" \/>\n<meta property=\"og:description\" content=\"Le Centre Culturel Pyepoudre, sis \u00e0 Bourdon, a accueilli les 30 et 31 mars 2026 une restitution d&#8217;atelier de th\u00e9\u00e2tre. Ce spectacle a \u00e9t\u00e9 r\u00e9alis\u00e9 par 10 enfants venus des [&hellip;]\" \/>\n<meta property=\"og:url\" content=\"https:\/\/enlisantfestival.com\/fr\/bit-haiti-scene-abri-enfants-deplaces\/\" \/>\n<meta property=\"og:site_name\" content=\"En Lisant festival de th\u00e9\u00e2tre\" \/>\n<meta property=\"article:published_time\" content=\"2026-04-19T16:15:01+00:00\" \/>\n<meta property=\"article:modified_time\" content=\"2026-04-19T16:22:17+00:00\" \/>\n<meta property=\"og:image\" content=\"https:\/\/enlisantfestival.com\/fr\/wp-content\/uploads\/2026\/04\/Camp_enfance_violence_Scene.jpg\" \/>\n\t<meta property=\"og:image:width\" content=\"1200\" \/>\n\t<meta property=\"og:image:height\" content=\"800\" \/>\n\t<meta property=\"og:image:type\" content=\"image\/jpeg\" \/>\n<meta name=\"author\" content=\"ludwy\" \/>\n<meta name=\"twitter:card\" content=\"summary_large_image\" \/>\n<meta name=\"twitter:label1\" content=\"\u00c9crit par\" \/>\n\t<meta name=\"twitter:data1\" content=\"ludwy\" \/>\n\t<meta name=\"twitter:label2\" content=\"Dur\u00e9e de lecture estim\u00e9e\" \/>\n\t<meta name=\"twitter:data2\" content=\"9 minutes\" \/>\n<script type=\"application\/ld+json\" class=\"yoast-schema-graph\">{\"@context\":\"https:\/\/schema.org\",\"@graph\":[{\"@type\":\"Article\",\"@id\":\"https:\/\/enlisantfestival.com\/fr\/bit-haiti-scene-abri-enfants-deplaces\/#article\",\"isPartOf\":{\"@id\":\"https:\/\/enlisantfestival.com\/fr\/bit-haiti-scene-abri-enfants-deplaces\/\"},\"author\":{\"name\":\"ludwy\",\"@id\":\"https:\/\/enlisantfestival.com\/fr\/#\/schema\/person\/846f9c27917ef190542b1a106fd9e36e\"},\"headline\":\"La BIT Ha\u00efti fait de la sc\u00e8ne un abri pour les enfants d\u00e9plac\u00e9s\",\"datePublished\":\"2026-04-19T16:15:01+00:00\",\"dateModified\":\"2026-04-19T16:22:17+00:00\",\"mainEntityOfPage\":{\"@id\":\"https:\/\/enlisantfestival.com\/fr\/bit-haiti-scene-abri-enfants-deplaces\/\"},\"wordCount\":1601,\"commentCount\":0,\"publisher\":{\"@id\":\"https:\/\/enlisantfestival.com\/fr\/#organization\"},\"image\":{\"@id\":\"https:\/\/enlisantfestival.com\/fr\/bit-haiti-scene-abri-enfants-deplaces\/#primaryimage\"},\"thumbnailUrl\":\"https:\/\/enlisantfestival.com\/fr\/wp-content\/uploads\/2026\/04\/Art2_01.jpg\",\"articleSection\":[\"Le journal d'En Lisant\",\"Uncategorized\"],\"inLanguage\":\"fr-FR\",\"potentialAction\":[{\"@type\":\"CommentAction\",\"name\":\"Comment\",\"target\":[\"https:\/\/enlisantfestival.com\/fr\/bit-haiti-scene-abri-enfants-deplaces\/#respond\"]}]},{\"@type\":\"WebPage\",\"@id\":\"https:\/\/enlisantfestival.com\/fr\/bit-haiti-scene-abri-enfants-deplaces\/\",\"url\":\"https:\/\/enlisantfestival.com\/fr\/bit-haiti-scene-abri-enfants-deplaces\/\",\"name\":\"La BIT Ha\u00efti fait de la sc\u00e8ne un abri pour les enfants d\u00e9plac\u00e9s - En Lisant festival de th\u00e9\u00e2tre\",\"isPartOf\":{\"@id\":\"https:\/\/enlisantfestival.com\/fr\/#website\"},\"primaryImageOfPage\":{\"@id\":\"https:\/\/enlisantfestival.com\/fr\/bit-haiti-scene-abri-enfants-deplaces\/#primaryimage\"},\"image\":{\"@id\":\"https:\/\/enlisantfestival.com\/fr\/bit-haiti-scene-abri-enfants-deplaces\/#primaryimage\"},\"thumbnailUrl\":\"https:\/\/enlisantfestival.com\/fr\/wp-content\/uploads\/2026\/04\/Art2_01.jpg\",\"datePublished\":\"2026-04-19T16:15:01+00:00\",\"dateModified\":\"2026-04-19T16:22:17+00:00\",\"breadcrumb\":{\"@id\":\"https:\/\/enlisantfestival.com\/fr\/bit-haiti-scene-abri-enfants-deplaces\/#breadcrumb\"},\"inLanguage\":\"fr-FR\",\"potentialAction\":[{\"@type\":\"ReadAction\",\"target\":[\"https:\/\/enlisantfestival.com\/fr\/bit-haiti-scene-abri-enfants-deplaces\/\"]}]},{\"@type\":\"ImageObject\",\"inLanguage\":\"fr-FR\",\"@id\":\"https:\/\/enlisantfestival.com\/fr\/bit-haiti-scene-abri-enfants-deplaces\/#primaryimage\",\"url\":\"https:\/\/enlisantfestival.com\/fr\/wp-content\/uploads\/2026\/04\/Art2_01.jpg\",\"contentUrl\":\"https:\/\/enlisantfestival.com\/fr\/wp-content\/uploads\/2026\/04\/Art2_01.jpg\",\"width\":1200,\"height\":800},{\"@type\":\"BreadcrumbList\",\"@id\":\"https:\/\/enlisantfestival.com\/fr\/bit-haiti-scene-abri-enfants-deplaces\/#breadcrumb\",\"itemListElement\":[{\"@type\":\"ListItem\",\"position\":1,\"name\":\"Accueil\",\"item\":\"https:\/\/enlisantfestival.com\/fr\/\"},{\"@type\":\"ListItem\",\"position\":2,\"name\":\"La BIT Ha\u00efti fait de la sc\u00e8ne un abri pour les enfants d\u00e9plac\u00e9s\"}]},{\"@type\":\"WebSite\",\"@id\":\"https:\/\/enlisantfestival.com\/fr\/#website\",\"url\":\"https:\/\/enlisantfestival.com\/fr\/\",\"name\":\"En Lisant festival de th\u00e9\u00e2tre\",\"description\":\"\",\"publisher\":{\"@id\":\"https:\/\/enlisantfestival.com\/fr\/#organization\"},\"potentialAction\":[{\"@type\":\"SearchAction\",\"target\":{\"@type\":\"EntryPoint\",\"urlTemplate\":\"https:\/\/enlisantfestival.com\/fr\/?s={search_term_string}\"},\"query-input\":{\"@type\":\"PropertyValueSpecification\",\"valueRequired\":true,\"valueName\":\"search_term_string\"}}],\"inLanguage\":\"fr-FR\"},{\"@type\":\"Organization\",\"@id\":\"https:\/\/enlisantfestival.com\/fr\/#organization\",\"name\":\"En Lisant festival de th\u00e9\u00e2tre\",\"url\":\"https:\/\/enlisantfestival.com\/fr\/\",\"logo\":{\"@type\":\"ImageObject\",\"inLanguage\":\"fr-FR\",\"@id\":\"https:\/\/enlisantfestival.com\/fr\/#\/schema\/logo\/image\/\",\"url\":\"https:\/\/enlisantfestival.com\/fr\/wp-content\/uploads\/2020\/09\/en-lisant-logo.png\",\"contentUrl\":\"https:\/\/enlisantfestival.com\/fr\/wp-content\/uploads\/2020\/09\/en-lisant-logo.png\",\"width\":600,\"height\":343,\"caption\":\"En Lisant festival de th\u00e9\u00e2tre\"},\"image\":{\"@id\":\"https:\/\/enlisantfestival.com\/fr\/#\/schema\/logo\/image\/\"}},{\"@type\":\"Person\",\"@id\":\"https:\/\/enlisantfestival.com\/fr\/#\/schema\/person\/846f9c27917ef190542b1a106fd9e36e\",\"name\":\"ludwy\",\"image\":{\"@type\":\"ImageObject\",\"inLanguage\":\"fr-FR\",\"@id\":\"https:\/\/enlisantfestival.com\/fr\/#\/schema\/person\/image\/\",\"url\":\"https:\/\/secure.gravatar.com\/avatar\/b29172caf944fb66969204ce485e5a42554f3bf8c9abe8d1e070ad9e2ac4eb41?s=96&d=mm&r=g\",\"contentUrl\":\"https:\/\/secure.gravatar.com\/avatar\/b29172caf944fb66969204ce485e5a42554f3bf8c9abe8d1e070ad9e2ac4eb41?s=96&d=mm&r=g\",\"caption\":\"ludwy\"},\"url\":\"https:\/\/enlisantfestival.com\/fr\/author\/ludwy\/\"}]}<\/script>\n<!-- \/ Yoast SEO plugin. -->","yoast_head_json":{"title":"La BIT Ha\u00efti fait de la sc\u00e8ne un abri pour les enfants d\u00e9plac\u00e9s - En Lisant festival de th\u00e9\u00e2tre","robots":{"index":"index","follow":"follow","max-snippet":"max-snippet:-1","max-image-preview":"max-image-preview:large","max-video-preview":"max-video-preview:-1"},"canonical":"https:\/\/enlisantfestival.com\/fr\/bit-haiti-scene-abri-enfants-deplaces\/","og_locale":"fr_FR","og_type":"article","og_title":"La BIT Ha\u00efti fait de la sc\u00e8ne un abri pour les enfants d\u00e9plac\u00e9s - En Lisant festival de th\u00e9\u00e2tre","og_description":"Le Centre Culturel Pyepoudre, sis \u00e0 Bourdon, a accueilli les 30 et 31 mars 2026 une restitution d&#8217;atelier de th\u00e9\u00e2tre. Ce spectacle a \u00e9t\u00e9 r\u00e9alis\u00e9 par 10 enfants venus des [&hellip;]","og_url":"https:\/\/enlisantfestival.com\/fr\/bit-haiti-scene-abri-enfants-deplaces\/","og_site_name":"En Lisant festival de th\u00e9\u00e2tre","article_published_time":"2026-04-19T16:15:01+00:00","article_modified_time":"2026-04-19T16:22:17+00:00","og_image":[{"width":1200,"height":800,"url":"https:\/\/enlisantfestival.com\/fr\/wp-content\/uploads\/2026\/04\/Camp_enfance_violence_Scene.jpg","type":"image\/jpeg"}],"author":"ludwy","twitter_card":"summary_large_image","twitter_misc":{"\u00c9crit par":"ludwy","Dur\u00e9e de lecture estim\u00e9e":"9 minutes"},"schema":{"@context":"https:\/\/schema.org","@graph":[{"@type":"Article","@id":"https:\/\/enlisantfestival.com\/fr\/bit-haiti-scene-abri-enfants-deplaces\/#article","isPartOf":{"@id":"https:\/\/enlisantfestival.com\/fr\/bit-haiti-scene-abri-enfants-deplaces\/"},"author":{"name":"ludwy","@id":"https:\/\/enlisantfestival.com\/fr\/#\/schema\/person\/846f9c27917ef190542b1a106fd9e36e"},"headline":"La BIT Ha\u00efti fait de la sc\u00e8ne un abri pour les enfants d\u00e9plac\u00e9s","datePublished":"2026-04-19T16:15:01+00:00","dateModified":"2026-04-19T16:22:17+00:00","mainEntityOfPage":{"@id":"https:\/\/enlisantfestival.com\/fr\/bit-haiti-scene-abri-enfants-deplaces\/"},"wordCount":1601,"commentCount":0,"publisher":{"@id":"https:\/\/enlisantfestival.com\/fr\/#organization"},"image":{"@id":"https:\/\/enlisantfestival.com\/fr\/bit-haiti-scene-abri-enfants-deplaces\/#primaryimage"},"thumbnailUrl":"https:\/\/enlisantfestival.com\/fr\/wp-content\/uploads\/2026\/04\/Art2_01.jpg","articleSection":["Le journal d'En Lisant","Uncategorized"],"inLanguage":"fr-FR","potentialAction":[{"@type":"CommentAction","name":"Comment","target":["https:\/\/enlisantfestival.com\/fr\/bit-haiti-scene-abri-enfants-deplaces\/#respond"]}]},{"@type":"WebPage","@id":"https:\/\/enlisantfestival.com\/fr\/bit-haiti-scene-abri-enfants-deplaces\/","url":"https:\/\/enlisantfestival.com\/fr\/bit-haiti-scene-abri-enfants-deplaces\/","name":"La BIT Ha\u00efti fait de la sc\u00e8ne un abri pour les enfants d\u00e9plac\u00e9s - En Lisant festival de th\u00e9\u00e2tre","isPartOf":{"@id":"https:\/\/enlisantfestival.com\/fr\/#website"},"primaryImageOfPage":{"@id":"https:\/\/enlisantfestival.com\/fr\/bit-haiti-scene-abri-enfants-deplaces\/#primaryimage"},"image":{"@id":"https:\/\/enlisantfestival.com\/fr\/bit-haiti-scene-abri-enfants-deplaces\/#primaryimage"},"thumbnailUrl":"https:\/\/enlisantfestival.com\/fr\/wp-content\/uploads\/2026\/04\/Art2_01.jpg","datePublished":"2026-04-19T16:15:01+00:00","dateModified":"2026-04-19T16:22:17+00:00","breadcrumb":{"@id":"https:\/\/enlisantfestival.com\/fr\/bit-haiti-scene-abri-enfants-deplaces\/#breadcrumb"},"inLanguage":"fr-FR","potentialAction":[{"@type":"ReadAction","target":["https:\/\/enlisantfestival.com\/fr\/bit-haiti-scene-abri-enfants-deplaces\/"]}]},{"@type":"ImageObject","inLanguage":"fr-FR","@id":"https:\/\/enlisantfestival.com\/fr\/bit-haiti-scene-abri-enfants-deplaces\/#primaryimage","url":"https:\/\/enlisantfestival.com\/fr\/wp-content\/uploads\/2026\/04\/Art2_01.jpg","contentUrl":"https:\/\/enlisantfestival.com\/fr\/wp-content\/uploads\/2026\/04\/Art2_01.jpg","width":1200,"height":800},{"@type":"BreadcrumbList","@id":"https:\/\/enlisantfestival.com\/fr\/bit-haiti-scene-abri-enfants-deplaces\/#breadcrumb","itemListElement":[{"@type":"ListItem","position":1,"name":"Accueil","item":"https:\/\/enlisantfestival.com\/fr\/"},{"@type":"ListItem","position":2,"name":"La BIT Ha\u00efti fait de la sc\u00e8ne un abri pour les enfants d\u00e9plac\u00e9s"}]},{"@type":"WebSite","@id":"https:\/\/enlisantfestival.com\/fr\/#website","url":"https:\/\/enlisantfestival.com\/fr\/","name":"En Lisant festival de th\u00e9\u00e2tre","description":"","publisher":{"@id":"https:\/\/enlisantfestival.com\/fr\/#organization"},"potentialAction":[{"@type":"SearchAction","target":{"@type":"EntryPoint","urlTemplate":"https:\/\/enlisantfestival.com\/fr\/?s={search_term_string}"},"query-input":{"@type":"PropertyValueSpecification","valueRequired":true,"valueName":"search_term_string"}}],"inLanguage":"fr-FR"},{"@type":"Organization","@id":"https:\/\/enlisantfestival.com\/fr\/#organization","name":"En Lisant festival de th\u00e9\u00e2tre","url":"https:\/\/enlisantfestival.com\/fr\/","logo":{"@type":"ImageObject","inLanguage":"fr-FR","@id":"https:\/\/enlisantfestival.com\/fr\/#\/schema\/logo\/image\/","url":"https:\/\/enlisantfestival.com\/fr\/wp-content\/uploads\/2020\/09\/en-lisant-logo.png","contentUrl":"https:\/\/enlisantfestival.com\/fr\/wp-content\/uploads\/2020\/09\/en-lisant-logo.png","width":600,"height":343,"caption":"En Lisant festival de th\u00e9\u00e2tre"},"image":{"@id":"https:\/\/enlisantfestival.com\/fr\/#\/schema\/logo\/image\/"}},{"@type":"Person","@id":"https:\/\/enlisantfestival.com\/fr\/#\/schema\/person\/846f9c27917ef190542b1a106fd9e36e","name":"ludwy","image":{"@type":"ImageObject","inLanguage":"fr-FR","@id":"https:\/\/enlisantfestival.com\/fr\/#\/schema\/person\/image\/","url":"https:\/\/secure.gravatar.com\/avatar\/b29172caf944fb66969204ce485e5a42554f3bf8c9abe8d1e070ad9e2ac4eb41?s=96&d=mm&r=g","contentUrl":"https:\/\/secure.gravatar.com\/avatar\/b29172caf944fb66969204ce485e5a42554f3bf8c9abe8d1e070ad9e2ac4eb41?s=96&d=mm&r=g","caption":"ludwy"},"url":"https:\/\/enlisantfestival.com\/fr\/author\/ludwy\/"}]}},"_links":{"self":[{"href":"https:\/\/enlisantfestival.com\/fr\/wp-json\/wp\/v2\/posts\/4716","targetHints":{"allow":["GET"]}}],"collection":[{"href":"https:\/\/enlisantfestival.com\/fr\/wp-json\/wp\/v2\/posts"}],"about":[{"href":"https:\/\/enlisantfestival.com\/fr\/wp-json\/wp\/v2\/types\/post"}],"author":[{"embeddable":true,"href":"https:\/\/enlisantfestival.com\/fr\/wp-json\/wp\/v2\/users\/990002"}],"replies":[{"embeddable":true,"href":"https:\/\/enlisantfestival.com\/fr\/wp-json\/wp\/v2\/comments?post=4716"}],"version-history":[{"count":3,"href":"https:\/\/enlisantfestival.com\/fr\/wp-json\/wp\/v2\/posts\/4716\/revisions"}],"predecessor-version":[{"id":4723,"href":"https:\/\/enlisantfestival.com\/fr\/wp-json\/wp\/v2\/posts\/4716\/revisions\/4723"}],"wp:featuredmedia":[{"embeddable":true,"href":"https:\/\/enlisantfestival.com\/fr\/wp-json\/wp\/v2\/media\/4724"}],"wp:attachment":[{"href":"https:\/\/enlisantfestival.com\/fr\/wp-json\/wp\/v2\/media?parent=4716"}],"wp:term":[{"taxonomy":"category","embeddable":true,"href":"https:\/\/enlisantfestival.com\/fr\/wp-json\/wp\/v2\/categories?post=4716"},{"taxonomy":"post_tag","embeddable":true,"href":"https:\/\/enlisantfestival.com\/fr\/wp-json\/wp\/v2\/tags?post=4716"}],"curies":[{"name":"wp","href":"https:\/\/api.w.org\/{rel}","templated":true}]}}