{"id":99,"count":1,"description":"","link":"https:\/\/enlisantfestival.com\/fr\/tag\/je-voudrais-commencer-par-remercier-eliezer-guerisme-et-ses-collegues-du-festival-en-lisant-de-mavoir-invitee-a-y-participer-cette-annee-lorsque-jai-recu-linv\/","name":"Je voudrais commencer par remercier Eliezer Gu\u00e9rism\u00e9 et ses coll\u00e8gues du Festival \u00ab En lisant \u00bb de m\u2019avoir invit\u00e9e \u00e0 y participer cette ann\u00e9e. Lorsque j\u2019ai re\u00e7u l\u2019invitation","slug":"je-voudrais-commencer-par-remercier-eliezer-guerisme-et-ses-collegues-du-festival-en-lisant-de-mavoir-invitee-a-y-participer-cette-annee-lorsque-jai-recu-linv","taxonomy":"post_tag","meta":[],"yoast_head":"<!-- This site is optimized with the Yoast SEO plugin v27.0 - https:\/\/yoast.com\/product\/yoast-seo-wordpress\/ -->\n<title>Archives des Je voudrais commencer par remercier Eliezer Gu\u00e9rism\u00e9 et ses coll\u00e8gues du Festival \u00ab En lisant \u00bb de m\u2019avoir invit\u00e9e \u00e0 y participer cette ann\u00e9e. Lorsque j\u2019ai re\u00e7u l\u2019invitation - En Lisant festival de th\u00e9\u00e2tre<\/title>\n<meta name=\"robots\" content=\"index, follow, max-snippet:-1, max-image-preview:large, max-video-preview:-1\" \/>\n<link rel=\"canonical\" href=\"https:\/\/enlisantfestival.com\/fr\/tag\/je-voudrais-commencer-par-remercier-eliezer-guerisme-et-ses-collegues-du-festival-en-lisant-de-mavoir-invitee-a-y-participer-cette-annee-lorsque-jai-recu-linv\/\" \/>\n<meta property=\"og:locale\" content=\"fr_FR\" \/>\n<meta property=\"og:type\" content=\"article\" \/>\n<meta property=\"og:title\" content=\"Archives des Je voudrais commencer par remercier Eliezer Gu\u00e9rism\u00e9 et ses coll\u00e8gues du Festival \u00ab En lisant \u00bb de m\u2019avoir invit\u00e9e \u00e0 y participer cette ann\u00e9e. Lorsque j\u2019ai re\u00e7u l\u2019invitation - En Lisant festival de th\u00e9\u00e2tre\" \/>\n<meta property=\"og:url\" content=\"https:\/\/enlisantfestival.com\/fr\/tag\/je-voudrais-commencer-par-remercier-eliezer-guerisme-et-ses-collegues-du-festival-en-lisant-de-mavoir-invitee-a-y-participer-cette-annee-lorsque-jai-recu-linv\/\" \/>\n<meta property=\"og:site_name\" content=\"En Lisant festival de th\u00e9\u00e2tre\" \/>\n<meta property=\"og:image\" content=\"https:\/\/enlisantfestival.com\/fr\/wp-content\/uploads\/2020\/09\/en-lisant-logo.png\" \/>\n\t<meta property=\"og:image:width\" content=\"600\" \/>\n\t<meta property=\"og:image:height\" content=\"343\" \/>\n\t<meta property=\"og:image:type\" content=\"image\/png\" \/>\n<meta name=\"twitter:card\" content=\"summary_large_image\" \/>\n<script type=\"application\/ld+json\" class=\"yoast-schema-graph\">{\"@context\":\"https:\/\/schema.org\",\"@graph\":[{\"@type\":\"CollectionPage\",\"@id\":\"https:\/\/enlisantfestival.com\/fr\/tag\/je-voudrais-commencer-par-remercier-eliezer-guerisme-et-ses-collegues-du-festival-en-lisant-de-mavoir-invitee-a-y-participer-cette-annee-lorsque-jai-recu-linv\/\",\"url\":\"https:\/\/enlisantfestival.com\/fr\/tag\/je-voudrais-commencer-par-remercier-eliezer-guerisme-et-ses-collegues-du-festival-en-lisant-de-mavoir-invitee-a-y-participer-cette-annee-lorsque-jai-recu-linv\/\",\"name\":\"Archives des Je voudrais commencer par remercier Eliezer Gu\u00e9rism\u00e9 et ses coll\u00e8gues du Festival \u00ab En lisant \u00bb de m\u2019avoir invit\u00e9e \u00e0 y participer cette ann\u00e9e. Lorsque j\u2019ai re\u00e7u l\u2019invitation - En Lisant festival de th\u00e9\u00e2tre\",\"isPartOf\":{\"@id\":\"https:\/\/enlisantfestival.com\/fr\/#website\"},\"breadcrumb\":{\"@id\":\"https:\/\/enlisantfestival.com\/fr\/tag\/je-voudrais-commencer-par-remercier-eliezer-guerisme-et-ses-collegues-du-festival-en-lisant-de-mavoir-invitee-a-y-participer-cette-annee-lorsque-jai-recu-linv\/#breadcrumb\"},\"inLanguage\":\"fr-FR\"},{\"@type\":\"BreadcrumbList\",\"@id\":\"https:\/\/enlisantfestival.com\/fr\/tag\/je-voudrais-commencer-par-remercier-eliezer-guerisme-et-ses-collegues-du-festival-en-lisant-de-mavoir-invitee-a-y-participer-cette-annee-lorsque-jai-recu-linv\/#breadcrumb\",\"itemListElement\":[{\"@type\":\"ListItem\",\"position\":1,\"name\":\"Accueil\",\"item\":\"https:\/\/enlisantfestival.com\/fr\/\"},{\"@type\":\"ListItem\",\"position\":2,\"name\":\"Je voudrais commencer par remercier Eliezer Gu\u00e9rism\u00e9 et ses coll\u00e8gues du Festival \u00ab En lisant \u00bb de m\u2019avoir invit\u00e9e \u00e0 y participer cette ann\u00e9e. Lorsque j\u2019ai re\u00e7u l\u2019invitation\"}]},{\"@type\":\"WebSite\",\"@id\":\"https:\/\/enlisantfestival.com\/fr\/#website\",\"url\":\"https:\/\/enlisantfestival.com\/fr\/\",\"name\":\"En Lisant festival de th\u00e9\u00e2tre\",\"description\":\"\",\"publisher\":{\"@id\":\"https:\/\/enlisantfestival.com\/fr\/#organization\"},\"potentialAction\":[{\"@type\":\"SearchAction\",\"target\":{\"@type\":\"EntryPoint\",\"urlTemplate\":\"https:\/\/enlisantfestival.com\/fr\/?s={search_term_string}\"},\"query-input\":{\"@type\":\"PropertyValueSpecification\",\"valueRequired\":true,\"valueName\":\"search_term_string\"}}],\"inLanguage\":\"fr-FR\"},{\"@type\":\"Organization\",\"@id\":\"https:\/\/enlisantfestival.com\/fr\/#organization\",\"name\":\"En Lisant festival de th\u00e9\u00e2tre\",\"url\":\"https:\/\/enlisantfestival.com\/fr\/\",\"logo\":{\"@type\":\"ImageObject\",\"inLanguage\":\"fr-FR\",\"@id\":\"https:\/\/enlisantfestival.com\/fr\/#\/schema\/logo\/image\/\",\"url\":\"https:\/\/enlisantfestival.com\/fr\/wp-content\/uploads\/2020\/09\/en-lisant-logo.png\",\"contentUrl\":\"https:\/\/enlisantfestival.com\/fr\/wp-content\/uploads\/2020\/09\/en-lisant-logo.png\",\"width\":600,\"height\":343,\"caption\":\"En Lisant festival de th\u00e9\u00e2tre\"},\"image\":{\"@id\":\"https:\/\/enlisantfestival.com\/fr\/#\/schema\/logo\/image\/\"}}]}<\/script>\n<!-- \/ Yoast SEO plugin. -->","yoast_head_json":{"title":"Archives des Je voudrais commencer par remercier Eliezer Gu\u00e9rism\u00e9 et ses coll\u00e8gues du Festival \u00ab En lisant \u00bb de m\u2019avoir invit\u00e9e \u00e0 y participer cette ann\u00e9e. Lorsque j\u2019ai re\u00e7u l\u2019invitation - En Lisant festival de th\u00e9\u00e2tre","robots":{"index":"index","follow":"follow","max-snippet":"max-snippet:-1","max-image-preview":"max-image-preview:large","max-video-preview":"max-video-preview:-1"},"canonical":"https:\/\/enlisantfestival.com\/fr\/tag\/je-voudrais-commencer-par-remercier-eliezer-guerisme-et-ses-collegues-du-festival-en-lisant-de-mavoir-invitee-a-y-participer-cette-annee-lorsque-jai-recu-linv\/","og_locale":"fr_FR","og_type":"article","og_title":"Archives des Je voudrais commencer par remercier Eliezer Gu\u00e9rism\u00e9 et ses coll\u00e8gues du Festival \u00ab En lisant \u00bb de m\u2019avoir invit\u00e9e \u00e0 y participer cette ann\u00e9e. Lorsque j\u2019ai re\u00e7u l\u2019invitation - En Lisant festival de th\u00e9\u00e2tre","og_url":"https:\/\/enlisantfestival.com\/fr\/tag\/je-voudrais-commencer-par-remercier-eliezer-guerisme-et-ses-collegues-du-festival-en-lisant-de-mavoir-invitee-a-y-participer-cette-annee-lorsque-jai-recu-linv\/","og_site_name":"En Lisant festival de th\u00e9\u00e2tre","og_image":[{"width":600,"height":343,"url":"https:\/\/enlisantfestival.com\/fr\/wp-content\/uploads\/2020\/09\/en-lisant-logo.png","type":"image\/png"}],"twitter_card":"summary_large_image","schema":{"@context":"https:\/\/schema.org","@graph":[{"@type":"CollectionPage","@id":"https:\/\/enlisantfestival.com\/fr\/tag\/je-voudrais-commencer-par-remercier-eliezer-guerisme-et-ses-collegues-du-festival-en-lisant-de-mavoir-invitee-a-y-participer-cette-annee-lorsque-jai-recu-linv\/","url":"https:\/\/enlisantfestival.com\/fr\/tag\/je-voudrais-commencer-par-remercier-eliezer-guerisme-et-ses-collegues-du-festival-en-lisant-de-mavoir-invitee-a-y-participer-cette-annee-lorsque-jai-recu-linv\/","name":"Archives des Je voudrais commencer par remercier Eliezer Gu\u00e9rism\u00e9 et ses coll\u00e8gues du Festival \u00ab En lisant \u00bb de m\u2019avoir invit\u00e9e \u00e0 y participer cette ann\u00e9e. Lorsque j\u2019ai re\u00e7u l\u2019invitation - En Lisant festival de th\u00e9\u00e2tre","isPartOf":{"@id":"https:\/\/enlisantfestival.com\/fr\/#website"},"breadcrumb":{"@id":"https:\/\/enlisantfestival.com\/fr\/tag\/je-voudrais-commencer-par-remercier-eliezer-guerisme-et-ses-collegues-du-festival-en-lisant-de-mavoir-invitee-a-y-participer-cette-annee-lorsque-jai-recu-linv\/#breadcrumb"},"inLanguage":"fr-FR"},{"@type":"BreadcrumbList","@id":"https:\/\/enlisantfestival.com\/fr\/tag\/je-voudrais-commencer-par-remercier-eliezer-guerisme-et-ses-collegues-du-festival-en-lisant-de-mavoir-invitee-a-y-participer-cette-annee-lorsque-jai-recu-linv\/#breadcrumb","itemListElement":[{"@type":"ListItem","position":1,"name":"Accueil","item":"https:\/\/enlisantfestival.com\/fr\/"},{"@type":"ListItem","position":2,"name":"Je voudrais commencer par remercier Eliezer Gu\u00e9rism\u00e9 et ses coll\u00e8gues du Festival \u00ab En lisant \u00bb de m\u2019avoir invit\u00e9e \u00e0 y participer cette ann\u00e9e. Lorsque j\u2019ai re\u00e7u l\u2019invitation"}]},{"@type":"WebSite","@id":"https:\/\/enlisantfestival.com\/fr\/#website","url":"https:\/\/enlisantfestival.com\/fr\/","name":"En Lisant festival de th\u00e9\u00e2tre","description":"","publisher":{"@id":"https:\/\/enlisantfestival.com\/fr\/#organization"},"potentialAction":[{"@type":"SearchAction","target":{"@type":"EntryPoint","urlTemplate":"https:\/\/enlisantfestival.com\/fr\/?s={search_term_string}"},"query-input":{"@type":"PropertyValueSpecification","valueRequired":true,"valueName":"search_term_string"}}],"inLanguage":"fr-FR"},{"@type":"Organization","@id":"https:\/\/enlisantfestival.com\/fr\/#organization","name":"En Lisant festival de th\u00e9\u00e2tre","url":"https:\/\/enlisantfestival.com\/fr\/","logo":{"@type":"ImageObject","inLanguage":"fr-FR","@id":"https:\/\/enlisantfestival.com\/fr\/#\/schema\/logo\/image\/","url":"https:\/\/enlisantfestival.com\/fr\/wp-content\/uploads\/2020\/09\/en-lisant-logo.png","contentUrl":"https:\/\/enlisantfestival.com\/fr\/wp-content\/uploads\/2020\/09\/en-lisant-logo.png","width":600,"height":343,"caption":"En Lisant festival de th\u00e9\u00e2tre"},"image":{"@id":"https:\/\/enlisantfestival.com\/fr\/#\/schema\/logo\/image\/"}}]}},"_links":{"self":[{"href":"https:\/\/enlisantfestival.com\/fr\/wp-json\/wp\/v2\/tags\/99","targetHints":{"allow":["GET"]}}],"collection":[{"href":"https:\/\/enlisantfestival.com\/fr\/wp-json\/wp\/v2\/tags"}],"about":[{"href":"https:\/\/enlisantfestival.com\/fr\/wp-json\/wp\/v2\/taxonomies\/post_tag"}],"wp:post_type":[{"href":"https:\/\/enlisantfestival.com\/fr\/wp-json\/wp\/v2\/posts?tags=99"},{"href":"https:\/\/enlisantfestival.com\/fr\/wp-json\/wp\/v2\/tribe_events?tags=99"},{"href":"https:\/\/enlisantfestival.com\/fr\/wp-json\/wp\/v2\/tec_calendar_embed?tags=99"}],"curies":[{"name":"wp","href":"https:\/\/api.w.org\/{rel}","templated":true}]}}